{"id":14905,"date":"2019-01-21T20:37:00","date_gmt":"2019-01-21T20:37:00","guid":{"rendered":"http:\/\/quehacerpolitico.mx\/el-fmi-pronostica-un-menor-crecimiento-para-mexico-en-2019-por-menor-inversion-privada\/"},"modified":"2019-01-21T20:37:00","modified_gmt":"2019-01-21T20:37:00","slug":"el-fmi-pronostica-un-menor-crecimiento-para-mexico-en-2019-por-menor-inversion-privada","status":"publish","type":"post","link":"https:\/\/quehacerpolitico.mx\/?p=14905","title":{"rendered":"El FMI pronostica un menor crecimiento para M\u00e9xico en 2019 por \u201cmenor inversi\u00f3n privada\u201d"},"content":{"rendered":"<h1>El FMI pronostica un menor crecimiento para M\u00e9xico en 2019 por \u201cmenor inversi\u00f3n privada\u201d<\/h1>\n<p>Por Redacci\u00f3n QP<\/p>\n<p>Toque de atenci\u00f3n del <strong>Fondo Monetario Internacional a M\u00e9xico<\/strong>. En la publicaci\u00f3n de sus nuevas <strong>Perspectivas de Crecimiento Mundial <\/strong>(WEO, por sus siglas en ingl\u00e9s), la instituci\u00f3n recorta sus previsiones de crecimiento para el pa\u00eds al 2.1 por ciento para este a\u00f1o, cuatro d\u00e9cimas menos de lo previsto hace tres meses y al 2.2 por ciento en 2020, lo que supone un recorte de medio punto porcentual.<\/p>\n<p>Como resultado, <strong>el FMI espera que econom\u00eda de Am\u00e9rica Latina y Caribe crezca un 2 por ciento este a\u00f1o<\/strong> y un 2.5 por ciento en 2020, dos d\u00e9cimas menos de lo previsto en ambos casos cuando se comparan con las previsiones realizadas en octubre. En la publicaci\u00f3n de sus nuevas Perspectivas de Crecimiento Mundial (WEO, por sus siglas en ingl\u00e9s), la instituci\u00f3n justifica estos recortes a las revisiones realizadas a pa\u00edses como M\u00e9xico.<\/p>\n<blockquote>\n<p>\u201cLas revisiones se deben a una baja en las perspectivas de crecimiento de M\u00e9xico en 2019-2020, lo que refleja una menor inversi\u00f3n privada y una contracci\u00f3n a\u00fan m\u00e1s grave en Venezuela de lo que se anticip\u00f3 anteriormente\u201d, reza el documento.<\/p>\n<\/blockquote>\n<div id=\"attachment_3525389\" class=\"wp-caption alignnone\"><img loading=\"lazy\" decoding=\"async\" class=\"size-full wp-image-3525389\" src=\"https:\/\/www.sinembargo.mx\/wp-content\/uploads\/2019\/01\/inversion.jpg\" sizes=\"auto, (max-width: 700px) 100vw, 700px\" srcset=\"https:\/\/www.sinembargo.mx\/wp-content\/uploads\/2019\/01\/inversion.jpg 700w, https:\/\/www.sinembargo.mx\/wp-content\/uploads\/2019\/01\/inversion-300x200.jpg 300w\" alt=\"\" width=\"700\" height=\"467\" \/><\/p>\n<p class=\"wp-caption-text\">Una menor inversi\u00f3n privada impactar\u00e1 la econom\u00eda de M\u00e9xico. Foto: Elizabeth Ruiz, Cuartoscuro.<\/p>\n<\/div>\n<p>Gita Gopinath, la nueva economista jefe de la instituci\u00f3n, incidi\u00f3 en que \u201cla reducci\u00f3n significativa al crecimiento en M\u00e9xico en 2019 y 2020 refleja una menor inversi\u00f3n privada\u201d. A\u00fan as\u00ed dijo que el rebote proyectado en 2020 para Am\u00e9rica Latina en su conjuntos \u201cse debe a una recuperaci\u00f3n en Argentina\u201d.<\/p>\n<p><strong>La reducci\u00f3n significativa al crecimiento en M\u00e9xico en 2019 y 2020 refleja una menor inversi\u00f3n privada<\/strong>, se\u00f1al\u00f3 el organismo.<\/p>\n<p>La econom\u00eda argentina se contraer\u00e1 en 2019 debido a unas pol\u00edticas de ajuste m\u00e1s estrictas dirigidas a reducir los desequilibrios, algo que pasar\u00e1 factura a la demanda interna pero que deber\u00eda corregirse el a\u00f1o que viene.<\/p>\n<p>Las rebajas en las principales econom\u00edas de la regi\u00f3n solo se compensan parcialmente con una revisi\u00f3n al alza este a\u00f1o para <strong>Brasil<\/strong>, donde se espera que contin\u00fae la recuperaci\u00f3n gradual desde la recesi\u00f3n registrada en 2015 y 2016. El FMI espera que la mayor econom\u00eda de Latinoam\u00e9rica crezca un 2.5 por ciento en 2019 pero pierda algo de impulso el pr\u00f3ximo a\u00f1o, cuando se expandir\u00e1 un 2.2 por ciento, una d\u00e9cima menos de lo previsto el pasado oto\u00f1o, cuando la instituci\u00f3n celebro sus reuniones anuales.<\/p>\n<p>Con Informaci\u00f3n de Econom\u00edaHoy\u00a0<\/p>\n","protected":false},"excerpt":{"rendered":"<p>El FMI pronostica un menor crecimiento para M\u00e9xico en 2019 por \u201cmenor inversi\u00f3n privada\u201d<br \/>\nPor Redacci\u00f3n QP<\/p>\n","protected":false},"author":2,"featured_media":14904,"comment_status":"open","ping_status":"open","sticky":false,"template":"","format":"standard","meta":{"_monsterinsights_skip_tracking":false,"_monsterinsights_sitenote_active":false,"_monsterinsights_sitenote_note":"","_monsterinsights_sitenote_category":0,"footnotes":""},"categories":[56],"tags":[],"class_list":["post-14905","post","type-post","status-publish","format-standard","has-post-thumbnail","hentry","category-economia"],"yoast_head":"<!-- This site is optimized with the Yoast SEO plugin v27.3 - https:\/\/yoast.com\/product\/yoast-seo-wordpress\/ -->\n<title>El FMI pronostica un menor crecimiento para M\u00e9xico en 2019 por \u201cmenor inversi\u00f3n privada\u201d -<\/title>\n<meta name=\"robots\" content=\"index, follow, max-snippet:-1, max-image-preview:large, max-video-preview:-1\" \/>\n<link rel=\"canonical\" href=\"https:\/\/quehacerpolitico.mx\/?p=14905\" \/>\n<meta property=\"og:locale\" content=\"es_MX\" \/>\n<meta property=\"og:type\" content=\"article\" \/>\n<meta property=\"og:title\" content=\"El FMI pronostica un menor crecimiento para M\u00e9xico en 2019 por \u201cmenor inversi\u00f3n privada\u201d -\" \/>\n<meta property=\"og:description\" content=\"El FMI pronostica un menor crecimiento para M\u00e9xico en 2019 por \u201cmenor inversi\u00f3n privada\u201d Por Redacci\u00f3n QP\" \/>\n<meta property=\"og:url\" content=\"https:\/\/quehacerpolitico.mx\/?p=14905\" \/>\n<meta property=\"article:published_time\" content=\"2019-01-21T20:37:00+00:00\" \/>\n<meta name=\"author\" content=\"Redacci\u00f3n QP\" \/>\n<meta name=\"twitter:card\" content=\"summary_large_image\" \/>\n<meta name=\"twitter:label1\" content=\"Escrito por\" \/>\n\t<meta name=\"twitter:data1\" content=\"Redacci\u00f3n QP\" \/>\n\t<meta name=\"twitter:label2\" content=\"Tiempo de lectura\" \/>\n\t<meta name=\"twitter:data2\" content=\"2 minutos\" \/>\n<script type=\"application\/ld+json\" class=\"yoast-schema-graph\">{\"@context\":\"https:\\\/\\\/schema.org\",\"@graph\":[{\"@type\":\"Article\",\"@id\":\"https:\\\/\\\/quehacerpolitico.mx\\\/?p=14905#article\",\"isPartOf\":{\"@id\":\"https:\\\/\\\/quehacerpolitico.mx\\\/?p=14905\"},\"author\":{\"name\":\"Redacci\u00f3n QP\",\"@id\":\"https:\\\/\\\/quehacerpolitico.mx\\\/#\\\/schema\\\/person\\\/496d8ad2d1d3f8036101dca7ee39e585\"},\"headline\":\"El FMI pronostica un menor crecimiento para M\u00e9xico en 2019 por \u201cmenor inversi\u00f3n privada\u201d\",\"datePublished\":\"2019-01-21T20:37:00+00:00\",\"mainEntityOfPage\":{\"@id\":\"https:\\\/\\\/quehacerpolitico.mx\\\/?p=14905\"},\"wordCount\":461,\"commentCount\":0,\"image\":{\"@id\":\"https:\\\/\\\/quehacerpolitico.mx\\\/?p=14905#primaryimage\"},\"thumbnailUrl\":\"\",\"articleSection\":[\"Econom\u00eda\"],\"inLanguage\":\"es\",\"potentialAction\":[{\"@type\":\"CommentAction\",\"name\":\"Comment\",\"target\":[\"https:\\\/\\\/quehacerpolitico.mx\\\/?p=14905#respond\"]}]},{\"@type\":\"WebPage\",\"@id\":\"https:\\\/\\\/quehacerpolitico.mx\\\/?p=14905\",\"url\":\"https:\\\/\\\/quehacerpolitico.mx\\\/?p=14905\",\"name\":\"El FMI pronostica un menor crecimiento para M\u00e9xico en 2019 por \u201cmenor inversi\u00f3n privada\u201d -\",\"isPartOf\":{\"@id\":\"https:\\\/\\\/quehacerpolitico.mx\\\/#website\"},\"primaryImageOfPage\":{\"@id\":\"https:\\\/\\\/quehacerpolitico.mx\\\/?p=14905#primaryimage\"},\"image\":{\"@id\":\"https:\\\/\\\/quehacerpolitico.mx\\\/?p=14905#primaryimage\"},\"thumbnailUrl\":\"\",\"datePublished\":\"2019-01-21T20:37:00+00:00\",\"author\":{\"@id\":\"https:\\\/\\\/quehacerpolitico.mx\\\/#\\\/schema\\\/person\\\/496d8ad2d1d3f8036101dca7ee39e585\"},\"breadcrumb\":{\"@id\":\"https:\\\/\\\/quehacerpolitico.mx\\\/?p=14905#breadcrumb\"},\"inLanguage\":\"es\",\"potentialAction\":[{\"@type\":\"ReadAction\",\"target\":[\"https:\\\/\\\/quehacerpolitico.mx\\\/?p=14905\"]}]},{\"@type\":\"ImageObject\",\"inLanguage\":\"es\",\"@id\":\"https:\\\/\\\/quehacerpolitico.mx\\\/?p=14905#primaryimage\",\"url\":\"\",\"contentUrl\":\"\"},{\"@type\":\"BreadcrumbList\",\"@id\":\"https:\\\/\\\/quehacerpolitico.mx\\\/?p=14905#breadcrumb\",\"itemListElement\":[{\"@type\":\"ListItem\",\"position\":1,\"name\":\"Inicio\",\"item\":\"https:\\\/\\\/quehacerpolitico.mx\\\/\"},{\"@type\":\"ListItem\",\"position\":2,\"name\":\"El FMI pronostica un menor crecimiento para M\u00e9xico en 2019 por \u201cmenor inversi\u00f3n privada\u201d\"}]},{\"@type\":\"WebSite\",\"@id\":\"https:\\\/\\\/quehacerpolitico.mx\\\/#website\",\"url\":\"https:\\\/\\\/quehacerpolitico.mx\\\/\",\"name\":\"\",\"description\":\"\",\"potentialAction\":[{\"@type\":\"SearchAction\",\"target\":{\"@type\":\"EntryPoint\",\"urlTemplate\":\"https:\\\/\\\/quehacerpolitico.mx\\\/?s={search_term_string}\"},\"query-input\":{\"@type\":\"PropertyValueSpecification\",\"valueRequired\":true,\"valueName\":\"search_term_string\"}}],\"inLanguage\":\"es\"},{\"@type\":\"Person\",\"@id\":\"https:\\\/\\\/quehacerpolitico.mx\\\/#\\\/schema\\\/person\\\/496d8ad2d1d3f8036101dca7ee39e585\",\"name\":\"Redacci\u00f3n QP\",\"image\":{\"@type\":\"ImageObject\",\"inLanguage\":\"es\",\"@id\":\"https:\\\/\\\/secure.gravatar.com\\\/avatar\\\/c7164ed6fdec453195284ad24a5ae5b6e1eed2b848477fa2a4787ba9adf39a41?s=96&d=mm&r=g\",\"url\":\"https:\\\/\\\/secure.gravatar.com\\\/avatar\\\/c7164ed6fdec453195284ad24a5ae5b6e1eed2b848477fa2a4787ba9adf39a41?s=96&d=mm&r=g\",\"contentUrl\":\"https:\\\/\\\/secure.gravatar.com\\\/avatar\\\/c7164ed6fdec453195284ad24a5ae5b6e1eed2b848477fa2a4787ba9adf39a41?s=96&d=mm&r=g\",\"caption\":\"Redacci\u00f3n QP\"},\"url\":\"https:\\\/\\\/quehacerpolitico.mx\\\/?author=2\"}]}<\/script>\n<!-- \/ Yoast SEO plugin. -->","yoast_head_json":{"title":"El FMI pronostica un menor crecimiento para M\u00e9xico en 2019 por \u201cmenor inversi\u00f3n privada\u201d -","robots":{"index":"index","follow":"follow","max-snippet":"max-snippet:-1","max-image-preview":"max-image-preview:large","max-video-preview":"max-video-preview:-1"},"canonical":"https:\/\/quehacerpolitico.mx\/?p=14905","og_locale":"es_MX","og_type":"article","og_title":"El FMI pronostica un menor crecimiento para M\u00e9xico en 2019 por \u201cmenor inversi\u00f3n privada\u201d -","og_description":"El FMI pronostica un menor crecimiento para M\u00e9xico en 2019 por \u201cmenor inversi\u00f3n privada\u201d Por Redacci\u00f3n QP","og_url":"https:\/\/quehacerpolitico.mx\/?p=14905","article_published_time":"2019-01-21T20:37:00+00:00","author":"Redacci\u00f3n QP","twitter_card":"summary_large_image","twitter_misc":{"Escrito por":"Redacci\u00f3n QP","Tiempo de lectura":"2 minutos"},"schema":{"@context":"https:\/\/schema.org","@graph":[{"@type":"Article","@id":"https:\/\/quehacerpolitico.mx\/?p=14905#article","isPartOf":{"@id":"https:\/\/quehacerpolitico.mx\/?p=14905"},"author":{"name":"Redacci\u00f3n QP","@id":"https:\/\/quehacerpolitico.mx\/#\/schema\/person\/496d8ad2d1d3f8036101dca7ee39e585"},"headline":"El FMI pronostica un menor crecimiento para M\u00e9xico en 2019 por \u201cmenor inversi\u00f3n privada\u201d","datePublished":"2019-01-21T20:37:00+00:00","mainEntityOfPage":{"@id":"https:\/\/quehacerpolitico.mx\/?p=14905"},"wordCount":461,"commentCount":0,"image":{"@id":"https:\/\/quehacerpolitico.mx\/?p=14905#primaryimage"},"thumbnailUrl":"","articleSection":["Econom\u00eda"],"inLanguage":"es","potentialAction":[{"@type":"CommentAction","name":"Comment","target":["https:\/\/quehacerpolitico.mx\/?p=14905#respond"]}]},{"@type":"WebPage","@id":"https:\/\/quehacerpolitico.mx\/?p=14905","url":"https:\/\/quehacerpolitico.mx\/?p=14905","name":"El FMI pronostica un menor crecimiento para M\u00e9xico en 2019 por \u201cmenor inversi\u00f3n privada\u201d -","isPartOf":{"@id":"https:\/\/quehacerpolitico.mx\/#website"},"primaryImageOfPage":{"@id":"https:\/\/quehacerpolitico.mx\/?p=14905#primaryimage"},"image":{"@id":"https:\/\/quehacerpolitico.mx\/?p=14905#primaryimage"},"thumbnailUrl":"","datePublished":"2019-01-21T20:37:00+00:00","author":{"@id":"https:\/\/quehacerpolitico.mx\/#\/schema\/person\/496d8ad2d1d3f8036101dca7ee39e585"},"breadcrumb":{"@id":"https:\/\/quehacerpolitico.mx\/?p=14905#breadcrumb"},"inLanguage":"es","potentialAction":[{"@type":"ReadAction","target":["https:\/\/quehacerpolitico.mx\/?p=14905"]}]},{"@type":"ImageObject","inLanguage":"es","@id":"https:\/\/quehacerpolitico.mx\/?p=14905#primaryimage","url":"","contentUrl":""},{"@type":"BreadcrumbList","@id":"https:\/\/quehacerpolitico.mx\/?p=14905#breadcrumb","itemListElement":[{"@type":"ListItem","position":1,"name":"Inicio","item":"https:\/\/quehacerpolitico.mx\/"},{"@type":"ListItem","position":2,"name":"El FMI pronostica un menor crecimiento para M\u00e9xico en 2019 por \u201cmenor inversi\u00f3n privada\u201d"}]},{"@type":"WebSite","@id":"https:\/\/quehacerpolitico.mx\/#website","url":"https:\/\/quehacerpolitico.mx\/","name":"","description":"","potentialAction":[{"@type":"SearchAction","target":{"@type":"EntryPoint","urlTemplate":"https:\/\/quehacerpolitico.mx\/?s={search_term_string}"},"query-input":{"@type":"PropertyValueSpecification","valueRequired":true,"valueName":"search_term_string"}}],"inLanguage":"es"},{"@type":"Person","@id":"https:\/\/quehacerpolitico.mx\/#\/schema\/person\/496d8ad2d1d3f8036101dca7ee39e585","name":"Redacci\u00f3n QP","image":{"@type":"ImageObject","inLanguage":"es","@id":"https:\/\/secure.gravatar.com\/avatar\/c7164ed6fdec453195284ad24a5ae5b6e1eed2b848477fa2a4787ba9adf39a41?s=96&d=mm&r=g","url":"https:\/\/secure.gravatar.com\/avatar\/c7164ed6fdec453195284ad24a5ae5b6e1eed2b848477fa2a4787ba9adf39a41?s=96&d=mm&r=g","contentUrl":"https:\/\/secure.gravatar.com\/avatar\/c7164ed6fdec453195284ad24a5ae5b6e1eed2b848477fa2a4787ba9adf39a41?s=96&d=mm&r=g","caption":"Redacci\u00f3n QP"},"url":"https:\/\/quehacerpolitico.mx\/?author=2"}]}},"featured_image_urls":{"full":"","thumbnail":"","medium":"","medium_large":"","large":"","1536x1536":"","2048x2048":"","covernews-featured":"","covernews-medium":""},"author_info":{"display_name":"Redacci\u00f3n QP","author_link":"https:\/\/quehacerpolitico.mx\/?author=2"},"category_info":"<a href=\"https:\/\/quehacerpolitico.mx\/?cat=56\" rel=\"category\">Econom\u00eda<\/a>","tag_info":"Econom\u00eda","comment_count":"0","_links":{"self":[{"href":"https:\/\/quehacerpolitico.mx\/index.php?rest_route=\/wp\/v2\/posts\/14905","targetHints":{"allow":["GET"]}}],"collection":[{"href":"https:\/\/quehacerpolitico.mx\/index.php?rest_route=\/wp\/v2\/posts"}],"about":[{"href":"https:\/\/quehacerpolitico.mx\/index.php?rest_route=\/wp\/v2\/types\/post"}],"author":[{"embeddable":true,"href":"https:\/\/quehacerpolitico.mx\/index.php?rest_route=\/wp\/v2\/users\/2"}],"replies":[{"embeddable":true,"href":"https:\/\/quehacerpolitico.mx\/index.php?rest_route=%2Fwp%2Fv2%2Fcomments&post=14905"}],"version-history":[{"count":0,"href":"https:\/\/quehacerpolitico.mx\/index.php?rest_route=\/wp\/v2\/posts\/14905\/revisions"}],"wp:featuredmedia":[{"embeddable":true,"href":"https:\/\/quehacerpolitico.mx\/index.php?rest_route=\/"}],"wp:attachment":[{"href":"https:\/\/quehacerpolitico.mx\/index.php?rest_route=%2Fwp%2Fv2%2Fmedia&parent=14905"}],"wp:term":[{"taxonomy":"category","embeddable":true,"href":"https:\/\/quehacerpolitico.mx\/index.php?rest_route=%2Fwp%2Fv2%2Fcategories&post=14905"},{"taxonomy":"post_tag","embeddable":true,"href":"https:\/\/quehacerpolitico.mx\/index.php?rest_route=%2Fwp%2Fv2%2Ftags&post=14905"}],"curies":[{"name":"wp","href":"https:\/\/api.w.org\/{rel}","templated":true}]}}