{"id":14903,"date":"2019-01-21T20:29:39","date_gmt":"2019-01-21T20:29:39","guid":{"rendered":"http:\/\/quehacerpolitico.mx\/calderon-y-margarita-zavala-registran-ante-el-ine-a-mexico-libre-un-nuevo-partido-politico\/"},"modified":"2019-01-21T20:29:39","modified_gmt":"2019-01-21T20:29:39","slug":"calderon-y-margarita-zavala-registran-ante-el-ine-a-mexico-libre-un-nuevo-partido-politico","status":"publish","type":"post","link":"https:\/\/quehacerpolitico.mx\/?p=14903","title":{"rendered":"Calder\u00f3n y Margarita Zavala registran ante el INE a M\u00e9xico Libre, un nuevo partido pol\u00edtico"},"content":{"rendered":"<h1>Calder\u00f3n y Margarita Zavala registran ante el INE a M\u00e9xico Libre, un nuevo partido pol\u00edtico<\/h1>\n<p>Por Redacci\u00f3n QP<\/p>\n<p>El ex Presidente mexicano <strong>Felipe Calder\u00f3n<\/strong> y su esposa, Margarita Zavala, dieron hoy el primer paso para regresar a la pol\u00edtica nacional al registrar ante el Instituto Nacional Electoral (<strong>INE<\/strong>) un nuevo partido pol\u00edtico conservador, llamado <strong>M\u00e9xico Libre<\/strong>.<\/p>\n<p>El nuevo partido pretende \u201crestaurar la pol\u00edtica\u201d y \u201cconstruir el bien com\u00fan m\u00e1s que conquistar el poder\u201d, dijo ante la prensa Zavala, quien liderar\u00e1 la formaci\u00f3n y fue candidata presidencial en las \u00faltimas elecciones, celebradas en 2018.<\/p>\n<blockquote>\n<p>\u201cHoy empezamos a construir un M\u00e9xico m\u00e1s libre\u201d, a\u00f1adi\u00f3 la ex primera dama, quien dijo que el nuevo partido defender\u00e1 a los padres y madres de familia, las amas de casa, los profesionales y los trabajadores p\u00fablicos.<\/p>\n<p>Zavala sent\u00f3 las bases de este nuevo partido en agosto pasado al presentar, con el apoyo de Calder\u00f3n, la asociaci\u00f3n civil Libertad y Responsabilidad Democr\u00e1tica a fin de hacer oposici\u00f3n al Gobierno izquierdista de <strong>Andr\u00e9s Manuel L\u00f3pez Obrador<\/strong>.<\/p>\n<p>Los rumores de que la pareja presidencial estaba trabajando en la fundaci\u00f3n de un nuevo partido aumentaron cuando Calder\u00f3n abandon\u00f3 en noviembre pasado el conservador Partido Acci\u00f3n Nacional (PAN), formaci\u00f3n en la que milit\u00f3 tres d\u00e9cadas y que lo llev\u00f3 a la Presidencia entre 2006 y 2012.<\/p>\n<p>\u201cLa camarilla que controla al partido ha abandonado por completo los principios fundamentales, las ideas b\u00e1sicas y las propuestas del PAN\u201d, asever\u00f3 entonces Calder\u00f3n, quien acus\u00f3 la direcci\u00f3n del partido de haber \u201cdestruido la democracia interna\u201d.<\/p>\n<p>Un a\u00f1o antes, fue Zavala quien abandon\u00f3 su militancia en el PAN tras mantener una disputa con el entonces l\u00edder del partido, Ricardo Anaya, quien impidi\u00f3 que la ex primera dama fuera la candidata de los conservadores a las presidenciales de 2018.<\/p>\n<p>Zavala opt\u00f3 entonces por convertirse en la primera candidata presidencial independiente de la historia de M\u00e9xico, pero abandon\u00f3 la contienda en plena campa\u00f1a por los malos resultados que le auguraban los sondeos.<\/p>\n<p>Paralelamente, medios locales informaron que amigos y familiares de Elba Esther Gordillo, ex l\u00edder del poderoso Sindicato Nacional de Trabajadores de la Educaci\u00f3n (SNTE), registrar\u00e1n como partido una asociaci\u00f3n llamada Redes Sociales Progresistas (RSP).<\/p>\n<p>Gordillo, quien fue absuelta de los cargos de delincuencia organizada y lavado de dinero el pasado agosto tras pasar cinco a\u00f1os encarcelada, ha dicho p\u00fablicamente que pretende recuperar el poder del sindicato con el que durante a\u00f1os influy\u00f3 en la pol\u00edtica nacional.<\/p>\n<p>La creaci\u00f3n de un nuevo partido cercano a la Maestra, como se la conoce, no es algo nuevo, dado que en el 2005 Gordillo impuls\u00f3 la creaci\u00f3n del hoy extinto partido Nueva Alianza, con el que la l\u00edder sindical consigui\u00f3 tener voz en el Congreso.<\/p>\n<p>Las asociaciones que quieran constituirse como partido pol\u00edtico en M\u00e9xico deben registrarse antes del 31 de enero ante la autoridad electoral y se abrir\u00e1 un plazo de un a\u00f1o para que acrediten tener m\u00e1s de 230 mil militantes.<\/p>\n<p>Con Informaci\u00f3n de EFE<\/p>\n<\/blockquote>\n","protected":false},"excerpt":{"rendered":"<p>Calder\u00f3n y Margarita Zavala registran ante el INE a M\u00e9xico Libre, un nuevo partido pol\u00edtico<br \/>\nPor Redacci\u00f3n QP<\/p>\n","protected":false},"author":2,"featured_media":14902,"comment_status":"open","ping_status":"open","sticky":false,"template":"","format":"standard","meta":{"_monsterinsights_skip_tracking":false,"_monsterinsights_sitenote_active":false,"_monsterinsights_sitenote_note":"","_monsterinsights_sitenote_category":0,"footnotes":""},"categories":[2],"tags":[],"class_list":["post-14903","post","type-post","status-publish","format-standard","has-post-thumbnail","hentry","category-noticias"],"yoast_head":"<!-- This site is optimized with the Yoast SEO plugin v27.3 - https:\/\/yoast.com\/product\/yoast-seo-wordpress\/ -->\n<title>Calder\u00f3n y Margarita Zavala registran ante el INE a M\u00e9xico Libre, un nuevo partido pol\u00edtico -<\/title>\n<meta name=\"robots\" content=\"index, follow, max-snippet:-1, max-image-preview:large, max-video-preview:-1\" \/>\n<link rel=\"canonical\" href=\"https:\/\/quehacerpolitico.mx\/?p=14903\" \/>\n<meta property=\"og:locale\" content=\"es_MX\" \/>\n<meta property=\"og:type\" content=\"article\" \/>\n<meta property=\"og:title\" content=\"Calder\u00f3n y Margarita Zavala registran ante el INE a M\u00e9xico Libre, un nuevo partido pol\u00edtico -\" \/>\n<meta property=\"og:description\" content=\"Calder\u00f3n y Margarita Zavala registran ante el INE a M\u00e9xico Libre, un nuevo partido pol\u00edtico Por Redacci\u00f3n QP\" \/>\n<meta property=\"og:url\" content=\"https:\/\/quehacerpolitico.mx\/?p=14903\" \/>\n<meta property=\"article:published_time\" content=\"2019-01-21T20:29:39+00:00\" \/>\n<meta name=\"author\" content=\"Redacci\u00f3n QP\" \/>\n<meta name=\"twitter:card\" content=\"summary_large_image\" \/>\n<meta name=\"twitter:label1\" content=\"Escrito por\" \/>\n\t<meta name=\"twitter:data1\" content=\"Redacci\u00f3n QP\" \/>\n\t<meta name=\"twitter:label2\" content=\"Tiempo de lectura\" \/>\n\t<meta name=\"twitter:data2\" content=\"3 minutos\" \/>\n<script type=\"application\/ld+json\" class=\"yoast-schema-graph\">{\"@context\":\"https:\\\/\\\/schema.org\",\"@graph\":[{\"@type\":\"Article\",\"@id\":\"https:\\\/\\\/quehacerpolitico.mx\\\/?p=14903#article\",\"isPartOf\":{\"@id\":\"https:\\\/\\\/quehacerpolitico.mx\\\/?p=14903\"},\"author\":{\"name\":\"Redacci\u00f3n QP\",\"@id\":\"https:\\\/\\\/quehacerpolitico.mx\\\/#\\\/schema\\\/person\\\/496d8ad2d1d3f8036101dca7ee39e585\"},\"headline\":\"Calder\u00f3n y Margarita Zavala registran ante el INE a M\u00e9xico Libre, un nuevo partido pol\u00edtico\",\"datePublished\":\"2019-01-21T20:29:39+00:00\",\"mainEntityOfPage\":{\"@id\":\"https:\\\/\\\/quehacerpolitico.mx\\\/?p=14903\"},\"wordCount\":549,\"commentCount\":0,\"image\":{\"@id\":\"https:\\\/\\\/quehacerpolitico.mx\\\/?p=14903#primaryimage\"},\"thumbnailUrl\":\"\",\"articleSection\":[\"Noticias\"],\"inLanguage\":\"es\",\"potentialAction\":[{\"@type\":\"CommentAction\",\"name\":\"Comment\",\"target\":[\"https:\\\/\\\/quehacerpolitico.mx\\\/?p=14903#respond\"]}]},{\"@type\":\"WebPage\",\"@id\":\"https:\\\/\\\/quehacerpolitico.mx\\\/?p=14903\",\"url\":\"https:\\\/\\\/quehacerpolitico.mx\\\/?p=14903\",\"name\":\"Calder\u00f3n y Margarita Zavala registran ante el INE a M\u00e9xico Libre, un nuevo partido pol\u00edtico -\",\"isPartOf\":{\"@id\":\"https:\\\/\\\/quehacerpolitico.mx\\\/#website\"},\"primaryImageOfPage\":{\"@id\":\"https:\\\/\\\/quehacerpolitico.mx\\\/?p=14903#primaryimage\"},\"image\":{\"@id\":\"https:\\\/\\\/quehacerpolitico.mx\\\/?p=14903#primaryimage\"},\"thumbnailUrl\":\"\",\"datePublished\":\"2019-01-21T20:29:39+00:00\",\"author\":{\"@id\":\"https:\\\/\\\/quehacerpolitico.mx\\\/#\\\/schema\\\/person\\\/496d8ad2d1d3f8036101dca7ee39e585\"},\"breadcrumb\":{\"@id\":\"https:\\\/\\\/quehacerpolitico.mx\\\/?p=14903#breadcrumb\"},\"inLanguage\":\"es\",\"potentialAction\":[{\"@type\":\"ReadAction\",\"target\":[\"https:\\\/\\\/quehacerpolitico.mx\\\/?p=14903\"]}]},{\"@type\":\"ImageObject\",\"inLanguage\":\"es\",\"@id\":\"https:\\\/\\\/quehacerpolitico.mx\\\/?p=14903#primaryimage\",\"url\":\"\",\"contentUrl\":\"\"},{\"@type\":\"BreadcrumbList\",\"@id\":\"https:\\\/\\\/quehacerpolitico.mx\\\/?p=14903#breadcrumb\",\"itemListElement\":[{\"@type\":\"ListItem\",\"position\":1,\"name\":\"Inicio\",\"item\":\"https:\\\/\\\/quehacerpolitico.mx\\\/\"},{\"@type\":\"ListItem\",\"position\":2,\"name\":\"Calder\u00f3n y Margarita Zavala registran ante el INE a M\u00e9xico Libre, un nuevo partido pol\u00edtico\"}]},{\"@type\":\"WebSite\",\"@id\":\"https:\\\/\\\/quehacerpolitico.mx\\\/#website\",\"url\":\"https:\\\/\\\/quehacerpolitico.mx\\\/\",\"name\":\"\",\"description\":\"\",\"potentialAction\":[{\"@type\":\"SearchAction\",\"target\":{\"@type\":\"EntryPoint\",\"urlTemplate\":\"https:\\\/\\\/quehacerpolitico.mx\\\/?s={search_term_string}\"},\"query-input\":{\"@type\":\"PropertyValueSpecification\",\"valueRequired\":true,\"valueName\":\"search_term_string\"}}],\"inLanguage\":\"es\"},{\"@type\":\"Person\",\"@id\":\"https:\\\/\\\/quehacerpolitico.mx\\\/#\\\/schema\\\/person\\\/496d8ad2d1d3f8036101dca7ee39e585\",\"name\":\"Redacci\u00f3n QP\",\"image\":{\"@type\":\"ImageObject\",\"inLanguage\":\"es\",\"@id\":\"https:\\\/\\\/secure.gravatar.com\\\/avatar\\\/c7164ed6fdec453195284ad24a5ae5b6e1eed2b848477fa2a4787ba9adf39a41?s=96&d=mm&r=g\",\"url\":\"https:\\\/\\\/secure.gravatar.com\\\/avatar\\\/c7164ed6fdec453195284ad24a5ae5b6e1eed2b848477fa2a4787ba9adf39a41?s=96&d=mm&r=g\",\"contentUrl\":\"https:\\\/\\\/secure.gravatar.com\\\/avatar\\\/c7164ed6fdec453195284ad24a5ae5b6e1eed2b848477fa2a4787ba9adf39a41?s=96&d=mm&r=g\",\"caption\":\"Redacci\u00f3n QP\"},\"url\":\"https:\\\/\\\/quehacerpolitico.mx\\\/?author=2\"}]}<\/script>\n<!-- \/ Yoast SEO plugin. -->","yoast_head_json":{"title":"Calder\u00f3n y Margarita Zavala registran ante el INE a M\u00e9xico Libre, un nuevo partido pol\u00edtico -","robots":{"index":"index","follow":"follow","max-snippet":"max-snippet:-1","max-image-preview":"max-image-preview:large","max-video-preview":"max-video-preview:-1"},"canonical":"https:\/\/quehacerpolitico.mx\/?p=14903","og_locale":"es_MX","og_type":"article","og_title":"Calder\u00f3n y Margarita Zavala registran ante el INE a M\u00e9xico Libre, un nuevo partido pol\u00edtico -","og_description":"Calder\u00f3n y Margarita Zavala registran ante el INE a M\u00e9xico Libre, un nuevo partido pol\u00edtico Por Redacci\u00f3n QP","og_url":"https:\/\/quehacerpolitico.mx\/?p=14903","article_published_time":"2019-01-21T20:29:39+00:00","author":"Redacci\u00f3n QP","twitter_card":"summary_large_image","twitter_misc":{"Escrito por":"Redacci\u00f3n QP","Tiempo de lectura":"3 minutos"},"schema":{"@context":"https:\/\/schema.org","@graph":[{"@type":"Article","@id":"https:\/\/quehacerpolitico.mx\/?p=14903#article","isPartOf":{"@id":"https:\/\/quehacerpolitico.mx\/?p=14903"},"author":{"name":"Redacci\u00f3n QP","@id":"https:\/\/quehacerpolitico.mx\/#\/schema\/person\/496d8ad2d1d3f8036101dca7ee39e585"},"headline":"Calder\u00f3n y Margarita Zavala registran ante el INE a M\u00e9xico Libre, un nuevo partido pol\u00edtico","datePublished":"2019-01-21T20:29:39+00:00","mainEntityOfPage":{"@id":"https:\/\/quehacerpolitico.mx\/?p=14903"},"wordCount":549,"commentCount":0,"image":{"@id":"https:\/\/quehacerpolitico.mx\/?p=14903#primaryimage"},"thumbnailUrl":"","articleSection":["Noticias"],"inLanguage":"es","potentialAction":[{"@type":"CommentAction","name":"Comment","target":["https:\/\/quehacerpolitico.mx\/?p=14903#respond"]}]},{"@type":"WebPage","@id":"https:\/\/quehacerpolitico.mx\/?p=14903","url":"https:\/\/quehacerpolitico.mx\/?p=14903","name":"Calder\u00f3n y Margarita Zavala registran ante el INE a M\u00e9xico Libre, un nuevo partido pol\u00edtico -","isPartOf":{"@id":"https:\/\/quehacerpolitico.mx\/#website"},"primaryImageOfPage":{"@id":"https:\/\/quehacerpolitico.mx\/?p=14903#primaryimage"},"image":{"@id":"https:\/\/quehacerpolitico.mx\/?p=14903#primaryimage"},"thumbnailUrl":"","datePublished":"2019-01-21T20:29:39+00:00","author":{"@id":"https:\/\/quehacerpolitico.mx\/#\/schema\/person\/496d8ad2d1d3f8036101dca7ee39e585"},"breadcrumb":{"@id":"https:\/\/quehacerpolitico.mx\/?p=14903#breadcrumb"},"inLanguage":"es","potentialAction":[{"@type":"ReadAction","target":["https:\/\/quehacerpolitico.mx\/?p=14903"]}]},{"@type":"ImageObject","inLanguage":"es","@id":"https:\/\/quehacerpolitico.mx\/?p=14903#primaryimage","url":"","contentUrl":""},{"@type":"BreadcrumbList","@id":"https:\/\/quehacerpolitico.mx\/?p=14903#breadcrumb","itemListElement":[{"@type":"ListItem","position":1,"name":"Inicio","item":"https:\/\/quehacerpolitico.mx\/"},{"@type":"ListItem","position":2,"name":"Calder\u00f3n y Margarita Zavala registran ante el INE a M\u00e9xico Libre, un nuevo partido pol\u00edtico"}]},{"@type":"WebSite","@id":"https:\/\/quehacerpolitico.mx\/#website","url":"https:\/\/quehacerpolitico.mx\/","name":"","description":"","potentialAction":[{"@type":"SearchAction","target":{"@type":"EntryPoint","urlTemplate":"https:\/\/quehacerpolitico.mx\/?s={search_term_string}"},"query-input":{"@type":"PropertyValueSpecification","valueRequired":true,"valueName":"search_term_string"}}],"inLanguage":"es"},{"@type":"Person","@id":"https:\/\/quehacerpolitico.mx\/#\/schema\/person\/496d8ad2d1d3f8036101dca7ee39e585","name":"Redacci\u00f3n QP","image":{"@type":"ImageObject","inLanguage":"es","@id":"https:\/\/secure.gravatar.com\/avatar\/c7164ed6fdec453195284ad24a5ae5b6e1eed2b848477fa2a4787ba9adf39a41?s=96&d=mm&r=g","url":"https:\/\/secure.gravatar.com\/avatar\/c7164ed6fdec453195284ad24a5ae5b6e1eed2b848477fa2a4787ba9adf39a41?s=96&d=mm&r=g","contentUrl":"https:\/\/secure.gravatar.com\/avatar\/c7164ed6fdec453195284ad24a5ae5b6e1eed2b848477fa2a4787ba9adf39a41?s=96&d=mm&r=g","caption":"Redacci\u00f3n QP"},"url":"https:\/\/quehacerpolitico.mx\/?author=2"}]}},"featured_image_urls":{"full":"","thumbnail":"","medium":"","medium_large":"","large":"","1536x1536":"","2048x2048":"","covernews-featured":"","covernews-medium":""},"author_info":{"display_name":"Redacci\u00f3n QP","author_link":"https:\/\/quehacerpolitico.mx\/?author=2"},"category_info":"<a href=\"https:\/\/quehacerpolitico.mx\/?cat=2\" rel=\"category\">Noticias<\/a>","tag_info":"Noticias","comment_count":"0","_links":{"self":[{"href":"https:\/\/quehacerpolitico.mx\/index.php?rest_route=\/wp\/v2\/posts\/14903","targetHints":{"allow":["GET"]}}],"collection":[{"href":"https:\/\/quehacerpolitico.mx\/index.php?rest_route=\/wp\/v2\/posts"}],"about":[{"href":"https:\/\/quehacerpolitico.mx\/index.php?rest_route=\/wp\/v2\/types\/post"}],"author":[{"embeddable":true,"href":"https:\/\/quehacerpolitico.mx\/index.php?rest_route=\/wp\/v2\/users\/2"}],"replies":[{"embeddable":true,"href":"https:\/\/quehacerpolitico.mx\/index.php?rest_route=%2Fwp%2Fv2%2Fcomments&post=14903"}],"version-history":[{"count":0,"href":"https:\/\/quehacerpolitico.mx\/index.php?rest_route=\/wp\/v2\/posts\/14903\/revisions"}],"wp:featuredmedia":[{"embeddable":true,"href":"https:\/\/quehacerpolitico.mx\/index.php?rest_route=\/"}],"wp:attachment":[{"href":"https:\/\/quehacerpolitico.mx\/index.php?rest_route=%2Fwp%2Fv2%2Fmedia&parent=14903"}],"wp:term":[{"taxonomy":"category","embeddable":true,"href":"https:\/\/quehacerpolitico.mx\/index.php?rest_route=%2Fwp%2Fv2%2Fcategories&post=14903"},{"taxonomy":"post_tag","embeddable":true,"href":"https:\/\/quehacerpolitico.mx\/index.php?rest_route=%2Fwp%2Fv2%2Ftags&post=14903"}],"curies":[{"name":"wp","href":"https:\/\/api.w.org\/{rel}","templated":true}]}}