{"id":14817,"date":"2019-01-20T15:36:24","date_gmt":"2019-01-20T15:36:24","guid":{"rendered":"http:\/\/quehacerpolitico.mx\/un-buscador-de-historias-para-el-insomnio\/"},"modified":"2019-01-20T15:36:24","modified_gmt":"2019-01-20T15:36:24","slug":"un-buscador-de-historias-para-el-insomnio","status":"publish","type":"post","link":"https:\/\/quehacerpolitico.mx\/?p=14817","title":{"rendered":"Un buscador de historias para el insomnio"},"content":{"rendered":"<h1 class=\"news-title\">Un buscador de historias para el insomnio<\/h1>\n<p>Por Redacci\u00f3n QP<\/p>\n<header class=\"news-header\">\n<div class=\"news-subtitle\">\n<p>El portugu\u00e9s Francisco Jos\u00e9 Viegas nos habla de su bibliograf\u00eda y la forma en que se ha desenvuelto en la novela \u201cLouren\u00e7o Marques\u201d<\/p>\n<\/div>\n<\/header>\n<div class=\"news-content\">\n<div class=\"news-body row\">\n<p>Hay hombres de letras que exploran las posibilidades de la literatura en diversos \u00e1mbitos, como es el caso del escritor portugu\u00e9s Francisco Jos\u00e9 Viegas, cuya actividad en la escritura va de gastron\u00f3mica a la novela policiaca, pasando por la pasi\u00f3n deportiva, adem\u00e1s de la edici\u00f3n. Tras su paso por Guadalajara, en donde form\u00f3 parte del programa de invitados de Portugal como invitado de honor de la m\u00e1s reciente FIL, Viegas platic\u00f3 sobre su literatura y los diversos temas que toca en su bibliograf\u00eda.<\/p>\n<p><strong>-Pienso en la novela \u201cLouren\u00e7o Marques\u201d, donde hay un juego entre el pasado y el presente, tanto del personaje como de Portugal, \u00bfc\u00f3mo surge el inter\u00e9s de resaltar la historia? (En Louren\u00e7o Marques el personaje viaja a Maputo, capital de Mozambique antes llamada \u201cLouren\u00e7o Marques\u201d).<\/strong><br \/>-El pasado es la \u00fanica cosa que tenemos segura. Hoy en d\u00eda la literatura es muy presente: la gente que escribe cosas como \u201cYo estoy haciendo esto\u2026\u201d es demasiada autoficci\u00f3n. A m\u00ed no me interesa: quiero hablar de los otros. Una raz\u00f3n de la crisis en la ficci\u00f3n es que los escritores hablan permanentemente de s\u00ed mismos. Me interesa hablar de los otros. Me gusta sentarme en un caf\u00e9, ir en el tren, o\u00edr y robar las historias, escuchar las conversaciones. Se sabe as\u00ed la vida de toda la gente: es mucho m\u00e1s fant\u00e1stica de lo que imaginamos. Creo que hay un d\u00e9ficit en la literatura contempor\u00e1nea sobre la atenci\u00f3n de los escritores: est\u00e1n olvidando los otros, son poco curiosos incluso sobre la historia.<\/p>\n<p><strong>-El protagonista de \u201cLouren\u00e7o Marques\u201d regresa al pasado para redescubrirlo.<\/strong><br \/>-Es una historia muy portuguesa: los portugueses estuvieron por todas partes con su papel de imperialistas, descubridores. Es la historia de alguien que vivi\u00f3 su infancia en Mozambique y que 15 a\u00f1os despu\u00e9s vuelve a su casa. O era su casa, ya es otro pa\u00eds. Eso para los portugueses ha sido dif\u00edcil de comprender en los a\u00f1os ochenta o noventa. Est\u00e1 \u201cOut of Africa\u201d de Karen Blixen, empieza as\u00ed: Alguna vez tuve una granja en \u00c1frica. Esa expresi\u00f3n es dominante en mi libro: durante mucho tiempo la gente que vivi\u00f3 en \u00c1frica, los portugueses, no tuvieron posibilidad de tener una memoria, porque era una memoria pol\u00edticamente incorrecta por ser colonos, los blancos en \u00c1frica.<\/p>\n<p><strong>-Otros de los temas que ha explorado es la gastronom\u00eda, incluso en el sitio web.<\/strong><br \/>-Durante los a\u00f1os ochenta, cuando empec\u00e9 a publicar, hab\u00eda una moda que era dise\u00f1ar departamentos sin cocina, porque cocinar es sucio: pero a m\u00ed es un gran placer, hay que usar el olfato, hacer experimentos. Y sobre todo: la cocina no existe para uno, existe para los otros. Es necesario invertir pasi\u00f3n, amor, atenci\u00f3n. Cocinamos algo porque le gusta a la persona, hay una relaci\u00f3n intensa entre la cocina-pasi\u00f3n y los otros. Me quejo de que en la lectura no se presta atenci\u00f3n: en la cocina siempre se presta atenci\u00f3n.<\/p>\n<p><strong>-Entre otros temas que ha explorado est\u00e1 la serie de libros policiacos, con el personaje Jaime Ramos, \u00bfc\u00f3mo surgi\u00f3 ese inter\u00e9s por el g\u00e9nero?<\/strong><br \/>-Durante mucho tiempo estuvo la sensaci\u00f3n de que se escrib\u00eda literatura policiaca para gente sin gusto. A m\u00ed me da placer, porque es como burlar a los poderosos de la literatura, que piensan que hay una alta literatura y una literatura baja. Pero a m\u00ed eso no me da. Para m\u00ed uno de los mejores de M\u00e9xico es \u00c9lmer Mendoza. Es grande. Yo creo que es injusto clasificarlo solo como el autor de policiaca: es un gran autor. Casi toda la literatura es policial: habla de la muerte, de la huida, de la duda, la desaparici\u00f3n, el miedo y la culpa. Esa es la materia de la literatura. Los grandes autores de la literatura policiaca, Chandler, \u00c9lmer y muchos m\u00e1s, han aprendido la lecci\u00f3n del \u201cQuijote\u201d: la historia es interminable, sus int\u00e9rpretes no tienen que ser los poderosos ni los bien comportados. Es una de las razones por las que escribo literatura policiaca. La otra es porque tengo insomnio: lo peor que puede ocurrir a alguien con insomnio es que alguien est\u00e9 durmiendo: trato de provocar el insomnio en los otros. \u00a0<\/p>\n<p><strong>-\u00bfEsa perspectiva de la literatura policiaca va de la mano con su otra vocaci\u00f3n, como escritor? \u00bfC\u00f3mo combina ambas facetas?<\/strong><br \/>-Editar y publicar hoy es casi un trabajo de \u201cQuijote\u201d. Es muy dif\u00edcil, se lee cada vez menos. En Europa son n\u00fameros muy tristes. La sed de ficci\u00f3n est\u00e1 siendo dirigida para otros medios: hace diez a\u00f1os no exist\u00eda Netflix. Van a invertir 63 mil millones de d\u00f3lares en ficci\u00f3n en 2019: es muy dif\u00edcil competir con medios tan poderosos. Creo que la literatura seguir\u00e1 en los pr\u00f3ximos a\u00f1os en un r\u00e9gimen de clandestinidad. Eso es bueno para la literatura, es bueno para los autores para que aprendan, para que intenten seducir a m\u00e1s lectores. Pero no hay v\u00ednculo entre mi trabajo como editor y mi trabajo como escritor. Son cosas totalmente diferentes: yo escribo entre las 4:30 am y las 9 am, y trabajo en la oficina a partir de las 9 am hasta las 6 pm, 7 u 8.<\/p>\n<p><strong>-Lo que menciona de los escritores y que pueden aprender, est\u00e1 relacionado con aquello de fijarse m\u00e1s en las historias.<\/strong><br \/>-S\u00ed, unas cosas m\u00e1s importantes en el g\u00e9nero humano es nuestra condici\u00f3n: es una condici\u00f3n de la historia, nos fascinan, nos fascina la posibilidad de contarlas a los otros. Desde amor o hasta burla. Es algo que se le ha escapado a muchos escritores. Si tenemos al famoso de Noruega, hombre, \u00bfson cinco o seis vol\u00famenes sobre qu\u00e9? \u00a1Sobre \u00e9l! Cuando va al ba\u00f1o, cuando odia a su padre, luego pierde a su padre, luego va al ba\u00f1o otra vez. Es como la madalena de Proust: existe, pero hay m\u00e1s, no se puede reducir toda la literatura a eso, hay mucho m\u00e1s. Tampoco me interesa el escritor como pensador, que piensa mejor solo porque es escritor (no, generalmente los escritores son los peores). A m\u00ed me interesa hacer un retrato, una foto. Me encanta la fotograf\u00eda: el personaje de mis libros policiacos siempre est\u00e1 manoseando retratos, im\u00e1genes, para ver c\u00f3mo era el muerto cuando estaba vivo, con su gente. Me interesa hacer ese retrato del pa\u00eds. Me interesan los excluidos: no solo los que no tienen dinero, me interesan los portugueses que regresaban de \u00c1frica y Asia, o la gente derrotada en la revoluci\u00f3n, perdieron su vida. Es gente que no estaba en el sitio correcto.<\/p>\n<p><strong>-En el futbol hay muchas de esas historias, y es otro tema que frecuenta.<\/strong><br \/>-El futbol era un sitio prohibido para la literatura. En Portugal hab\u00eda una especie de frontera, \u201cno se mezcla\u201d. Al contrario de Am\u00e9rica, donde tienen a escritores fant\u00e1sticos: Valdano, que escribe de forma fant\u00e1stica. Los brasile\u00f1os tambi\u00e9n. El futbol no me interesa como un deporte. No me gusta el deporte. Me encanta el juego de guerra: es un juego de tribu. Desgraciadamente ocurren cosas terribles como las de los hinchas argentinos, energ\u00famenos de River y Boca. Tambi\u00e9n me gusta la posibilidad de reunir en el futbol una especie de sociedad sin clases: sentados en el estadio as\u00ed lo es.<br \/>A prop\u00f3sito del futbol, Francisco Jos\u00e9 Viegas coment\u00f3 sobre su equipo favorito: \u201cEl Porto, el Porto de Herrera y de Corona. Hay un mexicano, de los malos, que est\u00e1 en Benfica (Ra\u00fal Jim\u00e9nez)\u201d.<\/p>\n<\/div>\n<\/div>\n","protected":false},"excerpt":{"rendered":"<p>Un buscador de historias para el insomnio<br \/>\nPor Redacci\u00f3n QP<\/p>\n","protected":false},"author":2,"featured_media":14816,"comment_status":"open","ping_status":"open","sticky":false,"template":"","format":"standard","meta":{"_monsterinsights_skip_tracking":false,"_monsterinsights_sitenote_active":false,"_monsterinsights_sitenote_note":"","_monsterinsights_sitenote_category":0,"footnotes":""},"categories":[58],"tags":[],"class_list":["post-14817","post","type-post","status-publish","format-standard","has-post-thumbnail","hentry","category-cultura"],"yoast_head":"<!-- This site is optimized with the Yoast SEO plugin v27.3 - https:\/\/yoast.com\/product\/yoast-seo-wordpress\/ -->\n<title>Un buscador de historias para el insomnio -<\/title>\n<meta name=\"robots\" content=\"index, follow, max-snippet:-1, max-image-preview:large, max-video-preview:-1\" \/>\n<link rel=\"canonical\" href=\"https:\/\/quehacerpolitico.mx\/?p=14817\" \/>\n<meta property=\"og:locale\" content=\"es_MX\" \/>\n<meta property=\"og:type\" content=\"article\" \/>\n<meta property=\"og:title\" content=\"Un buscador de historias para el insomnio -\" \/>\n<meta property=\"og:description\" content=\"Un buscador de historias para el insomnio Por Redacci\u00f3n QP\" \/>\n<meta property=\"og:url\" content=\"https:\/\/quehacerpolitico.mx\/?p=14817\" \/>\n<meta property=\"article:published_time\" content=\"2019-01-20T15:36:24+00:00\" \/>\n<meta name=\"author\" content=\"Redacci\u00f3n QP\" \/>\n<meta name=\"twitter:card\" content=\"summary_large_image\" \/>\n<meta name=\"twitter:label1\" content=\"Escrito por\" \/>\n\t<meta name=\"twitter:data1\" content=\"Redacci\u00f3n QP\" \/>\n\t<meta name=\"twitter:label2\" content=\"Tiempo de lectura\" \/>\n\t<meta name=\"twitter:data2\" content=\"7 minutos\" \/>\n<script type=\"application\/ld+json\" class=\"yoast-schema-graph\">{\"@context\":\"https:\\\/\\\/schema.org\",\"@graph\":[{\"@type\":\"Article\",\"@id\":\"https:\\\/\\\/quehacerpolitico.mx\\\/?p=14817#article\",\"isPartOf\":{\"@id\":\"https:\\\/\\\/quehacerpolitico.mx\\\/?p=14817\"},\"author\":{\"name\":\"Redacci\u00f3n QP\",\"@id\":\"https:\\\/\\\/quehacerpolitico.mx\\\/#\\\/schema\\\/person\\\/496d8ad2d1d3f8036101dca7ee39e585\"},\"headline\":\"Un buscador de historias para el insomnio\",\"datePublished\":\"2019-01-20T15:36:24+00:00\",\"mainEntityOfPage\":{\"@id\":\"https:\\\/\\\/quehacerpolitico.mx\\\/?p=14817\"},\"wordCount\":1347,\"commentCount\":0,\"image\":{\"@id\":\"https:\\\/\\\/quehacerpolitico.mx\\\/?p=14817#primaryimage\"},\"thumbnailUrl\":\"\",\"articleSection\":[\"Cultura y Entretenimiento\"],\"inLanguage\":\"es\",\"potentialAction\":[{\"@type\":\"CommentAction\",\"name\":\"Comment\",\"target\":[\"https:\\\/\\\/quehacerpolitico.mx\\\/?p=14817#respond\"]}]},{\"@type\":\"WebPage\",\"@id\":\"https:\\\/\\\/quehacerpolitico.mx\\\/?p=14817\",\"url\":\"https:\\\/\\\/quehacerpolitico.mx\\\/?p=14817\",\"name\":\"Un buscador de historias para el insomnio -\",\"isPartOf\":{\"@id\":\"https:\\\/\\\/quehacerpolitico.mx\\\/#website\"},\"primaryImageOfPage\":{\"@id\":\"https:\\\/\\\/quehacerpolitico.mx\\\/?p=14817#primaryimage\"},\"image\":{\"@id\":\"https:\\\/\\\/quehacerpolitico.mx\\\/?p=14817#primaryimage\"},\"thumbnailUrl\":\"\",\"datePublished\":\"2019-01-20T15:36:24+00:00\",\"author\":{\"@id\":\"https:\\\/\\\/quehacerpolitico.mx\\\/#\\\/schema\\\/person\\\/496d8ad2d1d3f8036101dca7ee39e585\"},\"breadcrumb\":{\"@id\":\"https:\\\/\\\/quehacerpolitico.mx\\\/?p=14817#breadcrumb\"},\"inLanguage\":\"es\",\"potentialAction\":[{\"@type\":\"ReadAction\",\"target\":[\"https:\\\/\\\/quehacerpolitico.mx\\\/?p=14817\"]}]},{\"@type\":\"ImageObject\",\"inLanguage\":\"es\",\"@id\":\"https:\\\/\\\/quehacerpolitico.mx\\\/?p=14817#primaryimage\",\"url\":\"\",\"contentUrl\":\"\"},{\"@type\":\"BreadcrumbList\",\"@id\":\"https:\\\/\\\/quehacerpolitico.mx\\\/?p=14817#breadcrumb\",\"itemListElement\":[{\"@type\":\"ListItem\",\"position\":1,\"name\":\"Inicio\",\"item\":\"https:\\\/\\\/quehacerpolitico.mx\\\/\"},{\"@type\":\"ListItem\",\"position\":2,\"name\":\"Un buscador de historias para el insomnio\"}]},{\"@type\":\"WebSite\",\"@id\":\"https:\\\/\\\/quehacerpolitico.mx\\\/#website\",\"url\":\"https:\\\/\\\/quehacerpolitico.mx\\\/\",\"name\":\"\",\"description\":\"\",\"potentialAction\":[{\"@type\":\"SearchAction\",\"target\":{\"@type\":\"EntryPoint\",\"urlTemplate\":\"https:\\\/\\\/quehacerpolitico.mx\\\/?s={search_term_string}\"},\"query-input\":{\"@type\":\"PropertyValueSpecification\",\"valueRequired\":true,\"valueName\":\"search_term_string\"}}],\"inLanguage\":\"es\"},{\"@type\":\"Person\",\"@id\":\"https:\\\/\\\/quehacerpolitico.mx\\\/#\\\/schema\\\/person\\\/496d8ad2d1d3f8036101dca7ee39e585\",\"name\":\"Redacci\u00f3n QP\",\"image\":{\"@type\":\"ImageObject\",\"inLanguage\":\"es\",\"@id\":\"https:\\\/\\\/secure.gravatar.com\\\/avatar\\\/c7164ed6fdec453195284ad24a5ae5b6e1eed2b848477fa2a4787ba9adf39a41?s=96&d=mm&r=g\",\"url\":\"https:\\\/\\\/secure.gravatar.com\\\/avatar\\\/c7164ed6fdec453195284ad24a5ae5b6e1eed2b848477fa2a4787ba9adf39a41?s=96&d=mm&r=g\",\"contentUrl\":\"https:\\\/\\\/secure.gravatar.com\\\/avatar\\\/c7164ed6fdec453195284ad24a5ae5b6e1eed2b848477fa2a4787ba9adf39a41?s=96&d=mm&r=g\",\"caption\":\"Redacci\u00f3n QP\"},\"url\":\"https:\\\/\\\/quehacerpolitico.mx\\\/?author=2\"}]}<\/script>\n<!-- \/ Yoast SEO plugin. -->","yoast_head_json":{"title":"Un buscador de historias para el insomnio -","robots":{"index":"index","follow":"follow","max-snippet":"max-snippet:-1","max-image-preview":"max-image-preview:large","max-video-preview":"max-video-preview:-1"},"canonical":"https:\/\/quehacerpolitico.mx\/?p=14817","og_locale":"es_MX","og_type":"article","og_title":"Un buscador de historias para el insomnio -","og_description":"Un buscador de historias para el insomnio Por Redacci\u00f3n QP","og_url":"https:\/\/quehacerpolitico.mx\/?p=14817","article_published_time":"2019-01-20T15:36:24+00:00","author":"Redacci\u00f3n QP","twitter_card":"summary_large_image","twitter_misc":{"Escrito por":"Redacci\u00f3n QP","Tiempo de lectura":"7 minutos"},"schema":{"@context":"https:\/\/schema.org","@graph":[{"@type":"Article","@id":"https:\/\/quehacerpolitico.mx\/?p=14817#article","isPartOf":{"@id":"https:\/\/quehacerpolitico.mx\/?p=14817"},"author":{"name":"Redacci\u00f3n QP","@id":"https:\/\/quehacerpolitico.mx\/#\/schema\/person\/496d8ad2d1d3f8036101dca7ee39e585"},"headline":"Un buscador de historias para el insomnio","datePublished":"2019-01-20T15:36:24+00:00","mainEntityOfPage":{"@id":"https:\/\/quehacerpolitico.mx\/?p=14817"},"wordCount":1347,"commentCount":0,"image":{"@id":"https:\/\/quehacerpolitico.mx\/?p=14817#primaryimage"},"thumbnailUrl":"","articleSection":["Cultura y Entretenimiento"],"inLanguage":"es","potentialAction":[{"@type":"CommentAction","name":"Comment","target":["https:\/\/quehacerpolitico.mx\/?p=14817#respond"]}]},{"@type":"WebPage","@id":"https:\/\/quehacerpolitico.mx\/?p=14817","url":"https:\/\/quehacerpolitico.mx\/?p=14817","name":"Un buscador de historias para el insomnio -","isPartOf":{"@id":"https:\/\/quehacerpolitico.mx\/#website"},"primaryImageOfPage":{"@id":"https:\/\/quehacerpolitico.mx\/?p=14817#primaryimage"},"image":{"@id":"https:\/\/quehacerpolitico.mx\/?p=14817#primaryimage"},"thumbnailUrl":"","datePublished":"2019-01-20T15:36:24+00:00","author":{"@id":"https:\/\/quehacerpolitico.mx\/#\/schema\/person\/496d8ad2d1d3f8036101dca7ee39e585"},"breadcrumb":{"@id":"https:\/\/quehacerpolitico.mx\/?p=14817#breadcrumb"},"inLanguage":"es","potentialAction":[{"@type":"ReadAction","target":["https:\/\/quehacerpolitico.mx\/?p=14817"]}]},{"@type":"ImageObject","inLanguage":"es","@id":"https:\/\/quehacerpolitico.mx\/?p=14817#primaryimage","url":"","contentUrl":""},{"@type":"BreadcrumbList","@id":"https:\/\/quehacerpolitico.mx\/?p=14817#breadcrumb","itemListElement":[{"@type":"ListItem","position":1,"name":"Inicio","item":"https:\/\/quehacerpolitico.mx\/"},{"@type":"ListItem","position":2,"name":"Un buscador de historias para el insomnio"}]},{"@type":"WebSite","@id":"https:\/\/quehacerpolitico.mx\/#website","url":"https:\/\/quehacerpolitico.mx\/","name":"","description":"","potentialAction":[{"@type":"SearchAction","target":{"@type":"EntryPoint","urlTemplate":"https:\/\/quehacerpolitico.mx\/?s={search_term_string}"},"query-input":{"@type":"PropertyValueSpecification","valueRequired":true,"valueName":"search_term_string"}}],"inLanguage":"es"},{"@type":"Person","@id":"https:\/\/quehacerpolitico.mx\/#\/schema\/person\/496d8ad2d1d3f8036101dca7ee39e585","name":"Redacci\u00f3n QP","image":{"@type":"ImageObject","inLanguage":"es","@id":"https:\/\/secure.gravatar.com\/avatar\/c7164ed6fdec453195284ad24a5ae5b6e1eed2b848477fa2a4787ba9adf39a41?s=96&d=mm&r=g","url":"https:\/\/secure.gravatar.com\/avatar\/c7164ed6fdec453195284ad24a5ae5b6e1eed2b848477fa2a4787ba9adf39a41?s=96&d=mm&r=g","contentUrl":"https:\/\/secure.gravatar.com\/avatar\/c7164ed6fdec453195284ad24a5ae5b6e1eed2b848477fa2a4787ba9adf39a41?s=96&d=mm&r=g","caption":"Redacci\u00f3n QP"},"url":"https:\/\/quehacerpolitico.mx\/?author=2"}]}},"featured_image_urls":{"full":"","thumbnail":"","medium":"","medium_large":"","large":"","1536x1536":"","2048x2048":"","covernews-featured":"","covernews-medium":""},"author_info":{"display_name":"Redacci\u00f3n QP","author_link":"https:\/\/quehacerpolitico.mx\/?author=2"},"category_info":"<a href=\"https:\/\/quehacerpolitico.mx\/?cat=58\" rel=\"category\">Cultura y Entretenimiento<\/a>","tag_info":"Cultura y Entretenimiento","comment_count":"0","_links":{"self":[{"href":"https:\/\/quehacerpolitico.mx\/index.php?rest_route=\/wp\/v2\/posts\/14817","targetHints":{"allow":["GET"]}}],"collection":[{"href":"https:\/\/quehacerpolitico.mx\/index.php?rest_route=\/wp\/v2\/posts"}],"about":[{"href":"https:\/\/quehacerpolitico.mx\/index.php?rest_route=\/wp\/v2\/types\/post"}],"author":[{"embeddable":true,"href":"https:\/\/quehacerpolitico.mx\/index.php?rest_route=\/wp\/v2\/users\/2"}],"replies":[{"embeddable":true,"href":"https:\/\/quehacerpolitico.mx\/index.php?rest_route=%2Fwp%2Fv2%2Fcomments&post=14817"}],"version-history":[{"count":0,"href":"https:\/\/quehacerpolitico.mx\/index.php?rest_route=\/wp\/v2\/posts\/14817\/revisions"}],"wp:featuredmedia":[{"embeddable":true,"href":"https:\/\/quehacerpolitico.mx\/index.php?rest_route=\/"}],"wp:attachment":[{"href":"https:\/\/quehacerpolitico.mx\/index.php?rest_route=%2Fwp%2Fv2%2Fmedia&parent=14817"}],"wp:term":[{"taxonomy":"category","embeddable":true,"href":"https:\/\/quehacerpolitico.mx\/index.php?rest_route=%2Fwp%2Fv2%2Fcategories&post=14817"},{"taxonomy":"post_tag","embeddable":true,"href":"https:\/\/quehacerpolitico.mx\/index.php?rest_route=%2Fwp%2Fv2%2Ftags&post=14817"}],"curies":[{"name":"wp","href":"https:\/\/api.w.org\/{rel}","templated":true}]}}