{"id":14801,"date":"2019-01-20T14:18:34","date_gmt":"2019-01-20T14:18:34","guid":{"rendered":"http:\/\/quehacerpolitico.mx\/a-79-asciende-el-numero-de-fallecidos-por-explosion-en-ducto-en-tlahuelilpan-el-fiscal-general-ofrece-darle-proteccion-a-quienes-denuncien\/"},"modified":"2019-01-20T14:18:34","modified_gmt":"2019-01-20T14:18:34","slug":"a-79-asciende-el-numero-de-fallecidos-por-explosion-en-ducto-en-tlahuelilpan-el-fiscal-general-ofrece-darle-proteccion-a-quienes-denuncien","status":"publish","type":"post","link":"https:\/\/quehacerpolitico.mx\/?p=14801","title":{"rendered":"A 79 asciende el n\u00famero de fallecidos por explosi\u00f3n en ducto en Tlahuelilpan, el Fiscal General ofrece darle protecci\u00f3n a quienes denuncien"},"content":{"rendered":"<p>A 79 asciende el n\u00famero de fallecidos por explosi\u00f3n en ducto en Tlahuelilpan, el Fiscal General ofrece darle protecci\u00f3n a quienes denuncien<\/p>\n<p>Por Redacci\u00f3n QP<\/p>\n<p>En conferencia de prensa por el incendio en <strong>Tlahuelilpan, Hidalgo<\/strong>, el <strong>secretario de Salud, Jorge Alcocer<\/strong>, inform\u00f3 que a 36 horas de registrado el siniestro en una toma clandestina en esa entidad, el n\u00famero de<strong> fallecidos aument\u00f3 a 79<\/strong>.<\/p>\n<div class=\"amp-wp-article-featured-image amp-wp-content featured-image-content\">\n<div class=\"post-featured-img\">\n<figure class=\"amp-wp-article-featured-image wp-caption\"><img decoding=\"async\" class=\"i-amphtml-fill-content i-amphtml-replaced-content\" src=\"https:\/\/elbigdata.mx\/wp-content\/uploads\/2019\/01\/incendio_hidalgo_tlahuilalpan_.jpg\" sizes=\"(min-width: 1000px) 1000px, 100vw\" alt=\"\" \/><\/figure>\n<\/div>\n<\/div>\n<p>Acompa\u00f1ado del presidente de M\u00e9xico, <strong>Andr\u00e9s Manuel L\u00f3pez Obrador (AMLO)<\/strong> y del Fiscal General de la Rep\u00fablica, <strong>Alejandro Gertz Manero<\/strong>, el secretario de Salud indic\u00f3 que de las 81 personas lesionadas, 66 siguen hospitalizadas.<\/p>\n<p>Tambi\u00e9n detall\u00f3 que hasta el momento, dos personas han sido dadas de alta y uno m\u00e1s sali\u00f3 del hospital por decisi\u00f3n propia.<\/p>\n<p>El Fiscal General dijo que quienes quieran ayudar a identificar a los culpables recibir\u00e1n toda la protecci\u00f3n necesaria. \u201cLo vamos a proteger\u201d, dijo. El Presidente llam\u00f3 ayer a las comunidades a que ayuden a saber qui\u00e9nes, por qu\u00e9.<\/p>\n<p>El Secretario de Salud precis\u00f3 que son 12 defunciones en total en los hospitales, y hubo dos altas por mejor\u00eda, y un alta voluntaria de un paciente que decidi\u00f3 salir del hospital. \u201c79 mexicanos han fallecido a consecuencia de esta explosi\u00f3n\u201d, inform\u00f3. Alcocer estuvo esta ma\u00f1ana en la conferencia matutina con el Presidente.<\/p>\n<p>Anunci\u00f3 que hoy se realizar\u00e1n trasladados de cinco a seis pacientes y se continuar\u00e1 con las visitas a los hospitales donde se busca tener relaci\u00f3n y acompa\u00f1amiento con los familiares. Precis\u00f3 que a\u00fan se est\u00e1 en la ventana de 48 a 68 horas, en el que se tiene a los pacientes m\u00e1s graves en la Ciudad de M\u00e9xico. Indic\u00f3 que hay pacientes graves con quemaduras de m\u00e1s del 80 por ciento y que tienen un pron\u00f3stico reservado. \u201cEn este cambio de cede, de haberlas trasladado, [\u2026] la gravedad puede ser diferente para los que no est\u00e1n en estas condiciones\u201d, indic\u00f3.<\/p>\n<blockquote>\n<p><strong>SOBRE LAS PRIMERAS HIP\u00d3TESIS:<\/strong> El Fiscal General inform\u00f3 que ayer se coment\u00f3 algunas hip\u00f3tesis de investigaci\u00f3n, y record\u00f3 que el de la ropa sint\u00e9tica que tra\u00edan las v\u00edctimas como posibilidad de provocar el incendio, es una de varias hip\u00f3tesis que se est\u00e1n investigando. Se\u00f1al\u00f3 que se requerir\u00e1 a las instituciones todas la informaci\u00f3n necesaria para completar las tareas, y tener la capacidad de que las carpetas vayan con toda la solidez que el caso requiere.<\/p>\n<\/blockquote>\n<div id=\"attachment_3524930\" class=\"wp-caption alignnone\"><img loading=\"lazy\" decoding=\"async\" class=\"size-full wp-image-3524930\" src=\"https:\/\/www.sinembargo.mx\/wp-content\/uploads\/2019\/01\/image-2019-01-20-072543.jpg\" sizes=\"auto, (max-width: 700px) 100vw, 700px\" srcset=\"https:\/\/www.sinembargo.mx\/wp-content\/uploads\/2019\/01\/image-2019-01-20-072543.jpg 700w, https:\/\/www.sinembargo.mx\/wp-content\/uploads\/2019\/01\/image-2019-01-20-072543-300x164.jpg 300w\" alt=\"\" width=\"700\" height=\"383\" \/><\/p>\n<blockquote>\n<p>Se trabajar\u00e1 en la extinci\u00f3n de dominio de los predios que tengan relaci\u00f3n con el caso de robo de hidrocarburos, un tema que se llevar\u00e1 a cabo por todo el pa\u00eds. \u201cA partir de ma\u00f1ana la Fiscal\u00eda pedir\u00e1 el apoyo de toda la comunidad para que un asunto como el que vivimos el fin de semana no se vuelva a repetir\u201d, dijo y anunci\u00f3 que se dar\u00e1n a conocer los n\u00fameros y lugares donde se recibir\u00e1n las denuncias ciudadanas. Gertz Manero dijo que la explosi\u00f3n fue de tal naturaleza que en la zona pr\u00e1cticamente s\u00f3lo quedaron los terrenos.<\/p>\n<\/blockquote>\n<p>Dijo que con ello y los testimonios se trabar\u00e1 para seguir investigando. \u201cUna parte de la diligencias es la pericial, y algunos de ellos presentaron, no como un resultado contundente, sino una posibilidad, de que todos estos elementos podr\u00edan generarse esa explosi\u00f3n\u201d, indic\u00f3. \u201cDe ninguna manera lo estamos tomando como resultado\u201d, recalc\u00f3.<\/p>\n<p>El Fiscal General fue cuestionado sobre si se sabe si hab\u00eda gente fumando en la zona de explosi\u00f3n y respondi\u00f3: \u201cTodos los videos, todas las informaci\u00f3n se est\u00e1n acopiando en la carpeta. Todo lo que se conozca por todos los medios son hip\u00f3tesis, presunciones de responsabilidad\u201d, y asegur\u00f3 que todas las hip\u00f3tesis se van a investigar\u201d. El Fiscal asegur\u00f3 que se proteger\u00e1 a la poblaci\u00f3n que decida denunciar.<\/p>\n<p>\u201cRecibir\u00e1n toda la protecci\u00f3n y la secrec\u00eda que sea necesaria para poderlos proteger, de otra manera los estar\u00edamos poniendo en un problema grav\u00edsimo y eso no lo vamos a hacer\u201d, asever\u00f3.<\/p>\n<p>Gertz Manero reiter\u00f3 esta ma\u00f1ana que no se victimizar\u00e1 a las personas que se encuentran hospitalizadas ni a la poblaci\u00f3n. \u201cNosotros no vamos a victimizar a los comunidades, vamos a buscar a los responsables de los actos que generaron esta tragedia\u201d, se\u00f1al\u00f3.<\/p>\n<p>El Fiscal General dijo, durante la conferencia de prensa de ayer por la tarde, que la ropa sint\u00e9tica que tra\u00edan las v\u00edctimas tiene posibilidad de provocar reacciones el\u00e9ctricas. Eso pudo generar la explosi\u00f3n. La zona estaba cargada de gases porque era un derrame de gasolina altamente explosiva, de alto octanaje. Mientras, el Presidente de M\u00e9xico, Andr\u00e9s Manuel L\u00f3pez Obrador, dijo que el ducto es de los a\u00f1os 1970 y se\u00f1al\u00f3 que los ductos \u201cas\u00ed est\u00e1n. Remendados, parchados por estas perforaciones para las tomas clandestinas\u201d.<\/p>\n<div id=\"attachment_3524932\" class=\"wp-caption alignnone\"><img loading=\"lazy\" decoding=\"async\" class=\"size-full wp-image-3524932\" src=\"https:\/\/www.sinembargo.mx\/wp-content\/uploads\/2019\/01\/el-presidente-y-los-funcionarios-700.jpg\" sizes=\"auto, (max-width: 700px) 100vw, 700px\" srcset=\"https:\/\/www.sinembargo.mx\/wp-content\/uploads\/2019\/01\/el-presidente-y-los-funcionarios-700.jpg 700w, https:\/\/www.sinembargo.mx\/wp-content\/uploads\/2019\/01\/el-presidente-y-los-funcionarios-700-300x200.jpg 300w\" alt=\"\" width=\"700\" height=\"466\" \/><\/p>\n<p class=\"wp-caption-text\">El Presidente, el Fiscal y otros secretarios de Estado. Foto: Gobierno de M\u00e9xico<\/p>\n<p><strong>SOBRE LA CORRUPCI\u00d3N PEMEX:\u00a0<\/strong>El Jefe del Ejecutivo dijo esta ma\u00f1ana que la lectura que se le est\u00e1 dando en los mercado financieros al combate al huachicol es positiva y que esto va a fortalecer a Petr\u00f3leos Mexicanos (Pemex).<\/p>\n<blockquote>\n<p>\u201cEn el caso de la empresa creo que las calificadoras, los participantes en los mercados financieros saben, tienen informaci\u00f3n que van a cambiar sustancialmente las cosas en Pemex. Es decir, a partir de que se acaba la corrupci\u00f3n en Pemex, en todo el sector energ\u00e9tico y que se va a garantizar el predominio del Estado de Derecho, pues esto va a ayudar a crear un ambiente de confianza, como est\u00e1 sucediendo\u201d, dijo. \u201cSi hubiesen desconfianzas, sobre todo en el mercado financiero internacional, tendr\u00edamos problemas en depreciaci\u00f3n del peso, o en la bolsa, y esto no ha sucedido, al contrario\u201d.<\/p>\n<\/blockquote>\n<p>Reiter\u00f3 esta ma\u00f1ana que Pemex estaba a cargo de \u201cgente sin escr\u00fapulos\u201d y que las instituciones estaban tomadas \u201cpor bandoleros, rufianes\u201d. El Presidente dijo esta ma\u00f1ana que para concretar el fraude a Pemex de 70 tanques de ferrocarril, se present\u00f3 una que \u201cni un pasante de derecho har\u00eda\u201d. Dijo que se llevaron 400 millones de pesos como anticipo.<\/p>\n<p>\u201c70 tanques de ferrocarril y se quedan con un anticipo de 400 millones de pesos, Pemex presenta una denuncia que ni un pasante de dercho la har\u00eda, gen\u00e9rica, sin pruebas, y se comete el fraude. Hasta ahora no hay justicia. Pero as\u00ed est\u00e1 todo\u201d, inform\u00f3.<\/p>\n<p><strong>SOBRE LAS CR\u00cdTICAS AL EJ\u00c9RCITO:<\/strong>Esta ma\u00f1ana el Presidente reiter\u00f3 que el Ej\u00e9rcito actu\u00f3 \u201cmuy bien\u201d durante la fuga en el ducto de Tlahuelilpan, Hidalgo; y se\u00f1al\u00f3 que aunque hay quienes sugieren que debi\u00f3 haber represi\u00f3n, ese no va a ser el actuar de su Gobierno. \u201cEst\u00e1n actuando bien. En el caso de esta tragedia actuaron muy bien\u201d, dijo esta ma\u00f1ana. Reiter\u00f3 que hubiera sido m\u00e1s complicado si hubieran tratado de contener a la multitud. \u201cTodo mi apoyo al Ej\u00e9rcito. Hay quienes est\u00e1n sugiriendo que se debi\u00f3 reprimir. No es as\u00ed, hay que resolver las cosas de fondo\u201d, dijo.<\/p>\n<div id=\"attachment_3524938\" class=\"wp-caption alignnone\"><img loading=\"lazy\" decoding=\"async\" class=\"size-full wp-image-3524938\" src=\"https:\/\/www.sinembargo.mx\/wp-content\/uploads\/2019\/01\/amlo-700.jpg\" sizes=\"auto, (max-width: 700px) 100vw, 700px\" srcset=\"https:\/\/www.sinembargo.mx\/wp-content\/uploads\/2019\/01\/amlo-700.jpg 700w, https:\/\/www.sinembargo.mx\/wp-content\/uploads\/2019\/01\/amlo-700-221x300.jpg 221w\" alt=\"\" width=\"700\" height=\"950\" \/><\/p>\n<p class=\"wp-caption-text\">L\u00f3pez Obrador, esta ma\u00f1ana. Foto: Gobierno de M\u00e9xico<\/p>\n<p><strong>SOBRE SU TRASLADO A HIDALGO:\u00a0<\/strong>El Jefe del Ejecutivo Federal dijo esta ma\u00f1ana que seguir\u00e1 traslad\u00e1ndose por tierra, y destac\u00f3 que el d\u00eda de la explosi\u00f3n lleg\u00f3 en cuatro horas y media a Hidalgo desde Aguascalientes; y se\u00f1al\u00f3 que por helic\u00f3ptero habr\u00eda hecho dos horas. Y destac\u00f3 que espera no tener que hacer uso de alg\u00fan helic\u00f3ptero, pero que lo har\u00e1 en caso de una emergencia que tenga que hacer una supervisi\u00f3n.<\/p>\n<p>\u201cVoy a seguir viajando igual. Se me hace ofensivo al pueblo lo que han hecho los gobernantes de M\u00e9xico de tener aviones de lujo, y helic\u00f3pteros de lujo. S\u00f3lo en caso de una emergencia, algo que tenga que ver una supervisi\u00f3n en Pemex, la Secretar\u00eda de Marina, espero no hacerlo\u201d, respondi\u00f3 ante el cuestionamiento de una reportera sobre si la tragedia en Hidalgo le har\u00eda replantear sus traslados.<\/p>\n<p>\u201cEstaba yo en Aguascalientes y me traslad\u00e9 a Hidalgo. Cu\u00e1nto hubiera hecho en un helic\u00f3ptero de noche, en un avi\u00f3n, pues dos horas. [\u2026] Adem\u00e1s me siento seguro. Es un asunto de decisi\u00f3n, no es en qu\u00e9 se transporta uno. Es estoy en el hotel, me est\u00e1n informando, estoy dando instrucciones, y decido: v\u00e1monos, ah\u00ed est\u00e1 la camioneta. No aviso a nadie, para no traer la comitiva y luego hacer un mitin en vez de ir a trabajar como se necesitaba. Que dicho sea de paso ya estaba la comisi\u00f3n atendiendo\u201d, explic\u00f3.<\/p>\n<p>L\u00f3pez Obrador dijo que por tierra tambi\u00e9n puede darse cuenta de en cu\u00e1nto se est\u00e1 vendiendo la gasolina, adem\u00e1s de c\u00f3mo est\u00e1n los caminos y carreteras. \u201cSe est\u00e1n quedando con el doble del margen promedio, ah\u00ed queda eso. Nada m\u00e1s para que se sepa que estamos pendientes. Si me vengo en helic\u00f3ptero, cu\u00e1ndo me doy cuenta de eso, de c\u00f3mo est\u00e1n los caminos, las carreteras. As\u00ed viv\u00edan los otros, en las alturas, arriba\u201d, a\u00f1adi\u00f3.<\/p>\n<blockquote class=\"twitter-tweet\" data-width=\"550\" data-dnt=\"true\">\n<p lang=\"es\" dir=\"ltr\">Tercera conferencia de prensa extraordinaria por lo ocurrido en Tlahuelilpan, Hidalgo. <a href=\"https:\/\/t.co\/TroLqxZInK\">https:\/\/t.co\/TroLqxZInK<\/a><\/p>\n<p>&mdash; Andr\u00e9s Manuel (@lopezobrador_) <a href=\"https:\/\/twitter.com\/lopezobrador_\/status\/1086972269765656576?ref_src=twsrc%5Etfw\">January 20, 2019<\/a><\/p><\/blockquote>\n<p><script async src=\"https:\/\/platform.twitter.com\/widgets.js\" charset=\"utf-8\"><\/script><\/p>\n<\/div>\n<\/div>\n<\/div>\n","protected":false},"excerpt":{"rendered":"<p>A 79 asciende el n\u00famero de fallecidos por explosi\u00f3n en ducto en Tlahuelilpan, el Fiscal General ofrece darle protecci\u00f3n a quienes denuncien<br \/>\nPor Redacci\u00f3n QP<\/p>\n","protected":false},"author":2,"featured_media":14800,"comment_status":"open","ping_status":"open","sticky":false,"template":"","format":"standard","meta":{"_monsterinsights_skip_tracking":false,"_monsterinsights_sitenote_active":false,"_monsterinsights_sitenote_note":"","_monsterinsights_sitenote_category":0,"footnotes":""},"categories":[2],"tags":[],"class_list":["post-14801","post","type-post","status-publish","format-standard","has-post-thumbnail","hentry","category-noticias"],"yoast_head":"<!-- This site is optimized with the Yoast SEO plugin v27.3 - https:\/\/yoast.com\/product\/yoast-seo-wordpress\/ -->\n<title>A 79 asciende el n\u00famero de fallecidos por explosi\u00f3n en ducto en Tlahuelilpan, el Fiscal General ofrece darle protecci\u00f3n a quienes denuncien -<\/title>\n<meta name=\"robots\" content=\"index, follow, max-snippet:-1, max-image-preview:large, max-video-preview:-1\" \/>\n<link rel=\"canonical\" href=\"https:\/\/quehacerpolitico.mx\/?p=14801\" \/>\n<meta property=\"og:locale\" content=\"es_MX\" \/>\n<meta property=\"og:type\" content=\"article\" \/>\n<meta property=\"og:title\" content=\"A 79 asciende el n\u00famero de fallecidos por explosi\u00f3n en ducto en Tlahuelilpan, el Fiscal General ofrece darle protecci\u00f3n a quienes denuncien -\" \/>\n<meta property=\"og:description\" content=\"A 79 asciende el n\u00famero de fallecidos por explosi\u00f3n en ducto en Tlahuelilpan, el Fiscal General ofrece darle protecci\u00f3n a quienes denuncien Por Redacci\u00f3n QP\" \/>\n<meta property=\"og:url\" content=\"https:\/\/quehacerpolitico.mx\/?p=14801\" \/>\n<meta property=\"article:published_time\" content=\"2019-01-20T14:18:34+00:00\" \/>\n<meta name=\"author\" content=\"Redacci\u00f3n QP\" \/>\n<meta name=\"twitter:card\" content=\"summary_large_image\" \/>\n<meta name=\"twitter:label1\" content=\"Escrito por\" \/>\n\t<meta name=\"twitter:data1\" content=\"Redacci\u00f3n QP\" \/>\n\t<meta name=\"twitter:label2\" content=\"Tiempo de lectura\" \/>\n\t<meta name=\"twitter:data2\" content=\"8 minutos\" \/>\n<script type=\"application\/ld+json\" class=\"yoast-schema-graph\">{\"@context\":\"https:\\\/\\\/schema.org\",\"@graph\":[{\"@type\":\"Article\",\"@id\":\"https:\\\/\\\/quehacerpolitico.mx\\\/?p=14801#article\",\"isPartOf\":{\"@id\":\"https:\\\/\\\/quehacerpolitico.mx\\\/?p=14801\"},\"author\":{\"name\":\"Redacci\u00f3n QP\",\"@id\":\"https:\\\/\\\/quehacerpolitico.mx\\\/#\\\/schema\\\/person\\\/496d8ad2d1d3f8036101dca7ee39e585\"},\"headline\":\"A 79 asciende el n\u00famero de fallecidos por explosi\u00f3n en ducto en Tlahuelilpan, el Fiscal General ofrece darle protecci\u00f3n a quienes denuncien\",\"datePublished\":\"2019-01-20T14:18:34+00:00\",\"mainEntityOfPage\":{\"@id\":\"https:\\\/\\\/quehacerpolitico.mx\\\/?p=14801\"},\"wordCount\":1585,\"commentCount\":0,\"image\":{\"@id\":\"https:\\\/\\\/quehacerpolitico.mx\\\/?p=14801#primaryimage\"},\"thumbnailUrl\":\"\",\"articleSection\":[\"Noticias\"],\"inLanguage\":\"es\",\"potentialAction\":[{\"@type\":\"CommentAction\",\"name\":\"Comment\",\"target\":[\"https:\\\/\\\/quehacerpolitico.mx\\\/?p=14801#respond\"]}]},{\"@type\":\"WebPage\",\"@id\":\"https:\\\/\\\/quehacerpolitico.mx\\\/?p=14801\",\"url\":\"https:\\\/\\\/quehacerpolitico.mx\\\/?p=14801\",\"name\":\"A 79 asciende el n\u00famero de fallecidos por explosi\u00f3n en ducto en Tlahuelilpan, el Fiscal General ofrece darle protecci\u00f3n a quienes denuncien -\",\"isPartOf\":{\"@id\":\"https:\\\/\\\/quehacerpolitico.mx\\\/#website\"},\"primaryImageOfPage\":{\"@id\":\"https:\\\/\\\/quehacerpolitico.mx\\\/?p=14801#primaryimage\"},\"image\":{\"@id\":\"https:\\\/\\\/quehacerpolitico.mx\\\/?p=14801#primaryimage\"},\"thumbnailUrl\":\"\",\"datePublished\":\"2019-01-20T14:18:34+00:00\",\"author\":{\"@id\":\"https:\\\/\\\/quehacerpolitico.mx\\\/#\\\/schema\\\/person\\\/496d8ad2d1d3f8036101dca7ee39e585\"},\"breadcrumb\":{\"@id\":\"https:\\\/\\\/quehacerpolitico.mx\\\/?p=14801#breadcrumb\"},\"inLanguage\":\"es\",\"potentialAction\":[{\"@type\":\"ReadAction\",\"target\":[\"https:\\\/\\\/quehacerpolitico.mx\\\/?p=14801\"]}]},{\"@type\":\"ImageObject\",\"inLanguage\":\"es\",\"@id\":\"https:\\\/\\\/quehacerpolitico.mx\\\/?p=14801#primaryimage\",\"url\":\"\",\"contentUrl\":\"\"},{\"@type\":\"BreadcrumbList\",\"@id\":\"https:\\\/\\\/quehacerpolitico.mx\\\/?p=14801#breadcrumb\",\"itemListElement\":[{\"@type\":\"ListItem\",\"position\":1,\"name\":\"Inicio\",\"item\":\"https:\\\/\\\/quehacerpolitico.mx\\\/\"},{\"@type\":\"ListItem\",\"position\":2,\"name\":\"A 79 asciende el n\u00famero de fallecidos por explosi\u00f3n en ducto en Tlahuelilpan, el Fiscal General ofrece darle protecci\u00f3n a quienes denuncien\"}]},{\"@type\":\"WebSite\",\"@id\":\"https:\\\/\\\/quehacerpolitico.mx\\\/#website\",\"url\":\"https:\\\/\\\/quehacerpolitico.mx\\\/\",\"name\":\"\",\"description\":\"\",\"potentialAction\":[{\"@type\":\"SearchAction\",\"target\":{\"@type\":\"EntryPoint\",\"urlTemplate\":\"https:\\\/\\\/quehacerpolitico.mx\\\/?s={search_term_string}\"},\"query-input\":{\"@type\":\"PropertyValueSpecification\",\"valueRequired\":true,\"valueName\":\"search_term_string\"}}],\"inLanguage\":\"es\"},{\"@type\":\"Person\",\"@id\":\"https:\\\/\\\/quehacerpolitico.mx\\\/#\\\/schema\\\/person\\\/496d8ad2d1d3f8036101dca7ee39e585\",\"name\":\"Redacci\u00f3n QP\",\"image\":{\"@type\":\"ImageObject\",\"inLanguage\":\"es\",\"@id\":\"https:\\\/\\\/secure.gravatar.com\\\/avatar\\\/c7164ed6fdec453195284ad24a5ae5b6e1eed2b848477fa2a4787ba9adf39a41?s=96&d=mm&r=g\",\"url\":\"https:\\\/\\\/secure.gravatar.com\\\/avatar\\\/c7164ed6fdec453195284ad24a5ae5b6e1eed2b848477fa2a4787ba9adf39a41?s=96&d=mm&r=g\",\"contentUrl\":\"https:\\\/\\\/secure.gravatar.com\\\/avatar\\\/c7164ed6fdec453195284ad24a5ae5b6e1eed2b848477fa2a4787ba9adf39a41?s=96&d=mm&r=g\",\"caption\":\"Redacci\u00f3n QP\"},\"url\":\"https:\\\/\\\/quehacerpolitico.mx\\\/?author=2\"}]}<\/script>\n<!-- \/ Yoast SEO plugin. -->","yoast_head_json":{"title":"A 79 asciende el n\u00famero de fallecidos por explosi\u00f3n en ducto en Tlahuelilpan, el Fiscal General ofrece darle protecci\u00f3n a quienes denuncien -","robots":{"index":"index","follow":"follow","max-snippet":"max-snippet:-1","max-image-preview":"max-image-preview:large","max-video-preview":"max-video-preview:-1"},"canonical":"https:\/\/quehacerpolitico.mx\/?p=14801","og_locale":"es_MX","og_type":"article","og_title":"A 79 asciende el n\u00famero de fallecidos por explosi\u00f3n en ducto en Tlahuelilpan, el Fiscal General ofrece darle protecci\u00f3n a quienes denuncien -","og_description":"A 79 asciende el n\u00famero de fallecidos por explosi\u00f3n en ducto en Tlahuelilpan, el Fiscal General ofrece darle protecci\u00f3n a quienes denuncien Por Redacci\u00f3n QP","og_url":"https:\/\/quehacerpolitico.mx\/?p=14801","article_published_time":"2019-01-20T14:18:34+00:00","author":"Redacci\u00f3n QP","twitter_card":"summary_large_image","twitter_misc":{"Escrito por":"Redacci\u00f3n QP","Tiempo de lectura":"8 minutos"},"schema":{"@context":"https:\/\/schema.org","@graph":[{"@type":"Article","@id":"https:\/\/quehacerpolitico.mx\/?p=14801#article","isPartOf":{"@id":"https:\/\/quehacerpolitico.mx\/?p=14801"},"author":{"name":"Redacci\u00f3n QP","@id":"https:\/\/quehacerpolitico.mx\/#\/schema\/person\/496d8ad2d1d3f8036101dca7ee39e585"},"headline":"A 79 asciende el n\u00famero de fallecidos por explosi\u00f3n en ducto en Tlahuelilpan, el Fiscal General ofrece darle protecci\u00f3n a quienes denuncien","datePublished":"2019-01-20T14:18:34+00:00","mainEntityOfPage":{"@id":"https:\/\/quehacerpolitico.mx\/?p=14801"},"wordCount":1585,"commentCount":0,"image":{"@id":"https:\/\/quehacerpolitico.mx\/?p=14801#primaryimage"},"thumbnailUrl":"","articleSection":["Noticias"],"inLanguage":"es","potentialAction":[{"@type":"CommentAction","name":"Comment","target":["https:\/\/quehacerpolitico.mx\/?p=14801#respond"]}]},{"@type":"WebPage","@id":"https:\/\/quehacerpolitico.mx\/?p=14801","url":"https:\/\/quehacerpolitico.mx\/?p=14801","name":"A 79 asciende el n\u00famero de fallecidos por explosi\u00f3n en ducto en Tlahuelilpan, el Fiscal General ofrece darle protecci\u00f3n a quienes denuncien -","isPartOf":{"@id":"https:\/\/quehacerpolitico.mx\/#website"},"primaryImageOfPage":{"@id":"https:\/\/quehacerpolitico.mx\/?p=14801#primaryimage"},"image":{"@id":"https:\/\/quehacerpolitico.mx\/?p=14801#primaryimage"},"thumbnailUrl":"","datePublished":"2019-01-20T14:18:34+00:00","author":{"@id":"https:\/\/quehacerpolitico.mx\/#\/schema\/person\/496d8ad2d1d3f8036101dca7ee39e585"},"breadcrumb":{"@id":"https:\/\/quehacerpolitico.mx\/?p=14801#breadcrumb"},"inLanguage":"es","potentialAction":[{"@type":"ReadAction","target":["https:\/\/quehacerpolitico.mx\/?p=14801"]}]},{"@type":"ImageObject","inLanguage":"es","@id":"https:\/\/quehacerpolitico.mx\/?p=14801#primaryimage","url":"","contentUrl":""},{"@type":"BreadcrumbList","@id":"https:\/\/quehacerpolitico.mx\/?p=14801#breadcrumb","itemListElement":[{"@type":"ListItem","position":1,"name":"Inicio","item":"https:\/\/quehacerpolitico.mx\/"},{"@type":"ListItem","position":2,"name":"A 79 asciende el n\u00famero de fallecidos por explosi\u00f3n en ducto en Tlahuelilpan, el Fiscal General ofrece darle protecci\u00f3n a quienes denuncien"}]},{"@type":"WebSite","@id":"https:\/\/quehacerpolitico.mx\/#website","url":"https:\/\/quehacerpolitico.mx\/","name":"","description":"","potentialAction":[{"@type":"SearchAction","target":{"@type":"EntryPoint","urlTemplate":"https:\/\/quehacerpolitico.mx\/?s={search_term_string}"},"query-input":{"@type":"PropertyValueSpecification","valueRequired":true,"valueName":"search_term_string"}}],"inLanguage":"es"},{"@type":"Person","@id":"https:\/\/quehacerpolitico.mx\/#\/schema\/person\/496d8ad2d1d3f8036101dca7ee39e585","name":"Redacci\u00f3n QP","image":{"@type":"ImageObject","inLanguage":"es","@id":"https:\/\/secure.gravatar.com\/avatar\/c7164ed6fdec453195284ad24a5ae5b6e1eed2b848477fa2a4787ba9adf39a41?s=96&d=mm&r=g","url":"https:\/\/secure.gravatar.com\/avatar\/c7164ed6fdec453195284ad24a5ae5b6e1eed2b848477fa2a4787ba9adf39a41?s=96&d=mm&r=g","contentUrl":"https:\/\/secure.gravatar.com\/avatar\/c7164ed6fdec453195284ad24a5ae5b6e1eed2b848477fa2a4787ba9adf39a41?s=96&d=mm&r=g","caption":"Redacci\u00f3n QP"},"url":"https:\/\/quehacerpolitico.mx\/?author=2"}]}},"featured_image_urls":{"full":"","thumbnail":"","medium":"","medium_large":"","large":"","1536x1536":"","2048x2048":"","covernews-featured":"","covernews-medium":""},"author_info":{"display_name":"Redacci\u00f3n QP","author_link":"https:\/\/quehacerpolitico.mx\/?author=2"},"category_info":"<a href=\"https:\/\/quehacerpolitico.mx\/?cat=2\" rel=\"category\">Noticias<\/a>","tag_info":"Noticias","comment_count":"0","_links":{"self":[{"href":"https:\/\/quehacerpolitico.mx\/index.php?rest_route=\/wp\/v2\/posts\/14801","targetHints":{"allow":["GET"]}}],"collection":[{"href":"https:\/\/quehacerpolitico.mx\/index.php?rest_route=\/wp\/v2\/posts"}],"about":[{"href":"https:\/\/quehacerpolitico.mx\/index.php?rest_route=\/wp\/v2\/types\/post"}],"author":[{"embeddable":true,"href":"https:\/\/quehacerpolitico.mx\/index.php?rest_route=\/wp\/v2\/users\/2"}],"replies":[{"embeddable":true,"href":"https:\/\/quehacerpolitico.mx\/index.php?rest_route=%2Fwp%2Fv2%2Fcomments&post=14801"}],"version-history":[{"count":0,"href":"https:\/\/quehacerpolitico.mx\/index.php?rest_route=\/wp\/v2\/posts\/14801\/revisions"}],"wp:featuredmedia":[{"embeddable":true,"href":"https:\/\/quehacerpolitico.mx\/index.php?rest_route=\/"}],"wp:attachment":[{"href":"https:\/\/quehacerpolitico.mx\/index.php?rest_route=%2Fwp%2Fv2%2Fmedia&parent=14801"}],"wp:term":[{"taxonomy":"category","embeddable":true,"href":"https:\/\/quehacerpolitico.mx\/index.php?rest_route=%2Fwp%2Fv2%2Fcategories&post=14801"},{"taxonomy":"post_tag","embeddable":true,"href":"https:\/\/quehacerpolitico.mx\/index.php?rest_route=%2Fwp%2Fv2%2Ftags&post=14801"}],"curies":[{"name":"wp","href":"https:\/\/api.w.org\/{rel}","templated":true}]}}