{"id":14799,"date":"2019-01-20T04:04:25","date_gmt":"2019-01-20T04:04:25","guid":{"rendered":"http:\/\/quehacerpolitico.mx\/video-ayudenme-me-muero-grito-revuelcate-en-el-lodo-le-dijeron-el-fuego-cubrio-el-lugar\/"},"modified":"2019-01-20T04:04:25","modified_gmt":"2019-01-20T04:04:25","slug":"video-ayudenme-me-muero-grito-revuelcate-en-el-lodo-le-dijeron-el-fuego-cubrio-el-lugar","status":"publish","type":"post","link":"https:\/\/quehacerpolitico.mx\/?p=14799","title":{"rendered":"VIDEO: \u201c\u00a1Ay\u00fadenme, me muero!\u201d, grit\u00f3. \u201cRevu\u00e9lcate en el lodo\u201d, le dijeron. El fuego cubri\u00f3 el lugar"},"content":{"rendered":"<h1>VIDEO: \u201c\u00a1Ay\u00fadenme, me muero!\u201d, grit\u00f3. \u201cRevu\u00e9lcate en el lodo\u201d, le dijeron. El fuego cubri\u00f3 el lugar<\/h1>\n<p>Por Redacci\u00f3n QP<\/p>\n<h3>ADVERTENCIA: IM\u00c1GENES FUERTES.\u00a0<\/h3>\n<h3><strong>El fuego cubri\u00f3 el lugar.\u00a0\u201c\u00a1Ay\u00fadenme, me muero!\u201d, suplic\u00f3 un hombre. Los presentes le pidieron que se revolcara en el lodo. Es otro video de la tragedia ocurrida en\u00a0Tlahuelilpan,\u00a0Hidalgo.\u00a0<\/strong><\/h3>\n<p><iframe loading=\"lazy\" title=\"&quot;Ay\u00fadenme, me muero&quot; Estos son los momentos que se vivieron despu\u00e9s de la explosi\u00f3n\" width=\"640\" height=\"360\" src=\"https:\/\/www.youtube.com\/embed\/xB-1IMp8Dac?feature=oembed\" frameborder=\"0\" allow=\"accelerometer; autoplay; clipboard-write; encrypted-media; gyroscope; picture-in-picture; web-share\" referrerpolicy=\"strict-origin-when-cross-origin\" allowfullscreen><\/iframe><\/p>\n<p>Una toma clandestina explot\u00f3 ayer por la tarde en\u00a0un ducto que transportaba hidrocarburos en el municipio de\u00a0Tlahuelilpan, Hidalgo. El hecho se registr\u00f3 cuando decenas de personas se encontraban en el lugar intentando llevarse el combustible que sal\u00eda de una fuga.<\/p>\n<p>Omar Fayad, Gobernador de Hidalgo, inform\u00f3 que los cuerpos de emergencia lograron sofocar el siniestro despu\u00e9s de cinco horas. Mientras que Petr\u00f3leos Mexicanos\u00a0(Pemex) dio a conocer\u00a0que se iniciar\u00e1n los peritajes para determinar las causas del incidente.<\/p>\n<p>El Presidente\u00a0<strong>Andr\u00e9s Manuel L\u00f3pez Obrador<\/strong>\u00a0dijo esta ma\u00f1ana que la gente no ha tenido opciones. Por eso se lanza con bidones, que ya tiene consigo, cuando hay fugas en los ductos de Petr\u00f3leos Mexicanos (Pemex).<\/p>\n<p>\u201cYo le pido a la gente que nos ayude. Que den su versi\u00f3n. No s\u00f3lo de lo que sucedi\u00f3 el d\u00eda de ayer sino del por qu\u00e9 de esta actitud\u201d, dijo el Jefe del Ejecutivo esta ma\u00f1ana en Palacio Nacional. \u201cEstamos en una actitud que se soslay\u00f3. Es importante saber c\u00f3mo se da esta pr\u00e1ctica [el robo] en lo comunitario. Qui\u00e9n lleva a cabo la\u00a0<strong>perforaci\u00f3n del ducto<\/strong>, cu\u00e1ndo se sabe que hay una fuga, si se prepara, qui\u00e9n convoca, qui\u00e9n llama, c\u00f3mo acude tanta gente, por qu\u00e9 los recipientes, qu\u00e9 se hace con este combustible, si se consume o se vende, c\u00f3mo se vende. Reconstruir la historia. Eso es lo que tenemos que hacer\u201d, solicit\u00f3 durante una conferencia de prensa.<\/p>\n","protected":false},"excerpt":{"rendered":"<p>VIDEO: \u201c\u00a1Ay\u00fadenme, me muero!\u201d, grit\u00f3. \u201cRevu\u00e9lcate en el lodo\u201d, le dijeron. El fuego cubri\u00f3 el lugar<br \/>\nPor Redacci\u00f3n QP<\/p>\n","protected":false},"author":2,"featured_media":14798,"comment_status":"open","ping_status":"open","sticky":false,"template":"","format":"standard","meta":{"_monsterinsights_skip_tracking":false,"_monsterinsights_sitenote_active":false,"_monsterinsights_sitenote_note":"","_monsterinsights_sitenote_category":0,"footnotes":""},"categories":[2],"tags":[],"class_list":["post-14799","post","type-post","status-publish","format-standard","has-post-thumbnail","hentry","category-noticias"],"yoast_head":"<!-- This site is optimized with the Yoast SEO plugin v27.3 - https:\/\/yoast.com\/product\/yoast-seo-wordpress\/ -->\n<title>VIDEO: \u201c\u00a1Ay\u00fadenme, me muero!\u201d, grit\u00f3. \u201cRevu\u00e9lcate en el lodo\u201d, le dijeron. El fuego cubri\u00f3 el lugar -<\/title>\n<meta name=\"robots\" content=\"index, follow, max-snippet:-1, max-image-preview:large, max-video-preview:-1\" \/>\n<link rel=\"canonical\" href=\"https:\/\/quehacerpolitico.mx\/?p=14799\" \/>\n<meta property=\"og:locale\" content=\"es_MX\" \/>\n<meta property=\"og:type\" content=\"article\" \/>\n<meta property=\"og:title\" content=\"VIDEO: \u201c\u00a1Ay\u00fadenme, me muero!\u201d, grit\u00f3. \u201cRevu\u00e9lcate en el lodo\u201d, le dijeron. El fuego cubri\u00f3 el lugar -\" \/>\n<meta property=\"og:description\" content=\"VIDEO: \u201c\u00a1Ay\u00fadenme, me muero!\u201d, grit\u00f3. \u201cRevu\u00e9lcate en el lodo\u201d, le dijeron. El fuego cubri\u00f3 el lugar Por Redacci\u00f3n QP\" \/>\n<meta property=\"og:url\" content=\"https:\/\/quehacerpolitico.mx\/?p=14799\" \/>\n<meta property=\"article:published_time\" content=\"2019-01-20T04:04:25+00:00\" \/>\n<meta name=\"author\" content=\"Redacci\u00f3n QP\" \/>\n<meta name=\"twitter:card\" content=\"summary_large_image\" \/>\n<meta name=\"twitter:label1\" content=\"Escrito por\" \/>\n\t<meta name=\"twitter:data1\" content=\"Redacci\u00f3n QP\" \/>\n\t<meta name=\"twitter:label2\" content=\"Tiempo de lectura\" \/>\n\t<meta name=\"twitter:data2\" content=\"2 minutos\" \/>\n<script type=\"application\/ld+json\" class=\"yoast-schema-graph\">{\"@context\":\"https:\\\/\\\/schema.org\",\"@graph\":[{\"@type\":\"Article\",\"@id\":\"https:\\\/\\\/quehacerpolitico.mx\\\/?p=14799#article\",\"isPartOf\":{\"@id\":\"https:\\\/\\\/quehacerpolitico.mx\\\/?p=14799\"},\"author\":{\"name\":\"Redacci\u00f3n QP\",\"@id\":\"https:\\\/\\\/quehacerpolitico.mx\\\/#\\\/schema\\\/person\\\/496d8ad2d1d3f8036101dca7ee39e585\"},\"headline\":\"VIDEO: \u201c\u00a1Ay\u00fadenme, me muero!\u201d, grit\u00f3. \u201cRevu\u00e9lcate en el lodo\u201d, le dijeron. El fuego cubri\u00f3 el lugar\",\"datePublished\":\"2019-01-20T04:04:25+00:00\",\"mainEntityOfPage\":{\"@id\":\"https:\\\/\\\/quehacerpolitico.mx\\\/?p=14799\"},\"wordCount\":340,\"commentCount\":0,\"image\":{\"@id\":\"https:\\\/\\\/quehacerpolitico.mx\\\/?p=14799#primaryimage\"},\"thumbnailUrl\":\"\",\"articleSection\":[\"Noticias\"],\"inLanguage\":\"es\",\"potentialAction\":[{\"@type\":\"CommentAction\",\"name\":\"Comment\",\"target\":[\"https:\\\/\\\/quehacerpolitico.mx\\\/?p=14799#respond\"]}]},{\"@type\":\"WebPage\",\"@id\":\"https:\\\/\\\/quehacerpolitico.mx\\\/?p=14799\",\"url\":\"https:\\\/\\\/quehacerpolitico.mx\\\/?p=14799\",\"name\":\"VIDEO: \u201c\u00a1Ay\u00fadenme, me muero!\u201d, grit\u00f3. \u201cRevu\u00e9lcate en el lodo\u201d, le dijeron. El fuego cubri\u00f3 el lugar -\",\"isPartOf\":{\"@id\":\"https:\\\/\\\/quehacerpolitico.mx\\\/#website\"},\"primaryImageOfPage\":{\"@id\":\"https:\\\/\\\/quehacerpolitico.mx\\\/?p=14799#primaryimage\"},\"image\":{\"@id\":\"https:\\\/\\\/quehacerpolitico.mx\\\/?p=14799#primaryimage\"},\"thumbnailUrl\":\"\",\"datePublished\":\"2019-01-20T04:04:25+00:00\",\"author\":{\"@id\":\"https:\\\/\\\/quehacerpolitico.mx\\\/#\\\/schema\\\/person\\\/496d8ad2d1d3f8036101dca7ee39e585\"},\"breadcrumb\":{\"@id\":\"https:\\\/\\\/quehacerpolitico.mx\\\/?p=14799#breadcrumb\"},\"inLanguage\":\"es\",\"potentialAction\":[{\"@type\":\"ReadAction\",\"target\":[\"https:\\\/\\\/quehacerpolitico.mx\\\/?p=14799\"]}]},{\"@type\":\"ImageObject\",\"inLanguage\":\"es\",\"@id\":\"https:\\\/\\\/quehacerpolitico.mx\\\/?p=14799#primaryimage\",\"url\":\"\",\"contentUrl\":\"\"},{\"@type\":\"BreadcrumbList\",\"@id\":\"https:\\\/\\\/quehacerpolitico.mx\\\/?p=14799#breadcrumb\",\"itemListElement\":[{\"@type\":\"ListItem\",\"position\":1,\"name\":\"Inicio\",\"item\":\"https:\\\/\\\/quehacerpolitico.mx\\\/\"},{\"@type\":\"ListItem\",\"position\":2,\"name\":\"VIDEO: \u201c\u00a1Ay\u00fadenme, me muero!\u201d, grit\u00f3. \u201cRevu\u00e9lcate en el lodo\u201d, le dijeron. El fuego cubri\u00f3 el lugar\"}]},{\"@type\":\"WebSite\",\"@id\":\"https:\\\/\\\/quehacerpolitico.mx\\\/#website\",\"url\":\"https:\\\/\\\/quehacerpolitico.mx\\\/\",\"name\":\"\",\"description\":\"\",\"potentialAction\":[{\"@type\":\"SearchAction\",\"target\":{\"@type\":\"EntryPoint\",\"urlTemplate\":\"https:\\\/\\\/quehacerpolitico.mx\\\/?s={search_term_string}\"},\"query-input\":{\"@type\":\"PropertyValueSpecification\",\"valueRequired\":true,\"valueName\":\"search_term_string\"}}],\"inLanguage\":\"es\"},{\"@type\":\"Person\",\"@id\":\"https:\\\/\\\/quehacerpolitico.mx\\\/#\\\/schema\\\/person\\\/496d8ad2d1d3f8036101dca7ee39e585\",\"name\":\"Redacci\u00f3n QP\",\"image\":{\"@type\":\"ImageObject\",\"inLanguage\":\"es\",\"@id\":\"https:\\\/\\\/secure.gravatar.com\\\/avatar\\\/c7164ed6fdec453195284ad24a5ae5b6e1eed2b848477fa2a4787ba9adf39a41?s=96&d=mm&r=g\",\"url\":\"https:\\\/\\\/secure.gravatar.com\\\/avatar\\\/c7164ed6fdec453195284ad24a5ae5b6e1eed2b848477fa2a4787ba9adf39a41?s=96&d=mm&r=g\",\"contentUrl\":\"https:\\\/\\\/secure.gravatar.com\\\/avatar\\\/c7164ed6fdec453195284ad24a5ae5b6e1eed2b848477fa2a4787ba9adf39a41?s=96&d=mm&r=g\",\"caption\":\"Redacci\u00f3n QP\"},\"url\":\"https:\\\/\\\/quehacerpolitico.mx\\\/?author=2\"}]}<\/script>\n<!-- \/ Yoast SEO plugin. -->","yoast_head_json":{"title":"VIDEO: \u201c\u00a1Ay\u00fadenme, me muero!\u201d, grit\u00f3. \u201cRevu\u00e9lcate en el lodo\u201d, le dijeron. El fuego cubri\u00f3 el lugar -","robots":{"index":"index","follow":"follow","max-snippet":"max-snippet:-1","max-image-preview":"max-image-preview:large","max-video-preview":"max-video-preview:-1"},"canonical":"https:\/\/quehacerpolitico.mx\/?p=14799","og_locale":"es_MX","og_type":"article","og_title":"VIDEO: \u201c\u00a1Ay\u00fadenme, me muero!\u201d, grit\u00f3. \u201cRevu\u00e9lcate en el lodo\u201d, le dijeron. El fuego cubri\u00f3 el lugar -","og_description":"VIDEO: \u201c\u00a1Ay\u00fadenme, me muero!\u201d, grit\u00f3. \u201cRevu\u00e9lcate en el lodo\u201d, le dijeron. El fuego cubri\u00f3 el lugar Por Redacci\u00f3n QP","og_url":"https:\/\/quehacerpolitico.mx\/?p=14799","article_published_time":"2019-01-20T04:04:25+00:00","author":"Redacci\u00f3n QP","twitter_card":"summary_large_image","twitter_misc":{"Escrito por":"Redacci\u00f3n QP","Tiempo de lectura":"2 minutos"},"schema":{"@context":"https:\/\/schema.org","@graph":[{"@type":"Article","@id":"https:\/\/quehacerpolitico.mx\/?p=14799#article","isPartOf":{"@id":"https:\/\/quehacerpolitico.mx\/?p=14799"},"author":{"name":"Redacci\u00f3n QP","@id":"https:\/\/quehacerpolitico.mx\/#\/schema\/person\/496d8ad2d1d3f8036101dca7ee39e585"},"headline":"VIDEO: \u201c\u00a1Ay\u00fadenme, me muero!\u201d, grit\u00f3. \u201cRevu\u00e9lcate en el lodo\u201d, le dijeron. El fuego cubri\u00f3 el lugar","datePublished":"2019-01-20T04:04:25+00:00","mainEntityOfPage":{"@id":"https:\/\/quehacerpolitico.mx\/?p=14799"},"wordCount":340,"commentCount":0,"image":{"@id":"https:\/\/quehacerpolitico.mx\/?p=14799#primaryimage"},"thumbnailUrl":"","articleSection":["Noticias"],"inLanguage":"es","potentialAction":[{"@type":"CommentAction","name":"Comment","target":["https:\/\/quehacerpolitico.mx\/?p=14799#respond"]}]},{"@type":"WebPage","@id":"https:\/\/quehacerpolitico.mx\/?p=14799","url":"https:\/\/quehacerpolitico.mx\/?p=14799","name":"VIDEO: \u201c\u00a1Ay\u00fadenme, me muero!\u201d, grit\u00f3. \u201cRevu\u00e9lcate en el lodo\u201d, le dijeron. El fuego cubri\u00f3 el lugar -","isPartOf":{"@id":"https:\/\/quehacerpolitico.mx\/#website"},"primaryImageOfPage":{"@id":"https:\/\/quehacerpolitico.mx\/?p=14799#primaryimage"},"image":{"@id":"https:\/\/quehacerpolitico.mx\/?p=14799#primaryimage"},"thumbnailUrl":"","datePublished":"2019-01-20T04:04:25+00:00","author":{"@id":"https:\/\/quehacerpolitico.mx\/#\/schema\/person\/496d8ad2d1d3f8036101dca7ee39e585"},"breadcrumb":{"@id":"https:\/\/quehacerpolitico.mx\/?p=14799#breadcrumb"},"inLanguage":"es","potentialAction":[{"@type":"ReadAction","target":["https:\/\/quehacerpolitico.mx\/?p=14799"]}]},{"@type":"ImageObject","inLanguage":"es","@id":"https:\/\/quehacerpolitico.mx\/?p=14799#primaryimage","url":"","contentUrl":""},{"@type":"BreadcrumbList","@id":"https:\/\/quehacerpolitico.mx\/?p=14799#breadcrumb","itemListElement":[{"@type":"ListItem","position":1,"name":"Inicio","item":"https:\/\/quehacerpolitico.mx\/"},{"@type":"ListItem","position":2,"name":"VIDEO: \u201c\u00a1Ay\u00fadenme, me muero!\u201d, grit\u00f3. \u201cRevu\u00e9lcate en el lodo\u201d, le dijeron. El fuego cubri\u00f3 el lugar"}]},{"@type":"WebSite","@id":"https:\/\/quehacerpolitico.mx\/#website","url":"https:\/\/quehacerpolitico.mx\/","name":"","description":"","potentialAction":[{"@type":"SearchAction","target":{"@type":"EntryPoint","urlTemplate":"https:\/\/quehacerpolitico.mx\/?s={search_term_string}"},"query-input":{"@type":"PropertyValueSpecification","valueRequired":true,"valueName":"search_term_string"}}],"inLanguage":"es"},{"@type":"Person","@id":"https:\/\/quehacerpolitico.mx\/#\/schema\/person\/496d8ad2d1d3f8036101dca7ee39e585","name":"Redacci\u00f3n QP","image":{"@type":"ImageObject","inLanguage":"es","@id":"https:\/\/secure.gravatar.com\/avatar\/c7164ed6fdec453195284ad24a5ae5b6e1eed2b848477fa2a4787ba9adf39a41?s=96&d=mm&r=g","url":"https:\/\/secure.gravatar.com\/avatar\/c7164ed6fdec453195284ad24a5ae5b6e1eed2b848477fa2a4787ba9adf39a41?s=96&d=mm&r=g","contentUrl":"https:\/\/secure.gravatar.com\/avatar\/c7164ed6fdec453195284ad24a5ae5b6e1eed2b848477fa2a4787ba9adf39a41?s=96&d=mm&r=g","caption":"Redacci\u00f3n QP"},"url":"https:\/\/quehacerpolitico.mx\/?author=2"}]}},"featured_image_urls":{"full":"","thumbnail":"","medium":"","medium_large":"","large":"","1536x1536":"","2048x2048":"","covernews-featured":"","covernews-medium":""},"author_info":{"display_name":"Redacci\u00f3n QP","author_link":"https:\/\/quehacerpolitico.mx\/?author=2"},"category_info":"<a href=\"https:\/\/quehacerpolitico.mx\/?cat=2\" rel=\"category\">Noticias<\/a>","tag_info":"Noticias","comment_count":"0","_links":{"self":[{"href":"https:\/\/quehacerpolitico.mx\/index.php?rest_route=\/wp\/v2\/posts\/14799","targetHints":{"allow":["GET"]}}],"collection":[{"href":"https:\/\/quehacerpolitico.mx\/index.php?rest_route=\/wp\/v2\/posts"}],"about":[{"href":"https:\/\/quehacerpolitico.mx\/index.php?rest_route=\/wp\/v2\/types\/post"}],"author":[{"embeddable":true,"href":"https:\/\/quehacerpolitico.mx\/index.php?rest_route=\/wp\/v2\/users\/2"}],"replies":[{"embeddable":true,"href":"https:\/\/quehacerpolitico.mx\/index.php?rest_route=%2Fwp%2Fv2%2Fcomments&post=14799"}],"version-history":[{"count":0,"href":"https:\/\/quehacerpolitico.mx\/index.php?rest_route=\/wp\/v2\/posts\/14799\/revisions"}],"wp:featuredmedia":[{"embeddable":true,"href":"https:\/\/quehacerpolitico.mx\/index.php?rest_route=\/"}],"wp:attachment":[{"href":"https:\/\/quehacerpolitico.mx\/index.php?rest_route=%2Fwp%2Fv2%2Fmedia&parent=14799"}],"wp:term":[{"taxonomy":"category","embeddable":true,"href":"https:\/\/quehacerpolitico.mx\/index.php?rest_route=%2Fwp%2Fv2%2Fcategories&post=14799"},{"taxonomy":"post_tag","embeddable":true,"href":"https:\/\/quehacerpolitico.mx\/index.php?rest_route=%2Fwp%2Fv2%2Ftags&post=14799"}],"curies":[{"name":"wp","href":"https:\/\/api.w.org\/{rel}","templated":true}]}}