{"id":14793,"date":"2019-01-20T02:46:24","date_gmt":"2019-01-20T02:46:24","guid":{"rendered":"http:\/\/quehacerpolitico.mx\/monterrey-vence-a-queretaro-y-asume-el-liderato\/"},"modified":"2019-01-20T02:46:24","modified_gmt":"2019-01-20T02:46:24","slug":"monterrey-vence-a-queretaro-y-asume-el-liderato","status":"publish","type":"post","link":"https:\/\/quehacerpolitico.mx\/?p=14793","title":{"rendered":"Monterrey vence a Quer\u00e9taro y asume el liderato"},"content":{"rendered":"<h1 class=\"news-title\">Monterrey vence a Quer\u00e9taro y asume el liderato<\/h1>\n<p>Por Redacci\u00f3n QP<\/p>\n<header class=\"news-header\">\n<div class=\"news-subtitle\">\n<p>Los Rayados se imponen por 2-1 con anotaciones de Jes\u00fas Gallardo y Maximiliano meza<\/p>\n<\/div>\n<\/header>\n<div class=\"news-content\">\n<div class=\"news-body row\">\n<p>El argentino Maximiliano Meza se estren\u00f3 en M\u00e9xico con un gol sobre la hora, y <strong>Monterrey asumi\u00f3 el liderato al remontar para vencer 2-1 a Quer\u00e9taro,<\/strong> en la tercera fecha del torneo Clausura 2019<\/p>\n<p>El brasile\u00f1o Camilo Sanvezzo puso al frente a los Gallos Blancos\u00a0 a los 12 minutos, pero Jes\u00fas Gallardo nivel\u00f3 el encuentro con un disparo desde fuera del \u00e1rea a los 54 y Meza logr\u00f3 el tanto de la victoria a los 90.<\/p>\n<div id=\"div-pos-2\">Meza arrib\u00f3 este torneo a suelo mexicano procedente del Independiente de su pa\u00eds.<\/div>\n<p>Con el resultado, <strong>los Rayados alcanzaron siete puntos y se colocaron en el primer puesto de la tabla general a la espera de los dem\u00e1s resultados de la fecha.<\/strong><\/p>\n<p>Monterrey sac\u00f3 el resultado a pesar de que termin\u00f3 el partido con 10 hombres tras la expulsi\u00f3n del argentino Leonel Vangioni a los 59 minutos.<\/p>\n<blockquote class=\"twitter-tweet\" data-width=\"550\" data-dnt=\"true\">\n<p lang=\"es\" dir=\"ltr\">\u23f1 90&#39; | Marcador final <a href=\"https:\/\/twitter.com\/CervezaTecate?ref_src=twsrc%5Etfw\">@CervezaTecate<\/a> | <a href=\"https:\/\/twitter.com\/hashtag\/Gallos?src=hash&amp;ref_src=twsrc%5Etfw\">#Gallos<\/a> 1-2 <a href=\"https:\/\/twitter.com\/hashtag\/Rayados?src=hash&amp;ref_src=twsrc%5Etfw\">#Rayados<\/a> | Termina el partido. \u00a1Con gol de \u00faltimo minuto, obtenemos los tres puntos de visita!<a href=\"https:\/\/twitter.com\/hashtag\/VamosRayados?src=hash&amp;ref_src=twsrc%5Etfw\">#VamosRayados<\/a><a href=\"https:\/\/twitter.com\/hashtag\/OrgulloDeSerRayado?src=hash&amp;ref_src=twsrc%5Etfw\">#OrgulloDeSerRayado<\/a>\ud83d\udd35\u26aa <a href=\"https:\/\/t.co\/AaGpgnFoIV\">pic.twitter.com\/AaGpgnFoIV<\/a><\/p>\n<p>&mdash; Rayados (@Rayados) <a href=\"https:\/\/twitter.com\/Rayados\/status\/1086788554875899906?ref_src=twsrc%5Etfw\">January 20, 2019<\/a><\/p><\/blockquote>\n<p><script async src=\"https:\/\/platform.twitter.com\/widgets.js\" charset=\"utf-8\"><\/script><\/p>\n<p><strong>Quer\u00e9taro sufri\u00f3 su tercera derrota y se ubica en el \u00faltimo puesto<\/strong> entre los 18 equipos de la m\u00e1xima categor\u00eda.<\/p>\n<p>Los Gallos Blancos estuvieron cerca de abrir el marcador con un tiro libre de Sanvezzo que se estrell\u00f3 en el poste a los 12<\/p>\n<p>Rayados tuvo su mejor oportunidad con un disparo desde fuera del \u00e1rea del colombiano Dorlan Pab\u00f3n a los 24.<\/p>\n<p>Cinco minutos m\u00e1s tarde, Sanvezzo anot\u00f3 con un remate de cabeza luego de un centro por izquierda. La jugada fue anulada por un fuera de lugar, pero tras revisarla con el videoarbitraje se valid\u00f3.<\/p>\n<p>Rayados nivel\u00f3 cuando Gallardo tom\u00f3 una pelota en las afueras del \u00e1rea por el costado izquierdo y sac\u00f3 un potente disparo que entr\u00f3 rasante y pegado al poste izquierdo.<\/p>\n<p>Cuando expiraba el encuentro, Meza sac\u00f3 un disparo desde fuera del \u00e1rea que dej\u00f3 sin oportunidad al portero Gil Alcal\u00e1.<\/p>\n<\/div>\n<\/div>\n","protected":false},"excerpt":{"rendered":"<p>Monterrey vence a Quer\u00e9taro y asume el liderato<br \/>\nPor Redacci\u00f3n QP<\/p>\n","protected":false},"author":2,"featured_media":14792,"comment_status":"open","ping_status":"open","sticky":false,"template":"","format":"standard","meta":{"_monsterinsights_skip_tracking":false,"_monsterinsights_sitenote_active":false,"_monsterinsights_sitenote_note":"","_monsterinsights_sitenote_category":0,"footnotes":""},"categories":[54],"tags":[],"class_list":["post-14793","post","type-post","status-publish","format-standard","has-post-thumbnail","hentry","category-deportes"],"yoast_head":"<!-- This site is optimized with the Yoast SEO plugin v27.3 - https:\/\/yoast.com\/product\/yoast-seo-wordpress\/ -->\n<title>Monterrey vence a Quer\u00e9taro y asume el liderato -<\/title>\n<meta name=\"robots\" content=\"index, follow, max-snippet:-1, max-image-preview:large, max-video-preview:-1\" \/>\n<link rel=\"canonical\" href=\"https:\/\/quehacerpolitico.mx\/?p=14793\" \/>\n<meta property=\"og:locale\" content=\"es_MX\" \/>\n<meta property=\"og:type\" content=\"article\" \/>\n<meta property=\"og:title\" content=\"Monterrey vence a Quer\u00e9taro y asume el liderato -\" \/>\n<meta property=\"og:description\" content=\"Monterrey vence a Quer\u00e9taro y asume el liderato Por Redacci\u00f3n QP\" \/>\n<meta property=\"og:url\" content=\"https:\/\/quehacerpolitico.mx\/?p=14793\" \/>\n<meta property=\"article:published_time\" content=\"2019-01-20T02:46:24+00:00\" \/>\n<meta name=\"author\" content=\"Redacci\u00f3n QP\" \/>\n<meta name=\"twitter:card\" content=\"summary_large_image\" \/>\n<meta name=\"twitter:label1\" content=\"Escrito por\" \/>\n\t<meta name=\"twitter:data1\" content=\"Redacci\u00f3n QP\" \/>\n\t<meta name=\"twitter:label2\" content=\"Tiempo de lectura\" \/>\n\t<meta name=\"twitter:data2\" content=\"2 minutos\" \/>\n<script type=\"application\/ld+json\" class=\"yoast-schema-graph\">{\"@context\":\"https:\\\/\\\/schema.org\",\"@graph\":[{\"@type\":\"Article\",\"@id\":\"https:\\\/\\\/quehacerpolitico.mx\\\/?p=14793#article\",\"isPartOf\":{\"@id\":\"https:\\\/\\\/quehacerpolitico.mx\\\/?p=14793\"},\"author\":{\"name\":\"Redacci\u00f3n QP\",\"@id\":\"https:\\\/\\\/quehacerpolitico.mx\\\/#\\\/schema\\\/person\\\/496d8ad2d1d3f8036101dca7ee39e585\"},\"headline\":\"Monterrey vence a Quer\u00e9taro y asume el liderato\",\"datePublished\":\"2019-01-20T02:46:24+00:00\",\"mainEntityOfPage\":{\"@id\":\"https:\\\/\\\/quehacerpolitico.mx\\\/?p=14793\"},\"wordCount\":335,\"commentCount\":0,\"image\":{\"@id\":\"https:\\\/\\\/quehacerpolitico.mx\\\/?p=14793#primaryimage\"},\"thumbnailUrl\":\"\",\"articleSection\":[\"Deportes\"],\"inLanguage\":\"es\",\"potentialAction\":[{\"@type\":\"CommentAction\",\"name\":\"Comment\",\"target\":[\"https:\\\/\\\/quehacerpolitico.mx\\\/?p=14793#respond\"]}]},{\"@type\":\"WebPage\",\"@id\":\"https:\\\/\\\/quehacerpolitico.mx\\\/?p=14793\",\"url\":\"https:\\\/\\\/quehacerpolitico.mx\\\/?p=14793\",\"name\":\"Monterrey vence a Quer\u00e9taro y asume el liderato -\",\"isPartOf\":{\"@id\":\"https:\\\/\\\/quehacerpolitico.mx\\\/#website\"},\"primaryImageOfPage\":{\"@id\":\"https:\\\/\\\/quehacerpolitico.mx\\\/?p=14793#primaryimage\"},\"image\":{\"@id\":\"https:\\\/\\\/quehacerpolitico.mx\\\/?p=14793#primaryimage\"},\"thumbnailUrl\":\"\",\"datePublished\":\"2019-01-20T02:46:24+00:00\",\"author\":{\"@id\":\"https:\\\/\\\/quehacerpolitico.mx\\\/#\\\/schema\\\/person\\\/496d8ad2d1d3f8036101dca7ee39e585\"},\"breadcrumb\":{\"@id\":\"https:\\\/\\\/quehacerpolitico.mx\\\/?p=14793#breadcrumb\"},\"inLanguage\":\"es\",\"potentialAction\":[{\"@type\":\"ReadAction\",\"target\":[\"https:\\\/\\\/quehacerpolitico.mx\\\/?p=14793\"]}]},{\"@type\":\"ImageObject\",\"inLanguage\":\"es\",\"@id\":\"https:\\\/\\\/quehacerpolitico.mx\\\/?p=14793#primaryimage\",\"url\":\"\",\"contentUrl\":\"\"},{\"@type\":\"BreadcrumbList\",\"@id\":\"https:\\\/\\\/quehacerpolitico.mx\\\/?p=14793#breadcrumb\",\"itemListElement\":[{\"@type\":\"ListItem\",\"position\":1,\"name\":\"Inicio\",\"item\":\"https:\\\/\\\/quehacerpolitico.mx\\\/\"},{\"@type\":\"ListItem\",\"position\":2,\"name\":\"Monterrey vence a Quer\u00e9taro y asume el liderato\"}]},{\"@type\":\"WebSite\",\"@id\":\"https:\\\/\\\/quehacerpolitico.mx\\\/#website\",\"url\":\"https:\\\/\\\/quehacerpolitico.mx\\\/\",\"name\":\"\",\"description\":\"\",\"potentialAction\":[{\"@type\":\"SearchAction\",\"target\":{\"@type\":\"EntryPoint\",\"urlTemplate\":\"https:\\\/\\\/quehacerpolitico.mx\\\/?s={search_term_string}\"},\"query-input\":{\"@type\":\"PropertyValueSpecification\",\"valueRequired\":true,\"valueName\":\"search_term_string\"}}],\"inLanguage\":\"es\"},{\"@type\":\"Person\",\"@id\":\"https:\\\/\\\/quehacerpolitico.mx\\\/#\\\/schema\\\/person\\\/496d8ad2d1d3f8036101dca7ee39e585\",\"name\":\"Redacci\u00f3n QP\",\"image\":{\"@type\":\"ImageObject\",\"inLanguage\":\"es\",\"@id\":\"https:\\\/\\\/secure.gravatar.com\\\/avatar\\\/c7164ed6fdec453195284ad24a5ae5b6e1eed2b848477fa2a4787ba9adf39a41?s=96&d=mm&r=g\",\"url\":\"https:\\\/\\\/secure.gravatar.com\\\/avatar\\\/c7164ed6fdec453195284ad24a5ae5b6e1eed2b848477fa2a4787ba9adf39a41?s=96&d=mm&r=g\",\"contentUrl\":\"https:\\\/\\\/secure.gravatar.com\\\/avatar\\\/c7164ed6fdec453195284ad24a5ae5b6e1eed2b848477fa2a4787ba9adf39a41?s=96&d=mm&r=g\",\"caption\":\"Redacci\u00f3n QP\"},\"url\":\"https:\\\/\\\/quehacerpolitico.mx\\\/?author=2\"}]}<\/script>\n<!-- \/ Yoast SEO plugin. -->","yoast_head_json":{"title":"Monterrey vence a Quer\u00e9taro y asume el liderato -","robots":{"index":"index","follow":"follow","max-snippet":"max-snippet:-1","max-image-preview":"max-image-preview:large","max-video-preview":"max-video-preview:-1"},"canonical":"https:\/\/quehacerpolitico.mx\/?p=14793","og_locale":"es_MX","og_type":"article","og_title":"Monterrey vence a Quer\u00e9taro y asume el liderato -","og_description":"Monterrey vence a Quer\u00e9taro y asume el liderato Por Redacci\u00f3n QP","og_url":"https:\/\/quehacerpolitico.mx\/?p=14793","article_published_time":"2019-01-20T02:46:24+00:00","author":"Redacci\u00f3n QP","twitter_card":"summary_large_image","twitter_misc":{"Escrito por":"Redacci\u00f3n QP","Tiempo de lectura":"2 minutos"},"schema":{"@context":"https:\/\/schema.org","@graph":[{"@type":"Article","@id":"https:\/\/quehacerpolitico.mx\/?p=14793#article","isPartOf":{"@id":"https:\/\/quehacerpolitico.mx\/?p=14793"},"author":{"name":"Redacci\u00f3n QP","@id":"https:\/\/quehacerpolitico.mx\/#\/schema\/person\/496d8ad2d1d3f8036101dca7ee39e585"},"headline":"Monterrey vence a Quer\u00e9taro y asume el liderato","datePublished":"2019-01-20T02:46:24+00:00","mainEntityOfPage":{"@id":"https:\/\/quehacerpolitico.mx\/?p=14793"},"wordCount":335,"commentCount":0,"image":{"@id":"https:\/\/quehacerpolitico.mx\/?p=14793#primaryimage"},"thumbnailUrl":"","articleSection":["Deportes"],"inLanguage":"es","potentialAction":[{"@type":"CommentAction","name":"Comment","target":["https:\/\/quehacerpolitico.mx\/?p=14793#respond"]}]},{"@type":"WebPage","@id":"https:\/\/quehacerpolitico.mx\/?p=14793","url":"https:\/\/quehacerpolitico.mx\/?p=14793","name":"Monterrey vence a Quer\u00e9taro y asume el liderato -","isPartOf":{"@id":"https:\/\/quehacerpolitico.mx\/#website"},"primaryImageOfPage":{"@id":"https:\/\/quehacerpolitico.mx\/?p=14793#primaryimage"},"image":{"@id":"https:\/\/quehacerpolitico.mx\/?p=14793#primaryimage"},"thumbnailUrl":"","datePublished":"2019-01-20T02:46:24+00:00","author":{"@id":"https:\/\/quehacerpolitico.mx\/#\/schema\/person\/496d8ad2d1d3f8036101dca7ee39e585"},"breadcrumb":{"@id":"https:\/\/quehacerpolitico.mx\/?p=14793#breadcrumb"},"inLanguage":"es","potentialAction":[{"@type":"ReadAction","target":["https:\/\/quehacerpolitico.mx\/?p=14793"]}]},{"@type":"ImageObject","inLanguage":"es","@id":"https:\/\/quehacerpolitico.mx\/?p=14793#primaryimage","url":"","contentUrl":""},{"@type":"BreadcrumbList","@id":"https:\/\/quehacerpolitico.mx\/?p=14793#breadcrumb","itemListElement":[{"@type":"ListItem","position":1,"name":"Inicio","item":"https:\/\/quehacerpolitico.mx\/"},{"@type":"ListItem","position":2,"name":"Monterrey vence a Quer\u00e9taro y asume el liderato"}]},{"@type":"WebSite","@id":"https:\/\/quehacerpolitico.mx\/#website","url":"https:\/\/quehacerpolitico.mx\/","name":"","description":"","potentialAction":[{"@type":"SearchAction","target":{"@type":"EntryPoint","urlTemplate":"https:\/\/quehacerpolitico.mx\/?s={search_term_string}"},"query-input":{"@type":"PropertyValueSpecification","valueRequired":true,"valueName":"search_term_string"}}],"inLanguage":"es"},{"@type":"Person","@id":"https:\/\/quehacerpolitico.mx\/#\/schema\/person\/496d8ad2d1d3f8036101dca7ee39e585","name":"Redacci\u00f3n QP","image":{"@type":"ImageObject","inLanguage":"es","@id":"https:\/\/secure.gravatar.com\/avatar\/c7164ed6fdec453195284ad24a5ae5b6e1eed2b848477fa2a4787ba9adf39a41?s=96&d=mm&r=g","url":"https:\/\/secure.gravatar.com\/avatar\/c7164ed6fdec453195284ad24a5ae5b6e1eed2b848477fa2a4787ba9adf39a41?s=96&d=mm&r=g","contentUrl":"https:\/\/secure.gravatar.com\/avatar\/c7164ed6fdec453195284ad24a5ae5b6e1eed2b848477fa2a4787ba9adf39a41?s=96&d=mm&r=g","caption":"Redacci\u00f3n QP"},"url":"https:\/\/quehacerpolitico.mx\/?author=2"}]}},"featured_image_urls":{"full":"","thumbnail":"","medium":"","medium_large":"","large":"","1536x1536":"","2048x2048":"","covernews-featured":"","covernews-medium":""},"author_info":{"display_name":"Redacci\u00f3n QP","author_link":"https:\/\/quehacerpolitico.mx\/?author=2"},"category_info":"<a href=\"https:\/\/quehacerpolitico.mx\/?cat=54\" rel=\"category\">Deportes<\/a>","tag_info":"Deportes","comment_count":"0","_links":{"self":[{"href":"https:\/\/quehacerpolitico.mx\/index.php?rest_route=\/wp\/v2\/posts\/14793","targetHints":{"allow":["GET"]}}],"collection":[{"href":"https:\/\/quehacerpolitico.mx\/index.php?rest_route=\/wp\/v2\/posts"}],"about":[{"href":"https:\/\/quehacerpolitico.mx\/index.php?rest_route=\/wp\/v2\/types\/post"}],"author":[{"embeddable":true,"href":"https:\/\/quehacerpolitico.mx\/index.php?rest_route=\/wp\/v2\/users\/2"}],"replies":[{"embeddable":true,"href":"https:\/\/quehacerpolitico.mx\/index.php?rest_route=%2Fwp%2Fv2%2Fcomments&post=14793"}],"version-history":[{"count":0,"href":"https:\/\/quehacerpolitico.mx\/index.php?rest_route=\/wp\/v2\/posts\/14793\/revisions"}],"wp:featuredmedia":[{"embeddable":true,"href":"https:\/\/quehacerpolitico.mx\/index.php?rest_route=\/"}],"wp:attachment":[{"href":"https:\/\/quehacerpolitico.mx\/index.php?rest_route=%2Fwp%2Fv2%2Fmedia&parent=14793"}],"wp:term":[{"taxonomy":"category","embeddable":true,"href":"https:\/\/quehacerpolitico.mx\/index.php?rest_route=%2Fwp%2Fv2%2Fcategories&post=14793"},{"taxonomy":"post_tag","embeddable":true,"href":"https:\/\/quehacerpolitico.mx\/index.php?rest_route=%2Fwp%2Fv2%2Ftags&post=14793"}],"curies":[{"name":"wp","href":"https:\/\/api.w.org\/{rel}","templated":true}]}}