{"id":14787,"date":"2019-01-20T01:19:35","date_gmt":"2019-01-20T01:19:35","guid":{"rendered":"http:\/\/quehacerpolitico.mx\/autoridades-encuentran-el-corazon-de-un-menor-en-la-casa-de-juan-carlos-n-y-patricia-n\/"},"modified":"2019-01-20T01:19:35","modified_gmt":"2019-01-20T01:19:35","slug":"autoridades-encuentran-el-corazon-de-un-menor-en-la-casa-de-juan-carlos-n-y-patricia-n","status":"publish","type":"post","link":"https:\/\/quehacerpolitico.mx\/?p=14787","title":{"rendered":"Autoridades encuentran el coraz\u00f3n de un menor en la casa de Juan Carlos \u201cN\u201d y Patricia \u201cN\u201d"},"content":{"rendered":"<h1>Autoridades encuentran el coraz\u00f3n de un menor en la casa de Juan Carlos \u201cN\u201d y Patricia \u201cN\u201d<\/h1>\n<p>Por Redacci\u00f3n QP<\/p>\n<p>El <strong>coraz\u00f3n de un ni\u00f1o<\/strong> fue localizado en una de las casas del llamado Monstruo de Ecatepec, mismo que estaba en una de las cubetas que les fueron aseguradas en meses pasados en la colonia Jardines de Morelos.<\/p>\n<p>Luego de las investigaciones que a\u00fan contin\u00faan por este caso, autoridades dieron a conocer el hallazgo de un coraz\u00f3n peque\u00f1o, perteneciente a un ni\u00f1o, sin poder determinar aun el sexo de la v\u00edctima.<\/p>\n<p>Patricia y Juan Carlos, la pareja de asesinos investigados por al menos diez feminicidios en esta colonia, habitaban al menos dos inmuebles donde fueron localizados restos humanos, en su mayor\u00eda de mujeres.<\/p>\n<p>Sin embargo, este reciente hallazgo iniciar\u00eda otra investigaci\u00f3n ya que podr\u00eda estar relacionada con alguna otra por desaparici\u00f3n de menor.<\/p>\n<p>Los acusados se encuentran en el penal de Chiconautla donde diferentes procesos legales se encuentran ejecut\u00e1ndose, por lo que ser\u00e1 en los pr\u00f3ximos d\u00edas que se sepa m\u00e1s al respecto.<\/p>\n<p>El pasado 17 de enero, autoridades del Estado de M\u00e9xico cumplimientaron una orden de aprehensi\u00f3n en reclusi\u00f3n, por el delito de feminicidio, en contra de Juan Carlos \u201cN\u201d y Patricia \u201cN\u201d.<\/p>\n<p>Desde octubre, ambas personas se encuentran internas en el Centro Penitenciario y de Reinserci\u00f3n Social de Ecatepec. Agentes mexiquenses los detuvieron cuando transportaban restos humanos en una carriola.<\/p>\n<blockquote>\n<p>\u201cEsta es la segunda orden de aprehensi\u00f3n que les es cumplimentada por el delito de feminicidio, ya que anteriormente les fue cumplimentada otra por la muerte de una mujer de 28 a\u00f1os de edad, quien fue reportada como desaparecida en la colonia Jardines de Morelos, el d\u00eda 6 de septiembre de 2018\u201d, detall\u00f3 la Fiscal\u00eda.<\/p>\n<blockquote>\n<p>\u00a0\u201cCabe mencionar que a Juan Carlos \u201cN\u201d y Patricia \u201cN\u201d, se les siguen adem\u00e1s procesos legales por delitos contra el respeto a los muertos y violaciones a las leyes de inhumaci\u00f3n y exhumaci\u00f3n; trata de personas, en la modalidad de adopci\u00f3n ilegal; feminicidio y desaparici\u00f3n forzada cometida por particulares\u201d, record\u00f3.<\/p>\n<\/blockquote>\n<p>En julio del a\u00f1o pasado, otra joven desapareci\u00f3 en Ecatepec. Las autoridades lograron establecer que fue v\u00edctima de la pareja y emitieron la orden de aprehensi\u00f3n.<\/p>\n<p>En 2018, despu\u00e9s de que ambos fueron aprehendidos, la Fiscal\u00eda del Estado de M\u00e9xico inform\u00f3 que podr\u00edan estar relacionados con diez feminicidios.<\/p>\n<p>Con Informaci\u00f3n de A Fondo EdoMex\u00a0<\/p>\n<\/blockquote>\n","protected":false},"excerpt":{"rendered":"<p>Autoridades encuentran el coraz\u00f3n de un menor en la casa de Juan Carlos \u201cN\u201d y Patricia \u201cN\u201d<br \/>\nPor Redacci\u00f3n QP<\/p>\n","protected":false},"author":2,"featured_media":14786,"comment_status":"open","ping_status":"open","sticky":false,"template":"","format":"standard","meta":{"_monsterinsights_skip_tracking":false,"_monsterinsights_sitenote_active":false,"_monsterinsights_sitenote_note":"","_monsterinsights_sitenote_category":0,"footnotes":""},"categories":[2],"tags":[],"class_list":["post-14787","post","type-post","status-publish","format-standard","has-post-thumbnail","hentry","category-noticias"],"yoast_head":"<!-- This site is optimized with the Yoast SEO plugin v27.3 - https:\/\/yoast.com\/product\/yoast-seo-wordpress\/ -->\n<title>Autoridades encuentran el coraz\u00f3n de un menor en la casa de Juan Carlos \u201cN\u201d y Patricia \u201cN\u201d -<\/title>\n<meta name=\"robots\" content=\"index, follow, max-snippet:-1, max-image-preview:large, max-video-preview:-1\" \/>\n<link rel=\"canonical\" href=\"https:\/\/quehacerpolitico.mx\/?p=14787\" \/>\n<meta property=\"og:locale\" content=\"es_MX\" \/>\n<meta property=\"og:type\" content=\"article\" \/>\n<meta property=\"og:title\" content=\"Autoridades encuentran el coraz\u00f3n de un menor en la casa de Juan Carlos \u201cN\u201d y Patricia \u201cN\u201d -\" \/>\n<meta property=\"og:description\" content=\"Autoridades encuentran el coraz\u00f3n de un menor en la casa de Juan Carlos \u201cN\u201d y Patricia \u201cN\u201d Por Redacci\u00f3n QP\" \/>\n<meta property=\"og:url\" content=\"https:\/\/quehacerpolitico.mx\/?p=14787\" \/>\n<meta property=\"article:published_time\" content=\"2019-01-20T01:19:35+00:00\" \/>\n<meta name=\"author\" content=\"Redacci\u00f3n QP\" \/>\n<meta name=\"twitter:card\" content=\"summary_large_image\" \/>\n<meta name=\"twitter:label1\" content=\"Escrito por\" \/>\n\t<meta name=\"twitter:data1\" content=\"Redacci\u00f3n QP\" \/>\n\t<meta name=\"twitter:label2\" content=\"Tiempo de lectura\" \/>\n\t<meta name=\"twitter:data2\" content=\"2 minutos\" \/>\n<script type=\"application\/ld+json\" class=\"yoast-schema-graph\">{\"@context\":\"https:\\\/\\\/schema.org\",\"@graph\":[{\"@type\":\"Article\",\"@id\":\"https:\\\/\\\/quehacerpolitico.mx\\\/?p=14787#article\",\"isPartOf\":{\"@id\":\"https:\\\/\\\/quehacerpolitico.mx\\\/?p=14787\"},\"author\":{\"name\":\"Redacci\u00f3n QP\",\"@id\":\"https:\\\/\\\/quehacerpolitico.mx\\\/#\\\/schema\\\/person\\\/496d8ad2d1d3f8036101dca7ee39e585\"},\"headline\":\"Autoridades encuentran el coraz\u00f3n de un menor en la casa de Juan Carlos \u201cN\u201d y Patricia \u201cN\u201d\",\"datePublished\":\"2019-01-20T01:19:35+00:00\",\"mainEntityOfPage\":{\"@id\":\"https:\\\/\\\/quehacerpolitico.mx\\\/?p=14787\"},\"wordCount\":444,\"commentCount\":0,\"image\":{\"@id\":\"https:\\\/\\\/quehacerpolitico.mx\\\/?p=14787#primaryimage\"},\"thumbnailUrl\":\"\",\"articleSection\":[\"Noticias\"],\"inLanguage\":\"es\",\"potentialAction\":[{\"@type\":\"CommentAction\",\"name\":\"Comment\",\"target\":[\"https:\\\/\\\/quehacerpolitico.mx\\\/?p=14787#respond\"]}]},{\"@type\":\"WebPage\",\"@id\":\"https:\\\/\\\/quehacerpolitico.mx\\\/?p=14787\",\"url\":\"https:\\\/\\\/quehacerpolitico.mx\\\/?p=14787\",\"name\":\"Autoridades encuentran el coraz\u00f3n de un menor en la casa de Juan Carlos \u201cN\u201d y Patricia \u201cN\u201d -\",\"isPartOf\":{\"@id\":\"https:\\\/\\\/quehacerpolitico.mx\\\/#website\"},\"primaryImageOfPage\":{\"@id\":\"https:\\\/\\\/quehacerpolitico.mx\\\/?p=14787#primaryimage\"},\"image\":{\"@id\":\"https:\\\/\\\/quehacerpolitico.mx\\\/?p=14787#primaryimage\"},\"thumbnailUrl\":\"\",\"datePublished\":\"2019-01-20T01:19:35+00:00\",\"author\":{\"@id\":\"https:\\\/\\\/quehacerpolitico.mx\\\/#\\\/schema\\\/person\\\/496d8ad2d1d3f8036101dca7ee39e585\"},\"breadcrumb\":{\"@id\":\"https:\\\/\\\/quehacerpolitico.mx\\\/?p=14787#breadcrumb\"},\"inLanguage\":\"es\",\"potentialAction\":[{\"@type\":\"ReadAction\",\"target\":[\"https:\\\/\\\/quehacerpolitico.mx\\\/?p=14787\"]}]},{\"@type\":\"ImageObject\",\"inLanguage\":\"es\",\"@id\":\"https:\\\/\\\/quehacerpolitico.mx\\\/?p=14787#primaryimage\",\"url\":\"\",\"contentUrl\":\"\"},{\"@type\":\"BreadcrumbList\",\"@id\":\"https:\\\/\\\/quehacerpolitico.mx\\\/?p=14787#breadcrumb\",\"itemListElement\":[{\"@type\":\"ListItem\",\"position\":1,\"name\":\"Inicio\",\"item\":\"https:\\\/\\\/quehacerpolitico.mx\\\/\"},{\"@type\":\"ListItem\",\"position\":2,\"name\":\"Autoridades encuentran el coraz\u00f3n de un menor en la casa de Juan Carlos \u201cN\u201d y Patricia \u201cN\u201d\"}]},{\"@type\":\"WebSite\",\"@id\":\"https:\\\/\\\/quehacerpolitico.mx\\\/#website\",\"url\":\"https:\\\/\\\/quehacerpolitico.mx\\\/\",\"name\":\"\",\"description\":\"\",\"potentialAction\":[{\"@type\":\"SearchAction\",\"target\":{\"@type\":\"EntryPoint\",\"urlTemplate\":\"https:\\\/\\\/quehacerpolitico.mx\\\/?s={search_term_string}\"},\"query-input\":{\"@type\":\"PropertyValueSpecification\",\"valueRequired\":true,\"valueName\":\"search_term_string\"}}],\"inLanguage\":\"es\"},{\"@type\":\"Person\",\"@id\":\"https:\\\/\\\/quehacerpolitico.mx\\\/#\\\/schema\\\/person\\\/496d8ad2d1d3f8036101dca7ee39e585\",\"name\":\"Redacci\u00f3n QP\",\"image\":{\"@type\":\"ImageObject\",\"inLanguage\":\"es\",\"@id\":\"https:\\\/\\\/secure.gravatar.com\\\/avatar\\\/c7164ed6fdec453195284ad24a5ae5b6e1eed2b848477fa2a4787ba9adf39a41?s=96&d=mm&r=g\",\"url\":\"https:\\\/\\\/secure.gravatar.com\\\/avatar\\\/c7164ed6fdec453195284ad24a5ae5b6e1eed2b848477fa2a4787ba9adf39a41?s=96&d=mm&r=g\",\"contentUrl\":\"https:\\\/\\\/secure.gravatar.com\\\/avatar\\\/c7164ed6fdec453195284ad24a5ae5b6e1eed2b848477fa2a4787ba9adf39a41?s=96&d=mm&r=g\",\"caption\":\"Redacci\u00f3n QP\"},\"url\":\"https:\\\/\\\/quehacerpolitico.mx\\\/?author=2\"}]}<\/script>\n<!-- \/ Yoast SEO plugin. -->","yoast_head_json":{"title":"Autoridades encuentran el coraz\u00f3n de un menor en la casa de Juan Carlos \u201cN\u201d y Patricia \u201cN\u201d -","robots":{"index":"index","follow":"follow","max-snippet":"max-snippet:-1","max-image-preview":"max-image-preview:large","max-video-preview":"max-video-preview:-1"},"canonical":"https:\/\/quehacerpolitico.mx\/?p=14787","og_locale":"es_MX","og_type":"article","og_title":"Autoridades encuentran el coraz\u00f3n de un menor en la casa de Juan Carlos \u201cN\u201d y Patricia \u201cN\u201d -","og_description":"Autoridades encuentran el coraz\u00f3n de un menor en la casa de Juan Carlos \u201cN\u201d y Patricia \u201cN\u201d Por Redacci\u00f3n QP","og_url":"https:\/\/quehacerpolitico.mx\/?p=14787","article_published_time":"2019-01-20T01:19:35+00:00","author":"Redacci\u00f3n QP","twitter_card":"summary_large_image","twitter_misc":{"Escrito por":"Redacci\u00f3n QP","Tiempo de lectura":"2 minutos"},"schema":{"@context":"https:\/\/schema.org","@graph":[{"@type":"Article","@id":"https:\/\/quehacerpolitico.mx\/?p=14787#article","isPartOf":{"@id":"https:\/\/quehacerpolitico.mx\/?p=14787"},"author":{"name":"Redacci\u00f3n QP","@id":"https:\/\/quehacerpolitico.mx\/#\/schema\/person\/496d8ad2d1d3f8036101dca7ee39e585"},"headline":"Autoridades encuentran el coraz\u00f3n de un menor en la casa de Juan Carlos \u201cN\u201d y Patricia \u201cN\u201d","datePublished":"2019-01-20T01:19:35+00:00","mainEntityOfPage":{"@id":"https:\/\/quehacerpolitico.mx\/?p=14787"},"wordCount":444,"commentCount":0,"image":{"@id":"https:\/\/quehacerpolitico.mx\/?p=14787#primaryimage"},"thumbnailUrl":"","articleSection":["Noticias"],"inLanguage":"es","potentialAction":[{"@type":"CommentAction","name":"Comment","target":["https:\/\/quehacerpolitico.mx\/?p=14787#respond"]}]},{"@type":"WebPage","@id":"https:\/\/quehacerpolitico.mx\/?p=14787","url":"https:\/\/quehacerpolitico.mx\/?p=14787","name":"Autoridades encuentran el coraz\u00f3n de un menor en la casa de Juan Carlos \u201cN\u201d y Patricia \u201cN\u201d -","isPartOf":{"@id":"https:\/\/quehacerpolitico.mx\/#website"},"primaryImageOfPage":{"@id":"https:\/\/quehacerpolitico.mx\/?p=14787#primaryimage"},"image":{"@id":"https:\/\/quehacerpolitico.mx\/?p=14787#primaryimage"},"thumbnailUrl":"","datePublished":"2019-01-20T01:19:35+00:00","author":{"@id":"https:\/\/quehacerpolitico.mx\/#\/schema\/person\/496d8ad2d1d3f8036101dca7ee39e585"},"breadcrumb":{"@id":"https:\/\/quehacerpolitico.mx\/?p=14787#breadcrumb"},"inLanguage":"es","potentialAction":[{"@type":"ReadAction","target":["https:\/\/quehacerpolitico.mx\/?p=14787"]}]},{"@type":"ImageObject","inLanguage":"es","@id":"https:\/\/quehacerpolitico.mx\/?p=14787#primaryimage","url":"","contentUrl":""},{"@type":"BreadcrumbList","@id":"https:\/\/quehacerpolitico.mx\/?p=14787#breadcrumb","itemListElement":[{"@type":"ListItem","position":1,"name":"Inicio","item":"https:\/\/quehacerpolitico.mx\/"},{"@type":"ListItem","position":2,"name":"Autoridades encuentran el coraz\u00f3n de un menor en la casa de Juan Carlos \u201cN\u201d y Patricia \u201cN\u201d"}]},{"@type":"WebSite","@id":"https:\/\/quehacerpolitico.mx\/#website","url":"https:\/\/quehacerpolitico.mx\/","name":"","description":"","potentialAction":[{"@type":"SearchAction","target":{"@type":"EntryPoint","urlTemplate":"https:\/\/quehacerpolitico.mx\/?s={search_term_string}"},"query-input":{"@type":"PropertyValueSpecification","valueRequired":true,"valueName":"search_term_string"}}],"inLanguage":"es"},{"@type":"Person","@id":"https:\/\/quehacerpolitico.mx\/#\/schema\/person\/496d8ad2d1d3f8036101dca7ee39e585","name":"Redacci\u00f3n QP","image":{"@type":"ImageObject","inLanguage":"es","@id":"https:\/\/secure.gravatar.com\/avatar\/c7164ed6fdec453195284ad24a5ae5b6e1eed2b848477fa2a4787ba9adf39a41?s=96&d=mm&r=g","url":"https:\/\/secure.gravatar.com\/avatar\/c7164ed6fdec453195284ad24a5ae5b6e1eed2b848477fa2a4787ba9adf39a41?s=96&d=mm&r=g","contentUrl":"https:\/\/secure.gravatar.com\/avatar\/c7164ed6fdec453195284ad24a5ae5b6e1eed2b848477fa2a4787ba9adf39a41?s=96&d=mm&r=g","caption":"Redacci\u00f3n QP"},"url":"https:\/\/quehacerpolitico.mx\/?author=2"}]}},"featured_image_urls":{"full":"","thumbnail":"","medium":"","medium_large":"","large":"","1536x1536":"","2048x2048":"","covernews-featured":"","covernews-medium":""},"author_info":{"display_name":"Redacci\u00f3n QP","author_link":"https:\/\/quehacerpolitico.mx\/?author=2"},"category_info":"<a href=\"https:\/\/quehacerpolitico.mx\/?cat=2\" rel=\"category\">Noticias<\/a>","tag_info":"Noticias","comment_count":"0","_links":{"self":[{"href":"https:\/\/quehacerpolitico.mx\/index.php?rest_route=\/wp\/v2\/posts\/14787","targetHints":{"allow":["GET"]}}],"collection":[{"href":"https:\/\/quehacerpolitico.mx\/index.php?rest_route=\/wp\/v2\/posts"}],"about":[{"href":"https:\/\/quehacerpolitico.mx\/index.php?rest_route=\/wp\/v2\/types\/post"}],"author":[{"embeddable":true,"href":"https:\/\/quehacerpolitico.mx\/index.php?rest_route=\/wp\/v2\/users\/2"}],"replies":[{"embeddable":true,"href":"https:\/\/quehacerpolitico.mx\/index.php?rest_route=%2Fwp%2Fv2%2Fcomments&post=14787"}],"version-history":[{"count":0,"href":"https:\/\/quehacerpolitico.mx\/index.php?rest_route=\/wp\/v2\/posts\/14787\/revisions"}],"wp:featuredmedia":[{"embeddable":true,"href":"https:\/\/quehacerpolitico.mx\/index.php?rest_route=\/"}],"wp:attachment":[{"href":"https:\/\/quehacerpolitico.mx\/index.php?rest_route=%2Fwp%2Fv2%2Fmedia&parent=14787"}],"wp:term":[{"taxonomy":"category","embeddable":true,"href":"https:\/\/quehacerpolitico.mx\/index.php?rest_route=%2Fwp%2Fv2%2Fcategories&post=14787"},{"taxonomy":"post_tag","embeddable":true,"href":"https:\/\/quehacerpolitico.mx\/index.php?rest_route=%2Fwp%2Fv2%2Ftags&post=14787"}],"curies":[{"name":"wp","href":"https:\/\/api.w.org\/{rel}","templated":true}]}}