{"id":14777,"date":"2019-01-19T23:02:51","date_gmt":"2019-01-19T23:02:51","guid":{"rendered":"http:\/\/quehacerpolitico.mx\/quince-dias-despues-del-homicidio-de-sinar-corzo-otro-activista-es-asesinado-en-amatan-chiapas\/"},"modified":"2019-01-19T23:02:51","modified_gmt":"2019-01-19T23:02:51","slug":"quince-dias-despues-del-homicidio-de-sinar-corzo-otro-activista-es-asesinado-en-amatan-chiapas","status":"publish","type":"post","link":"https:\/\/quehacerpolitico.mx\/?p=14777","title":{"rendered":"Quince d\u00edas despu\u00e9s del homicidio de Sinar Corzo, otro activista es asesinado en Amat\u00e1n, Chiapas"},"content":{"rendered":"<h1>Quince d\u00edas despu\u00e9s del homicidio de Sinar Corzo, otro activista es asesinado en Amat\u00e1n, Chiapas<\/h1>\n<p>Por Redacci\u00f3n QP<\/p>\n<p>La Coordinadora Nacional Plan de Ayala Movimiento Nacional (CNPA MN) inform\u00f3 que<strong> No\u00e9 Jim\u00e9nez Pablo<\/strong>, integrante de la coordinaci\u00f3n estatal de MOCRI \u2013 CNPA MN y de la <strong>comisi\u00f3n pol\u00edtica nacional de la CNPA MN<\/strong> y uno de los principales l\u00edderes<strong> opositores contra el cacicazgo<\/strong> de los hermanos Carpio Mayorga de Amat\u00e1n, fue <strong>encontrado sin vida<\/strong> y con se\u00f1as de tortura.<\/p>\n<p>Jim\u00e9nez Pablo era uno de los 50 integrantes del <strong>Movimiento por el Bienestar, la Paz y el Bien Com\u00fan de Amat\u00e1n<\/strong> que fueron desaparecidos luego de la introducci\u00f3n de un <strong>comando armado<\/strong> al municipio<strong> la madrugada de este jueves<\/strong>.<\/p>\n<blockquote>\n<p>\u201cFue torturado y asesinado por el grupo paramilitar de los caciques Carpio Mayorga y sus padrinos pol\u00edticos, el ex Gobernador Manuel Velasco Coello y Eduardo Ram\u00edrez Aguilar\u201d, informaron en un comunicado.<\/p>\n<\/blockquote>\n<p>En la madrugada del pasado jueves, la ciudadan\u00eda registr\u00f3 con sus tel\u00e9fonos detonaciones con armas de fuego alrededor de la cabecera municipal de Amat\u00e1n, lugar en el que se encuentra el plant\u00f3n que se instal\u00f3 desde noviembre de 2017 para exigir la salida de los hermanos Carpio Mayorga de la presidencia municipal.<\/p>\n<p>Horas despu\u00e9s del ataque al Consejo Popular de Amat\u00e1n que dejara 50 desaparecidos y 2 heridos de gravedad, este viernes a las 18 horas fue comunicado que No\u00e9 Jim\u00e9nez Pablo fue localizado sin vida en un basurero cercano a la cabecera municipal, junto el cad\u00e1ver de otras persona que no es posible identificar porque se encuentra dentro de una bolsa.<\/p>\n<blockquote>\n<p>\u201cJim\u00e9nez Pablo presenta claros signos de tortura, se le observan heridas de bala y rociaron con \u00e1cido varias partes de su cuerpo, el rostro y cabeza dej\u00e1ndolo totalmente desfigurado\u201d expusieron.<\/p>\n<\/blockquote>\n<p>El MOCRI-CNPA-MC adjudica el asesinato de No\u00e9 Jim\u00e9nez Pablo a los hermanos Carpio Mayorga y su grupo armado.<\/p>\n<p>El cacicazgo se remonta desde que Manuel de Jes\u00fas fue presidente municipal de Amat\u00e1n en el a\u00f1o 2001-2004 bajo el partido Acci\u00f3n Nacional (PAN), luego su primo Orbelin Garc\u00eda lo hizo de 2004-2007 por el mismo partido. Posteriormente, Manuel de Jes\u00fas propuesto por el partido Verde Ecologista de M\u00e9xico (PVEM) gan\u00f3 los comicios 2012 a 2015, adem\u00e1s por el mismo partido lo hizo su hermano Wilbert de 2015-2018. En las \u00faltimas elecciones, Manuel de Jes\u00fas postulado por Morena gan\u00f3 nuevamente para el mandato de 2018-2021.<\/p>\n<blockquote>\n<p>Despu\u00e9s del ataque armado del jueves, alrededor de las 02:00 am, les fue notificado al gobierno federal y estatal lo que ocurria, el Dr. Jorge Cruz Pineda, subsecretario de Derechos Humanos del gobierno de Chiapas comprometi\u00f3 que en dos horas llegar\u00eda un operativo con polic\u00eda estatal para detener la agresi\u00f3n armada, llevar\u00edan ambulancias para atender a los heridos, una avanzada del operativo policiaco lleg\u00f3 hasta las 20:00 horas solo a respaldar al grupo paramilitar.<\/p>\n<\/blockquote>\n<p>\u201cEl gobierno estatal se ha vanagloriado de \u201crecuperar el orden\u201d en Amat\u00e1n, se\u00f1alando p\u00fablicamente que personas de las comunidades se levantaron contra MOCRI \u2013 CNPA MN, lo cual es totalmente falso, pues actu\u00f3 el grupo paramilitar contra el Movimiento Por La Paz, El Bien Com\u00fan y la Justicia, del cual forma parte el MOCRI \u2013 CNPA MN\u201d aclararon.<\/p>\n<p>Finalmente, el MOCRI-CNPA-MN exige justicia por su compa\u00f1ero No\u00e9 Jim\u00e9nez Pablo, castigo a los autores materiales e intelectuales del asesinato y la desarticulaci\u00f3n inmediata del grupo armado de los hermanos Carpio Mayorga.<\/p>\n<p>Con Informaci\u00f3n de Chiapas Paralelo\u00a0<\/p>\n","protected":false},"excerpt":{"rendered":"<p>Quince d\u00edas despu\u00e9s del homicidio de Sinar Corzo, otro activista es asesinado en Amat\u00e1n, Chiapas<br \/>\nPor Redacci\u00f3n QP<\/p>\n","protected":false},"author":2,"featured_media":14776,"comment_status":"open","ping_status":"open","sticky":false,"template":"","format":"standard","meta":{"_monsterinsights_skip_tracking":false,"_monsterinsights_sitenote_active":false,"_monsterinsights_sitenote_note":"","_monsterinsights_sitenote_category":0,"footnotes":""},"categories":[2],"tags":[],"class_list":["post-14777","post","type-post","status-publish","format-standard","has-post-thumbnail","hentry","category-noticias"],"yoast_head":"<!-- This site is optimized with the Yoast SEO plugin v27.3 - https:\/\/yoast.com\/product\/yoast-seo-wordpress\/ -->\n<title>Quince d\u00edas despu\u00e9s del homicidio de Sinar Corzo, otro activista es asesinado en Amat\u00e1n, Chiapas -<\/title>\n<meta name=\"robots\" content=\"index, follow, max-snippet:-1, max-image-preview:large, max-video-preview:-1\" \/>\n<link rel=\"canonical\" href=\"https:\/\/quehacerpolitico.mx\/?p=14777\" \/>\n<meta property=\"og:locale\" content=\"es_MX\" \/>\n<meta property=\"og:type\" content=\"article\" \/>\n<meta property=\"og:title\" content=\"Quince d\u00edas despu\u00e9s del homicidio de Sinar Corzo, otro activista es asesinado en Amat\u00e1n, Chiapas -\" \/>\n<meta property=\"og:description\" content=\"Quince d\u00edas despu\u00e9s del homicidio de Sinar Corzo, otro activista es asesinado en Amat\u00e1n, Chiapas Por Redacci\u00f3n QP\" \/>\n<meta property=\"og:url\" content=\"https:\/\/quehacerpolitico.mx\/?p=14777\" \/>\n<meta property=\"article:published_time\" content=\"2019-01-19T23:02:51+00:00\" \/>\n<meta name=\"author\" content=\"Redacci\u00f3n QP\" \/>\n<meta name=\"twitter:card\" content=\"summary_large_image\" \/>\n<meta name=\"twitter:label1\" content=\"Escrito por\" \/>\n\t<meta name=\"twitter:data1\" content=\"Redacci\u00f3n QP\" \/>\n\t<meta name=\"twitter:label2\" content=\"Tiempo de lectura\" \/>\n\t<meta name=\"twitter:data2\" content=\"3 minutos\" \/>\n<script type=\"application\/ld+json\" class=\"yoast-schema-graph\">{\"@context\":\"https:\\\/\\\/schema.org\",\"@graph\":[{\"@type\":\"Article\",\"@id\":\"https:\\\/\\\/quehacerpolitico.mx\\\/?p=14777#article\",\"isPartOf\":{\"@id\":\"https:\\\/\\\/quehacerpolitico.mx\\\/?p=14777\"},\"author\":{\"name\":\"Redacci\u00f3n QP\",\"@id\":\"https:\\\/\\\/quehacerpolitico.mx\\\/#\\\/schema\\\/person\\\/496d8ad2d1d3f8036101dca7ee39e585\"},\"headline\":\"Quince d\u00edas despu\u00e9s del homicidio de Sinar Corzo, otro activista es asesinado en Amat\u00e1n, Chiapas\",\"datePublished\":\"2019-01-19T23:02:51+00:00\",\"mainEntityOfPage\":{\"@id\":\"https:\\\/\\\/quehacerpolitico.mx\\\/?p=14777\"},\"wordCount\":619,\"commentCount\":0,\"image\":{\"@id\":\"https:\\\/\\\/quehacerpolitico.mx\\\/?p=14777#primaryimage\"},\"thumbnailUrl\":\"\",\"articleSection\":[\"Noticias\"],\"inLanguage\":\"es\",\"potentialAction\":[{\"@type\":\"CommentAction\",\"name\":\"Comment\",\"target\":[\"https:\\\/\\\/quehacerpolitico.mx\\\/?p=14777#respond\"]}]},{\"@type\":\"WebPage\",\"@id\":\"https:\\\/\\\/quehacerpolitico.mx\\\/?p=14777\",\"url\":\"https:\\\/\\\/quehacerpolitico.mx\\\/?p=14777\",\"name\":\"Quince d\u00edas despu\u00e9s del homicidio de Sinar Corzo, otro activista es asesinado en Amat\u00e1n, Chiapas -\",\"isPartOf\":{\"@id\":\"https:\\\/\\\/quehacerpolitico.mx\\\/#website\"},\"primaryImageOfPage\":{\"@id\":\"https:\\\/\\\/quehacerpolitico.mx\\\/?p=14777#primaryimage\"},\"image\":{\"@id\":\"https:\\\/\\\/quehacerpolitico.mx\\\/?p=14777#primaryimage\"},\"thumbnailUrl\":\"\",\"datePublished\":\"2019-01-19T23:02:51+00:00\",\"author\":{\"@id\":\"https:\\\/\\\/quehacerpolitico.mx\\\/#\\\/schema\\\/person\\\/496d8ad2d1d3f8036101dca7ee39e585\"},\"breadcrumb\":{\"@id\":\"https:\\\/\\\/quehacerpolitico.mx\\\/?p=14777#breadcrumb\"},\"inLanguage\":\"es\",\"potentialAction\":[{\"@type\":\"ReadAction\",\"target\":[\"https:\\\/\\\/quehacerpolitico.mx\\\/?p=14777\"]}]},{\"@type\":\"ImageObject\",\"inLanguage\":\"es\",\"@id\":\"https:\\\/\\\/quehacerpolitico.mx\\\/?p=14777#primaryimage\",\"url\":\"\",\"contentUrl\":\"\"},{\"@type\":\"BreadcrumbList\",\"@id\":\"https:\\\/\\\/quehacerpolitico.mx\\\/?p=14777#breadcrumb\",\"itemListElement\":[{\"@type\":\"ListItem\",\"position\":1,\"name\":\"Inicio\",\"item\":\"https:\\\/\\\/quehacerpolitico.mx\\\/\"},{\"@type\":\"ListItem\",\"position\":2,\"name\":\"Quince d\u00edas despu\u00e9s del homicidio de Sinar Corzo, otro activista es asesinado en Amat\u00e1n, Chiapas\"}]},{\"@type\":\"WebSite\",\"@id\":\"https:\\\/\\\/quehacerpolitico.mx\\\/#website\",\"url\":\"https:\\\/\\\/quehacerpolitico.mx\\\/\",\"name\":\"\",\"description\":\"\",\"potentialAction\":[{\"@type\":\"SearchAction\",\"target\":{\"@type\":\"EntryPoint\",\"urlTemplate\":\"https:\\\/\\\/quehacerpolitico.mx\\\/?s={search_term_string}\"},\"query-input\":{\"@type\":\"PropertyValueSpecification\",\"valueRequired\":true,\"valueName\":\"search_term_string\"}}],\"inLanguage\":\"es\"},{\"@type\":\"Person\",\"@id\":\"https:\\\/\\\/quehacerpolitico.mx\\\/#\\\/schema\\\/person\\\/496d8ad2d1d3f8036101dca7ee39e585\",\"name\":\"Redacci\u00f3n QP\",\"image\":{\"@type\":\"ImageObject\",\"inLanguage\":\"es\",\"@id\":\"https:\\\/\\\/secure.gravatar.com\\\/avatar\\\/c7164ed6fdec453195284ad24a5ae5b6e1eed2b848477fa2a4787ba9adf39a41?s=96&d=mm&r=g\",\"url\":\"https:\\\/\\\/secure.gravatar.com\\\/avatar\\\/c7164ed6fdec453195284ad24a5ae5b6e1eed2b848477fa2a4787ba9adf39a41?s=96&d=mm&r=g\",\"contentUrl\":\"https:\\\/\\\/secure.gravatar.com\\\/avatar\\\/c7164ed6fdec453195284ad24a5ae5b6e1eed2b848477fa2a4787ba9adf39a41?s=96&d=mm&r=g\",\"caption\":\"Redacci\u00f3n QP\"},\"url\":\"https:\\\/\\\/quehacerpolitico.mx\\\/?author=2\"}]}<\/script>\n<!-- \/ Yoast SEO plugin. -->","yoast_head_json":{"title":"Quince d\u00edas despu\u00e9s del homicidio de Sinar Corzo, otro activista es asesinado en Amat\u00e1n, Chiapas -","robots":{"index":"index","follow":"follow","max-snippet":"max-snippet:-1","max-image-preview":"max-image-preview:large","max-video-preview":"max-video-preview:-1"},"canonical":"https:\/\/quehacerpolitico.mx\/?p=14777","og_locale":"es_MX","og_type":"article","og_title":"Quince d\u00edas despu\u00e9s del homicidio de Sinar Corzo, otro activista es asesinado en Amat\u00e1n, Chiapas -","og_description":"Quince d\u00edas despu\u00e9s del homicidio de Sinar Corzo, otro activista es asesinado en Amat\u00e1n, Chiapas Por Redacci\u00f3n QP","og_url":"https:\/\/quehacerpolitico.mx\/?p=14777","article_published_time":"2019-01-19T23:02:51+00:00","author":"Redacci\u00f3n QP","twitter_card":"summary_large_image","twitter_misc":{"Escrito por":"Redacci\u00f3n QP","Tiempo de lectura":"3 minutos"},"schema":{"@context":"https:\/\/schema.org","@graph":[{"@type":"Article","@id":"https:\/\/quehacerpolitico.mx\/?p=14777#article","isPartOf":{"@id":"https:\/\/quehacerpolitico.mx\/?p=14777"},"author":{"name":"Redacci\u00f3n QP","@id":"https:\/\/quehacerpolitico.mx\/#\/schema\/person\/496d8ad2d1d3f8036101dca7ee39e585"},"headline":"Quince d\u00edas despu\u00e9s del homicidio de Sinar Corzo, otro activista es asesinado en Amat\u00e1n, Chiapas","datePublished":"2019-01-19T23:02:51+00:00","mainEntityOfPage":{"@id":"https:\/\/quehacerpolitico.mx\/?p=14777"},"wordCount":619,"commentCount":0,"image":{"@id":"https:\/\/quehacerpolitico.mx\/?p=14777#primaryimage"},"thumbnailUrl":"","articleSection":["Noticias"],"inLanguage":"es","potentialAction":[{"@type":"CommentAction","name":"Comment","target":["https:\/\/quehacerpolitico.mx\/?p=14777#respond"]}]},{"@type":"WebPage","@id":"https:\/\/quehacerpolitico.mx\/?p=14777","url":"https:\/\/quehacerpolitico.mx\/?p=14777","name":"Quince d\u00edas despu\u00e9s del homicidio de Sinar Corzo, otro activista es asesinado en Amat\u00e1n, Chiapas -","isPartOf":{"@id":"https:\/\/quehacerpolitico.mx\/#website"},"primaryImageOfPage":{"@id":"https:\/\/quehacerpolitico.mx\/?p=14777#primaryimage"},"image":{"@id":"https:\/\/quehacerpolitico.mx\/?p=14777#primaryimage"},"thumbnailUrl":"","datePublished":"2019-01-19T23:02:51+00:00","author":{"@id":"https:\/\/quehacerpolitico.mx\/#\/schema\/person\/496d8ad2d1d3f8036101dca7ee39e585"},"breadcrumb":{"@id":"https:\/\/quehacerpolitico.mx\/?p=14777#breadcrumb"},"inLanguage":"es","potentialAction":[{"@type":"ReadAction","target":["https:\/\/quehacerpolitico.mx\/?p=14777"]}]},{"@type":"ImageObject","inLanguage":"es","@id":"https:\/\/quehacerpolitico.mx\/?p=14777#primaryimage","url":"","contentUrl":""},{"@type":"BreadcrumbList","@id":"https:\/\/quehacerpolitico.mx\/?p=14777#breadcrumb","itemListElement":[{"@type":"ListItem","position":1,"name":"Inicio","item":"https:\/\/quehacerpolitico.mx\/"},{"@type":"ListItem","position":2,"name":"Quince d\u00edas despu\u00e9s del homicidio de Sinar Corzo, otro activista es asesinado en Amat\u00e1n, Chiapas"}]},{"@type":"WebSite","@id":"https:\/\/quehacerpolitico.mx\/#website","url":"https:\/\/quehacerpolitico.mx\/","name":"","description":"","potentialAction":[{"@type":"SearchAction","target":{"@type":"EntryPoint","urlTemplate":"https:\/\/quehacerpolitico.mx\/?s={search_term_string}"},"query-input":{"@type":"PropertyValueSpecification","valueRequired":true,"valueName":"search_term_string"}}],"inLanguage":"es"},{"@type":"Person","@id":"https:\/\/quehacerpolitico.mx\/#\/schema\/person\/496d8ad2d1d3f8036101dca7ee39e585","name":"Redacci\u00f3n QP","image":{"@type":"ImageObject","inLanguage":"es","@id":"https:\/\/secure.gravatar.com\/avatar\/c7164ed6fdec453195284ad24a5ae5b6e1eed2b848477fa2a4787ba9adf39a41?s=96&d=mm&r=g","url":"https:\/\/secure.gravatar.com\/avatar\/c7164ed6fdec453195284ad24a5ae5b6e1eed2b848477fa2a4787ba9adf39a41?s=96&d=mm&r=g","contentUrl":"https:\/\/secure.gravatar.com\/avatar\/c7164ed6fdec453195284ad24a5ae5b6e1eed2b848477fa2a4787ba9adf39a41?s=96&d=mm&r=g","caption":"Redacci\u00f3n QP"},"url":"https:\/\/quehacerpolitico.mx\/?author=2"}]}},"featured_image_urls":{"full":"","thumbnail":"","medium":"","medium_large":"","large":"","1536x1536":"","2048x2048":"","covernews-featured":"","covernews-medium":""},"author_info":{"display_name":"Redacci\u00f3n QP","author_link":"https:\/\/quehacerpolitico.mx\/?author=2"},"category_info":"<a href=\"https:\/\/quehacerpolitico.mx\/?cat=2\" rel=\"category\">Noticias<\/a>","tag_info":"Noticias","comment_count":"0","_links":{"self":[{"href":"https:\/\/quehacerpolitico.mx\/index.php?rest_route=\/wp\/v2\/posts\/14777","targetHints":{"allow":["GET"]}}],"collection":[{"href":"https:\/\/quehacerpolitico.mx\/index.php?rest_route=\/wp\/v2\/posts"}],"about":[{"href":"https:\/\/quehacerpolitico.mx\/index.php?rest_route=\/wp\/v2\/types\/post"}],"author":[{"embeddable":true,"href":"https:\/\/quehacerpolitico.mx\/index.php?rest_route=\/wp\/v2\/users\/2"}],"replies":[{"embeddable":true,"href":"https:\/\/quehacerpolitico.mx\/index.php?rest_route=%2Fwp%2Fv2%2Fcomments&post=14777"}],"version-history":[{"count":0,"href":"https:\/\/quehacerpolitico.mx\/index.php?rest_route=\/wp\/v2\/posts\/14777\/revisions"}],"wp:featuredmedia":[{"embeddable":true,"href":"https:\/\/quehacerpolitico.mx\/index.php?rest_route=\/"}],"wp:attachment":[{"href":"https:\/\/quehacerpolitico.mx\/index.php?rest_route=%2Fwp%2Fv2%2Fmedia&parent=14777"}],"wp:term":[{"taxonomy":"category","embeddable":true,"href":"https:\/\/quehacerpolitico.mx\/index.php?rest_route=%2Fwp%2Fv2%2Fcategories&post=14777"},{"taxonomy":"post_tag","embeddable":true,"href":"https:\/\/quehacerpolitico.mx\/index.php?rest_route=%2Fwp%2Fv2%2Ftags&post=14777"}],"curies":[{"name":"wp","href":"https:\/\/api.w.org\/{rel}","templated":true}]}}