{"id":14775,"date":"2019-01-19T22:53:59","date_gmt":"2019-01-19T22:53:59","guid":{"rendered":"http:\/\/quehacerpolitico.mx\/apoyaran-gobiernos-federal-y-estatal-a-familiares-de-victimas-de-explosion\/"},"modified":"2019-01-19T22:53:59","modified_gmt":"2019-01-19T22:53:59","slug":"apoyaran-gobiernos-federal-y-estatal-a-familiares-de-victimas-de-explosion","status":"publish","type":"post","link":"https:\/\/quehacerpolitico.mx\/?p=14775","title":{"rendered":"Apoyar\u00e1n gobiernos federal y estatal a familiares de v\u00edctimas de explosi\u00f3n"},"content":{"rendered":"<h1 class=\"amp-wp-title\">Apoyar\u00e1n gobiernos federal y estatal a familiares de v\u00edctimas de explosi\u00f3n<\/h1>\n<p>Por Redacci\u00f3n QP<\/p>\n<p><span class=\"amp-wp-inline-f62a86b1328cd4134bec55ddf6de989a\">El gobernador de Hidalgo, <\/span><b>Omar Fayad<\/b><span class=\"amp-wp-inline-f62a86b1328cd4134bec55ddf6de989a\">, inform\u00f3 que los gobiernos federal y estatal pagar\u00e1n los gastos funerarios y de hospitalizaci\u00f3n de los 71 fallecidos y 75 heridos por la explosi\u00f3n en Tlahuelilpan.<\/span><\/p>\n<blockquote>\n<p><span class=\"amp-wp-inline-f62a86b1328cd4134bec55ddf6de989a\">\u201cNo vamos a escatimar ning\u00fan apoyo, van a tener apoyo econ\u00f3mico, apoyo legal, apoyo funerario, todo el apoyo que la gente necesite, las familias y las v\u00edctimas\u201d, declar\u00f3 al llegar al Hospital Magdalena de las Salinas.<\/span><\/p>\n<\/blockquote>\n<p>P<b>idi\u00f3 a las familias<\/b><span class=\"amp-wp-inline-f62a86b1328cd4134bec55ddf6de989a\"> de los afectados tener en cuenta que hay instrucciones presidenciales para apoyarlos econ\u00f3micamente.<\/span><\/p>\n<blockquote>\n<p><span class=\"amp-wp-inline-f62a86b1328cd4134bec55ddf6de989a\">\u201cNo tengan preocupaci\u00f3n por lo que cuesten las cuentas de los hospitales, haremos un esfuerzo conjunto el gobierno de la Rep\u00fablica, me dec\u00eda el presidente L\u00f3pez Obrador que no escatimemos esfuerzos\u201d, dijo.<\/span><\/p>\n<\/blockquote>\n<p><span class=\"amp-wp-inline-f62a86b1328cd4134bec55ddf6de989a\">Reiter\u00f3 que <\/span><b>no van perseguir legalmente a los civiles<\/b><span class=\"amp-wp-inline-f62a86b1328cd4134bec55ddf6de989a\"> que participaron en el robo de combustible.<\/span><\/p>\n<p><span class=\"amp-wp-inline-f62a86b1328cd4134bec55ddf6de989a\">Esto debido a que los <\/span><b>calific\u00f3 como v\u00edctimas<\/b><span class=\"amp-wp-inline-f62a86b1328cd4134bec55ddf6de989a\"> que actuaron por necesidad ante el desbasto del gasolina<\/span><\/p>\n<blockquote>\n<p><span class=\"amp-wp-inline-f62a86b1328cd4134bec55ddf6de989a\">\u201cLa poblaci\u00f3n lo hace por necesidad, ten\u00eda cubetas y bidones y pens\u00f3 que era bueno ante la escasez que habido de hidrocarburos o ante la posibilidad de obtener un recurso extra\u201d, argument\u00f3.<\/span><\/p>\n<\/blockquote>\n<h3>Avanzan trabajos de rescate<\/h3>\n<p><span class=\"amp-wp-inline-f62a86b1328cd4134bec55ddf6de989a\">Declar\u00f3 que la mayor\u00eda de los <\/span><b>muertos por la explosi\u00f3n<\/b><span class=\"amp-wp-inline-f62a86b1328cd4134bec55ddf6de989a\"> est\u00e1n irreconocibles al quedar calcinados, por lo que tendr\u00e1n que ser sometidos a pruebas forenses.<\/span><\/p>\n<p><span class=\"amp-wp-inline-f62a86b1328cd4134bec55ddf6de989a\">El gobernador de Hidalgo <\/span><b>ha recorrido los diversos hospitales capitalinos<\/b><span class=\"amp-wp-inline-f62a86b1328cd4134bec55ddf6de989a\"> en los que han sido trasladados los lesionados por la explosi\u00f3n de una toma clandestina en el citado municipio.<\/span><\/p>\n<p><span class=\"amp-wp-inline-f62a86b1328cd4134bec55ddf6de989a\">El mandatario estatal dijo en <\/span><b>declaraciones a la prensa<\/b><span class=\"amp-wp-inline-f62a86b1328cd4134bec55ddf6de989a\"> que hasta el momento el n\u00famero de fallecidos aument\u00f3 a 71.<\/span><\/p>\n<p><span class=\"amp-wp-inline-f62a86b1328cd4134bec55ddf6de989a\">Esto al hallar m\u00e1s cuerpos en la<\/span><b> zona de la tragedia, ubicada en la poblaci\u00f3n de San Primitivo.<\/b><\/p>\n","protected":false},"excerpt":{"rendered":"<p>Apoyar\u00e1n gobiernos federal y estatal a familiares de v\u00edctimas de explosi\u00f3n<br \/>\nPor Redacci\u00f3n QP<\/p>\n","protected":false},"author":2,"featured_media":14774,"comment_status":"open","ping_status":"open","sticky":false,"template":"","format":"standard","meta":{"_monsterinsights_skip_tracking":false,"_monsterinsights_sitenote_active":false,"_monsterinsights_sitenote_note":"","_monsterinsights_sitenote_category":0,"footnotes":""},"categories":[2],"tags":[],"class_list":["post-14775","post","type-post","status-publish","format-standard","has-post-thumbnail","hentry","category-noticias"],"yoast_head":"<!-- This site is optimized with the Yoast SEO plugin v27.3 - https:\/\/yoast.com\/product\/yoast-seo-wordpress\/ -->\n<title>Apoyar\u00e1n gobiernos federal y estatal a familiares de v\u00edctimas de explosi\u00f3n -<\/title>\n<meta name=\"robots\" content=\"index, follow, max-snippet:-1, max-image-preview:large, max-video-preview:-1\" \/>\n<link rel=\"canonical\" href=\"https:\/\/quehacerpolitico.mx\/?p=14775\" \/>\n<meta property=\"og:locale\" content=\"es_MX\" \/>\n<meta property=\"og:type\" content=\"article\" \/>\n<meta property=\"og:title\" content=\"Apoyar\u00e1n gobiernos federal y estatal a familiares de v\u00edctimas de explosi\u00f3n -\" \/>\n<meta property=\"og:description\" content=\"Apoyar\u00e1n gobiernos federal y estatal a familiares de v\u00edctimas de explosi\u00f3n Por Redacci\u00f3n QP\" \/>\n<meta property=\"og:url\" content=\"https:\/\/quehacerpolitico.mx\/?p=14775\" \/>\n<meta property=\"article:published_time\" content=\"2019-01-19T22:53:59+00:00\" \/>\n<meta name=\"author\" content=\"Redacci\u00f3n QP\" \/>\n<meta name=\"twitter:card\" content=\"summary_large_image\" \/>\n<meta name=\"twitter:label1\" content=\"Escrito por\" \/>\n\t<meta name=\"twitter:data1\" content=\"Redacci\u00f3n QP\" \/>\n\t<meta name=\"twitter:label2\" content=\"Tiempo de lectura\" \/>\n\t<meta name=\"twitter:data2\" content=\"2 minutos\" \/>\n<script type=\"application\/ld+json\" class=\"yoast-schema-graph\">{\"@context\":\"https:\\\/\\\/schema.org\",\"@graph\":[{\"@type\":\"Article\",\"@id\":\"https:\\\/\\\/quehacerpolitico.mx\\\/?p=14775#article\",\"isPartOf\":{\"@id\":\"https:\\\/\\\/quehacerpolitico.mx\\\/?p=14775\"},\"author\":{\"name\":\"Redacci\u00f3n QP\",\"@id\":\"https:\\\/\\\/quehacerpolitico.mx\\\/#\\\/schema\\\/person\\\/496d8ad2d1d3f8036101dca7ee39e585\"},\"headline\":\"Apoyar\u00e1n gobiernos federal y estatal a familiares de v\u00edctimas de explosi\u00f3n\",\"datePublished\":\"2019-01-19T22:53:59+00:00\",\"mainEntityOfPage\":{\"@id\":\"https:\\\/\\\/quehacerpolitico.mx\\\/?p=14775\"},\"wordCount\":329,\"commentCount\":0,\"image\":{\"@id\":\"https:\\\/\\\/quehacerpolitico.mx\\\/?p=14775#primaryimage\"},\"thumbnailUrl\":\"\",\"articleSection\":[\"Noticias\"],\"inLanguage\":\"es\",\"potentialAction\":[{\"@type\":\"CommentAction\",\"name\":\"Comment\",\"target\":[\"https:\\\/\\\/quehacerpolitico.mx\\\/?p=14775#respond\"]}]},{\"@type\":\"WebPage\",\"@id\":\"https:\\\/\\\/quehacerpolitico.mx\\\/?p=14775\",\"url\":\"https:\\\/\\\/quehacerpolitico.mx\\\/?p=14775\",\"name\":\"Apoyar\u00e1n gobiernos federal y estatal a familiares de v\u00edctimas de explosi\u00f3n -\",\"isPartOf\":{\"@id\":\"https:\\\/\\\/quehacerpolitico.mx\\\/#website\"},\"primaryImageOfPage\":{\"@id\":\"https:\\\/\\\/quehacerpolitico.mx\\\/?p=14775#primaryimage\"},\"image\":{\"@id\":\"https:\\\/\\\/quehacerpolitico.mx\\\/?p=14775#primaryimage\"},\"thumbnailUrl\":\"\",\"datePublished\":\"2019-01-19T22:53:59+00:00\",\"author\":{\"@id\":\"https:\\\/\\\/quehacerpolitico.mx\\\/#\\\/schema\\\/person\\\/496d8ad2d1d3f8036101dca7ee39e585\"},\"breadcrumb\":{\"@id\":\"https:\\\/\\\/quehacerpolitico.mx\\\/?p=14775#breadcrumb\"},\"inLanguage\":\"es\",\"potentialAction\":[{\"@type\":\"ReadAction\",\"target\":[\"https:\\\/\\\/quehacerpolitico.mx\\\/?p=14775\"]}]},{\"@type\":\"ImageObject\",\"inLanguage\":\"es\",\"@id\":\"https:\\\/\\\/quehacerpolitico.mx\\\/?p=14775#primaryimage\",\"url\":\"\",\"contentUrl\":\"\"},{\"@type\":\"BreadcrumbList\",\"@id\":\"https:\\\/\\\/quehacerpolitico.mx\\\/?p=14775#breadcrumb\",\"itemListElement\":[{\"@type\":\"ListItem\",\"position\":1,\"name\":\"Inicio\",\"item\":\"https:\\\/\\\/quehacerpolitico.mx\\\/\"},{\"@type\":\"ListItem\",\"position\":2,\"name\":\"Apoyar\u00e1n gobiernos federal y estatal a familiares de v\u00edctimas de explosi\u00f3n\"}]},{\"@type\":\"WebSite\",\"@id\":\"https:\\\/\\\/quehacerpolitico.mx\\\/#website\",\"url\":\"https:\\\/\\\/quehacerpolitico.mx\\\/\",\"name\":\"\",\"description\":\"\",\"potentialAction\":[{\"@type\":\"SearchAction\",\"target\":{\"@type\":\"EntryPoint\",\"urlTemplate\":\"https:\\\/\\\/quehacerpolitico.mx\\\/?s={search_term_string}\"},\"query-input\":{\"@type\":\"PropertyValueSpecification\",\"valueRequired\":true,\"valueName\":\"search_term_string\"}}],\"inLanguage\":\"es\"},{\"@type\":\"Person\",\"@id\":\"https:\\\/\\\/quehacerpolitico.mx\\\/#\\\/schema\\\/person\\\/496d8ad2d1d3f8036101dca7ee39e585\",\"name\":\"Redacci\u00f3n QP\",\"image\":{\"@type\":\"ImageObject\",\"inLanguage\":\"es\",\"@id\":\"https:\\\/\\\/secure.gravatar.com\\\/avatar\\\/c7164ed6fdec453195284ad24a5ae5b6e1eed2b848477fa2a4787ba9adf39a41?s=96&d=mm&r=g\",\"url\":\"https:\\\/\\\/secure.gravatar.com\\\/avatar\\\/c7164ed6fdec453195284ad24a5ae5b6e1eed2b848477fa2a4787ba9adf39a41?s=96&d=mm&r=g\",\"contentUrl\":\"https:\\\/\\\/secure.gravatar.com\\\/avatar\\\/c7164ed6fdec453195284ad24a5ae5b6e1eed2b848477fa2a4787ba9adf39a41?s=96&d=mm&r=g\",\"caption\":\"Redacci\u00f3n QP\"},\"url\":\"https:\\\/\\\/quehacerpolitico.mx\\\/?author=2\"}]}<\/script>\n<!-- \/ Yoast SEO plugin. -->","yoast_head_json":{"title":"Apoyar\u00e1n gobiernos federal y estatal a familiares de v\u00edctimas de explosi\u00f3n -","robots":{"index":"index","follow":"follow","max-snippet":"max-snippet:-1","max-image-preview":"max-image-preview:large","max-video-preview":"max-video-preview:-1"},"canonical":"https:\/\/quehacerpolitico.mx\/?p=14775","og_locale":"es_MX","og_type":"article","og_title":"Apoyar\u00e1n gobiernos federal y estatal a familiares de v\u00edctimas de explosi\u00f3n -","og_description":"Apoyar\u00e1n gobiernos federal y estatal a familiares de v\u00edctimas de explosi\u00f3n Por Redacci\u00f3n QP","og_url":"https:\/\/quehacerpolitico.mx\/?p=14775","article_published_time":"2019-01-19T22:53:59+00:00","author":"Redacci\u00f3n QP","twitter_card":"summary_large_image","twitter_misc":{"Escrito por":"Redacci\u00f3n QP","Tiempo de lectura":"2 minutos"},"schema":{"@context":"https:\/\/schema.org","@graph":[{"@type":"Article","@id":"https:\/\/quehacerpolitico.mx\/?p=14775#article","isPartOf":{"@id":"https:\/\/quehacerpolitico.mx\/?p=14775"},"author":{"name":"Redacci\u00f3n QP","@id":"https:\/\/quehacerpolitico.mx\/#\/schema\/person\/496d8ad2d1d3f8036101dca7ee39e585"},"headline":"Apoyar\u00e1n gobiernos federal y estatal a familiares de v\u00edctimas de explosi\u00f3n","datePublished":"2019-01-19T22:53:59+00:00","mainEntityOfPage":{"@id":"https:\/\/quehacerpolitico.mx\/?p=14775"},"wordCount":329,"commentCount":0,"image":{"@id":"https:\/\/quehacerpolitico.mx\/?p=14775#primaryimage"},"thumbnailUrl":"","articleSection":["Noticias"],"inLanguage":"es","potentialAction":[{"@type":"CommentAction","name":"Comment","target":["https:\/\/quehacerpolitico.mx\/?p=14775#respond"]}]},{"@type":"WebPage","@id":"https:\/\/quehacerpolitico.mx\/?p=14775","url":"https:\/\/quehacerpolitico.mx\/?p=14775","name":"Apoyar\u00e1n gobiernos federal y estatal a familiares de v\u00edctimas de explosi\u00f3n -","isPartOf":{"@id":"https:\/\/quehacerpolitico.mx\/#website"},"primaryImageOfPage":{"@id":"https:\/\/quehacerpolitico.mx\/?p=14775#primaryimage"},"image":{"@id":"https:\/\/quehacerpolitico.mx\/?p=14775#primaryimage"},"thumbnailUrl":"","datePublished":"2019-01-19T22:53:59+00:00","author":{"@id":"https:\/\/quehacerpolitico.mx\/#\/schema\/person\/496d8ad2d1d3f8036101dca7ee39e585"},"breadcrumb":{"@id":"https:\/\/quehacerpolitico.mx\/?p=14775#breadcrumb"},"inLanguage":"es","potentialAction":[{"@type":"ReadAction","target":["https:\/\/quehacerpolitico.mx\/?p=14775"]}]},{"@type":"ImageObject","inLanguage":"es","@id":"https:\/\/quehacerpolitico.mx\/?p=14775#primaryimage","url":"","contentUrl":""},{"@type":"BreadcrumbList","@id":"https:\/\/quehacerpolitico.mx\/?p=14775#breadcrumb","itemListElement":[{"@type":"ListItem","position":1,"name":"Inicio","item":"https:\/\/quehacerpolitico.mx\/"},{"@type":"ListItem","position":2,"name":"Apoyar\u00e1n gobiernos federal y estatal a familiares de v\u00edctimas de explosi\u00f3n"}]},{"@type":"WebSite","@id":"https:\/\/quehacerpolitico.mx\/#website","url":"https:\/\/quehacerpolitico.mx\/","name":"","description":"","potentialAction":[{"@type":"SearchAction","target":{"@type":"EntryPoint","urlTemplate":"https:\/\/quehacerpolitico.mx\/?s={search_term_string}"},"query-input":{"@type":"PropertyValueSpecification","valueRequired":true,"valueName":"search_term_string"}}],"inLanguage":"es"},{"@type":"Person","@id":"https:\/\/quehacerpolitico.mx\/#\/schema\/person\/496d8ad2d1d3f8036101dca7ee39e585","name":"Redacci\u00f3n QP","image":{"@type":"ImageObject","inLanguage":"es","@id":"https:\/\/secure.gravatar.com\/avatar\/c7164ed6fdec453195284ad24a5ae5b6e1eed2b848477fa2a4787ba9adf39a41?s=96&d=mm&r=g","url":"https:\/\/secure.gravatar.com\/avatar\/c7164ed6fdec453195284ad24a5ae5b6e1eed2b848477fa2a4787ba9adf39a41?s=96&d=mm&r=g","contentUrl":"https:\/\/secure.gravatar.com\/avatar\/c7164ed6fdec453195284ad24a5ae5b6e1eed2b848477fa2a4787ba9adf39a41?s=96&d=mm&r=g","caption":"Redacci\u00f3n QP"},"url":"https:\/\/quehacerpolitico.mx\/?author=2"}]}},"featured_image_urls":{"full":"","thumbnail":"","medium":"","medium_large":"","large":"","1536x1536":"","2048x2048":"","covernews-featured":"","covernews-medium":""},"author_info":{"display_name":"Redacci\u00f3n QP","author_link":"https:\/\/quehacerpolitico.mx\/?author=2"},"category_info":"<a href=\"https:\/\/quehacerpolitico.mx\/?cat=2\" rel=\"category\">Noticias<\/a>","tag_info":"Noticias","comment_count":"0","_links":{"self":[{"href":"https:\/\/quehacerpolitico.mx\/index.php?rest_route=\/wp\/v2\/posts\/14775","targetHints":{"allow":["GET"]}}],"collection":[{"href":"https:\/\/quehacerpolitico.mx\/index.php?rest_route=\/wp\/v2\/posts"}],"about":[{"href":"https:\/\/quehacerpolitico.mx\/index.php?rest_route=\/wp\/v2\/types\/post"}],"author":[{"embeddable":true,"href":"https:\/\/quehacerpolitico.mx\/index.php?rest_route=\/wp\/v2\/users\/2"}],"replies":[{"embeddable":true,"href":"https:\/\/quehacerpolitico.mx\/index.php?rest_route=%2Fwp%2Fv2%2Fcomments&post=14775"}],"version-history":[{"count":0,"href":"https:\/\/quehacerpolitico.mx\/index.php?rest_route=\/wp\/v2\/posts\/14775\/revisions"}],"wp:featuredmedia":[{"embeddable":true,"href":"https:\/\/quehacerpolitico.mx\/index.php?rest_route=\/"}],"wp:attachment":[{"href":"https:\/\/quehacerpolitico.mx\/index.php?rest_route=%2Fwp%2Fv2%2Fmedia&parent=14775"}],"wp:term":[{"taxonomy":"category","embeddable":true,"href":"https:\/\/quehacerpolitico.mx\/index.php?rest_route=%2Fwp%2Fv2%2Fcategories&post=14775"},{"taxonomy":"post_tag","embeddable":true,"href":"https:\/\/quehacerpolitico.mx\/index.php?rest_route=%2Fwp%2Fv2%2Ftags&post=14775"}],"curies":[{"name":"wp","href":"https:\/\/api.w.org\/{rel}","templated":true}]}}