{"id":14769,"date":"2019-01-19T20:21:50","date_gmt":"2019-01-19T20:21:50","guid":{"rendered":"http:\/\/quehacerpolitico.mx\/40-anos-contando-cuentos-infantiles\/"},"modified":"2019-01-19T20:21:50","modified_gmt":"2019-01-19T20:21:50","slug":"40-anos-contando-cuentos-infantiles","status":"publish","type":"post","link":"https:\/\/quehacerpolitico.mx\/?p=14769","title":{"rendered":"40 a\u00f1os contando cuentos infantiles"},"content":{"rendered":"<h1 class=\"news-title\">40 a\u00f1os contando cuentos infantiles<\/h1>\n<p>Por Redacci\u00f3n QP<\/p>\n<header class=\"news-header\">\n<div class=\"news-subtitle\">\n<p>La editorial Ekar\u00e9 celebra su aniversario de hacer literatura ilustrada para el p\u00fablico infantil y juvenil, especialmente para el latinoamericano<\/p>\n<\/div>\n<\/header>\n<div class=\"news-content\">\n<div class=\"news-body row\">\n<p>En octubre de 1978 en Venezuela, Ediciones Ekar\u00e9 public\u00f3 su primer libro. Y a 40 a\u00f1os de su nacimiento, la convicci\u00f3n de hacer literatura ilustrada para audiencias j\u00f3venes, que tambi\u00e9n impacte en los adultos, sigue m\u00e1s fuerte que nunca. Pablo Larragu\u00edbel, editor de esta firma venezolana que tambi\u00e9n tiene oficina en Barcelona, Espa\u00f1a, cuenta la importancia de mantenerse vigentes:<\/p>\n<p><strong>\u201cEdiciones Ekar\u00e9 naci\u00f3 en Caracas en 1978 como un programa del Banco del Libro, una instituci\u00f3n dedicada a la promoci\u00f3n de la lectura, que intentaba dotar a las bibliotecas p\u00fablicas de acervo suficiente para poder ofrecer una diversidad de material de lectura en general, pero sobre todo con \u00e9nfasis en la infancia\u201d.<\/strong><\/p>\n<p>La palabra \u201cekar\u00e9\u201d fue tomada de la lengua de la etnia Pem\u00f3n, que habita en el sureste de Venezuela y significa \u201cnarraci\u00f3n nueva o verdadera\u201d y, en un contexto m\u00e1s amplio, simplemente historia o cuento.<\/p>\n<p>\u201cHemos de recordar que en esta \u00e9poca no hab\u00eda una sola editorial en Am\u00e9rica Latina especializada en libros ilustrados para ni\u00f1os, y en Espa\u00f1a apenas Editorial Juventud publicaba como parte importante de su cat\u00e1logo libros para ni\u00f1os, el resto de las publicaciones de textos para el p\u00fablico infantil estaba en manos de los grandes grupos de los departamentos dedicados a textos escolares\u201d, recuerda el editor.<\/p>\n<p>As\u00ed, relata Pablo, la idea de Ediciones Ekar\u00e9 era hacer libros tan buenos como los que ven\u00edan de fuera, \u201cp<strong>ero reflejando las realidades del lector en principio venezolano, pero despu\u00e9s latinoamericano. Los lectores de Venezuela en esa \u00e9poca ten\u00edan muchos libros \u2018ventana\u2019 que reflejaban otros mundos: Navidad con nieve, ni\u00f1os rubios, casitas suizas. Entonces, la idea de la editorial fue reflejar la propia realidad, el entorno, que las historias fueran narradas e ilustradas en estos libros con el reflejo latinoamericano\u201d.<\/strong><\/p>\n<h4>Por m\u00e1s calidad<\/h4>\n<p>Ekar\u00e9 es asiduo a la Feria Internacional de Libro en Guadalajara (FIL) desde hace un par de a\u00f1os, en \u00e9sta participa en charlas y eventos; la pasada edici\u00f3n de la feria, tuvo una recepci\u00f3n en su stand para celebrar su aniversario n\u00famero 40, entre amigos y lectores. Pablo destaca que m\u00e1s que celebrar, es el compromiso de seguir trabajando para las audiencias j\u00f3venes. \u201c<strong>Ya han pasado muchos a\u00f1os, cuando comenz\u00f3 la editorial nadie supon\u00eda los devenires pol\u00edticos, ni los devenires internos de la editorial y as\u00ed en 2001, la editorial, intentando demostrarse a s\u00ed misma y explorando un nuevo mercado, abri\u00f3 una oficina en Espa\u00f1a para ver si era capaz de competir con las grandes editoriales y ver si est\u00e1bamos a la altura de ello \u201c.<\/strong><\/p>\n<p>La oficina en Barcelona tambi\u00e9n funciona como centro de operaciones mundiales, de ah\u00ed manejan las exportaciones al resto de Am\u00e9rica Latina. Pablo recalca que no es que sean un grupo oneroso, pero s\u00ed muy trabajador que siguen en pie laborando arduamente por la literatura ilustrada y para seguir conectando con sus audiencias a trav\u00e9s de textos inteligentes, frescos y con el mejor equipo posible:<\/p>\n<p>\u00a0\u201cLa editorial quiere seguir publicando literatura, buenas historias que emocionen, no nos gusta la clasificaci\u00f3n infantil, estamos convencidos de que un buen libro para ni\u00f1os debe ser tambi\u00e9n un buen libro para adultos\u201d.\u00a0<\/p>\n<h3>M\u00e1s libros infantiles y juveniles<\/h3>\n<h4>T\u00edtulo: \u201c\u00bfMe planchas mi elefante, por favor?\u201d<\/h4>\n<div>\n<figure class=\"image\"><img decoding=\"async\" title=\"\" src=\"https:\/\/www.informador.mx\/export\/sites\/elinformador\/img\/2019\/01\/19\/imagen_me_planchas_elefante.jpg_1810055820.jpg\" alt=\"\" hspace=\"5\" vspace=\"5\" data-height=\"423\" data-size=\"w:439,h:423\" data-width=\"439\" \/><\/figure>\n<\/div>\n<p><strong>Autor:<\/strong> Rafael Barajas<\/p>\n<p><strong>Editorial:<\/strong> Fondo de Cultura Econ\u00f3mica<\/p>\n<p>Sim\u00f3n es un ni\u00f1o que no puede decir que \u201cno\u201d, cada que le hagan la petici\u00f3n \u201cpor favor\u201d; cuando sus compa\u00f1eros de clase se dan cuenta de esto, le piden todo tipo de favores, e incluso sus profesores comienzan a hacerlo tambi\u00e9n&#8230;<\/p>\n<h4>T\u00edtulo: \u201cSoy una ni\u00f1a rebelde. Un diario para comenzar revoluciones\u201d<\/h4>\n<div>\n<figure class=\"image\"><img decoding=\"async\" title=\"\" src=\"https:\/\/www.informador.mx\/export\/sites\/elinformador\/img\/2019\/01\/19\/imagen_portada_soy-una-nina-rebelde-un-diar_x10727883x.jpg_173470321.jpg\" alt=\"\" hspace=\"5\" vspace=\"5\" data-height=\"979\" data-size=\"w:945,h:1323\" data-width=\"700\" \/><\/figure>\n<\/div>\n<p><strong>Autor:<\/strong> Elena Favilli y Francesca Cavallo<\/p>\n<p><strong>Editorial<\/strong>: Planeta<\/p>\n<p>Este diario ilustrado \u00a0incluye cien actividades dise\u00f1adas para ayudar a entrenar el esp\u00edritu rebelde de las ni\u00f1as, quienes se podr\u00e1n diburjar escalando una monta\u00f1a, escribir cartas y hacer grandes planes.<\/p>\n<h4>T\u00edtulo: \u201cDestripando la historia. Los mayores villanos\u201d.<\/h4>\n<div>\n<figure class=\"image\"><img decoding=\"async\" title=\"\" src=\"https:\/\/www.informador.mx\/export\/sites\/elinformador\/img\/2019\/01\/19\/imagen_9786073172554.jpg_671147139.jpg\" alt=\"\" hspace=\"5\" vspace=\"5\" data-height=\"940\" data-size=\"w:650,h:940\" data-width=\"650\" \/><\/figure>\n<\/div>\n<p><strong>Autor:<\/strong> \u00c1lvaro Pascual y Rodrigo Septien<\/p>\n<p><strong>Editorial:<\/strong> Alfaguara Infantil<\/p>\n<p>Este libro desvela, descubre y \u201cdestripa\u201d el origen de las personas m\u00e1s desleales, infames, indignas y fascinantes de nuestra historia. Todo a trav\u00e9s de ilustraciones y mucho humor que ha caracterizado a sus autores, Pascu y Rodri, en su canal de Youtube.<\/p>\n<h4>T\u00edtulo: \u201cUn viaje c\u00f3smico a Puerto Ficci\u00f3n\u201d<\/h4>\n<div>\n<figure class=\"image\"><img decoding=\"async\" title=\"\" src=\"https:\/\/www.informador.mx\/export\/sites\/elinformador\/img\/2019\/01\/19\/imagen_viaje_cosmico.jpg_1926096504.jpg\" alt=\"\" hspace=\"5\" vspace=\"5\" data-height=\"529\" data-size=\"w:395,h:529\" data-width=\"395\" \/><\/figure>\n<\/div>\n<p><strong>Autor:<\/strong> Juan Pablo Villalobos<\/p>\n<p><strong>Editorial:<\/strong> Fondo de Cultura Econ\u00f3mica<\/p>\n<p>Una pandilla de amigos decide ir a la taquer\u00eda, bajo las \u00f3rdenes de Nellie, quien se cree la l\u00edder; uno de ellos ten\u00eda que lograr que los Sagrados Tacos fueran un regalo. Sin embargo, un hecho inesperado sucedi\u00f3, y los peores problemas llegaron, junto con Willy, la visita m\u00e1s ins\u00f3lita en la vida de Puerto Ficci\u00f3n.<\/p>\n<h4>T\u00edtulo: \u201cRobot salvaje\u201d<\/h4>\n<div>\n<figure class=\"image\"><img decoding=\"async\" title=\"\" src=\"https:\/\/www.informador.mx\/export\/sites\/elinformador\/img\/2019\/01\/19\/imagen_portada_robot-salvaje_peter-brown_20_x10727887x.jpg_954549291.jpg\" alt=\"\" hspace=\"5\" vspace=\"5\" data-height=\"1130\" data-size=\"w:945,h:1526\" data-width=\"700\" \/><\/figure>\n<\/div>\n<p><strong>Autor:<\/strong> Peter Brown<\/p>\n<p><strong>Editorial: <\/strong>Planeta Infantil<\/p>\n<p>Cuando Roz abre los ojos por primera vez, descubre que est\u00e1 sola en una isla remota y salvaje. No tiene idea de c\u00f3mo lleg\u00f3 ah\u00ed o con qu\u00e9 prop\u00f3sito, pero sabe que necesita sobrevivir.<\/p>\n<h4>T\u00edtulo: \u201cVistmond, el cuartel de los sue\u00f1os\u201d<\/h4>\n<div>\n<figure class=\"image\"><img decoding=\"async\" title=\"\" src=\"https:\/\/www.informador.mx\/export\/sites\/elinformador\/img\/2019\/01\/19\/imagen_9786073169523.jpg_858393481.jpg\" alt=\"\" hspace=\"5\" vspace=\"5\" data-height=\"1048\" data-size=\"w:650,h:1048\" data-width=\"650\" \/><\/figure>\n<\/div>\n<p><strong>Autor:<\/strong> Isabella de la Torre<\/p>\n<p><strong>Editorial:<\/strong> Altea.<\/p>\n<p>Tras resignarse a conservar un atrapasue\u00f1os que no deja de perseguirlo, Yael cae abruptamente en otra dimensi\u00f3n: es el fant\u00e1stico mundo de Vistmond. A\u00fan no sabe que tiene una misi\u00f3n importante y que el atrapasue\u00f1os ser\u00e1 su gu\u00eda. Sus dos mejores amigos, Diego y Mar\u00eda, por diversas razones, llegar\u00e1n tambi\u00e9n a este fabuloso lugar, donde conocer\u00e1n a maestros de diversas artes, gigantes, enanos y otros grandiosos personajes que les ense\u00f1ar\u00e1n el valor de los sue\u00f1os.<\/p>\n<h4>T\u00edtulo: \u201cEl oso que le\u00eda ni\u00f1os\u201d<\/h4>\n<div>\n<figure class=\"image\"><img decoding=\"async\" title=\"\" src=\"https:\/\/www.informador.mx\/export\/sites\/elinformador\/img\/2019\/01\/19\/imagen_185529_214059.jpg_54362695.jpg\" alt=\"\" hspace=\"5\" vspace=\"5\" data-height=\"950\" data-size=\"w:600,h:950\" data-width=\"600\" \/><\/figure>\n<\/div>\n<p><strong>Autor:<\/strong> Gonzalo Moure<\/p>\n<p><strong>Editorial:<\/strong> El barco de vapor<\/p>\n<p>\u00d1um-\u00d1um viv\u00eda en el bosque hasta que un d\u00eda se lo llevaron. Entonces descubri\u00f3 que no era un osezno normal, sino un osito de cuento, capaz de leer las historias de los ni\u00f1os que lo le\u00edan. Por eso, cuando leas este libro, \u00d1um-\u00d1um tambi\u00e9n podr\u00e1 leerte a ti. Una novela conmovedora que hace reflexionar sobre la acci\u00f3n del ser humano en la naturaleza.<\/p>\n<\/div>\n<\/div>\n","protected":false},"excerpt":{"rendered":"<p>40 a\u00f1os contando cuentos infantiles<br \/>\nPor Redacci\u00f3n QP<\/p>\n","protected":false},"author":2,"featured_media":14768,"comment_status":"open","ping_status":"open","sticky":false,"template":"","format":"standard","meta":{"_monsterinsights_skip_tracking":false,"_monsterinsights_sitenote_active":false,"_monsterinsights_sitenote_note":"","_monsterinsights_sitenote_category":0,"footnotes":""},"categories":[58],"tags":[],"class_list":["post-14769","post","type-post","status-publish","format-standard","has-post-thumbnail","hentry","category-cultura"],"yoast_head":"<!-- This site is optimized with the Yoast SEO plugin v27.3 - https:\/\/yoast.com\/product\/yoast-seo-wordpress\/ -->\n<title>40 a\u00f1os contando cuentos infantiles -<\/title>\n<meta name=\"robots\" content=\"index, follow, max-snippet:-1, max-image-preview:large, max-video-preview:-1\" \/>\n<link rel=\"canonical\" href=\"https:\/\/quehacerpolitico.mx\/?p=14769\" \/>\n<meta property=\"og:locale\" content=\"es_MX\" \/>\n<meta property=\"og:type\" content=\"article\" \/>\n<meta property=\"og:title\" content=\"40 a\u00f1os contando cuentos infantiles -\" \/>\n<meta property=\"og:description\" content=\"40 a\u00f1os contando cuentos infantiles Por Redacci\u00f3n QP\" \/>\n<meta property=\"og:url\" content=\"https:\/\/quehacerpolitico.mx\/?p=14769\" \/>\n<meta property=\"article:published_time\" content=\"2019-01-19T20:21:50+00:00\" \/>\n<meta name=\"author\" content=\"Redacci\u00f3n QP\" \/>\n<meta name=\"twitter:card\" content=\"summary_large_image\" \/>\n<meta name=\"twitter:label1\" content=\"Escrito por\" \/>\n\t<meta name=\"twitter:data1\" content=\"Redacci\u00f3n QP\" \/>\n\t<meta name=\"twitter:label2\" content=\"Tiempo de lectura\" \/>\n\t<meta name=\"twitter:data2\" content=\"5 minutos\" \/>\n<script type=\"application\/ld+json\" class=\"yoast-schema-graph\">{\"@context\":\"https:\\\/\\\/schema.org\",\"@graph\":[{\"@type\":\"Article\",\"@id\":\"https:\\\/\\\/quehacerpolitico.mx\\\/?p=14769#article\",\"isPartOf\":{\"@id\":\"https:\\\/\\\/quehacerpolitico.mx\\\/?p=14769\"},\"author\":{\"name\":\"Redacci\u00f3n QP\",\"@id\":\"https:\\\/\\\/quehacerpolitico.mx\\\/#\\\/schema\\\/person\\\/496d8ad2d1d3f8036101dca7ee39e585\"},\"headline\":\"40 a\u00f1os contando cuentos infantiles\",\"datePublished\":\"2019-01-19T20:21:50+00:00\",\"mainEntityOfPage\":{\"@id\":\"https:\\\/\\\/quehacerpolitico.mx\\\/?p=14769\"},\"wordCount\":1096,\"commentCount\":0,\"image\":{\"@id\":\"https:\\\/\\\/quehacerpolitico.mx\\\/?p=14769#primaryimage\"},\"thumbnailUrl\":\"\",\"articleSection\":[\"Cultura y Entretenimiento\"],\"inLanguage\":\"es\",\"potentialAction\":[{\"@type\":\"CommentAction\",\"name\":\"Comment\",\"target\":[\"https:\\\/\\\/quehacerpolitico.mx\\\/?p=14769#respond\"]}]},{\"@type\":\"WebPage\",\"@id\":\"https:\\\/\\\/quehacerpolitico.mx\\\/?p=14769\",\"url\":\"https:\\\/\\\/quehacerpolitico.mx\\\/?p=14769\",\"name\":\"40 a\u00f1os contando cuentos infantiles -\",\"isPartOf\":{\"@id\":\"https:\\\/\\\/quehacerpolitico.mx\\\/#website\"},\"primaryImageOfPage\":{\"@id\":\"https:\\\/\\\/quehacerpolitico.mx\\\/?p=14769#primaryimage\"},\"image\":{\"@id\":\"https:\\\/\\\/quehacerpolitico.mx\\\/?p=14769#primaryimage\"},\"thumbnailUrl\":\"\",\"datePublished\":\"2019-01-19T20:21:50+00:00\",\"author\":{\"@id\":\"https:\\\/\\\/quehacerpolitico.mx\\\/#\\\/schema\\\/person\\\/496d8ad2d1d3f8036101dca7ee39e585\"},\"breadcrumb\":{\"@id\":\"https:\\\/\\\/quehacerpolitico.mx\\\/?p=14769#breadcrumb\"},\"inLanguage\":\"es\",\"potentialAction\":[{\"@type\":\"ReadAction\",\"target\":[\"https:\\\/\\\/quehacerpolitico.mx\\\/?p=14769\"]}]},{\"@type\":\"ImageObject\",\"inLanguage\":\"es\",\"@id\":\"https:\\\/\\\/quehacerpolitico.mx\\\/?p=14769#primaryimage\",\"url\":\"\",\"contentUrl\":\"\"},{\"@type\":\"BreadcrumbList\",\"@id\":\"https:\\\/\\\/quehacerpolitico.mx\\\/?p=14769#breadcrumb\",\"itemListElement\":[{\"@type\":\"ListItem\",\"position\":1,\"name\":\"Inicio\",\"item\":\"https:\\\/\\\/quehacerpolitico.mx\\\/\"},{\"@type\":\"ListItem\",\"position\":2,\"name\":\"40 a\u00f1os contando cuentos infantiles\"}]},{\"@type\":\"WebSite\",\"@id\":\"https:\\\/\\\/quehacerpolitico.mx\\\/#website\",\"url\":\"https:\\\/\\\/quehacerpolitico.mx\\\/\",\"name\":\"\",\"description\":\"\",\"potentialAction\":[{\"@type\":\"SearchAction\",\"target\":{\"@type\":\"EntryPoint\",\"urlTemplate\":\"https:\\\/\\\/quehacerpolitico.mx\\\/?s={search_term_string}\"},\"query-input\":{\"@type\":\"PropertyValueSpecification\",\"valueRequired\":true,\"valueName\":\"search_term_string\"}}],\"inLanguage\":\"es\"},{\"@type\":\"Person\",\"@id\":\"https:\\\/\\\/quehacerpolitico.mx\\\/#\\\/schema\\\/person\\\/496d8ad2d1d3f8036101dca7ee39e585\",\"name\":\"Redacci\u00f3n QP\",\"image\":{\"@type\":\"ImageObject\",\"inLanguage\":\"es\",\"@id\":\"https:\\\/\\\/secure.gravatar.com\\\/avatar\\\/c7164ed6fdec453195284ad24a5ae5b6e1eed2b848477fa2a4787ba9adf39a41?s=96&d=mm&r=g\",\"url\":\"https:\\\/\\\/secure.gravatar.com\\\/avatar\\\/c7164ed6fdec453195284ad24a5ae5b6e1eed2b848477fa2a4787ba9adf39a41?s=96&d=mm&r=g\",\"contentUrl\":\"https:\\\/\\\/secure.gravatar.com\\\/avatar\\\/c7164ed6fdec453195284ad24a5ae5b6e1eed2b848477fa2a4787ba9adf39a41?s=96&d=mm&r=g\",\"caption\":\"Redacci\u00f3n QP\"},\"url\":\"https:\\\/\\\/quehacerpolitico.mx\\\/?author=2\"}]}<\/script>\n<!-- \/ Yoast SEO plugin. -->","yoast_head_json":{"title":"40 a\u00f1os contando cuentos infantiles -","robots":{"index":"index","follow":"follow","max-snippet":"max-snippet:-1","max-image-preview":"max-image-preview:large","max-video-preview":"max-video-preview:-1"},"canonical":"https:\/\/quehacerpolitico.mx\/?p=14769","og_locale":"es_MX","og_type":"article","og_title":"40 a\u00f1os contando cuentos infantiles -","og_description":"40 a\u00f1os contando cuentos infantiles Por Redacci\u00f3n QP","og_url":"https:\/\/quehacerpolitico.mx\/?p=14769","article_published_time":"2019-01-19T20:21:50+00:00","author":"Redacci\u00f3n QP","twitter_card":"summary_large_image","twitter_misc":{"Escrito por":"Redacci\u00f3n QP","Tiempo de lectura":"5 minutos"},"schema":{"@context":"https:\/\/schema.org","@graph":[{"@type":"Article","@id":"https:\/\/quehacerpolitico.mx\/?p=14769#article","isPartOf":{"@id":"https:\/\/quehacerpolitico.mx\/?p=14769"},"author":{"name":"Redacci\u00f3n QP","@id":"https:\/\/quehacerpolitico.mx\/#\/schema\/person\/496d8ad2d1d3f8036101dca7ee39e585"},"headline":"40 a\u00f1os contando cuentos infantiles","datePublished":"2019-01-19T20:21:50+00:00","mainEntityOfPage":{"@id":"https:\/\/quehacerpolitico.mx\/?p=14769"},"wordCount":1096,"commentCount":0,"image":{"@id":"https:\/\/quehacerpolitico.mx\/?p=14769#primaryimage"},"thumbnailUrl":"","articleSection":["Cultura y Entretenimiento"],"inLanguage":"es","potentialAction":[{"@type":"CommentAction","name":"Comment","target":["https:\/\/quehacerpolitico.mx\/?p=14769#respond"]}]},{"@type":"WebPage","@id":"https:\/\/quehacerpolitico.mx\/?p=14769","url":"https:\/\/quehacerpolitico.mx\/?p=14769","name":"40 a\u00f1os contando cuentos infantiles -","isPartOf":{"@id":"https:\/\/quehacerpolitico.mx\/#website"},"primaryImageOfPage":{"@id":"https:\/\/quehacerpolitico.mx\/?p=14769#primaryimage"},"image":{"@id":"https:\/\/quehacerpolitico.mx\/?p=14769#primaryimage"},"thumbnailUrl":"","datePublished":"2019-01-19T20:21:50+00:00","author":{"@id":"https:\/\/quehacerpolitico.mx\/#\/schema\/person\/496d8ad2d1d3f8036101dca7ee39e585"},"breadcrumb":{"@id":"https:\/\/quehacerpolitico.mx\/?p=14769#breadcrumb"},"inLanguage":"es","potentialAction":[{"@type":"ReadAction","target":["https:\/\/quehacerpolitico.mx\/?p=14769"]}]},{"@type":"ImageObject","inLanguage":"es","@id":"https:\/\/quehacerpolitico.mx\/?p=14769#primaryimage","url":"","contentUrl":""},{"@type":"BreadcrumbList","@id":"https:\/\/quehacerpolitico.mx\/?p=14769#breadcrumb","itemListElement":[{"@type":"ListItem","position":1,"name":"Inicio","item":"https:\/\/quehacerpolitico.mx\/"},{"@type":"ListItem","position":2,"name":"40 a\u00f1os contando cuentos infantiles"}]},{"@type":"WebSite","@id":"https:\/\/quehacerpolitico.mx\/#website","url":"https:\/\/quehacerpolitico.mx\/","name":"","description":"","potentialAction":[{"@type":"SearchAction","target":{"@type":"EntryPoint","urlTemplate":"https:\/\/quehacerpolitico.mx\/?s={search_term_string}"},"query-input":{"@type":"PropertyValueSpecification","valueRequired":true,"valueName":"search_term_string"}}],"inLanguage":"es"},{"@type":"Person","@id":"https:\/\/quehacerpolitico.mx\/#\/schema\/person\/496d8ad2d1d3f8036101dca7ee39e585","name":"Redacci\u00f3n QP","image":{"@type":"ImageObject","inLanguage":"es","@id":"https:\/\/secure.gravatar.com\/avatar\/c7164ed6fdec453195284ad24a5ae5b6e1eed2b848477fa2a4787ba9adf39a41?s=96&d=mm&r=g","url":"https:\/\/secure.gravatar.com\/avatar\/c7164ed6fdec453195284ad24a5ae5b6e1eed2b848477fa2a4787ba9adf39a41?s=96&d=mm&r=g","contentUrl":"https:\/\/secure.gravatar.com\/avatar\/c7164ed6fdec453195284ad24a5ae5b6e1eed2b848477fa2a4787ba9adf39a41?s=96&d=mm&r=g","caption":"Redacci\u00f3n QP"},"url":"https:\/\/quehacerpolitico.mx\/?author=2"}]}},"featured_image_urls":{"full":"","thumbnail":"","medium":"","medium_large":"","large":"","1536x1536":"","2048x2048":"","covernews-featured":"","covernews-medium":""},"author_info":{"display_name":"Redacci\u00f3n QP","author_link":"https:\/\/quehacerpolitico.mx\/?author=2"},"category_info":"<a href=\"https:\/\/quehacerpolitico.mx\/?cat=58\" rel=\"category\">Cultura y Entretenimiento<\/a>","tag_info":"Cultura y Entretenimiento","comment_count":"0","_links":{"self":[{"href":"https:\/\/quehacerpolitico.mx\/index.php?rest_route=\/wp\/v2\/posts\/14769","targetHints":{"allow":["GET"]}}],"collection":[{"href":"https:\/\/quehacerpolitico.mx\/index.php?rest_route=\/wp\/v2\/posts"}],"about":[{"href":"https:\/\/quehacerpolitico.mx\/index.php?rest_route=\/wp\/v2\/types\/post"}],"author":[{"embeddable":true,"href":"https:\/\/quehacerpolitico.mx\/index.php?rest_route=\/wp\/v2\/users\/2"}],"replies":[{"embeddable":true,"href":"https:\/\/quehacerpolitico.mx\/index.php?rest_route=%2Fwp%2Fv2%2Fcomments&post=14769"}],"version-history":[{"count":0,"href":"https:\/\/quehacerpolitico.mx\/index.php?rest_route=\/wp\/v2\/posts\/14769\/revisions"}],"wp:featuredmedia":[{"embeddable":true,"href":"https:\/\/quehacerpolitico.mx\/index.php?rest_route=\/"}],"wp:attachment":[{"href":"https:\/\/quehacerpolitico.mx\/index.php?rest_route=%2Fwp%2Fv2%2Fmedia&parent=14769"}],"wp:term":[{"taxonomy":"category","embeddable":true,"href":"https:\/\/quehacerpolitico.mx\/index.php?rest_route=%2Fwp%2Fv2%2Fcategories&post=14769"},{"taxonomy":"post_tag","embeddable":true,"href":"https:\/\/quehacerpolitico.mx\/index.php?rest_route=%2Fwp%2Fv2%2Ftags&post=14769"}],"curies":[{"name":"wp","href":"https:\/\/api.w.org\/{rel}","templated":true}]}}