{"id":14763,"date":"2019-01-19T20:01:06","date_gmt":"2019-01-19T20:01:06","guid":{"rendered":"http:\/\/quehacerpolitico.mx\/se-eleva-a-67-la-cifra-de-muertos-por-explosion-en-hidalgo\/"},"modified":"2019-01-19T20:01:06","modified_gmt":"2019-01-19T20:01:06","slug":"se-eleva-a-67-la-cifra-de-muertos-por-explosion-en-hidalgo","status":"publish","type":"post","link":"https:\/\/quehacerpolitico.mx\/?p=14763","title":{"rendered":"Se eleva a 67 la cifra de muertos por explosi\u00f3n en Hidalgo"},"content":{"rendered":"<h1 class=\"news-title\">Se eleva a 67 la cifra de muertos por explosi\u00f3n en Hidalgo<\/h1>\n<p>Por Redacci\u00f3n QP<\/p>\n<div class=\"news-header\">\n<div class=\"news-header-top\">\n<div class=\"news-data\">\n<p class=\"news-subtitle\">En el transcurso de este s\u00e1bado falleci\u00f3 una persona, informa el Secretario de Salud, Jorge Alcocer Varela<\/p>\n<\/div>\n<\/div>\n<\/div>\n<div class=\"news-content\">\n<div class=\"news-body row\">\n<p>De los 76 heridos por la explosi\u00f3n en Tlahuelilpan, Hidalgo, permanecen internados en hospitales del sector salud 75, ya que <strong>en el transcurso de este s\u00e1bado falleci\u00f3 una persona, inform\u00f3 el Secretario de Salud, Jorge Alcocer Varela<\/strong>.<\/p>\n<p>Al realizar un recorrido en la Unidad M\u00e9dica de Alta Especialidad (UMAE) en Lomas Verdes del IMSS, Alcocer Varela detall\u00f3 que falleci\u00f3 una persona de las 76 lesionadas por la explosi\u00f3n; indic\u00f3 que <strong>la mayor parte de los pacientes tienen un estado reservado de salud y reciben atenci\u00f3n especializada<\/strong>.<\/p>\n<div>\n<figure class=\"image long\"><img decoding=\"async\" title=\"\" src=\"https:\/\/www.informador.mx\/export\/sites\/elinformador\/img\/2019\/01\/19\/90119121_x29517361x.jpg_347421144.jpg\" alt=\"\" hspace=\"5\" vspace=\"5\" data-height=\"466\" data-size=\"w:2401,h:1601\" data-width=\"700\" \/><figcaption>En tanto, los peritos de la Procuradur\u00eda de Justicia del Estado de Hidalgo contin\u00faan con trabajos t\u00e9cnicos forenses. NTX \/ A. Monroy<\/figcaption><\/figure>\n<\/div>\n<p>&#8220;El dolor de los afectados es una parte importante, tenemos que acompa\u00f1arlos y darles la seguridad de que est\u00e1n siendo atendidos&#8221;, resalto.<\/p>\n<p>Germ\u00e1n Mart\u00ednez, director general del Instituto Mexicano del Seguro Social (IMSS) actualiz\u00f3 las cifras de los heridos que atienden hospitales del Instituto; nueve\u00a0se encuentran en la unidad de Magdalena de las Salinas, seis\u00a0en Lomas Verdes, tres\u00a0en Villa Coapa y uno en Tepeji.<\/p>\n<p>&#8220;Se encuentran en situaci\u00f3n grave y delicada pero est\u00e1n bien atendidos, la instrucci\u00f3n del Presidente de la Rep\u00fablica\u00a0es atenderlos sin distingo, sin importar si son derechohabientes o no&#8221;, destac\u00f3.<\/p>\n<p>El secretario de Salud inform\u00f3 que <strong>a las 17:00 horas en Palacio Nacional se volver\u00e1 a dar un mensaje con actualizaci\u00f3n de datos<\/strong>.<\/p>\n<\/div>\n<\/div>\n","protected":false},"excerpt":{"rendered":"<p>Se eleva a 67 la cifra de muertos por explosi\u00f3n en Hidalgo<br \/>\nPor Redacci\u00f3n QP<\/p>\n","protected":false},"author":2,"featured_media":14762,"comment_status":"open","ping_status":"open","sticky":false,"template":"","format":"standard","meta":{"_monsterinsights_skip_tracking":false,"_monsterinsights_sitenote_active":false,"_monsterinsights_sitenote_note":"","_monsterinsights_sitenote_category":0,"footnotes":""},"categories":[2],"tags":[],"class_list":["post-14763","post","type-post","status-publish","format-standard","has-post-thumbnail","hentry","category-noticias"],"yoast_head":"<!-- This site is optimized with the Yoast SEO plugin v27.3 - https:\/\/yoast.com\/product\/yoast-seo-wordpress\/ -->\n<title>Se eleva a 67 la cifra de muertos por explosi\u00f3n en Hidalgo -<\/title>\n<meta name=\"robots\" content=\"index, follow, max-snippet:-1, max-image-preview:large, max-video-preview:-1\" \/>\n<link rel=\"canonical\" href=\"https:\/\/quehacerpolitico.mx\/?p=14763\" \/>\n<meta property=\"og:locale\" content=\"es_MX\" \/>\n<meta property=\"og:type\" content=\"article\" \/>\n<meta property=\"og:title\" content=\"Se eleva a 67 la cifra de muertos por explosi\u00f3n en Hidalgo -\" \/>\n<meta property=\"og:description\" content=\"Se eleva a 67 la cifra de muertos por explosi\u00f3n en Hidalgo Por Redacci\u00f3n QP\" \/>\n<meta property=\"og:url\" content=\"https:\/\/quehacerpolitico.mx\/?p=14763\" \/>\n<meta property=\"article:published_time\" content=\"2019-01-19T20:01:06+00:00\" \/>\n<meta name=\"author\" content=\"Redacci\u00f3n QP\" \/>\n<meta name=\"twitter:card\" content=\"summary_large_image\" \/>\n<meta name=\"twitter:label1\" content=\"Escrito por\" \/>\n\t<meta name=\"twitter:data1\" content=\"Redacci\u00f3n QP\" \/>\n\t<meta name=\"twitter:label2\" content=\"Tiempo de lectura\" \/>\n\t<meta name=\"twitter:data2\" content=\"1 minuto\" \/>\n<script type=\"application\/ld+json\" class=\"yoast-schema-graph\">{\"@context\":\"https:\\\/\\\/schema.org\",\"@graph\":[{\"@type\":\"Article\",\"@id\":\"https:\\\/\\\/quehacerpolitico.mx\\\/?p=14763#article\",\"isPartOf\":{\"@id\":\"https:\\\/\\\/quehacerpolitico.mx\\\/?p=14763\"},\"author\":{\"name\":\"Redacci\u00f3n QP\",\"@id\":\"https:\\\/\\\/quehacerpolitico.mx\\\/#\\\/schema\\\/person\\\/496d8ad2d1d3f8036101dca7ee39e585\"},\"headline\":\"Se eleva a 67 la cifra de muertos por explosi\u00f3n en Hidalgo\",\"datePublished\":\"2019-01-19T20:01:06+00:00\",\"mainEntityOfPage\":{\"@id\":\"https:\\\/\\\/quehacerpolitico.mx\\\/?p=14763\"},\"wordCount\":286,\"commentCount\":0,\"image\":{\"@id\":\"https:\\\/\\\/quehacerpolitico.mx\\\/?p=14763#primaryimage\"},\"thumbnailUrl\":\"\",\"articleSection\":[\"Noticias\"],\"inLanguage\":\"es\",\"potentialAction\":[{\"@type\":\"CommentAction\",\"name\":\"Comment\",\"target\":[\"https:\\\/\\\/quehacerpolitico.mx\\\/?p=14763#respond\"]}]},{\"@type\":\"WebPage\",\"@id\":\"https:\\\/\\\/quehacerpolitico.mx\\\/?p=14763\",\"url\":\"https:\\\/\\\/quehacerpolitico.mx\\\/?p=14763\",\"name\":\"Se eleva a 67 la cifra de muertos por explosi\u00f3n en Hidalgo -\",\"isPartOf\":{\"@id\":\"https:\\\/\\\/quehacerpolitico.mx\\\/#website\"},\"primaryImageOfPage\":{\"@id\":\"https:\\\/\\\/quehacerpolitico.mx\\\/?p=14763#primaryimage\"},\"image\":{\"@id\":\"https:\\\/\\\/quehacerpolitico.mx\\\/?p=14763#primaryimage\"},\"thumbnailUrl\":\"\",\"datePublished\":\"2019-01-19T20:01:06+00:00\",\"author\":{\"@id\":\"https:\\\/\\\/quehacerpolitico.mx\\\/#\\\/schema\\\/person\\\/496d8ad2d1d3f8036101dca7ee39e585\"},\"breadcrumb\":{\"@id\":\"https:\\\/\\\/quehacerpolitico.mx\\\/?p=14763#breadcrumb\"},\"inLanguage\":\"es\",\"potentialAction\":[{\"@type\":\"ReadAction\",\"target\":[\"https:\\\/\\\/quehacerpolitico.mx\\\/?p=14763\"]}]},{\"@type\":\"ImageObject\",\"inLanguage\":\"es\",\"@id\":\"https:\\\/\\\/quehacerpolitico.mx\\\/?p=14763#primaryimage\",\"url\":\"\",\"contentUrl\":\"\"},{\"@type\":\"BreadcrumbList\",\"@id\":\"https:\\\/\\\/quehacerpolitico.mx\\\/?p=14763#breadcrumb\",\"itemListElement\":[{\"@type\":\"ListItem\",\"position\":1,\"name\":\"Inicio\",\"item\":\"https:\\\/\\\/quehacerpolitico.mx\\\/\"},{\"@type\":\"ListItem\",\"position\":2,\"name\":\"Se eleva a 67 la cifra de muertos por explosi\u00f3n en Hidalgo\"}]},{\"@type\":\"WebSite\",\"@id\":\"https:\\\/\\\/quehacerpolitico.mx\\\/#website\",\"url\":\"https:\\\/\\\/quehacerpolitico.mx\\\/\",\"name\":\"\",\"description\":\"\",\"potentialAction\":[{\"@type\":\"SearchAction\",\"target\":{\"@type\":\"EntryPoint\",\"urlTemplate\":\"https:\\\/\\\/quehacerpolitico.mx\\\/?s={search_term_string}\"},\"query-input\":{\"@type\":\"PropertyValueSpecification\",\"valueRequired\":true,\"valueName\":\"search_term_string\"}}],\"inLanguage\":\"es\"},{\"@type\":\"Person\",\"@id\":\"https:\\\/\\\/quehacerpolitico.mx\\\/#\\\/schema\\\/person\\\/496d8ad2d1d3f8036101dca7ee39e585\",\"name\":\"Redacci\u00f3n QP\",\"image\":{\"@type\":\"ImageObject\",\"inLanguage\":\"es\",\"@id\":\"https:\\\/\\\/secure.gravatar.com\\\/avatar\\\/c7164ed6fdec453195284ad24a5ae5b6e1eed2b848477fa2a4787ba9adf39a41?s=96&d=mm&r=g\",\"url\":\"https:\\\/\\\/secure.gravatar.com\\\/avatar\\\/c7164ed6fdec453195284ad24a5ae5b6e1eed2b848477fa2a4787ba9adf39a41?s=96&d=mm&r=g\",\"contentUrl\":\"https:\\\/\\\/secure.gravatar.com\\\/avatar\\\/c7164ed6fdec453195284ad24a5ae5b6e1eed2b848477fa2a4787ba9adf39a41?s=96&d=mm&r=g\",\"caption\":\"Redacci\u00f3n QP\"},\"url\":\"https:\\\/\\\/quehacerpolitico.mx\\\/?author=2\"}]}<\/script>\n<!-- \/ Yoast SEO plugin. -->","yoast_head_json":{"title":"Se eleva a 67 la cifra de muertos por explosi\u00f3n en Hidalgo -","robots":{"index":"index","follow":"follow","max-snippet":"max-snippet:-1","max-image-preview":"max-image-preview:large","max-video-preview":"max-video-preview:-1"},"canonical":"https:\/\/quehacerpolitico.mx\/?p=14763","og_locale":"es_MX","og_type":"article","og_title":"Se eleva a 67 la cifra de muertos por explosi\u00f3n en Hidalgo -","og_description":"Se eleva a 67 la cifra de muertos por explosi\u00f3n en Hidalgo Por Redacci\u00f3n QP","og_url":"https:\/\/quehacerpolitico.mx\/?p=14763","article_published_time":"2019-01-19T20:01:06+00:00","author":"Redacci\u00f3n QP","twitter_card":"summary_large_image","twitter_misc":{"Escrito por":"Redacci\u00f3n QP","Tiempo de lectura":"1 minuto"},"schema":{"@context":"https:\/\/schema.org","@graph":[{"@type":"Article","@id":"https:\/\/quehacerpolitico.mx\/?p=14763#article","isPartOf":{"@id":"https:\/\/quehacerpolitico.mx\/?p=14763"},"author":{"name":"Redacci\u00f3n QP","@id":"https:\/\/quehacerpolitico.mx\/#\/schema\/person\/496d8ad2d1d3f8036101dca7ee39e585"},"headline":"Se eleva a 67 la cifra de muertos por explosi\u00f3n en Hidalgo","datePublished":"2019-01-19T20:01:06+00:00","mainEntityOfPage":{"@id":"https:\/\/quehacerpolitico.mx\/?p=14763"},"wordCount":286,"commentCount":0,"image":{"@id":"https:\/\/quehacerpolitico.mx\/?p=14763#primaryimage"},"thumbnailUrl":"","articleSection":["Noticias"],"inLanguage":"es","potentialAction":[{"@type":"CommentAction","name":"Comment","target":["https:\/\/quehacerpolitico.mx\/?p=14763#respond"]}]},{"@type":"WebPage","@id":"https:\/\/quehacerpolitico.mx\/?p=14763","url":"https:\/\/quehacerpolitico.mx\/?p=14763","name":"Se eleva a 67 la cifra de muertos por explosi\u00f3n en Hidalgo -","isPartOf":{"@id":"https:\/\/quehacerpolitico.mx\/#website"},"primaryImageOfPage":{"@id":"https:\/\/quehacerpolitico.mx\/?p=14763#primaryimage"},"image":{"@id":"https:\/\/quehacerpolitico.mx\/?p=14763#primaryimage"},"thumbnailUrl":"","datePublished":"2019-01-19T20:01:06+00:00","author":{"@id":"https:\/\/quehacerpolitico.mx\/#\/schema\/person\/496d8ad2d1d3f8036101dca7ee39e585"},"breadcrumb":{"@id":"https:\/\/quehacerpolitico.mx\/?p=14763#breadcrumb"},"inLanguage":"es","potentialAction":[{"@type":"ReadAction","target":["https:\/\/quehacerpolitico.mx\/?p=14763"]}]},{"@type":"ImageObject","inLanguage":"es","@id":"https:\/\/quehacerpolitico.mx\/?p=14763#primaryimage","url":"","contentUrl":""},{"@type":"BreadcrumbList","@id":"https:\/\/quehacerpolitico.mx\/?p=14763#breadcrumb","itemListElement":[{"@type":"ListItem","position":1,"name":"Inicio","item":"https:\/\/quehacerpolitico.mx\/"},{"@type":"ListItem","position":2,"name":"Se eleva a 67 la cifra de muertos por explosi\u00f3n en Hidalgo"}]},{"@type":"WebSite","@id":"https:\/\/quehacerpolitico.mx\/#website","url":"https:\/\/quehacerpolitico.mx\/","name":"","description":"","potentialAction":[{"@type":"SearchAction","target":{"@type":"EntryPoint","urlTemplate":"https:\/\/quehacerpolitico.mx\/?s={search_term_string}"},"query-input":{"@type":"PropertyValueSpecification","valueRequired":true,"valueName":"search_term_string"}}],"inLanguage":"es"},{"@type":"Person","@id":"https:\/\/quehacerpolitico.mx\/#\/schema\/person\/496d8ad2d1d3f8036101dca7ee39e585","name":"Redacci\u00f3n QP","image":{"@type":"ImageObject","inLanguage":"es","@id":"https:\/\/secure.gravatar.com\/avatar\/c7164ed6fdec453195284ad24a5ae5b6e1eed2b848477fa2a4787ba9adf39a41?s=96&d=mm&r=g","url":"https:\/\/secure.gravatar.com\/avatar\/c7164ed6fdec453195284ad24a5ae5b6e1eed2b848477fa2a4787ba9adf39a41?s=96&d=mm&r=g","contentUrl":"https:\/\/secure.gravatar.com\/avatar\/c7164ed6fdec453195284ad24a5ae5b6e1eed2b848477fa2a4787ba9adf39a41?s=96&d=mm&r=g","caption":"Redacci\u00f3n QP"},"url":"https:\/\/quehacerpolitico.mx\/?author=2"}]}},"featured_image_urls":{"full":"","thumbnail":"","medium":"","medium_large":"","large":"","1536x1536":"","2048x2048":"","covernews-featured":"","covernews-medium":""},"author_info":{"display_name":"Redacci\u00f3n QP","author_link":"https:\/\/quehacerpolitico.mx\/?author=2"},"category_info":"<a href=\"https:\/\/quehacerpolitico.mx\/?cat=2\" rel=\"category\">Noticias<\/a>","tag_info":"Noticias","comment_count":"0","_links":{"self":[{"href":"https:\/\/quehacerpolitico.mx\/index.php?rest_route=\/wp\/v2\/posts\/14763","targetHints":{"allow":["GET"]}}],"collection":[{"href":"https:\/\/quehacerpolitico.mx\/index.php?rest_route=\/wp\/v2\/posts"}],"about":[{"href":"https:\/\/quehacerpolitico.mx\/index.php?rest_route=\/wp\/v2\/types\/post"}],"author":[{"embeddable":true,"href":"https:\/\/quehacerpolitico.mx\/index.php?rest_route=\/wp\/v2\/users\/2"}],"replies":[{"embeddable":true,"href":"https:\/\/quehacerpolitico.mx\/index.php?rest_route=%2Fwp%2Fv2%2Fcomments&post=14763"}],"version-history":[{"count":0,"href":"https:\/\/quehacerpolitico.mx\/index.php?rest_route=\/wp\/v2\/posts\/14763\/revisions"}],"wp:featuredmedia":[{"embeddable":true,"href":"https:\/\/quehacerpolitico.mx\/index.php?rest_route=\/"}],"wp:attachment":[{"href":"https:\/\/quehacerpolitico.mx\/index.php?rest_route=%2Fwp%2Fv2%2Fmedia&parent=14763"}],"wp:term":[{"taxonomy":"category","embeddable":true,"href":"https:\/\/quehacerpolitico.mx\/index.php?rest_route=%2Fwp%2Fv2%2Fcategories&post=14763"},{"taxonomy":"post_tag","embeddable":true,"href":"https:\/\/quehacerpolitico.mx\/index.php?rest_route=%2Fwp%2Fv2%2Ftags&post=14763"}],"curies":[{"name":"wp","href":"https:\/\/api.w.org\/{rel}","templated":true}]}}