{"id":14738,"date":"2019-01-19T17:01:13","date_gmt":"2019-01-19T17:01:13","guid":{"rendered":"http:\/\/quehacerpolitico.mx\/dos-ninos-de-15-y-16-anos-quemados-en-la-explosion-de-hidalgo-luchan-por-su-vida-en-el-hospital-de-tacubaya\/"},"modified":"2019-01-19T17:01:13","modified_gmt":"2019-01-19T17:01:13","slug":"dos-ninos-de-15-y-16-anos-quemados-en-la-explosion-de-hidalgo-luchan-por-su-vida-en-el-hospital-de-tacubaya","status":"publish","type":"post","link":"https:\/\/quehacerpolitico.mx\/?p=14738","title":{"rendered":"Dos ni\u00f1os de 15 y 16 a\u00f1os quemados en la explosi\u00f3n de Hidalgo luchan por su vida en el Hospital de Tacubaya"},"content":{"rendered":"<h1 class=\"amp-wp-title\">Dos ni\u00f1os de 15 y 16 a\u00f1os quemados en la explosi\u00f3n de Hidalgo luchan por su vida en el Hospital de Tacubaya<\/h1>\n<p>Por Redacci\u00f3n QP<\/p>\n<p>En el <strong>Hospital Pedi\u00e1trico de Tacubaya<\/strong> dos <strong>ni\u00f1os de 15 y 16 a\u00f1os<\/strong> de edad reciben atenci\u00f3n de urgencia por las <strong>quemaduras<\/strong> que sufrieron ayer en la <strong>explosi\u00f3n<\/strong> del ducto de gasolina en <strong>Tlahuelilpan, Hidalgo.<\/strong><\/p>\n<p>Estos menores fueron parte de las <strong>14 personas trasladadas<\/strong> desde esta comunidad a hospitales ubicados en la Ciudad de M\u00e9xico, confirmo la jefa de Gobierno, <strong>Claudia Sheinbaum.<\/strong><\/p>\n<blockquote>\n<p>\u201cSe recibieron a dos lesionados graves que est\u00e1n siendo atendidos, se recibieron desde ayer y estuve en urgencias todo el tiempo que se estabilizaron. Son dos menores de 15 y 16 a\u00f1os y est\u00e1n siendo atendidos con la mayor calidad posible\u201d, asegur\u00f3 la mandataria.<\/p>\n<\/blockquote>\n<p>Este viernes 77 personas que resultaron heridas debido a la <strong>explosi\u00f3n<\/strong> de un <strong>ducto de gasolina<\/strong> de <strong>Petr\u00f3leos Mexicanos (Pemex)<\/strong> debido a una aparente falla provocada por una <strong>toma clandestina.<\/strong><\/p>\n<p><strong>Sheinbaum<\/strong> destac\u00f3 que el <strong>Hospital Pedi\u00e1trico de Tacubaya<\/strong> cuenta con personal m\u00e9dico especializado en la atenci\u00f3n de personas quemadas, por lo que cuenta con capacidad de respuesta suficiente para atender a los j\u00f3venes.<\/p>\n<p>La jefa de Gobierno agreg\u00f3 que el subsecretario de Salud capitalino, Ricardo Barreiro, permanece en este hospital para ofrecer <strong>atenci\u00f3n a los familiares<\/strong> de ambos heridos y brindarles la atenci\u00f3n que necesiten.<\/p>\n<p>Hasta el momento permanecen 14 personas con heridas de distinta gravedad ingresadas en el Hospital Magdalena de las Salinas, Hospital de Traumatolog\u00eda y Ortopedia, el Centro M\u00e9dico Nacional 20 de Noviembre, Hospital Regional Lic. Adolfo L\u00f3pez Mateos y en el Hospital General Dr. Fernando Quiroz Guti\u00e9rrez.<\/p>\n<p>Adem\u00e1s en el Hospital Regional 1 de Octubre y en el Hospital Pedir\u00e1trico de Tacubaya.<\/p>\n<p>La jefa de Gobierno cancel\u00f3 su agenda programada ya que realizar\u00e1 <strong>recorridos de supervisi\u00f3n<\/strong> en los hospitales en los que se encuentran internadas las personas heridas de <strong>Tlahuelilpan, Hidalgo.<\/strong><\/p>\n","protected":false},"excerpt":{"rendered":"<p>Dos ni\u00f1os de 15 y 16 a\u00f1os quemados en la explosi\u00f3n de Hidalgo luchan por su vida en el Hospital de Tacubaya<br \/>\nPor Redacci\u00f3n QP<\/p>\n","protected":false},"author":2,"featured_media":14737,"comment_status":"open","ping_status":"open","sticky":false,"template":"","format":"standard","meta":{"_monsterinsights_skip_tracking":false,"_monsterinsights_sitenote_active":false,"_monsterinsights_sitenote_note":"","_monsterinsights_sitenote_category":0,"footnotes":""},"categories":[55],"tags":[],"class_list":["post-14738","post","type-post","status-publish","format-standard","has-post-thumbnail","hentry","category-cdmx"],"yoast_head":"<!-- This site is optimized with the Yoast SEO plugin v27.3 - https:\/\/yoast.com\/product\/yoast-seo-wordpress\/ -->\n<title>Dos ni\u00f1os de 15 y 16 a\u00f1os quemados en la explosi\u00f3n de Hidalgo luchan por su vida en el Hospital de Tacubaya -<\/title>\n<meta name=\"robots\" content=\"index, follow, max-snippet:-1, max-image-preview:large, max-video-preview:-1\" \/>\n<link rel=\"canonical\" href=\"https:\/\/quehacerpolitico.mx\/?p=14738\" \/>\n<meta property=\"og:locale\" content=\"es_MX\" \/>\n<meta property=\"og:type\" content=\"article\" \/>\n<meta property=\"og:title\" content=\"Dos ni\u00f1os de 15 y 16 a\u00f1os quemados en la explosi\u00f3n de Hidalgo luchan por su vida en el Hospital de Tacubaya -\" \/>\n<meta property=\"og:description\" content=\"Dos ni\u00f1os de 15 y 16 a\u00f1os quemados en la explosi\u00f3n de Hidalgo luchan por su vida en el Hospital de Tacubaya Por Redacci\u00f3n QP\" \/>\n<meta property=\"og:url\" content=\"https:\/\/quehacerpolitico.mx\/?p=14738\" \/>\n<meta property=\"article:published_time\" content=\"2019-01-19T17:01:13+00:00\" \/>\n<meta name=\"author\" content=\"Redacci\u00f3n QP\" \/>\n<meta name=\"twitter:card\" content=\"summary_large_image\" \/>\n<meta name=\"twitter:label1\" content=\"Escrito por\" \/>\n\t<meta name=\"twitter:data1\" content=\"Redacci\u00f3n QP\" \/>\n\t<meta name=\"twitter:label2\" content=\"Tiempo de lectura\" \/>\n\t<meta name=\"twitter:data2\" content=\"2 minutos\" \/>\n<script type=\"application\/ld+json\" class=\"yoast-schema-graph\">{\"@context\":\"https:\\\/\\\/schema.org\",\"@graph\":[{\"@type\":\"Article\",\"@id\":\"https:\\\/\\\/quehacerpolitico.mx\\\/?p=14738#article\",\"isPartOf\":{\"@id\":\"https:\\\/\\\/quehacerpolitico.mx\\\/?p=14738\"},\"author\":{\"name\":\"Redacci\u00f3n QP\",\"@id\":\"https:\\\/\\\/quehacerpolitico.mx\\\/#\\\/schema\\\/person\\\/496d8ad2d1d3f8036101dca7ee39e585\"},\"headline\":\"Dos ni\u00f1os de 15 y 16 a\u00f1os quemados en la explosi\u00f3n de Hidalgo luchan por su vida en el Hospital de Tacubaya\",\"datePublished\":\"2019-01-19T17:01:13+00:00\",\"mainEntityOfPage\":{\"@id\":\"https:\\\/\\\/quehacerpolitico.mx\\\/?p=14738\"},\"wordCount\":356,\"commentCount\":0,\"image\":{\"@id\":\"https:\\\/\\\/quehacerpolitico.mx\\\/?p=14738#primaryimage\"},\"thumbnailUrl\":\"\",\"articleSection\":[\"CDMX\"],\"inLanguage\":\"es\",\"potentialAction\":[{\"@type\":\"CommentAction\",\"name\":\"Comment\",\"target\":[\"https:\\\/\\\/quehacerpolitico.mx\\\/?p=14738#respond\"]}]},{\"@type\":\"WebPage\",\"@id\":\"https:\\\/\\\/quehacerpolitico.mx\\\/?p=14738\",\"url\":\"https:\\\/\\\/quehacerpolitico.mx\\\/?p=14738\",\"name\":\"Dos ni\u00f1os de 15 y 16 a\u00f1os quemados en la explosi\u00f3n de Hidalgo luchan por su vida en el Hospital de Tacubaya -\",\"isPartOf\":{\"@id\":\"https:\\\/\\\/quehacerpolitico.mx\\\/#website\"},\"primaryImageOfPage\":{\"@id\":\"https:\\\/\\\/quehacerpolitico.mx\\\/?p=14738#primaryimage\"},\"image\":{\"@id\":\"https:\\\/\\\/quehacerpolitico.mx\\\/?p=14738#primaryimage\"},\"thumbnailUrl\":\"\",\"datePublished\":\"2019-01-19T17:01:13+00:00\",\"author\":{\"@id\":\"https:\\\/\\\/quehacerpolitico.mx\\\/#\\\/schema\\\/person\\\/496d8ad2d1d3f8036101dca7ee39e585\"},\"breadcrumb\":{\"@id\":\"https:\\\/\\\/quehacerpolitico.mx\\\/?p=14738#breadcrumb\"},\"inLanguage\":\"es\",\"potentialAction\":[{\"@type\":\"ReadAction\",\"target\":[\"https:\\\/\\\/quehacerpolitico.mx\\\/?p=14738\"]}]},{\"@type\":\"ImageObject\",\"inLanguage\":\"es\",\"@id\":\"https:\\\/\\\/quehacerpolitico.mx\\\/?p=14738#primaryimage\",\"url\":\"\",\"contentUrl\":\"\"},{\"@type\":\"BreadcrumbList\",\"@id\":\"https:\\\/\\\/quehacerpolitico.mx\\\/?p=14738#breadcrumb\",\"itemListElement\":[{\"@type\":\"ListItem\",\"position\":1,\"name\":\"Inicio\",\"item\":\"https:\\\/\\\/quehacerpolitico.mx\\\/\"},{\"@type\":\"ListItem\",\"position\":2,\"name\":\"Dos ni\u00f1os de 15 y 16 a\u00f1os quemados en la explosi\u00f3n de Hidalgo luchan por su vida en el Hospital de Tacubaya\"}]},{\"@type\":\"WebSite\",\"@id\":\"https:\\\/\\\/quehacerpolitico.mx\\\/#website\",\"url\":\"https:\\\/\\\/quehacerpolitico.mx\\\/\",\"name\":\"\",\"description\":\"\",\"potentialAction\":[{\"@type\":\"SearchAction\",\"target\":{\"@type\":\"EntryPoint\",\"urlTemplate\":\"https:\\\/\\\/quehacerpolitico.mx\\\/?s={search_term_string}\"},\"query-input\":{\"@type\":\"PropertyValueSpecification\",\"valueRequired\":true,\"valueName\":\"search_term_string\"}}],\"inLanguage\":\"es\"},{\"@type\":\"Person\",\"@id\":\"https:\\\/\\\/quehacerpolitico.mx\\\/#\\\/schema\\\/person\\\/496d8ad2d1d3f8036101dca7ee39e585\",\"name\":\"Redacci\u00f3n QP\",\"image\":{\"@type\":\"ImageObject\",\"inLanguage\":\"es\",\"@id\":\"https:\\\/\\\/secure.gravatar.com\\\/avatar\\\/c7164ed6fdec453195284ad24a5ae5b6e1eed2b848477fa2a4787ba9adf39a41?s=96&d=mm&r=g\",\"url\":\"https:\\\/\\\/secure.gravatar.com\\\/avatar\\\/c7164ed6fdec453195284ad24a5ae5b6e1eed2b848477fa2a4787ba9adf39a41?s=96&d=mm&r=g\",\"contentUrl\":\"https:\\\/\\\/secure.gravatar.com\\\/avatar\\\/c7164ed6fdec453195284ad24a5ae5b6e1eed2b848477fa2a4787ba9adf39a41?s=96&d=mm&r=g\",\"caption\":\"Redacci\u00f3n QP\"},\"url\":\"https:\\\/\\\/quehacerpolitico.mx\\\/?author=2\"}]}<\/script>\n<!-- \/ Yoast SEO plugin. -->","yoast_head_json":{"title":"Dos ni\u00f1os de 15 y 16 a\u00f1os quemados en la explosi\u00f3n de Hidalgo luchan por su vida en el Hospital de Tacubaya -","robots":{"index":"index","follow":"follow","max-snippet":"max-snippet:-1","max-image-preview":"max-image-preview:large","max-video-preview":"max-video-preview:-1"},"canonical":"https:\/\/quehacerpolitico.mx\/?p=14738","og_locale":"es_MX","og_type":"article","og_title":"Dos ni\u00f1os de 15 y 16 a\u00f1os quemados en la explosi\u00f3n de Hidalgo luchan por su vida en el Hospital de Tacubaya -","og_description":"Dos ni\u00f1os de 15 y 16 a\u00f1os quemados en la explosi\u00f3n de Hidalgo luchan por su vida en el Hospital de Tacubaya Por Redacci\u00f3n QP","og_url":"https:\/\/quehacerpolitico.mx\/?p=14738","article_published_time":"2019-01-19T17:01:13+00:00","author":"Redacci\u00f3n QP","twitter_card":"summary_large_image","twitter_misc":{"Escrito por":"Redacci\u00f3n QP","Tiempo de lectura":"2 minutos"},"schema":{"@context":"https:\/\/schema.org","@graph":[{"@type":"Article","@id":"https:\/\/quehacerpolitico.mx\/?p=14738#article","isPartOf":{"@id":"https:\/\/quehacerpolitico.mx\/?p=14738"},"author":{"name":"Redacci\u00f3n QP","@id":"https:\/\/quehacerpolitico.mx\/#\/schema\/person\/496d8ad2d1d3f8036101dca7ee39e585"},"headline":"Dos ni\u00f1os de 15 y 16 a\u00f1os quemados en la explosi\u00f3n de Hidalgo luchan por su vida en el Hospital de Tacubaya","datePublished":"2019-01-19T17:01:13+00:00","mainEntityOfPage":{"@id":"https:\/\/quehacerpolitico.mx\/?p=14738"},"wordCount":356,"commentCount":0,"image":{"@id":"https:\/\/quehacerpolitico.mx\/?p=14738#primaryimage"},"thumbnailUrl":"","articleSection":["CDMX"],"inLanguage":"es","potentialAction":[{"@type":"CommentAction","name":"Comment","target":["https:\/\/quehacerpolitico.mx\/?p=14738#respond"]}]},{"@type":"WebPage","@id":"https:\/\/quehacerpolitico.mx\/?p=14738","url":"https:\/\/quehacerpolitico.mx\/?p=14738","name":"Dos ni\u00f1os de 15 y 16 a\u00f1os quemados en la explosi\u00f3n de Hidalgo luchan por su vida en el Hospital de Tacubaya -","isPartOf":{"@id":"https:\/\/quehacerpolitico.mx\/#website"},"primaryImageOfPage":{"@id":"https:\/\/quehacerpolitico.mx\/?p=14738#primaryimage"},"image":{"@id":"https:\/\/quehacerpolitico.mx\/?p=14738#primaryimage"},"thumbnailUrl":"","datePublished":"2019-01-19T17:01:13+00:00","author":{"@id":"https:\/\/quehacerpolitico.mx\/#\/schema\/person\/496d8ad2d1d3f8036101dca7ee39e585"},"breadcrumb":{"@id":"https:\/\/quehacerpolitico.mx\/?p=14738#breadcrumb"},"inLanguage":"es","potentialAction":[{"@type":"ReadAction","target":["https:\/\/quehacerpolitico.mx\/?p=14738"]}]},{"@type":"ImageObject","inLanguage":"es","@id":"https:\/\/quehacerpolitico.mx\/?p=14738#primaryimage","url":"","contentUrl":""},{"@type":"BreadcrumbList","@id":"https:\/\/quehacerpolitico.mx\/?p=14738#breadcrumb","itemListElement":[{"@type":"ListItem","position":1,"name":"Inicio","item":"https:\/\/quehacerpolitico.mx\/"},{"@type":"ListItem","position":2,"name":"Dos ni\u00f1os de 15 y 16 a\u00f1os quemados en la explosi\u00f3n de Hidalgo luchan por su vida en el Hospital de Tacubaya"}]},{"@type":"WebSite","@id":"https:\/\/quehacerpolitico.mx\/#website","url":"https:\/\/quehacerpolitico.mx\/","name":"","description":"","potentialAction":[{"@type":"SearchAction","target":{"@type":"EntryPoint","urlTemplate":"https:\/\/quehacerpolitico.mx\/?s={search_term_string}"},"query-input":{"@type":"PropertyValueSpecification","valueRequired":true,"valueName":"search_term_string"}}],"inLanguage":"es"},{"@type":"Person","@id":"https:\/\/quehacerpolitico.mx\/#\/schema\/person\/496d8ad2d1d3f8036101dca7ee39e585","name":"Redacci\u00f3n QP","image":{"@type":"ImageObject","inLanguage":"es","@id":"https:\/\/secure.gravatar.com\/avatar\/c7164ed6fdec453195284ad24a5ae5b6e1eed2b848477fa2a4787ba9adf39a41?s=96&d=mm&r=g","url":"https:\/\/secure.gravatar.com\/avatar\/c7164ed6fdec453195284ad24a5ae5b6e1eed2b848477fa2a4787ba9adf39a41?s=96&d=mm&r=g","contentUrl":"https:\/\/secure.gravatar.com\/avatar\/c7164ed6fdec453195284ad24a5ae5b6e1eed2b848477fa2a4787ba9adf39a41?s=96&d=mm&r=g","caption":"Redacci\u00f3n QP"},"url":"https:\/\/quehacerpolitico.mx\/?author=2"}]}},"featured_image_urls":{"full":"","thumbnail":"","medium":"","medium_large":"","large":"","1536x1536":"","2048x2048":"","covernews-featured":"","covernews-medium":""},"author_info":{"display_name":"Redacci\u00f3n QP","author_link":"https:\/\/quehacerpolitico.mx\/?author=2"},"category_info":"<a href=\"https:\/\/quehacerpolitico.mx\/?cat=55\" rel=\"category\">CDMX<\/a>","tag_info":"CDMX","comment_count":"0","_links":{"self":[{"href":"https:\/\/quehacerpolitico.mx\/index.php?rest_route=\/wp\/v2\/posts\/14738","targetHints":{"allow":["GET"]}}],"collection":[{"href":"https:\/\/quehacerpolitico.mx\/index.php?rest_route=\/wp\/v2\/posts"}],"about":[{"href":"https:\/\/quehacerpolitico.mx\/index.php?rest_route=\/wp\/v2\/types\/post"}],"author":[{"embeddable":true,"href":"https:\/\/quehacerpolitico.mx\/index.php?rest_route=\/wp\/v2\/users\/2"}],"replies":[{"embeddable":true,"href":"https:\/\/quehacerpolitico.mx\/index.php?rest_route=%2Fwp%2Fv2%2Fcomments&post=14738"}],"version-history":[{"count":0,"href":"https:\/\/quehacerpolitico.mx\/index.php?rest_route=\/wp\/v2\/posts\/14738\/revisions"}],"wp:featuredmedia":[{"embeddable":true,"href":"https:\/\/quehacerpolitico.mx\/index.php?rest_route=\/"}],"wp:attachment":[{"href":"https:\/\/quehacerpolitico.mx\/index.php?rest_route=%2Fwp%2Fv2%2Fmedia&parent=14738"}],"wp:term":[{"taxonomy":"category","embeddable":true,"href":"https:\/\/quehacerpolitico.mx\/index.php?rest_route=%2Fwp%2Fv2%2Fcategories&post=14738"},{"taxonomy":"post_tag","embeddable":true,"href":"https:\/\/quehacerpolitico.mx\/index.php?rest_route=%2Fwp%2Fv2%2Ftags&post=14738"}],"curies":[{"name":"wp","href":"https:\/\/api.w.org\/{rel}","templated":true}]}}