{"id":14736,"date":"2019-01-19T16:55:05","date_gmt":"2019-01-19T16:55:05","guid":{"rendered":"http:\/\/quehacerpolitico.mx\/la-explosion-fue-intencional-y-se-investiga-quien-fue-llaman-a-la-poblacion-a-denunciar-culpables\/"},"modified":"2019-01-19T16:55:05","modified_gmt":"2019-01-19T16:55:05","slug":"la-explosion-fue-intencional-y-se-investiga-quien-fue-llaman-a-la-poblacion-a-denunciar-culpables","status":"publish","type":"post","link":"https:\/\/quehacerpolitico.mx\/?p=14736","title":{"rendered":"La explosi\u00f3n fue intencional y se investiga qui\u00e9n fue; llaman a la poblaci\u00f3n a denunciar culpables"},"content":{"rendered":"<h1>La explosi\u00f3n fue intencional y se investiga qui\u00e9n fue; llaman a la poblaci\u00f3n a denunciar culpables<\/h1>\n<p>Por Redacci\u00f3n QP<\/p>\n<p>El Fiscal General de la Rep\u00fablica,<strong> Alejandro Gertz Manero,<\/strong> afirm\u00f3 que fue <strong>intencional<\/strong> la explosi\u00f3n de una<strong> toma clandestina<\/strong> colocada en un ducto de Pemex en <strong>Tlahuelilpan<\/strong>, <strong>Hidalgo<\/strong>, la cual dej\u00f3 un saldo de 66 personas muertas y 76 heridas<strong>. <\/strong>Adem\u00e1s, asegur\u00f3\u00a0que alguien habr\u00eda\u00a0hecho una perforaci\u00f3n al ducto para obtener combustible de manera ilegal y que el incendio deriv\u00f3 de dicho delito.<\/p>\n<blockquote>\n<p>\u201cDe que fue intencional, <strong>fue intenciona<\/strong>l. Alguien hizo la perforaci\u00f3n para obtener combustible de manera ilegal. El incendio es otra cosa, pero derivado del primer delito\u201d, asever\u00f3 Gertz Manero en conferencia de prensa junto con el Presidente Andr\u00e9s Manuel L\u00f3pez Obrador.<\/p>\n<\/blockquote>\n<p>El Fiscal expuso que los primeros indicios de los hechos son\u00a0videos y\u00a0actas periciales con las que cuentan las dependencias oficiales: \u201cExisten\u00a0indicios, que son los videos, las actas periciales. Las personas que estaban m\u00e1s cerca de la explosi\u00f3n fallecieron. Entonces tambi\u00e9n tenemos una serie de limitaciones, pero eso no quiere decir que no podamos llenar el espectro\u201d.<\/p>\n<p>Asimismo, el funcionario record\u00f3 que el<strong> robo de combustible<\/strong> es un delito grave que se castiga con 20 o hasta 30 a\u00f1os de prisi\u00f3n, por lo que iniciar\u00e1n investigaciones para, por medio de peritajes, conocer qui\u00e9n o qui\u00e9nes cometieron el crimen.<\/p>\n<div id=\"attachment_3524666\" class=\"wp-caption alignnone\"><img loading=\"lazy\" decoding=\"async\" class=\"wp-image-3524666 size-full\" src=\"https:\/\/www.sinembargo.mx\/wp-content\/uploads\/2019\/01\/explosion-hidalgo-2.jpeg\" sizes=\"auto, (max-width: 700px) 100vw, 700px\" srcset=\"https:\/\/www.sinembargo.mx\/wp-content\/uploads\/2019\/01\/explosion-hidalgo-2.jpeg 700w, https:\/\/www.sinembargo.mx\/wp-content\/uploads\/2019\/01\/explosion-hidalgo-2-300x200.jpeg 300w\" alt=\"\" width=\"700\" height=\"466\" \/><\/p>\n<p class=\"wp-caption-text\">Personas buscan a sus familiares desaparecidas en la explosi\u00f3n de una toma clandestina en la comunidad de San Primitivo, la cual dej\u00f3 hasta el momento un saldo de 66 personas fallecidas. Foto: Cortes\u00eda Castillo, Cuartoscuro<\/p>\n<\/div>\n<p>Por su parte, el Presidente\u00a0<strong>L\u00f3pez Obrador <\/strong>dijo\u00a0que el incidente\u00a0se explica en un contexto donde la gente no ha tenido m\u00e1s opciones. Por eso se lanza con bidones, que ya tiene consigo, cuando hay fugas en los ductos, por lo que pidi\u00f3 a la poblaci\u00f3n que proporcione indicios que permitan dar con las personas responsables.<\/p>\n<blockquote>\n<p>\u201cYo le pido a la gente que nos ayude. Que den su versi\u00f3n. No s\u00f3lo de lo que sucedi\u00f3 el d\u00eda de ayer sino del por qu\u00e9 de esta actitud\u201d, dijo el Jefe del Ejecutivo esta ma\u00f1ana en Palacio Nacional. \u201cEstamos en una actitud que se soslay\u00f3. Es importante saber c\u00f3mo se da esta pr\u00e1ctica [el robo] en lo comunitario. Qui\u00e9n lleva a cabo la\u00a0<strong>perforaci\u00f3n del ducto<\/strong>, cu\u00e1ndo se sabe que hay una fuga, si se prepara, qui\u00e9n convoca, qui\u00e9n llama, c\u00f3mo acude tanta gente, por qu\u00e9 los recipientes, qu\u00e9 se hace con este combustible, si se consume o se vende, c\u00f3mo se vende. Reconstruir la historia. Eso es lo que tenemos que hacer\u201d, solicit\u00f3 durante la conferencia.<\/p>\n<\/blockquote>\n<div id=\"attachment_3524672\" class=\"wp-caption alignnone\"><img loading=\"lazy\" decoding=\"async\" class=\"wp-image-3524672 size-full\" src=\"https:\/\/www.sinembargo.mx\/wp-content\/uploads\/2019\/01\/explosion-hidalgo-5.jpeg\" sizes=\"auto, (max-width: 700px) 100vw, 700px\" srcset=\"https:\/\/www.sinembargo.mx\/wp-content\/uploads\/2019\/01\/explosion-hidalgo-5.jpeg 700w, https:\/\/www.sinembargo.mx\/wp-content\/uploads\/2019\/01\/explosion-hidalgo-5-300x196.jpeg 300w\" alt=\"\" width=\"700\" height=\"458\" \/><\/p>\n<p class=\"wp-caption-text\">Ayer se registr\u00f3 una explosi\u00f3n presuntamente de una toma clandestina de esta entidad, en la que de acuerdo a los primeros reportes de las autoridades se reportan varios lesionados. Foto: Sedena, Cuartoscuro<\/p>\n<\/div>\n<p>\u201cNosotros no vamos a enfrentar el fuego con el fuego. No se puede enfrentar el mal con el mal. Eso no es soluci\u00f3n. El mal hay que enfrentarlo haciendo el bien. Esto no es un asunto policiaco, militar, no se resuelve con medidas coercitivas, por eso se agrav\u00f3 la situaci\u00f3n en el pa\u00eds. Nosotros vamos a seguir convenciendo, persuadiendo a la gente. Tenemos la convicci\u00f3n de que el pueblo es honesto y que si ha llegado a estas pr\u00e1cticas, es porque se le abandon\u00f3. Hay millones de pobres en el pa\u00eds, gente que ni siquiera tiene para lo indispensable\u201d, destac\u00f3 el Presidente.<\/p>\n<p><strong>FAYAD EXPONE CAUSAS DE LA EXPLOSI\u00d3N<\/strong><\/p>\n<p>El Gobernador de Hidalgo, Omar Fayad, inform\u00f3 esta ma\u00f1ana desde la capital mexicana el n\u00famero de v\u00edctimas por el estallido en Hidalgo y que hay gente debati\u00e9ndose entre la vida y la muerte. Calific\u00f3 como \u201cgran tragedia\u201d lo sucedido.\u00a0 L\u00f3pez Obrador expres\u00f3 sus condolencias a las familias de las v\u00edctimas de la explosi\u00f3n; ofreci\u00f3 atenci\u00f3n para los heridos y hablar con transparencia de los hechos.<\/p>\n<p>El ducto que fue picado, dijeron, es muy importante. La poblaci\u00f3n, se\u00f1al\u00f3 el Gobernador de Hidalgo, fue alertada por las Fuerzas Armadas. \u201cNo hizo caso\u201d. Cuando sobrevino la explosi\u00f3n, agarr\u00f3 a la gente ba\u00f1ada en combustible. En eso mismo coincidieron funcionarios federales y el mismo Presidente.<\/p>\n<div id=\"attachment_3524668\" class=\"wp-caption alignnone\"><img loading=\"lazy\" decoding=\"async\" class=\"wp-image-3524668 size-full\" src=\"https:\/\/www.sinembargo.mx\/wp-content\/uploads\/2019\/01\/explosion-hidalgo-3.jpeg\" sizes=\"auto, (max-width: 700px) 100vw, 700px\" srcset=\"https:\/\/www.sinembargo.mx\/wp-content\/uploads\/2019\/01\/explosion-hidalgo-3.jpeg 700w, https:\/\/www.sinembargo.mx\/wp-content\/uploads\/2019\/01\/explosion-hidalgo-3-300x200.jpeg 300w\" alt=\"\" width=\"700\" height=\"466\" \/><\/p>\n<p class=\"wp-caption-text\">Alejandro Gertz Manero, Fiscal General de la Rep\u00fablica, dijo que \u201ceste delito es un delito muy grave que tiene una penalidad de entre 20 y 30 a\u00f1os . Foto: Mois\u00e9s Pablo, Cuartoscuro.<\/p>\n<\/div>\n<p>\u201cLa actitud, la acci\u00f3n del Ej\u00e9rcito fue correcta y dir\u00eda yo que oportuna. No es f\u00e1cil ante una multitud hacer prevalecer el orden, a\u00fan explicando sobre los riesgos. Hay constancia de c\u00f3mo se enfrenta a la poblaci\u00f3n\u201d, dijo el Jefe del Ejecutivo.\u00a0\u201cLa gente lleg\u00f3 a estas pr\u00e1cticas [robo de combustible] porque no se les dieron opciones. Nunca se pens\u00f3 en un plan para atender a la gente que ya estaba participando en estas actividades\u201d.<\/p>\n<blockquote>\n<p>\u201cEstamos consternados por estos hechos por esta tragedia y queremos antes que nada ofrecer nuestro m\u00e1s sentido p\u00e9same a los familiares de la v\u00edctimas, informarles que todo el Gobierno est\u00e1 con ellos, que de manera sincera nos entristece lo sucedido\u201d, expuso L\u00f3pez Obrador en la conferencia de esta ma\u00f1ana de s\u00e1bado. \u201cTambi\u00e9n transmitir a los familiares de los heridos que estamos dando atenci\u00f3n especial en hospitales, que se est\u00e1 buscando salvar vidas, que eso es ahora lo m\u00e1s importante, el que no se presenten m\u00e1s decesos\u201d.<\/p>\n<p>Omar Fayad se\u00f1al\u00f3 que\u00a0alrededor de las 16:50, el personal de Pemex inform\u00f3 de una perforaci\u00f3n ilegal en un ducto, por lo que las Fuerzas Armadas llegaron al ducto que va de Tuxpan a Tula e intentaron persuadir a las personas para que se retiren del lugar.<\/p>\n<p>\u201cPor la presi\u00f3n del ducto, \u00e9ste empieza a soltar hidrocarburo en grandes proporciones. Las Fuerzas Armadas pidieron que se retiraran del lugar. Sin embargo, <strong>no hicieron caso<\/strong>. Despu\u00e9s de las 18:00 horas se nos informa de la <strong>explosi\u00f3n,<\/strong> que el fuego consum\u00eda todo lo que estaba a su alrededor. Inmediatamente despu\u00e9s hice contacto con el Secretario Alfonso Durazo y con el mando de la Sedena para poner en marcha el Plan DNIII\u201d.<\/p>\n<div id=\"attachment_3524673\" class=\"wp-caption alignnone\"><img loading=\"lazy\" decoding=\"async\" class=\"wp-image-3524673 size-full\" src=\"https:\/\/www.sinembargo.mx\/wp-content\/uploads\/2019\/01\/explosion-hidalgo-6.jpeg\" sizes=\"auto, (max-width: 700px) 100vw, 700px\" srcset=\"https:\/\/www.sinembargo.mx\/wp-content\/uploads\/2019\/01\/explosion-hidalgo-6.jpeg 700w, https:\/\/www.sinembargo.mx\/wp-content\/uploads\/2019\/01\/explosion-hidalgo-6-300x207.jpeg 300w\" alt=\"\" width=\"700\" height=\"483\" \/><\/p>\n<p class=\"wp-caption-text\">El hecho se registr\u00f3 cuando decenas de personas se encontraban en el lugar intentando llevarse el combustible que sal\u00eda de una fuga. Foto: Sedena, Cuartoscuro<\/p>\n<\/div>\n<p><strong>FAMILIARES BUSCAN A V\u00cdCTIMAS<\/strong><\/p>\n<p>Desde ayer por la tarde, familiares\u00a0de la<strong>s\u00a0v\u00edctimas\u00a0de la\u00a0explosi\u00f3n<\/strong>\u00a0\u00a0intentaron\u00a0romper el cerco\u00a0establecido por elementos del Ej\u00e9rcito mexicano con el fin de\u00a0reconocer los cuerpos que se encontraban en el lugar y as\u00ed poder\u00a0identificar a sus seres queridos\u00a0desaparecidos.<\/p>\n<p>Los inconformes agredieron de manera verbal a los elementos castrenses ah\u00ed presentes, argumentando que autoridades hab\u00edan permitido el ingreso de maquinaria pesada para cubrir los<strong>\u00a0cuerpos<\/strong>\u00a0de las\u00a0<strong>v\u00edctimas,<\/strong>\u00a0a lo que funcionarios respondieron que este equipo \u00fanicamente fue utilizado para combatir las llamas, por lo que se retirar\u00eda del lugar.<\/p>\n<div id=\"attachment_3524671\" class=\"wp-caption alignnone\"><img loading=\"lazy\" decoding=\"async\" class=\"wp-image-3524671 size-full\" src=\"https:\/\/www.sinembargo.mx\/wp-content\/uploads\/2019\/01\/explosion-hidalgo-4-e1547914566979.jpeg\" alt=\"\" width=\"700\" height=\"466\" \/><\/p>\n<p class=\"wp-caption-text\">Omar Fayad, Gobernador de Hidalgo, inform\u00f3 que los cuerpos de emergencia lograron sofocar el siniestro despu\u00e9s de cinco horas. Foto: Juan Pablo Zamora, Cuartoscuro<\/p>\n<\/div>\n<p>Por su parte, autoridades de los tres niveles de gobierno establecieron un centro de mando en el palacio municipal de la localidad; mientras que en el Centro Cultural de Tlahuelilpan se instal\u00f3 una mesa de informaci\u00f3n para atender a los familiares de las v\u00edctimas.<\/p>\n<p>Ayer, en un mensaje a medios, el Presidente inform\u00f3 que la explosi\u00f3n registrada no va a detener la lucha contra el robo de combustible implementada por su Gobierno, al contrario, dijo, \u201cse va a fortalecer, vamos a continuar para erradicar estas pr\u00e1cticas\u201d.<\/p>\n<\/blockquote>\n","protected":false},"excerpt":{"rendered":"<p>La explosi\u00f3n fue intencional y se investiga qui\u00e9n fue; llaman a la poblaci\u00f3n a denunciar culpables<br \/>\nPor Redacci\u00f3n QP<\/p>\n","protected":false},"author":2,"featured_media":14735,"comment_status":"open","ping_status":"open","sticky":false,"template":"","format":"standard","meta":{"_monsterinsights_skip_tracking":false,"_monsterinsights_sitenote_active":false,"_monsterinsights_sitenote_note":"","_monsterinsights_sitenote_category":0,"footnotes":""},"categories":[2],"tags":[],"class_list":["post-14736","post","type-post","status-publish","format-standard","has-post-thumbnail","hentry","category-noticias"],"yoast_head":"<!-- This site is optimized with the Yoast SEO plugin v27.3 - https:\/\/yoast.com\/product\/yoast-seo-wordpress\/ -->\n<title>La explosi\u00f3n fue intencional y se investiga qui\u00e9n fue; llaman a la poblaci\u00f3n a denunciar culpables -<\/title>\n<meta name=\"robots\" content=\"index, follow, max-snippet:-1, max-image-preview:large, max-video-preview:-1\" \/>\n<link rel=\"canonical\" href=\"https:\/\/quehacerpolitico.mx\/?p=14736\" \/>\n<meta property=\"og:locale\" content=\"es_MX\" \/>\n<meta property=\"og:type\" content=\"article\" \/>\n<meta property=\"og:title\" content=\"La explosi\u00f3n fue intencional y se investiga qui\u00e9n fue; llaman a la poblaci\u00f3n a denunciar culpables -\" \/>\n<meta property=\"og:description\" content=\"La explosi\u00f3n fue intencional y se investiga qui\u00e9n fue; llaman a la poblaci\u00f3n a denunciar culpables Por Redacci\u00f3n QP\" \/>\n<meta property=\"og:url\" content=\"https:\/\/quehacerpolitico.mx\/?p=14736\" \/>\n<meta property=\"article:published_time\" content=\"2019-01-19T16:55:05+00:00\" \/>\n<meta name=\"author\" content=\"Redacci\u00f3n QP\" \/>\n<meta name=\"twitter:card\" content=\"summary_large_image\" \/>\n<meta name=\"twitter:label1\" content=\"Escrito por\" \/>\n\t<meta name=\"twitter:data1\" content=\"Redacci\u00f3n QP\" \/>\n\t<meta name=\"twitter:label2\" content=\"Tiempo de lectura\" \/>\n\t<meta name=\"twitter:data2\" content=\"7 minutos\" \/>\n<script type=\"application\/ld+json\" class=\"yoast-schema-graph\">{\"@context\":\"https:\\\/\\\/schema.org\",\"@graph\":[{\"@type\":\"Article\",\"@id\":\"https:\\\/\\\/quehacerpolitico.mx\\\/?p=14736#article\",\"isPartOf\":{\"@id\":\"https:\\\/\\\/quehacerpolitico.mx\\\/?p=14736\"},\"author\":{\"name\":\"Redacci\u00f3n QP\",\"@id\":\"https:\\\/\\\/quehacerpolitico.mx\\\/#\\\/schema\\\/person\\\/496d8ad2d1d3f8036101dca7ee39e585\"},\"headline\":\"La explosi\u00f3n fue intencional y se investiga qui\u00e9n fue; llaman a la poblaci\u00f3n a denunciar culpables\",\"datePublished\":\"2019-01-19T16:55:05+00:00\",\"mainEntityOfPage\":{\"@id\":\"https:\\\/\\\/quehacerpolitico.mx\\\/?p=14736\"},\"wordCount\":1340,\"commentCount\":0,\"image\":{\"@id\":\"https:\\\/\\\/quehacerpolitico.mx\\\/?p=14736#primaryimage\"},\"thumbnailUrl\":\"\",\"articleSection\":[\"Noticias\"],\"inLanguage\":\"es\",\"potentialAction\":[{\"@type\":\"CommentAction\",\"name\":\"Comment\",\"target\":[\"https:\\\/\\\/quehacerpolitico.mx\\\/?p=14736#respond\"]}]},{\"@type\":\"WebPage\",\"@id\":\"https:\\\/\\\/quehacerpolitico.mx\\\/?p=14736\",\"url\":\"https:\\\/\\\/quehacerpolitico.mx\\\/?p=14736\",\"name\":\"La explosi\u00f3n fue intencional y se investiga qui\u00e9n fue; llaman a la poblaci\u00f3n a denunciar culpables -\",\"isPartOf\":{\"@id\":\"https:\\\/\\\/quehacerpolitico.mx\\\/#website\"},\"primaryImageOfPage\":{\"@id\":\"https:\\\/\\\/quehacerpolitico.mx\\\/?p=14736#primaryimage\"},\"image\":{\"@id\":\"https:\\\/\\\/quehacerpolitico.mx\\\/?p=14736#primaryimage\"},\"thumbnailUrl\":\"\",\"datePublished\":\"2019-01-19T16:55:05+00:00\",\"author\":{\"@id\":\"https:\\\/\\\/quehacerpolitico.mx\\\/#\\\/schema\\\/person\\\/496d8ad2d1d3f8036101dca7ee39e585\"},\"breadcrumb\":{\"@id\":\"https:\\\/\\\/quehacerpolitico.mx\\\/?p=14736#breadcrumb\"},\"inLanguage\":\"es\",\"potentialAction\":[{\"@type\":\"ReadAction\",\"target\":[\"https:\\\/\\\/quehacerpolitico.mx\\\/?p=14736\"]}]},{\"@type\":\"ImageObject\",\"inLanguage\":\"es\",\"@id\":\"https:\\\/\\\/quehacerpolitico.mx\\\/?p=14736#primaryimage\",\"url\":\"\",\"contentUrl\":\"\"},{\"@type\":\"BreadcrumbList\",\"@id\":\"https:\\\/\\\/quehacerpolitico.mx\\\/?p=14736#breadcrumb\",\"itemListElement\":[{\"@type\":\"ListItem\",\"position\":1,\"name\":\"Inicio\",\"item\":\"https:\\\/\\\/quehacerpolitico.mx\\\/\"},{\"@type\":\"ListItem\",\"position\":2,\"name\":\"La explosi\u00f3n fue intencional y se investiga qui\u00e9n fue; llaman a la poblaci\u00f3n a denunciar culpables\"}]},{\"@type\":\"WebSite\",\"@id\":\"https:\\\/\\\/quehacerpolitico.mx\\\/#website\",\"url\":\"https:\\\/\\\/quehacerpolitico.mx\\\/\",\"name\":\"\",\"description\":\"\",\"potentialAction\":[{\"@type\":\"SearchAction\",\"target\":{\"@type\":\"EntryPoint\",\"urlTemplate\":\"https:\\\/\\\/quehacerpolitico.mx\\\/?s={search_term_string}\"},\"query-input\":{\"@type\":\"PropertyValueSpecification\",\"valueRequired\":true,\"valueName\":\"search_term_string\"}}],\"inLanguage\":\"es\"},{\"@type\":\"Person\",\"@id\":\"https:\\\/\\\/quehacerpolitico.mx\\\/#\\\/schema\\\/person\\\/496d8ad2d1d3f8036101dca7ee39e585\",\"name\":\"Redacci\u00f3n QP\",\"image\":{\"@type\":\"ImageObject\",\"inLanguage\":\"es\",\"@id\":\"https:\\\/\\\/secure.gravatar.com\\\/avatar\\\/c7164ed6fdec453195284ad24a5ae5b6e1eed2b848477fa2a4787ba9adf39a41?s=96&d=mm&r=g\",\"url\":\"https:\\\/\\\/secure.gravatar.com\\\/avatar\\\/c7164ed6fdec453195284ad24a5ae5b6e1eed2b848477fa2a4787ba9adf39a41?s=96&d=mm&r=g\",\"contentUrl\":\"https:\\\/\\\/secure.gravatar.com\\\/avatar\\\/c7164ed6fdec453195284ad24a5ae5b6e1eed2b848477fa2a4787ba9adf39a41?s=96&d=mm&r=g\",\"caption\":\"Redacci\u00f3n QP\"},\"url\":\"https:\\\/\\\/quehacerpolitico.mx\\\/?author=2\"}]}<\/script>\n<!-- \/ Yoast SEO plugin. -->","yoast_head_json":{"title":"La explosi\u00f3n fue intencional y se investiga qui\u00e9n fue; llaman a la poblaci\u00f3n a denunciar culpables -","robots":{"index":"index","follow":"follow","max-snippet":"max-snippet:-1","max-image-preview":"max-image-preview:large","max-video-preview":"max-video-preview:-1"},"canonical":"https:\/\/quehacerpolitico.mx\/?p=14736","og_locale":"es_MX","og_type":"article","og_title":"La explosi\u00f3n fue intencional y se investiga qui\u00e9n fue; llaman a la poblaci\u00f3n a denunciar culpables -","og_description":"La explosi\u00f3n fue intencional y se investiga qui\u00e9n fue; llaman a la poblaci\u00f3n a denunciar culpables Por Redacci\u00f3n QP","og_url":"https:\/\/quehacerpolitico.mx\/?p=14736","article_published_time":"2019-01-19T16:55:05+00:00","author":"Redacci\u00f3n QP","twitter_card":"summary_large_image","twitter_misc":{"Escrito por":"Redacci\u00f3n QP","Tiempo de lectura":"7 minutos"},"schema":{"@context":"https:\/\/schema.org","@graph":[{"@type":"Article","@id":"https:\/\/quehacerpolitico.mx\/?p=14736#article","isPartOf":{"@id":"https:\/\/quehacerpolitico.mx\/?p=14736"},"author":{"name":"Redacci\u00f3n QP","@id":"https:\/\/quehacerpolitico.mx\/#\/schema\/person\/496d8ad2d1d3f8036101dca7ee39e585"},"headline":"La explosi\u00f3n fue intencional y se investiga qui\u00e9n fue; llaman a la poblaci\u00f3n a denunciar culpables","datePublished":"2019-01-19T16:55:05+00:00","mainEntityOfPage":{"@id":"https:\/\/quehacerpolitico.mx\/?p=14736"},"wordCount":1340,"commentCount":0,"image":{"@id":"https:\/\/quehacerpolitico.mx\/?p=14736#primaryimage"},"thumbnailUrl":"","articleSection":["Noticias"],"inLanguage":"es","potentialAction":[{"@type":"CommentAction","name":"Comment","target":["https:\/\/quehacerpolitico.mx\/?p=14736#respond"]}]},{"@type":"WebPage","@id":"https:\/\/quehacerpolitico.mx\/?p=14736","url":"https:\/\/quehacerpolitico.mx\/?p=14736","name":"La explosi\u00f3n fue intencional y se investiga qui\u00e9n fue; llaman a la poblaci\u00f3n a denunciar culpables -","isPartOf":{"@id":"https:\/\/quehacerpolitico.mx\/#website"},"primaryImageOfPage":{"@id":"https:\/\/quehacerpolitico.mx\/?p=14736#primaryimage"},"image":{"@id":"https:\/\/quehacerpolitico.mx\/?p=14736#primaryimage"},"thumbnailUrl":"","datePublished":"2019-01-19T16:55:05+00:00","author":{"@id":"https:\/\/quehacerpolitico.mx\/#\/schema\/person\/496d8ad2d1d3f8036101dca7ee39e585"},"breadcrumb":{"@id":"https:\/\/quehacerpolitico.mx\/?p=14736#breadcrumb"},"inLanguage":"es","potentialAction":[{"@type":"ReadAction","target":["https:\/\/quehacerpolitico.mx\/?p=14736"]}]},{"@type":"ImageObject","inLanguage":"es","@id":"https:\/\/quehacerpolitico.mx\/?p=14736#primaryimage","url":"","contentUrl":""},{"@type":"BreadcrumbList","@id":"https:\/\/quehacerpolitico.mx\/?p=14736#breadcrumb","itemListElement":[{"@type":"ListItem","position":1,"name":"Inicio","item":"https:\/\/quehacerpolitico.mx\/"},{"@type":"ListItem","position":2,"name":"La explosi\u00f3n fue intencional y se investiga qui\u00e9n fue; llaman a la poblaci\u00f3n a denunciar culpables"}]},{"@type":"WebSite","@id":"https:\/\/quehacerpolitico.mx\/#website","url":"https:\/\/quehacerpolitico.mx\/","name":"","description":"","potentialAction":[{"@type":"SearchAction","target":{"@type":"EntryPoint","urlTemplate":"https:\/\/quehacerpolitico.mx\/?s={search_term_string}"},"query-input":{"@type":"PropertyValueSpecification","valueRequired":true,"valueName":"search_term_string"}}],"inLanguage":"es"},{"@type":"Person","@id":"https:\/\/quehacerpolitico.mx\/#\/schema\/person\/496d8ad2d1d3f8036101dca7ee39e585","name":"Redacci\u00f3n QP","image":{"@type":"ImageObject","inLanguage":"es","@id":"https:\/\/secure.gravatar.com\/avatar\/c7164ed6fdec453195284ad24a5ae5b6e1eed2b848477fa2a4787ba9adf39a41?s=96&d=mm&r=g","url":"https:\/\/secure.gravatar.com\/avatar\/c7164ed6fdec453195284ad24a5ae5b6e1eed2b848477fa2a4787ba9adf39a41?s=96&d=mm&r=g","contentUrl":"https:\/\/secure.gravatar.com\/avatar\/c7164ed6fdec453195284ad24a5ae5b6e1eed2b848477fa2a4787ba9adf39a41?s=96&d=mm&r=g","caption":"Redacci\u00f3n QP"},"url":"https:\/\/quehacerpolitico.mx\/?author=2"}]}},"featured_image_urls":{"full":"","thumbnail":"","medium":"","medium_large":"","large":"","1536x1536":"","2048x2048":"","covernews-featured":"","covernews-medium":""},"author_info":{"display_name":"Redacci\u00f3n QP","author_link":"https:\/\/quehacerpolitico.mx\/?author=2"},"category_info":"<a href=\"https:\/\/quehacerpolitico.mx\/?cat=2\" rel=\"category\">Noticias<\/a>","tag_info":"Noticias","comment_count":"0","_links":{"self":[{"href":"https:\/\/quehacerpolitico.mx\/index.php?rest_route=\/wp\/v2\/posts\/14736","targetHints":{"allow":["GET"]}}],"collection":[{"href":"https:\/\/quehacerpolitico.mx\/index.php?rest_route=\/wp\/v2\/posts"}],"about":[{"href":"https:\/\/quehacerpolitico.mx\/index.php?rest_route=\/wp\/v2\/types\/post"}],"author":[{"embeddable":true,"href":"https:\/\/quehacerpolitico.mx\/index.php?rest_route=\/wp\/v2\/users\/2"}],"replies":[{"embeddable":true,"href":"https:\/\/quehacerpolitico.mx\/index.php?rest_route=%2Fwp%2Fv2%2Fcomments&post=14736"}],"version-history":[{"count":0,"href":"https:\/\/quehacerpolitico.mx\/index.php?rest_route=\/wp\/v2\/posts\/14736\/revisions"}],"wp:featuredmedia":[{"embeddable":true,"href":"https:\/\/quehacerpolitico.mx\/index.php?rest_route=\/"}],"wp:attachment":[{"href":"https:\/\/quehacerpolitico.mx\/index.php?rest_route=%2Fwp%2Fv2%2Fmedia&parent=14736"}],"wp:term":[{"taxonomy":"category","embeddable":true,"href":"https:\/\/quehacerpolitico.mx\/index.php?rest_route=%2Fwp%2Fv2%2Fcategories&post=14736"},{"taxonomy":"post_tag","embeddable":true,"href":"https:\/\/quehacerpolitico.mx\/index.php?rest_route=%2Fwp%2Fv2%2Ftags&post=14736"}],"curies":[{"name":"wp","href":"https:\/\/api.w.org\/{rel}","templated":true}]}}