{"id":14734,"date":"2019-01-19T16:48:46","date_gmt":"2019-01-19T16:48:46","guid":{"rendered":"http:\/\/quehacerpolitico.mx\/spencer-tunick-acusa-a-felipe-calderon-de-haber-intentado-frenar-su-sesion-fotografica-en-el-zocalo\/"},"modified":"2019-01-19T16:48:46","modified_gmt":"2019-01-19T16:48:46","slug":"spencer-tunick-acusa-a-felipe-calderon-de-haber-intentado-frenar-su-sesion-fotografica-en-el-zocalo","status":"publish","type":"post","link":"https:\/\/quehacerpolitico.mx\/?p=14734","title":{"rendered":"Spencer Tunick acusa a Felipe Calder\u00f3n de haber intentado frenar su sesi\u00f3n fotogr\u00e1fica en el Z\u00f3calo"},"content":{"rendered":"<h1>Spencer Tunick acusa a Felipe Calder\u00f3n de haber intentado frenar su sesi\u00f3n fotogr\u00e1fica en el Z\u00f3calo<\/h1>\n<p>Por Redacci\u00f3n QP<\/p>\n<p>El neoyorquino <strong>Spencer Tunick<\/strong> acus\u00f3, a trav\u00e9s de su <strong>cuenta de Instagram<\/strong>, al ex Presidente <strong>Felipe Calder\u00f3n<\/strong>de haber tratado de detener su sesi\u00f3n fotogr\u00e1fica que llev\u00f3 a cabo en <strong>plancha del Z\u00f3calo en 2007<\/strong>.<\/p>\n<blockquote>\n<p>\u201cEsto s\u00f3lo puede pasar en M\u00e9xico. Cerca de 20 mil personas posaron. El Presidente de M\u00e9xico, Felipe Calder\u00f3n, intent\u00f3 detenerlo. Pero de alguna manera sucedi\u00f3. Gracias a todos valiosos participantes\u201d, escribi\u00f3 el fotografi\u00f3 en su cuenta.<\/p>\n<\/blockquote>\n<p>El fot\u00f3grafo record\u00f3 a trav\u00e9s de su cuenta oficial en la red social, donde tiene m\u00e1s de 102 mil seguidores, con una serie de videos y fotos su visita a la <strong>Ciudad de M\u00e9xico en mayo de 2007<\/strong>. En una de las fotograf\u00edas compartidas, Tunick se\u00f1al\u00f3 al ex Presidente panista de haber intentado frenar la sesi\u00f3n.<\/p>\n<div id=\"attachment_3524653\" class=\"wp-caption alignnone\"><img loading=\"lazy\" decoding=\"async\" class=\"size-full wp-image-3524653\" src=\"https:\/\/www.sinembargo.mx\/wp-content\/uploads\/2019\/01\/spencer.jpg\" sizes=\"auto, (max-width: 700px) 100vw, 700px\" srcset=\"https:\/\/www.sinembargo.mx\/wp-content\/uploads\/2019\/01\/spencer.jpg 700w, https:\/\/www.sinembargo.mx\/wp-content\/uploads\/2019\/01\/spencer-300x144.jpg 300w\" alt=\"\" width=\"700\" height=\"337\" \/><\/p>\n<p class=\"wp-caption-text\">El fot\u00f3grafo ha criticado a quienes se pronuncian en contra de su trabajo. Foto: spencertunick, Instagram<\/p>\n<\/div>\n<p>La fotograf\u00eda alcanz\u00f3 ya m\u00e1s de 12 mil \u201cme gusta\u201d y cerca de 170 comentarios, algunos felicit\u00e1ndolo por la acci\u00f3n y otros criticando al ex Presidente.<\/p>\n<p>En septiembre de este a\u00f1o, el fotograf\u00edo critic\u00f3 a los Gobiernos que se pronuncian en contra de la fotograf\u00eda de desnudos, dijo que son mandatos \u201cque no quieren que las personas sean libres\u201d.<\/p>\n<p>El trabajo de Spencer Tunick consiste en reunir a miles de personas \u2013sin importar el sexo y la raza\u2013 al rededor del mundo para que posen para \u00e9l en una sesi\u00f3n fotogr\u00e1fica realizada en\u00a0ciudades y lugares emblem\u00e1ticos.<\/p>\n<p>El fot\u00f3grafo ha visitado en dos acciones M\u00e9xico, la primera fue en 2007 donde cientos de personas se desnudaron en la Plaza de la Constituci\u00f3n; la segunda fue en San Miguel de Allende, Guanajuato, donde reuni\u00f3 a gente para posar con motivo el <strong>D\u00eda de Muertos en octubre de 2014<\/strong>.<\/p>\n<blockquote>\n<p>\u201cA pesar de haber estado ante diversas masas desnudas puedo decir que las mexicanas son seres humanos hermosos, por el color y la textura de su piel\u201d, dijo en aquella ocasi\u00f3n Spencer durante una entrevista para medios de comunicaci\u00f3n en Guanajuato.<\/p>\n<\/blockquote>\n<div id=\"attachment_3524654\" class=\"wp-caption alignnone\"><img loading=\"lazy\" decoding=\"async\" class=\"size-full wp-image-3524654\" src=\"https:\/\/www.sinembargo.mx\/wp-content\/uploads\/2019\/01\/spencer-mexico.jpg\" sizes=\"auto, (max-width: 700px) 100vw, 700px\" srcset=\"https:\/\/www.sinembargo.mx\/wp-content\/uploads\/2019\/01\/spencer-mexico.jpg 700w, https:\/\/www.sinembargo.mx\/wp-content\/uploads\/2019\/01\/spencer-mexico-300x200.jpg 300w\" alt=\"\" width=\"700\" height=\"467\" \/><\/p>\n<p class=\"wp-caption-text\">El fot\u00f3grafo estadounidense Spencer Tunick logr\u00f3 reunir a 100 mujeres para realizar su instalaci\u00f3n \u201cEl sendero de los redimidos\u201d en las calles de San Miguel de Allende, Guanajuato. Foto: Isabel Mateos, Cuartpscuro<\/p>\n<\/div>\n","protected":false},"excerpt":{"rendered":"<p>Spencer Tunick acusa a Felipe Calder\u00f3n de haber intentado frenar su sesi\u00f3n fotogr\u00e1fica en el Z\u00f3calo<br \/>\nPor Redacci\u00f3n QP<\/p>\n","protected":false},"author":2,"featured_media":14733,"comment_status":"open","ping_status":"open","sticky":false,"template":"","format":"standard","meta":{"_monsterinsights_skip_tracking":false,"_monsterinsights_sitenote_active":false,"_monsterinsights_sitenote_note":"","_monsterinsights_sitenote_category":0,"footnotes":""},"categories":[58],"tags":[],"class_list":["post-14734","post","type-post","status-publish","format-standard","has-post-thumbnail","hentry","category-cultura"],"yoast_head":"<!-- This site is optimized with the Yoast SEO plugin v27.3 - https:\/\/yoast.com\/product\/yoast-seo-wordpress\/ -->\n<title>Spencer Tunick acusa a Felipe Calder\u00f3n de haber intentado frenar su sesi\u00f3n fotogr\u00e1fica en el Z\u00f3calo -<\/title>\n<meta name=\"robots\" content=\"index, follow, max-snippet:-1, max-image-preview:large, max-video-preview:-1\" \/>\n<link rel=\"canonical\" href=\"https:\/\/quehacerpolitico.mx\/?p=14734\" \/>\n<meta property=\"og:locale\" content=\"es_MX\" \/>\n<meta property=\"og:type\" content=\"article\" \/>\n<meta property=\"og:title\" content=\"Spencer Tunick acusa a Felipe Calder\u00f3n de haber intentado frenar su sesi\u00f3n fotogr\u00e1fica en el Z\u00f3calo -\" \/>\n<meta property=\"og:description\" content=\"Spencer Tunick acusa a Felipe Calder\u00f3n de haber intentado frenar su sesi\u00f3n fotogr\u00e1fica en el Z\u00f3calo Por Redacci\u00f3n QP\" \/>\n<meta property=\"og:url\" content=\"https:\/\/quehacerpolitico.mx\/?p=14734\" \/>\n<meta property=\"article:published_time\" content=\"2019-01-19T16:48:46+00:00\" \/>\n<meta name=\"author\" content=\"Redacci\u00f3n QP\" \/>\n<meta name=\"twitter:card\" content=\"summary_large_image\" \/>\n<meta name=\"twitter:label1\" content=\"Escrito por\" \/>\n\t<meta name=\"twitter:data1\" content=\"Redacci\u00f3n QP\" \/>\n\t<meta name=\"twitter:label2\" content=\"Tiempo de lectura\" \/>\n\t<meta name=\"twitter:data2\" content=\"2 minutos\" \/>\n<script type=\"application\/ld+json\" class=\"yoast-schema-graph\">{\"@context\":\"https:\\\/\\\/schema.org\",\"@graph\":[{\"@type\":\"Article\",\"@id\":\"https:\\\/\\\/quehacerpolitico.mx\\\/?p=14734#article\",\"isPartOf\":{\"@id\":\"https:\\\/\\\/quehacerpolitico.mx\\\/?p=14734\"},\"author\":{\"name\":\"Redacci\u00f3n QP\",\"@id\":\"https:\\\/\\\/quehacerpolitico.mx\\\/#\\\/schema\\\/person\\\/496d8ad2d1d3f8036101dca7ee39e585\"},\"headline\":\"Spencer Tunick acusa a Felipe Calder\u00f3n de haber intentado frenar su sesi\u00f3n fotogr\u00e1fica en el Z\u00f3calo\",\"datePublished\":\"2019-01-19T16:48:46+00:00\",\"mainEntityOfPage\":{\"@id\":\"https:\\\/\\\/quehacerpolitico.mx\\\/?p=14734\"},\"wordCount\":432,\"commentCount\":0,\"image\":{\"@id\":\"https:\\\/\\\/quehacerpolitico.mx\\\/?p=14734#primaryimage\"},\"thumbnailUrl\":\"\",\"articleSection\":[\"Cultura y Entretenimiento\"],\"inLanguage\":\"es\",\"potentialAction\":[{\"@type\":\"CommentAction\",\"name\":\"Comment\",\"target\":[\"https:\\\/\\\/quehacerpolitico.mx\\\/?p=14734#respond\"]}]},{\"@type\":\"WebPage\",\"@id\":\"https:\\\/\\\/quehacerpolitico.mx\\\/?p=14734\",\"url\":\"https:\\\/\\\/quehacerpolitico.mx\\\/?p=14734\",\"name\":\"Spencer Tunick acusa a Felipe Calder\u00f3n de haber intentado frenar su sesi\u00f3n fotogr\u00e1fica en el Z\u00f3calo -\",\"isPartOf\":{\"@id\":\"https:\\\/\\\/quehacerpolitico.mx\\\/#website\"},\"primaryImageOfPage\":{\"@id\":\"https:\\\/\\\/quehacerpolitico.mx\\\/?p=14734#primaryimage\"},\"image\":{\"@id\":\"https:\\\/\\\/quehacerpolitico.mx\\\/?p=14734#primaryimage\"},\"thumbnailUrl\":\"\",\"datePublished\":\"2019-01-19T16:48:46+00:00\",\"author\":{\"@id\":\"https:\\\/\\\/quehacerpolitico.mx\\\/#\\\/schema\\\/person\\\/496d8ad2d1d3f8036101dca7ee39e585\"},\"breadcrumb\":{\"@id\":\"https:\\\/\\\/quehacerpolitico.mx\\\/?p=14734#breadcrumb\"},\"inLanguage\":\"es\",\"potentialAction\":[{\"@type\":\"ReadAction\",\"target\":[\"https:\\\/\\\/quehacerpolitico.mx\\\/?p=14734\"]}]},{\"@type\":\"ImageObject\",\"inLanguage\":\"es\",\"@id\":\"https:\\\/\\\/quehacerpolitico.mx\\\/?p=14734#primaryimage\",\"url\":\"\",\"contentUrl\":\"\"},{\"@type\":\"BreadcrumbList\",\"@id\":\"https:\\\/\\\/quehacerpolitico.mx\\\/?p=14734#breadcrumb\",\"itemListElement\":[{\"@type\":\"ListItem\",\"position\":1,\"name\":\"Inicio\",\"item\":\"https:\\\/\\\/quehacerpolitico.mx\\\/\"},{\"@type\":\"ListItem\",\"position\":2,\"name\":\"Spencer Tunick acusa a Felipe Calder\u00f3n de haber intentado frenar su sesi\u00f3n fotogr\u00e1fica en el Z\u00f3calo\"}]},{\"@type\":\"WebSite\",\"@id\":\"https:\\\/\\\/quehacerpolitico.mx\\\/#website\",\"url\":\"https:\\\/\\\/quehacerpolitico.mx\\\/\",\"name\":\"\",\"description\":\"\",\"potentialAction\":[{\"@type\":\"SearchAction\",\"target\":{\"@type\":\"EntryPoint\",\"urlTemplate\":\"https:\\\/\\\/quehacerpolitico.mx\\\/?s={search_term_string}\"},\"query-input\":{\"@type\":\"PropertyValueSpecification\",\"valueRequired\":true,\"valueName\":\"search_term_string\"}}],\"inLanguage\":\"es\"},{\"@type\":\"Person\",\"@id\":\"https:\\\/\\\/quehacerpolitico.mx\\\/#\\\/schema\\\/person\\\/496d8ad2d1d3f8036101dca7ee39e585\",\"name\":\"Redacci\u00f3n QP\",\"image\":{\"@type\":\"ImageObject\",\"inLanguage\":\"es\",\"@id\":\"https:\\\/\\\/secure.gravatar.com\\\/avatar\\\/c7164ed6fdec453195284ad24a5ae5b6e1eed2b848477fa2a4787ba9adf39a41?s=96&d=mm&r=g\",\"url\":\"https:\\\/\\\/secure.gravatar.com\\\/avatar\\\/c7164ed6fdec453195284ad24a5ae5b6e1eed2b848477fa2a4787ba9adf39a41?s=96&d=mm&r=g\",\"contentUrl\":\"https:\\\/\\\/secure.gravatar.com\\\/avatar\\\/c7164ed6fdec453195284ad24a5ae5b6e1eed2b848477fa2a4787ba9adf39a41?s=96&d=mm&r=g\",\"caption\":\"Redacci\u00f3n QP\"},\"url\":\"https:\\\/\\\/quehacerpolitico.mx\\\/?author=2\"}]}<\/script>\n<!-- \/ Yoast SEO plugin. -->","yoast_head_json":{"title":"Spencer Tunick acusa a Felipe Calder\u00f3n de haber intentado frenar su sesi\u00f3n fotogr\u00e1fica en el Z\u00f3calo -","robots":{"index":"index","follow":"follow","max-snippet":"max-snippet:-1","max-image-preview":"max-image-preview:large","max-video-preview":"max-video-preview:-1"},"canonical":"https:\/\/quehacerpolitico.mx\/?p=14734","og_locale":"es_MX","og_type":"article","og_title":"Spencer Tunick acusa a Felipe Calder\u00f3n de haber intentado frenar su sesi\u00f3n fotogr\u00e1fica en el Z\u00f3calo -","og_description":"Spencer Tunick acusa a Felipe Calder\u00f3n de haber intentado frenar su sesi\u00f3n fotogr\u00e1fica en el Z\u00f3calo Por Redacci\u00f3n QP","og_url":"https:\/\/quehacerpolitico.mx\/?p=14734","article_published_time":"2019-01-19T16:48:46+00:00","author":"Redacci\u00f3n QP","twitter_card":"summary_large_image","twitter_misc":{"Escrito por":"Redacci\u00f3n QP","Tiempo de lectura":"2 minutos"},"schema":{"@context":"https:\/\/schema.org","@graph":[{"@type":"Article","@id":"https:\/\/quehacerpolitico.mx\/?p=14734#article","isPartOf":{"@id":"https:\/\/quehacerpolitico.mx\/?p=14734"},"author":{"name":"Redacci\u00f3n QP","@id":"https:\/\/quehacerpolitico.mx\/#\/schema\/person\/496d8ad2d1d3f8036101dca7ee39e585"},"headline":"Spencer Tunick acusa a Felipe Calder\u00f3n de haber intentado frenar su sesi\u00f3n fotogr\u00e1fica en el Z\u00f3calo","datePublished":"2019-01-19T16:48:46+00:00","mainEntityOfPage":{"@id":"https:\/\/quehacerpolitico.mx\/?p=14734"},"wordCount":432,"commentCount":0,"image":{"@id":"https:\/\/quehacerpolitico.mx\/?p=14734#primaryimage"},"thumbnailUrl":"","articleSection":["Cultura y Entretenimiento"],"inLanguage":"es","potentialAction":[{"@type":"CommentAction","name":"Comment","target":["https:\/\/quehacerpolitico.mx\/?p=14734#respond"]}]},{"@type":"WebPage","@id":"https:\/\/quehacerpolitico.mx\/?p=14734","url":"https:\/\/quehacerpolitico.mx\/?p=14734","name":"Spencer Tunick acusa a Felipe Calder\u00f3n de haber intentado frenar su sesi\u00f3n fotogr\u00e1fica en el Z\u00f3calo -","isPartOf":{"@id":"https:\/\/quehacerpolitico.mx\/#website"},"primaryImageOfPage":{"@id":"https:\/\/quehacerpolitico.mx\/?p=14734#primaryimage"},"image":{"@id":"https:\/\/quehacerpolitico.mx\/?p=14734#primaryimage"},"thumbnailUrl":"","datePublished":"2019-01-19T16:48:46+00:00","author":{"@id":"https:\/\/quehacerpolitico.mx\/#\/schema\/person\/496d8ad2d1d3f8036101dca7ee39e585"},"breadcrumb":{"@id":"https:\/\/quehacerpolitico.mx\/?p=14734#breadcrumb"},"inLanguage":"es","potentialAction":[{"@type":"ReadAction","target":["https:\/\/quehacerpolitico.mx\/?p=14734"]}]},{"@type":"ImageObject","inLanguage":"es","@id":"https:\/\/quehacerpolitico.mx\/?p=14734#primaryimage","url":"","contentUrl":""},{"@type":"BreadcrumbList","@id":"https:\/\/quehacerpolitico.mx\/?p=14734#breadcrumb","itemListElement":[{"@type":"ListItem","position":1,"name":"Inicio","item":"https:\/\/quehacerpolitico.mx\/"},{"@type":"ListItem","position":2,"name":"Spencer Tunick acusa a Felipe Calder\u00f3n de haber intentado frenar su sesi\u00f3n fotogr\u00e1fica en el Z\u00f3calo"}]},{"@type":"WebSite","@id":"https:\/\/quehacerpolitico.mx\/#website","url":"https:\/\/quehacerpolitico.mx\/","name":"","description":"","potentialAction":[{"@type":"SearchAction","target":{"@type":"EntryPoint","urlTemplate":"https:\/\/quehacerpolitico.mx\/?s={search_term_string}"},"query-input":{"@type":"PropertyValueSpecification","valueRequired":true,"valueName":"search_term_string"}}],"inLanguage":"es"},{"@type":"Person","@id":"https:\/\/quehacerpolitico.mx\/#\/schema\/person\/496d8ad2d1d3f8036101dca7ee39e585","name":"Redacci\u00f3n QP","image":{"@type":"ImageObject","inLanguage":"es","@id":"https:\/\/secure.gravatar.com\/avatar\/c7164ed6fdec453195284ad24a5ae5b6e1eed2b848477fa2a4787ba9adf39a41?s=96&d=mm&r=g","url":"https:\/\/secure.gravatar.com\/avatar\/c7164ed6fdec453195284ad24a5ae5b6e1eed2b848477fa2a4787ba9adf39a41?s=96&d=mm&r=g","contentUrl":"https:\/\/secure.gravatar.com\/avatar\/c7164ed6fdec453195284ad24a5ae5b6e1eed2b848477fa2a4787ba9adf39a41?s=96&d=mm&r=g","caption":"Redacci\u00f3n QP"},"url":"https:\/\/quehacerpolitico.mx\/?author=2"}]}},"featured_image_urls":{"full":"","thumbnail":"","medium":"","medium_large":"","large":"","1536x1536":"","2048x2048":"","covernews-featured":"","covernews-medium":""},"author_info":{"display_name":"Redacci\u00f3n QP","author_link":"https:\/\/quehacerpolitico.mx\/?author=2"},"category_info":"<a href=\"https:\/\/quehacerpolitico.mx\/?cat=58\" rel=\"category\">Cultura y Entretenimiento<\/a>","tag_info":"Cultura y Entretenimiento","comment_count":"0","_links":{"self":[{"href":"https:\/\/quehacerpolitico.mx\/index.php?rest_route=\/wp\/v2\/posts\/14734","targetHints":{"allow":["GET"]}}],"collection":[{"href":"https:\/\/quehacerpolitico.mx\/index.php?rest_route=\/wp\/v2\/posts"}],"about":[{"href":"https:\/\/quehacerpolitico.mx\/index.php?rest_route=\/wp\/v2\/types\/post"}],"author":[{"embeddable":true,"href":"https:\/\/quehacerpolitico.mx\/index.php?rest_route=\/wp\/v2\/users\/2"}],"replies":[{"embeddable":true,"href":"https:\/\/quehacerpolitico.mx\/index.php?rest_route=%2Fwp%2Fv2%2Fcomments&post=14734"}],"version-history":[{"count":0,"href":"https:\/\/quehacerpolitico.mx\/index.php?rest_route=\/wp\/v2\/posts\/14734\/revisions"}],"wp:featuredmedia":[{"embeddable":true,"href":"https:\/\/quehacerpolitico.mx\/index.php?rest_route=\/"}],"wp:attachment":[{"href":"https:\/\/quehacerpolitico.mx\/index.php?rest_route=%2Fwp%2Fv2%2Fmedia&parent=14734"}],"wp:term":[{"taxonomy":"category","embeddable":true,"href":"https:\/\/quehacerpolitico.mx\/index.php?rest_route=%2Fwp%2Fv2%2Fcategories&post=14734"},{"taxonomy":"post_tag","embeddable":true,"href":"https:\/\/quehacerpolitico.mx\/index.php?rest_route=%2Fwp%2Fv2%2Ftags&post=14734"}],"curies":[{"name":"wp","href":"https:\/\/api.w.org\/{rel}","templated":true}]}}