{"id":14732,"date":"2019-01-19T16:38:47","date_gmt":"2019-01-19T16:38:47","guid":{"rendered":"http:\/\/quehacerpolitico.mx\/como-cuando-y-donde-podras-ver-el-eclipse-lunar-del-domingo-la-unam-ofrece-detalles\/"},"modified":"2019-01-19T16:38:47","modified_gmt":"2019-01-19T16:38:47","slug":"como-cuando-y-donde-podras-ver-el-eclipse-lunar-del-domingo-la-unam-ofrece-detalles","status":"publish","type":"post","link":"https:\/\/quehacerpolitico.mx\/?p=14732","title":{"rendered":"\u00bfC\u00f3mo, cu\u00e1ndo y d\u00f3nde podr\u00e1s ver el eclipse lunar del domingo? La UNAM ofrece detalles"},"content":{"rendered":"<h1>\u00bfC\u00f3mo, cu\u00e1ndo y d\u00f3nde podr\u00e1s ver el eclipse lunar del domingo? La UNAM ofrece detalles<\/h1>\n<p>Por Redacci\u00f3n QP<\/p>\n<p>Daniel Flores Guti\u00e9rrez, editor del <strong>Anuario del Observatorio Astron\u00f3mico Nacional<\/strong>, del IA de la <strong>UNAM<\/strong>, aclar\u00f3 que <strong>el eclipse lunar pr\u00f3ximo a ocurrir este domingo<\/strong>aproximadamente a las <strong>21:35 hora<\/strong>s, ser\u00e1 un fen\u00f3meno que todos podr\u00e1n <strong>observar a simple vista<\/strong> y no se requerir\u00e1 ning\u00fan aparato especializado. Adem\u00e1s de que no existe ning\u00fan riesgo de verlo directamente.<\/p>\n<div id=\"attachment_3524680\" class=\"wp-caption alignnone\"><img loading=\"lazy\" decoding=\"async\" class=\"size-full wp-image-3524680\" src=\"https:\/\/www.sinembargo.mx\/wp-content\/uploads\/2019\/01\/5c40763508f3d9f94f8b4567.gif\" sizes=\"auto, (max-width: 700px) 100vw, 700px\" srcset=\"https:\/\/www.sinembargo.mx\/wp-content\/uploads\/2019\/01\/5c40763508f3d9f94f8b4567.gif 700w, https:\/\/www.sinembargo.mx\/wp-content\/uploads\/2019\/01\/5c40763508f3d9f94f8b4567-300x205.gif 300w\" alt=\"\" width=\"700\" height=\"479\" \/><\/p>\n<p class=\"wp-caption-text\">El acontecimiento tendr\u00e1 una duraci\u00f3n de 1 hora, 1 minuto y 59 segundos. Imagen: RT<\/p>\n<\/div>\n<p><strong>El ciclo lunar<\/strong> que podremos observar iniciar\u00e1 con la fase penumbral del eclipse a las <strong>20:36 horas,<\/strong> enseguida la fase umbral ser\u00e1 a las <strong>21:33 horas,<\/strong> para este punto la luna podr\u00e1 observarse como un eclipse parcial; el <strong>punto m\u00e1ximo de este fen\u00f3meno astron\u00f3mico ser\u00e1 a las 23:12 horas<\/strong> y su totalidad llegar\u00e1 a las 22:41 horas. El hecho concluir\u00e1 el lunes 21 de enero a las 00:51 horas (Tiempo del centro). El acontecimiento tendr\u00e1 una duraci\u00f3n de 1 hora, 1 minuto y 59 segundos.<\/p>\n<div id=\"attachment_3524676\" class=\"wp-caption alignnone\"><img loading=\"lazy\" decoding=\"async\" class=\"size-full wp-image-3524676\" src=\"https:\/\/www.sinembargo.mx\/wp-content\/uploads\/2019\/01\/eclipse-i77.jpg\" sizes=\"auto, (max-width: 700px) 100vw, 700px\" srcset=\"https:\/\/www.sinembargo.mx\/wp-content\/uploads\/2019\/01\/eclipse-i77.jpg 700w, https:\/\/www.sinembargo.mx\/wp-content\/uploads\/2019\/01\/eclipse-i77-300x171.jpg 300w, https:\/\/www.sinembargo.mx\/wp-content\/uploads\/2019\/01\/eclipse-i77-345x198.jpg 345w\" alt=\"\" width=\"700\" height=\"400\" \/><\/p>\n<p class=\"wp-caption-text\">En algunas ciudades de Am\u00e9rica, tambi\u00e9n podr\u00e1 observarse este fen\u00f3meno Foto: RT<\/p>\n<\/div>\n<p>Los eclipses son fen\u00f3menos astron\u00f3micos peri\u00f3dicos que ocurren cuando un cuerpo celeste pasa enfrente de otro, ocult\u00e1ndolo parcial o totalmente. El especialista de la UNAM explic\u00f3 que un eclipse lunar se presenta cuando la Tierra se encuentra entre la Luna y el Sol, y durante el proceso nuestro sat\u00e9lite natural adquiere usualmente una coloraci\u00f3n rojiza. Por lo que es llamada com\u00fanmente Luna roja o de sangre, debido a que la atm\u00f3sfera de la Tierra dispersa la luz solar y solo deja pasar la luz roja que se refleja en el sat\u00e9lite.<\/p>\n<div id=\"attachment_3524678\" class=\"wp-caption alignnone\"><img loading=\"lazy\" decoding=\"async\" class=\"size-full wp-image-3524678\" src=\"https:\/\/www.sinembargo.mx\/wp-content\/uploads\/2019\/01\/eclipse-8888.jpg\" sizes=\"auto, (max-width: 700px) 100vw, 700px\" srcset=\"https:\/\/www.sinembargo.mx\/wp-content\/uploads\/2019\/01\/eclipse-8888.jpg 700w, https:\/\/www.sinembargo.mx\/wp-content\/uploads\/2019\/01\/eclipse-8888-300x171.jpg 300w, https:\/\/www.sinembargo.mx\/wp-content\/uploads\/2019\/01\/eclipse-8888-345x198.jpg 345w\" alt=\"\" width=\"700\" height=\"400\" \/><\/p>\n<p class=\"wp-caption-text\">Los eclipses son fen\u00f3menos astron\u00f3micos peri\u00f3dicos que ocurren cuando un cuerpo celeste pasa enfrente de otro, ocult\u00e1ndolo parcial o totalmente Foto:RT<\/p>\n<\/div>\n<p>Uno de los lugares d\u00f3nde podr\u00e1 observarse con m\u00e1s detalle el evento es el Museo de las Ciencias de la UNAM Universum, el cual tendr\u00e1 actividades especiales desde las 18:00 horas.<\/p>\n<p>\u201cLos seres humanos somos producto de la naturaleza y por eso los ciclos lunares siguen siendo significativos\u201d, coment\u00f3 para la UNAM.<\/p>\n<p>Finalmente, Flores Guti\u00e9rrez explic\u00f3 que de enero a febrero se produjo el mes lunar m\u00e1s largo de este a\u00f1o, iniciado el pasado 6 de enero y el cual concluir\u00e1 el pr\u00f3ximo 4 de febrero.<\/p>\n","protected":false},"excerpt":{"rendered":"<p>\u00bfC\u00f3mo, cu\u00e1ndo y d\u00f3nde podr\u00e1s ver el eclipse lunar del domingo? La UNAM ofrece detalles<br \/>\nPor Redacci\u00f3n QP<\/p>\n","protected":false},"author":2,"featured_media":14731,"comment_status":"open","ping_status":"open","sticky":false,"template":"","format":"standard","meta":{"_monsterinsights_skip_tracking":false,"_monsterinsights_sitenote_active":false,"_monsterinsights_sitenote_note":"","_monsterinsights_sitenote_category":0,"footnotes":""},"categories":[2],"tags":[],"class_list":["post-14732","post","type-post","status-publish","format-standard","has-post-thumbnail","hentry","category-noticias"],"yoast_head":"<!-- This site is optimized with the Yoast SEO plugin v27.3 - https:\/\/yoast.com\/product\/yoast-seo-wordpress\/ -->\n<title>\u00bfC\u00f3mo, cu\u00e1ndo y d\u00f3nde podr\u00e1s ver el eclipse lunar del domingo? La UNAM ofrece detalles -<\/title>\n<meta name=\"robots\" content=\"index, follow, max-snippet:-1, max-image-preview:large, max-video-preview:-1\" \/>\n<link rel=\"canonical\" href=\"https:\/\/quehacerpolitico.mx\/?p=14732\" \/>\n<meta property=\"og:locale\" content=\"es_MX\" \/>\n<meta property=\"og:type\" content=\"article\" \/>\n<meta property=\"og:title\" content=\"\u00bfC\u00f3mo, cu\u00e1ndo y d\u00f3nde podr\u00e1s ver el eclipse lunar del domingo? La UNAM ofrece detalles -\" \/>\n<meta property=\"og:description\" content=\"\u00bfC\u00f3mo, cu\u00e1ndo y d\u00f3nde podr\u00e1s ver el eclipse lunar del domingo? La UNAM ofrece detalles Por Redacci\u00f3n QP\" \/>\n<meta property=\"og:url\" content=\"https:\/\/quehacerpolitico.mx\/?p=14732\" \/>\n<meta property=\"article:published_time\" content=\"2019-01-19T16:38:47+00:00\" \/>\n<meta name=\"author\" content=\"Redacci\u00f3n QP\" \/>\n<meta name=\"twitter:card\" content=\"summary_large_image\" \/>\n<meta name=\"twitter:label1\" content=\"Escrito por\" \/>\n\t<meta name=\"twitter:data1\" content=\"Redacci\u00f3n QP\" \/>\n\t<meta name=\"twitter:label2\" content=\"Tiempo de lectura\" \/>\n\t<meta name=\"twitter:data2\" content=\"2 minutos\" \/>\n<script type=\"application\/ld+json\" class=\"yoast-schema-graph\">{\"@context\":\"https:\\\/\\\/schema.org\",\"@graph\":[{\"@type\":\"Article\",\"@id\":\"https:\\\/\\\/quehacerpolitico.mx\\\/?p=14732#article\",\"isPartOf\":{\"@id\":\"https:\\\/\\\/quehacerpolitico.mx\\\/?p=14732\"},\"author\":{\"name\":\"Redacci\u00f3n QP\",\"@id\":\"https:\\\/\\\/quehacerpolitico.mx\\\/#\\\/schema\\\/person\\\/496d8ad2d1d3f8036101dca7ee39e585\"},\"headline\":\"\u00bfC\u00f3mo, cu\u00e1ndo y d\u00f3nde podr\u00e1s ver el eclipse lunar del domingo? La UNAM ofrece detalles\",\"datePublished\":\"2019-01-19T16:38:47+00:00\",\"mainEntityOfPage\":{\"@id\":\"https:\\\/\\\/quehacerpolitico.mx\\\/?p=14732\"},\"wordCount\":428,\"commentCount\":0,\"image\":{\"@id\":\"https:\\\/\\\/quehacerpolitico.mx\\\/?p=14732#primaryimage\"},\"thumbnailUrl\":\"\",\"articleSection\":[\"Noticias\"],\"inLanguage\":\"es\",\"potentialAction\":[{\"@type\":\"CommentAction\",\"name\":\"Comment\",\"target\":[\"https:\\\/\\\/quehacerpolitico.mx\\\/?p=14732#respond\"]}]},{\"@type\":\"WebPage\",\"@id\":\"https:\\\/\\\/quehacerpolitico.mx\\\/?p=14732\",\"url\":\"https:\\\/\\\/quehacerpolitico.mx\\\/?p=14732\",\"name\":\"\u00bfC\u00f3mo, cu\u00e1ndo y d\u00f3nde podr\u00e1s ver el eclipse lunar del domingo? La UNAM ofrece detalles -\",\"isPartOf\":{\"@id\":\"https:\\\/\\\/quehacerpolitico.mx\\\/#website\"},\"primaryImageOfPage\":{\"@id\":\"https:\\\/\\\/quehacerpolitico.mx\\\/?p=14732#primaryimage\"},\"image\":{\"@id\":\"https:\\\/\\\/quehacerpolitico.mx\\\/?p=14732#primaryimage\"},\"thumbnailUrl\":\"\",\"datePublished\":\"2019-01-19T16:38:47+00:00\",\"author\":{\"@id\":\"https:\\\/\\\/quehacerpolitico.mx\\\/#\\\/schema\\\/person\\\/496d8ad2d1d3f8036101dca7ee39e585\"},\"breadcrumb\":{\"@id\":\"https:\\\/\\\/quehacerpolitico.mx\\\/?p=14732#breadcrumb\"},\"inLanguage\":\"es\",\"potentialAction\":[{\"@type\":\"ReadAction\",\"target\":[\"https:\\\/\\\/quehacerpolitico.mx\\\/?p=14732\"]}]},{\"@type\":\"ImageObject\",\"inLanguage\":\"es\",\"@id\":\"https:\\\/\\\/quehacerpolitico.mx\\\/?p=14732#primaryimage\",\"url\":\"\",\"contentUrl\":\"\"},{\"@type\":\"BreadcrumbList\",\"@id\":\"https:\\\/\\\/quehacerpolitico.mx\\\/?p=14732#breadcrumb\",\"itemListElement\":[{\"@type\":\"ListItem\",\"position\":1,\"name\":\"Inicio\",\"item\":\"https:\\\/\\\/quehacerpolitico.mx\\\/\"},{\"@type\":\"ListItem\",\"position\":2,\"name\":\"\u00bfC\u00f3mo, cu\u00e1ndo y d\u00f3nde podr\u00e1s ver el eclipse lunar del domingo? La UNAM ofrece detalles\"}]},{\"@type\":\"WebSite\",\"@id\":\"https:\\\/\\\/quehacerpolitico.mx\\\/#website\",\"url\":\"https:\\\/\\\/quehacerpolitico.mx\\\/\",\"name\":\"\",\"description\":\"\",\"potentialAction\":[{\"@type\":\"SearchAction\",\"target\":{\"@type\":\"EntryPoint\",\"urlTemplate\":\"https:\\\/\\\/quehacerpolitico.mx\\\/?s={search_term_string}\"},\"query-input\":{\"@type\":\"PropertyValueSpecification\",\"valueRequired\":true,\"valueName\":\"search_term_string\"}}],\"inLanguage\":\"es\"},{\"@type\":\"Person\",\"@id\":\"https:\\\/\\\/quehacerpolitico.mx\\\/#\\\/schema\\\/person\\\/496d8ad2d1d3f8036101dca7ee39e585\",\"name\":\"Redacci\u00f3n QP\",\"image\":{\"@type\":\"ImageObject\",\"inLanguage\":\"es\",\"@id\":\"https:\\\/\\\/secure.gravatar.com\\\/avatar\\\/c7164ed6fdec453195284ad24a5ae5b6e1eed2b848477fa2a4787ba9adf39a41?s=96&d=mm&r=g\",\"url\":\"https:\\\/\\\/secure.gravatar.com\\\/avatar\\\/c7164ed6fdec453195284ad24a5ae5b6e1eed2b848477fa2a4787ba9adf39a41?s=96&d=mm&r=g\",\"contentUrl\":\"https:\\\/\\\/secure.gravatar.com\\\/avatar\\\/c7164ed6fdec453195284ad24a5ae5b6e1eed2b848477fa2a4787ba9adf39a41?s=96&d=mm&r=g\",\"caption\":\"Redacci\u00f3n QP\"},\"url\":\"https:\\\/\\\/quehacerpolitico.mx\\\/?author=2\"}]}<\/script>\n<!-- \/ Yoast SEO plugin. -->","yoast_head_json":{"title":"\u00bfC\u00f3mo, cu\u00e1ndo y d\u00f3nde podr\u00e1s ver el eclipse lunar del domingo? La UNAM ofrece detalles -","robots":{"index":"index","follow":"follow","max-snippet":"max-snippet:-1","max-image-preview":"max-image-preview:large","max-video-preview":"max-video-preview:-1"},"canonical":"https:\/\/quehacerpolitico.mx\/?p=14732","og_locale":"es_MX","og_type":"article","og_title":"\u00bfC\u00f3mo, cu\u00e1ndo y d\u00f3nde podr\u00e1s ver el eclipse lunar del domingo? La UNAM ofrece detalles -","og_description":"\u00bfC\u00f3mo, cu\u00e1ndo y d\u00f3nde podr\u00e1s ver el eclipse lunar del domingo? La UNAM ofrece detalles Por Redacci\u00f3n QP","og_url":"https:\/\/quehacerpolitico.mx\/?p=14732","article_published_time":"2019-01-19T16:38:47+00:00","author":"Redacci\u00f3n QP","twitter_card":"summary_large_image","twitter_misc":{"Escrito por":"Redacci\u00f3n QP","Tiempo de lectura":"2 minutos"},"schema":{"@context":"https:\/\/schema.org","@graph":[{"@type":"Article","@id":"https:\/\/quehacerpolitico.mx\/?p=14732#article","isPartOf":{"@id":"https:\/\/quehacerpolitico.mx\/?p=14732"},"author":{"name":"Redacci\u00f3n QP","@id":"https:\/\/quehacerpolitico.mx\/#\/schema\/person\/496d8ad2d1d3f8036101dca7ee39e585"},"headline":"\u00bfC\u00f3mo, cu\u00e1ndo y d\u00f3nde podr\u00e1s ver el eclipse lunar del domingo? La UNAM ofrece detalles","datePublished":"2019-01-19T16:38:47+00:00","mainEntityOfPage":{"@id":"https:\/\/quehacerpolitico.mx\/?p=14732"},"wordCount":428,"commentCount":0,"image":{"@id":"https:\/\/quehacerpolitico.mx\/?p=14732#primaryimage"},"thumbnailUrl":"","articleSection":["Noticias"],"inLanguage":"es","potentialAction":[{"@type":"CommentAction","name":"Comment","target":["https:\/\/quehacerpolitico.mx\/?p=14732#respond"]}]},{"@type":"WebPage","@id":"https:\/\/quehacerpolitico.mx\/?p=14732","url":"https:\/\/quehacerpolitico.mx\/?p=14732","name":"\u00bfC\u00f3mo, cu\u00e1ndo y d\u00f3nde podr\u00e1s ver el eclipse lunar del domingo? La UNAM ofrece detalles -","isPartOf":{"@id":"https:\/\/quehacerpolitico.mx\/#website"},"primaryImageOfPage":{"@id":"https:\/\/quehacerpolitico.mx\/?p=14732#primaryimage"},"image":{"@id":"https:\/\/quehacerpolitico.mx\/?p=14732#primaryimage"},"thumbnailUrl":"","datePublished":"2019-01-19T16:38:47+00:00","author":{"@id":"https:\/\/quehacerpolitico.mx\/#\/schema\/person\/496d8ad2d1d3f8036101dca7ee39e585"},"breadcrumb":{"@id":"https:\/\/quehacerpolitico.mx\/?p=14732#breadcrumb"},"inLanguage":"es","potentialAction":[{"@type":"ReadAction","target":["https:\/\/quehacerpolitico.mx\/?p=14732"]}]},{"@type":"ImageObject","inLanguage":"es","@id":"https:\/\/quehacerpolitico.mx\/?p=14732#primaryimage","url":"","contentUrl":""},{"@type":"BreadcrumbList","@id":"https:\/\/quehacerpolitico.mx\/?p=14732#breadcrumb","itemListElement":[{"@type":"ListItem","position":1,"name":"Inicio","item":"https:\/\/quehacerpolitico.mx\/"},{"@type":"ListItem","position":2,"name":"\u00bfC\u00f3mo, cu\u00e1ndo y d\u00f3nde podr\u00e1s ver el eclipse lunar del domingo? La UNAM ofrece detalles"}]},{"@type":"WebSite","@id":"https:\/\/quehacerpolitico.mx\/#website","url":"https:\/\/quehacerpolitico.mx\/","name":"","description":"","potentialAction":[{"@type":"SearchAction","target":{"@type":"EntryPoint","urlTemplate":"https:\/\/quehacerpolitico.mx\/?s={search_term_string}"},"query-input":{"@type":"PropertyValueSpecification","valueRequired":true,"valueName":"search_term_string"}}],"inLanguage":"es"},{"@type":"Person","@id":"https:\/\/quehacerpolitico.mx\/#\/schema\/person\/496d8ad2d1d3f8036101dca7ee39e585","name":"Redacci\u00f3n QP","image":{"@type":"ImageObject","inLanguage":"es","@id":"https:\/\/secure.gravatar.com\/avatar\/c7164ed6fdec453195284ad24a5ae5b6e1eed2b848477fa2a4787ba9adf39a41?s=96&d=mm&r=g","url":"https:\/\/secure.gravatar.com\/avatar\/c7164ed6fdec453195284ad24a5ae5b6e1eed2b848477fa2a4787ba9adf39a41?s=96&d=mm&r=g","contentUrl":"https:\/\/secure.gravatar.com\/avatar\/c7164ed6fdec453195284ad24a5ae5b6e1eed2b848477fa2a4787ba9adf39a41?s=96&d=mm&r=g","caption":"Redacci\u00f3n QP"},"url":"https:\/\/quehacerpolitico.mx\/?author=2"}]}},"featured_image_urls":{"full":"","thumbnail":"","medium":"","medium_large":"","large":"","1536x1536":"","2048x2048":"","covernews-featured":"","covernews-medium":""},"author_info":{"display_name":"Redacci\u00f3n QP","author_link":"https:\/\/quehacerpolitico.mx\/?author=2"},"category_info":"<a href=\"https:\/\/quehacerpolitico.mx\/?cat=2\" rel=\"category\">Noticias<\/a>","tag_info":"Noticias","comment_count":"0","_links":{"self":[{"href":"https:\/\/quehacerpolitico.mx\/index.php?rest_route=\/wp\/v2\/posts\/14732","targetHints":{"allow":["GET"]}}],"collection":[{"href":"https:\/\/quehacerpolitico.mx\/index.php?rest_route=\/wp\/v2\/posts"}],"about":[{"href":"https:\/\/quehacerpolitico.mx\/index.php?rest_route=\/wp\/v2\/types\/post"}],"author":[{"embeddable":true,"href":"https:\/\/quehacerpolitico.mx\/index.php?rest_route=\/wp\/v2\/users\/2"}],"replies":[{"embeddable":true,"href":"https:\/\/quehacerpolitico.mx\/index.php?rest_route=%2Fwp%2Fv2%2Fcomments&post=14732"}],"version-history":[{"count":0,"href":"https:\/\/quehacerpolitico.mx\/index.php?rest_route=\/wp\/v2\/posts\/14732\/revisions"}],"wp:featuredmedia":[{"embeddable":true,"href":"https:\/\/quehacerpolitico.mx\/index.php?rest_route=\/"}],"wp:attachment":[{"href":"https:\/\/quehacerpolitico.mx\/index.php?rest_route=%2Fwp%2Fv2%2Fmedia&parent=14732"}],"wp:term":[{"taxonomy":"category","embeddable":true,"href":"https:\/\/quehacerpolitico.mx\/index.php?rest_route=%2Fwp%2Fv2%2Fcategories&post=14732"},{"taxonomy":"post_tag","embeddable":true,"href":"https:\/\/quehacerpolitico.mx\/index.php?rest_route=%2Fwp%2Fv2%2Ftags&post=14732"}],"curies":[{"name":"wp","href":"https:\/\/api.w.org\/{rel}","templated":true}]}}