{"id":14656,"date":"2019-01-18T00:55:15","date_gmt":"2019-01-18T00:55:15","guid":{"rendered":"http:\/\/quehacerpolitico.mx\/internacionales-carolina-alonso-romei-777-confirmado-vic-asi-avisaron-los-marinos-a-un-agente-de-la-dea-que-ya-tenian-a-el-chapo-en-2014\/"},"modified":"2019-01-18T00:55:15","modified_gmt":"2019-01-18T00:55:15","slug":"internacionales-carolina-alonso-romei-777-confirmado-vic-asi-avisaron-los-marinos-a-un-agente-de-la-dea-que-ya-tenian-a-el-chapo-en-2014","status":"publish","type":"post","link":"https:\/\/quehacerpolitico.mx\/?p=14656","title":{"rendered":"Internacionales\/\/\/Carolina Alonso Romei\/\/\/\u201c777 Confirmado Vic\u201d, as\u00ed avisaron los marinos a un agente de la DEA que ya ten\u00edan a \u201cEl Chapo\u201d en 2014"},"content":{"rendered":"<h1>\u201c777 Confirmado Vic\u201d, as\u00ed avisaron los marinos a un agente de la DEA que ya ten\u00edan a \u201cEl Chapo\u201d en 2014<\/h1>\n<p>Por Carolina Alonso Romei\u00a0<\/p>\n<p>Internacionalista<\/p>\n<p>Un agente de la <strong>DEA<\/strong> explic\u00f3 hoy c\u00f3mo fue la <strong>operaci\u00f3n<\/strong> para <strong>detener<\/strong> a <strong>Joaqu\u00edn \u201cEl Chapo\u201d Guzm\u00e1n<\/strong> en febrero de 2014, cuando el <strong>narco<\/strong> fue capturado por un equipo de 24 marinos mexicanos en un hotel de <strong>Mazatl\u00e1n<\/strong>, Sinaloa.<\/p>\n<p>El arresto, previo a la \u00faltima fuga de Guzm\u00e1n en 2015, tuvo lugar despu\u00e9s de que todos los <strong>refugios<\/strong> del capo en <strong>Culiac\u00e1n<\/strong>, la ciudad m\u00e1s grande del estado de <strong>Sinaloa<\/strong>, fueran examinados.<\/p>\n<p>En una nueva jornada de testimonio ante la <strong>Corte<\/strong> Federal del Distrito Este en<strong> Nueva York<\/strong>, el agente V\u00edctor V\u00e1zquez explic\u00f3 la captura de \u201cEl Chapo\u201d la madrugada del 22 de febrero de 2014, en torno a las 4:30 de la ma\u00f1ana, cuando el reducido equipo entr\u00f3 en el edificio de 10 pisos.<\/p>\n<div class=\"ad-center ad-in-content\">\n<div id=\"div-gpt-ad-1523475625635-0\" data-google-query-id=\"CP7pkc6O9t8CFZA0fwod714DcA\">\n<p>V\u00e1zquez, al cargo de la operaci\u00f3n, recibi\u00f3 un c\u00f3digo \u201c777 Confirmado Vic\u201d de parte de los marines, que significaba que hab\u00edan encontrado y detenido al narcotraficante y requer\u00edan al agente bajar al s\u00f3tano del edificio.<\/p>\n<p>Los marinos, como explic\u00f3 el agente a preguntas de la defensa, encontraron al narcotraficante en una habitaci\u00f3n de la cuarta planta del Hotel Miramar, y desde all\u00ed lo bajaron al s\u00f3tano del edificio.<\/p>\n<p>Los marines desconoc\u00edan la apariencia del capo, por lo que pidieron a V\u00e1zquez que efectuara el reconocimiento del hombre que ten\u00edan retenido de rodillas: era \u201cEl Chapo\u201d, quien se encontraba junto a sus dos hijas gemelas y su mujer Emma Coronel.<\/p>\n<blockquote>\n<p>\u201c\u00a1Eres t\u00fa!\u201d, dijo el agente, seg\u00fan su relato de hoy, sorprendido por haber capturado al narcotraficante.<\/p>\n<p>Este episodio provoc\u00f3 que la defensa interrogara al agente sobre la apariencia que ten\u00eda Guzm\u00e1n Loera en el momento en que fue detenido, mostrando una foto a la sala en la que se ve\u00eda al capo de rodillas, con su caracter\u00edstico bigote, y algunos moretones.<\/p>\n<p>El abogado defensor Eduardo Balarezo inquiri\u00f3 a V\u00e1zquez si pod\u00eda reconocer al detenido y si ese era el aspecto que mostraba al ser retenido.<\/p>\n<p>Balarezo pidi\u00f3 entonces al juez Brian Cogan que el acusado se levantara de su asiento, de tal manera que el agente pudiera comparar el aspecto actual del detenido con el que ten\u00eda en aquel entonces.<\/p>\n<p>La captura se produjo una semana despu\u00e9s de la llegada de los agentes a Culiac\u00e1n, donde la DEA se dedic\u00f3 a acabar con la estructura de refugios y t\u00faneles de la que el Chapo dispon\u00eda, para dificultar su vuelta a la ciudad y asegurar su captura posterior en Mazatl\u00e1n.<\/p>\n<p>Pese a no localizar al narco, la DEA consigui\u00f3 arrestar all\u00ed a un individuo identificado como \u201cNariz\u201d, que los llev\u00f3 de tour por cinco localizaciones, todas conectadas a una red de t\u00faneles a la que se acced\u00eda a trav\u00e9s de una ba\u00f1era que Guzm\u00e1n utiliz\u00f3 para escapar de los agentes en el \u00faltimo momento.<\/p>\n<p>El agente aleg\u00f3 que en una de las casas que exploraron, escucharon al Chapo lanzar gritos desde el t\u00fanel, pero no se atrevieron a bajar porque no sab\u00edan si les esperaba una emboscada.<\/p>\n<blockquote>\n<p>La detenci\u00f3n de \u201cNariz\u201d, cuyo aspecto f\u00edsico V\u00e1zquez desconoc\u00eda aparte de la menci\u00f3n a su aspecto f\u00edsico,\u201dSab\u00eda que ten\u00eda algo que ver con la nariz: o muy grande, o muy chica, o que no ten\u00eda\u201d, explic\u00f3-, se produjo en una fiesta en Culiac\u00e1n el 17 de febrero.<\/p>\n<\/blockquote>\n<p>Los agentes llegaron a la celebraci\u00f3n y comenzaron a identificar a los hombres presentes, buscando una Blackberry con un pin -n\u00famero de mensajer\u00eda- determinado, ya que hab\u00edan interceptado las comunicaciones procedentes de un dispositivo en concreto.<\/p>\n<p>En un momento dado, una de las mujeres presentes se levant\u00f3 y a gritos pidi\u00f3 que la dejaran ir a comprobar el estado de su beb\u00e9, que hab\u00eda dejado en una casa del vecindario.<\/p>\n<p>Un marino la sigui\u00f3 y, cuando entr\u00f3 en la casa, la encontr\u00f3 sujetando un beb\u00e9, aunque se alter\u00f3 demasiado y comenz\u00f3 a gritar, por lo que el elemento intent\u00f3 tranquilizarla, momento en el que se cay\u00f3 al suelo\u00a0una Blackberry, escondida en la axila de la mujer.<\/p>\n<p>El dispositivo en cuesti\u00f3n era el que los marinos estaban buscando y permiti\u00f3 encontrar y detener a \u201cNariz\u201d.<\/p>\n<p>Posteriormente, tambi\u00e9n el 17, fue arrestado otro individuo conocido como \u201cPicudo\u201d, que ejerc\u00eda como jefe de plaza del c\u00e1rtel del Chapo en Culiac\u00e1n.<\/p>\n<p>\u201cPicudo\u201d les cont\u00f3 que hab\u00eda hablado con \u201cEl Chapo\u201d esa misma ma\u00f1ana y que lo hab\u00eda trasladado a Mazatl\u00e1n, lo que puso sobre la pista a la agencia acerca del paradero del narcotraficante.<\/p>\n<p>Con Informaci\u00f3n de EFE<\/p>\n<\/blockquote>\n<\/div>\n<\/div>\n","protected":false},"excerpt":{"rendered":"<p>\u201c777 Confirmado Vic\u201d, as\u00ed avisaron los marinos a un agente de la DEA que ya ten\u00edan a \u201cEl Chapo\u201d en 2014<br \/>\nPor Carolina Alonso Romei<br \/>\nInternacionalista<\/p>\n","protected":false},"author":2,"featured_media":14655,"comment_status":"open","ping_status":"open","sticky":false,"template":"","format":"standard","meta":{"_monsterinsights_skip_tracking":false,"_monsterinsights_sitenote_active":false,"_monsterinsights_sitenote_note":"","_monsterinsights_sitenote_category":0,"footnotes":""},"categories":[1],"tags":[],"class_list":["post-14656","post","type-post","status-publish","format-standard","has-post-thumbnail","hentry","category-sin-categoria"],"yoast_head":"<!-- This site is optimized with the Yoast SEO plugin v27.3 - https:\/\/yoast.com\/product\/yoast-seo-wordpress\/ -->\n<title>Internacionales\/\/\/Carolina Alonso Romei\/\/\/\u201c777 Confirmado Vic\u201d, as\u00ed avisaron los marinos a un agente de la DEA que ya ten\u00edan a \u201cEl Chapo\u201d en 2014 -<\/title>\n<meta name=\"robots\" content=\"index, follow, max-snippet:-1, max-image-preview:large, max-video-preview:-1\" \/>\n<link rel=\"canonical\" href=\"https:\/\/quehacerpolitico.mx\/?p=14656\" \/>\n<meta property=\"og:locale\" content=\"es_MX\" \/>\n<meta property=\"og:type\" content=\"article\" \/>\n<meta property=\"og:title\" content=\"Internacionales\/\/\/Carolina Alonso Romei\/\/\/\u201c777 Confirmado Vic\u201d, as\u00ed avisaron los marinos a un agente de la DEA que ya ten\u00edan a \u201cEl Chapo\u201d en 2014 -\" \/>\n<meta property=\"og:description\" content=\"\u201c777 Confirmado Vic\u201d, as\u00ed avisaron los marinos a un agente de la DEA que ya ten\u00edan a \u201cEl Chapo\u201d en 2014 Por Carolina Alonso Romei Internacionalista\" \/>\n<meta property=\"og:url\" content=\"https:\/\/quehacerpolitico.mx\/?p=14656\" \/>\n<meta property=\"article:published_time\" content=\"2019-01-18T00:55:15+00:00\" \/>\n<meta name=\"author\" content=\"Redacci\u00f3n QP\" \/>\n<meta name=\"twitter:card\" content=\"summary_large_image\" \/>\n<meta name=\"twitter:label1\" content=\"Escrito por\" \/>\n\t<meta name=\"twitter:data1\" content=\"Redacci\u00f3n QP\" \/>\n\t<meta name=\"twitter:label2\" content=\"Tiempo de lectura\" \/>\n\t<meta name=\"twitter:data2\" content=\"4 minutos\" \/>\n<script type=\"application\/ld+json\" class=\"yoast-schema-graph\">{\"@context\":\"https:\\\/\\\/schema.org\",\"@graph\":[{\"@type\":\"Article\",\"@id\":\"https:\\\/\\\/quehacerpolitico.mx\\\/?p=14656#article\",\"isPartOf\":{\"@id\":\"https:\\\/\\\/quehacerpolitico.mx\\\/?p=14656\"},\"author\":{\"name\":\"Redacci\u00f3n QP\",\"@id\":\"https:\\\/\\\/quehacerpolitico.mx\\\/#\\\/schema\\\/person\\\/496d8ad2d1d3f8036101dca7ee39e585\"},\"headline\":\"Internacionales\\\/\\\/\\\/Carolina Alonso Romei\\\/\\\/\\\/\u201c777 Confirmado Vic\u201d, as\u00ed avisaron los marinos a un agente de la DEA que ya ten\u00edan a \u201cEl Chapo\u201d en 2014\",\"datePublished\":\"2019-01-18T00:55:15+00:00\",\"mainEntityOfPage\":{\"@id\":\"https:\\\/\\\/quehacerpolitico.mx\\\/?p=14656\"},\"wordCount\":842,\"commentCount\":0,\"image\":{\"@id\":\"https:\\\/\\\/quehacerpolitico.mx\\\/?p=14656#primaryimage\"},\"thumbnailUrl\":\"\",\"articleSection\":[\"Internacionales\"],\"inLanguage\":\"es\",\"potentialAction\":[{\"@type\":\"CommentAction\",\"name\":\"Comment\",\"target\":[\"https:\\\/\\\/quehacerpolitico.mx\\\/?p=14656#respond\"]}]},{\"@type\":\"WebPage\",\"@id\":\"https:\\\/\\\/quehacerpolitico.mx\\\/?p=14656\",\"url\":\"https:\\\/\\\/quehacerpolitico.mx\\\/?p=14656\",\"name\":\"Internacionales\\\/\\\/\\\/Carolina Alonso Romei\\\/\\\/\\\/\u201c777 Confirmado Vic\u201d, as\u00ed avisaron los marinos a un agente de la DEA que ya ten\u00edan a \u201cEl Chapo\u201d en 2014 -\",\"isPartOf\":{\"@id\":\"https:\\\/\\\/quehacerpolitico.mx\\\/#website\"},\"primaryImageOfPage\":{\"@id\":\"https:\\\/\\\/quehacerpolitico.mx\\\/?p=14656#primaryimage\"},\"image\":{\"@id\":\"https:\\\/\\\/quehacerpolitico.mx\\\/?p=14656#primaryimage\"},\"thumbnailUrl\":\"\",\"datePublished\":\"2019-01-18T00:55:15+00:00\",\"author\":{\"@id\":\"https:\\\/\\\/quehacerpolitico.mx\\\/#\\\/schema\\\/person\\\/496d8ad2d1d3f8036101dca7ee39e585\"},\"breadcrumb\":{\"@id\":\"https:\\\/\\\/quehacerpolitico.mx\\\/?p=14656#breadcrumb\"},\"inLanguage\":\"es\",\"potentialAction\":[{\"@type\":\"ReadAction\",\"target\":[\"https:\\\/\\\/quehacerpolitico.mx\\\/?p=14656\"]}]},{\"@type\":\"ImageObject\",\"inLanguage\":\"es\",\"@id\":\"https:\\\/\\\/quehacerpolitico.mx\\\/?p=14656#primaryimage\",\"url\":\"\",\"contentUrl\":\"\"},{\"@type\":\"BreadcrumbList\",\"@id\":\"https:\\\/\\\/quehacerpolitico.mx\\\/?p=14656#breadcrumb\",\"itemListElement\":[{\"@type\":\"ListItem\",\"position\":1,\"name\":\"Inicio\",\"item\":\"https:\\\/\\\/quehacerpolitico.mx\\\/\"},{\"@type\":\"ListItem\",\"position\":2,\"name\":\"Internacionales\\\/\\\/\\\/Carolina Alonso Romei\\\/\\\/\\\/\u201c777 Confirmado Vic\u201d, as\u00ed avisaron los marinos a un agente de la DEA que ya ten\u00edan a \u201cEl Chapo\u201d en 2014\"}]},{\"@type\":\"WebSite\",\"@id\":\"https:\\\/\\\/quehacerpolitico.mx\\\/#website\",\"url\":\"https:\\\/\\\/quehacerpolitico.mx\\\/\",\"name\":\"\",\"description\":\"\",\"potentialAction\":[{\"@type\":\"SearchAction\",\"target\":{\"@type\":\"EntryPoint\",\"urlTemplate\":\"https:\\\/\\\/quehacerpolitico.mx\\\/?s={search_term_string}\"},\"query-input\":{\"@type\":\"PropertyValueSpecification\",\"valueRequired\":true,\"valueName\":\"search_term_string\"}}],\"inLanguage\":\"es\"},{\"@type\":\"Person\",\"@id\":\"https:\\\/\\\/quehacerpolitico.mx\\\/#\\\/schema\\\/person\\\/496d8ad2d1d3f8036101dca7ee39e585\",\"name\":\"Redacci\u00f3n QP\",\"image\":{\"@type\":\"ImageObject\",\"inLanguage\":\"es\",\"@id\":\"https:\\\/\\\/secure.gravatar.com\\\/avatar\\\/c7164ed6fdec453195284ad24a5ae5b6e1eed2b848477fa2a4787ba9adf39a41?s=96&d=mm&r=g\",\"url\":\"https:\\\/\\\/secure.gravatar.com\\\/avatar\\\/c7164ed6fdec453195284ad24a5ae5b6e1eed2b848477fa2a4787ba9adf39a41?s=96&d=mm&r=g\",\"contentUrl\":\"https:\\\/\\\/secure.gravatar.com\\\/avatar\\\/c7164ed6fdec453195284ad24a5ae5b6e1eed2b848477fa2a4787ba9adf39a41?s=96&d=mm&r=g\",\"caption\":\"Redacci\u00f3n QP\"},\"url\":\"https:\\\/\\\/quehacerpolitico.mx\\\/?author=2\"}]}<\/script>\n<!-- \/ Yoast SEO plugin. -->","yoast_head_json":{"title":"Internacionales\/\/\/Carolina Alonso Romei\/\/\/\u201c777 Confirmado Vic\u201d, as\u00ed avisaron los marinos a un agente de la DEA que ya ten\u00edan a \u201cEl Chapo\u201d en 2014 -","robots":{"index":"index","follow":"follow","max-snippet":"max-snippet:-1","max-image-preview":"max-image-preview:large","max-video-preview":"max-video-preview:-1"},"canonical":"https:\/\/quehacerpolitico.mx\/?p=14656","og_locale":"es_MX","og_type":"article","og_title":"Internacionales\/\/\/Carolina Alonso Romei\/\/\/\u201c777 Confirmado Vic\u201d, as\u00ed avisaron los marinos a un agente de la DEA que ya ten\u00edan a \u201cEl Chapo\u201d en 2014 -","og_description":"\u201c777 Confirmado Vic\u201d, as\u00ed avisaron los marinos a un agente de la DEA que ya ten\u00edan a \u201cEl Chapo\u201d en 2014 Por Carolina Alonso Romei Internacionalista","og_url":"https:\/\/quehacerpolitico.mx\/?p=14656","article_published_time":"2019-01-18T00:55:15+00:00","author":"Redacci\u00f3n QP","twitter_card":"summary_large_image","twitter_misc":{"Escrito por":"Redacci\u00f3n QP","Tiempo de lectura":"4 minutos"},"schema":{"@context":"https:\/\/schema.org","@graph":[{"@type":"Article","@id":"https:\/\/quehacerpolitico.mx\/?p=14656#article","isPartOf":{"@id":"https:\/\/quehacerpolitico.mx\/?p=14656"},"author":{"name":"Redacci\u00f3n QP","@id":"https:\/\/quehacerpolitico.mx\/#\/schema\/person\/496d8ad2d1d3f8036101dca7ee39e585"},"headline":"Internacionales\/\/\/Carolina Alonso Romei\/\/\/\u201c777 Confirmado Vic\u201d, as\u00ed avisaron los marinos a un agente de la DEA que ya ten\u00edan a \u201cEl Chapo\u201d en 2014","datePublished":"2019-01-18T00:55:15+00:00","mainEntityOfPage":{"@id":"https:\/\/quehacerpolitico.mx\/?p=14656"},"wordCount":842,"commentCount":0,"image":{"@id":"https:\/\/quehacerpolitico.mx\/?p=14656#primaryimage"},"thumbnailUrl":"","articleSection":["Internacionales"],"inLanguage":"es","potentialAction":[{"@type":"CommentAction","name":"Comment","target":["https:\/\/quehacerpolitico.mx\/?p=14656#respond"]}]},{"@type":"WebPage","@id":"https:\/\/quehacerpolitico.mx\/?p=14656","url":"https:\/\/quehacerpolitico.mx\/?p=14656","name":"Internacionales\/\/\/Carolina Alonso Romei\/\/\/\u201c777 Confirmado Vic\u201d, as\u00ed avisaron los marinos a un agente de la DEA que ya ten\u00edan a \u201cEl Chapo\u201d en 2014 -","isPartOf":{"@id":"https:\/\/quehacerpolitico.mx\/#website"},"primaryImageOfPage":{"@id":"https:\/\/quehacerpolitico.mx\/?p=14656#primaryimage"},"image":{"@id":"https:\/\/quehacerpolitico.mx\/?p=14656#primaryimage"},"thumbnailUrl":"","datePublished":"2019-01-18T00:55:15+00:00","author":{"@id":"https:\/\/quehacerpolitico.mx\/#\/schema\/person\/496d8ad2d1d3f8036101dca7ee39e585"},"breadcrumb":{"@id":"https:\/\/quehacerpolitico.mx\/?p=14656#breadcrumb"},"inLanguage":"es","potentialAction":[{"@type":"ReadAction","target":["https:\/\/quehacerpolitico.mx\/?p=14656"]}]},{"@type":"ImageObject","inLanguage":"es","@id":"https:\/\/quehacerpolitico.mx\/?p=14656#primaryimage","url":"","contentUrl":""},{"@type":"BreadcrumbList","@id":"https:\/\/quehacerpolitico.mx\/?p=14656#breadcrumb","itemListElement":[{"@type":"ListItem","position":1,"name":"Inicio","item":"https:\/\/quehacerpolitico.mx\/"},{"@type":"ListItem","position":2,"name":"Internacionales\/\/\/Carolina Alonso Romei\/\/\/\u201c777 Confirmado Vic\u201d, as\u00ed avisaron los marinos a un agente de la DEA que ya ten\u00edan a \u201cEl Chapo\u201d en 2014"}]},{"@type":"WebSite","@id":"https:\/\/quehacerpolitico.mx\/#website","url":"https:\/\/quehacerpolitico.mx\/","name":"","description":"","potentialAction":[{"@type":"SearchAction","target":{"@type":"EntryPoint","urlTemplate":"https:\/\/quehacerpolitico.mx\/?s={search_term_string}"},"query-input":{"@type":"PropertyValueSpecification","valueRequired":true,"valueName":"search_term_string"}}],"inLanguage":"es"},{"@type":"Person","@id":"https:\/\/quehacerpolitico.mx\/#\/schema\/person\/496d8ad2d1d3f8036101dca7ee39e585","name":"Redacci\u00f3n QP","image":{"@type":"ImageObject","inLanguage":"es","@id":"https:\/\/secure.gravatar.com\/avatar\/c7164ed6fdec453195284ad24a5ae5b6e1eed2b848477fa2a4787ba9adf39a41?s=96&d=mm&r=g","url":"https:\/\/secure.gravatar.com\/avatar\/c7164ed6fdec453195284ad24a5ae5b6e1eed2b848477fa2a4787ba9adf39a41?s=96&d=mm&r=g","contentUrl":"https:\/\/secure.gravatar.com\/avatar\/c7164ed6fdec453195284ad24a5ae5b6e1eed2b848477fa2a4787ba9adf39a41?s=96&d=mm&r=g","caption":"Redacci\u00f3n QP"},"url":"https:\/\/quehacerpolitico.mx\/?author=2"}]}},"featured_image_urls":{"full":"","thumbnail":"","medium":"","medium_large":"","large":"","1536x1536":"","2048x2048":"","covernews-featured":"","covernews-medium":""},"author_info":{"display_name":"Redacci\u00f3n QP","author_link":"https:\/\/quehacerpolitico.mx\/?author=2"},"category_info":"<a href=\"https:\/\/quehacerpolitico.mx\/?cat=1\" rel=\"category\">Internacionales<\/a>","tag_info":"Internacionales","comment_count":"0","_links":{"self":[{"href":"https:\/\/quehacerpolitico.mx\/index.php?rest_route=\/wp\/v2\/posts\/14656","targetHints":{"allow":["GET"]}}],"collection":[{"href":"https:\/\/quehacerpolitico.mx\/index.php?rest_route=\/wp\/v2\/posts"}],"about":[{"href":"https:\/\/quehacerpolitico.mx\/index.php?rest_route=\/wp\/v2\/types\/post"}],"author":[{"embeddable":true,"href":"https:\/\/quehacerpolitico.mx\/index.php?rest_route=\/wp\/v2\/users\/2"}],"replies":[{"embeddable":true,"href":"https:\/\/quehacerpolitico.mx\/index.php?rest_route=%2Fwp%2Fv2%2Fcomments&post=14656"}],"version-history":[{"count":0,"href":"https:\/\/quehacerpolitico.mx\/index.php?rest_route=\/wp\/v2\/posts\/14656\/revisions"}],"wp:featuredmedia":[{"embeddable":true,"href":"https:\/\/quehacerpolitico.mx\/index.php?rest_route=\/"}],"wp:attachment":[{"href":"https:\/\/quehacerpolitico.mx\/index.php?rest_route=%2Fwp%2Fv2%2Fmedia&parent=14656"}],"wp:term":[{"taxonomy":"category","embeddable":true,"href":"https:\/\/quehacerpolitico.mx\/index.php?rest_route=%2Fwp%2Fv2%2Fcategories&post=14656"},{"taxonomy":"post_tag","embeddable":true,"href":"https:\/\/quehacerpolitico.mx\/index.php?rest_route=%2Fwp%2Fv2%2Ftags&post=14656"}],"curies":[{"name":"wp","href":"https:\/\/api.w.org\/{rel}","templated":true}]}}