{"id":14648,"date":"2019-01-17T19:05:11","date_gmt":"2019-01-17T19:05:11","guid":{"rendered":"http:\/\/quehacerpolitico.mx\/alejandro-gertz-bernardo-batiz-y-eva-de-gyves-en-la-terna-de-amlo-para-fiscal-general\/"},"modified":"2019-01-17T19:05:11","modified_gmt":"2019-01-17T19:05:11","slug":"alejandro-gertz-bernardo-batiz-y-eva-de-gyves-en-la-terna-de-amlo-para-fiscal-general","status":"publish","type":"post","link":"https:\/\/quehacerpolitico.mx\/?p=14648","title":{"rendered":"Alejandro Gertz, Bernardo B\u00e1tiz y Eva De Gyves en la terna de AMLO para Fiscal General"},"content":{"rendered":"<h1>Alejandro Gertz, Bernardo B\u00e1tiz y Eva De Gyves en la terna de AMLO para Fiscal General<\/h1>\n<p>Por Redacci\u00f3n QP<\/p>\n<p>El Senado de la Rep\u00fablica <strong>recibi\u00f3<\/strong> la <strong>terna<\/strong> del Presidente<strong> Andr\u00e9s Manuel L\u00f3pez Obrador<\/strong>de aspirantes para el nuevo <strong>Fiscal General de la Rep\u00fablica<\/strong>. Se trata de Alejandro Gertz Manero, actual encargado de despacho de la Procuradur\u00eda General de la Rep\u00fablica; Bernardo B\u00e1tiz, ex Procurador capitalino; y Eva Ver\u00f3nica De Gyves Z\u00e1rate, Magistrada.<\/p>\n<p>El presidente de la Mesa Directiva del Senado, Mart\u00ed Batres Guadarrama, anunci\u00f3 ante el Pleno que recibieron la terna de la Secretar\u00eda de Gobernaci\u00f3n, a cargo de Olga S\u00e1nchez Cordero.<\/p>\n<blockquote class=\"twitter-tweet\" data-width=\"550\" data-dnt=\"true\">\n<p lang=\"es\" dir=\"ltr\">\ud83d\udd34 Sesi\u00f3n extraordinaria de la C\u00e1mara de Senadores <a href=\"https:\/\/t.co\/TwjZJ53GcW\">https:\/\/t.co\/TwjZJ53GcW<\/a><\/p>\n<p>&mdash; Senado de M\u00e9xico (@senadomexicano) <a href=\"https:\/\/twitter.com\/senadomexicano\/status\/1085953958311428096?ref_src=twsrc%5Etfw\">January 17, 2019<\/a><\/p><\/blockquote>\n<p><script async src=\"https:\/\/platform.twitter.com\/widgets.js\" charset=\"utf-8\"><\/script><\/p>\n<p>Luego cit\u00f3 a una sesi\u00f3n extraordinario para ma\u00f1ana viernes a las 11:00 horas para la votaci\u00f3n. Este jueves los tres aspirantes comparecer\u00e1n ante la Comisi\u00f3n de Justicia.<\/p>\n<p>El pasado 14 de enero, el colectivo #Fiscal\u00edaQueSirva acus\u00f3 que el Senado est\u00e1 llevando un proceso en \u201cfast track\u201d para designar al nuevo Fiscal.<\/p>\n<p>Pidi\u00f3 que se reformule el proceso y se incluya a la sociedad civil y a los medios de comunicaci\u00f3n en el seguimiento. Este lunes, los aspirantes an Fiscal comparecen ante los legisladores de la Comisi\u00f3n de Justicia del Senado.<\/p>\n<blockquote>\n<p>\u201cEl colectivo #Fiscal\u00edaQueSirva, considera que el fast track, la v\u00eda r\u00e1pida, para la designaci\u00f3n de la persona que ejercer\u00e1 el encargo de Fiscal General de la Rep\u00fablica, adoptado por Senado no responde a los est\u00e1ndares internacionales que vinculan al Estado mexicano, pues no garantiza, entre otros aspectos, una participaci\u00f3n ciudadana efectiva y suficientemente informada para auditar el proceso de designaci\u00f3n\u201d, dijo en un pronunciamiento.<\/p>\n<p>Critic\u00f3 que mientras en otros pa\u00edses las comparecencias duran 45 minutos, en M\u00e9xico s\u00f3lo 15.<\/p>\n<p>El colectivo tambi\u00e9n consider\u00f3 que el proceso de comparecencia, que se llev\u00f3 a cabo esta semana, \u201cno debiera ser una mera formalidad. pues se trata de uno de los instrumentos m\u00e1s \u00fatiles para identificar el m\u00e9rito y profundizar en las propuestas de quienes aspiran a la titularidad de la Fiscal\u00eda General de la Rep\u00fablica ahondar en aspectos preocupantes sobre sus antecedentes o posibles conflictos de inter\u00e9s\u201d.<\/p>\n<p>\u201cEste proceso debe tener objetivos claros, ser planificado, y llevado a cabo con participaci\u00f3n real de la sociedad civil\u201d, recalc\u00f3.<\/p>\n<\/blockquote>\n","protected":false},"excerpt":{"rendered":"<p>Alejandro Gertz, Bernardo B\u00e1tiz y Eva De Gyves en la terna de AMLO para Fiscal General<br \/>\nPor Redacci\u00f3n QP<\/p>\n","protected":false},"author":2,"featured_media":14647,"comment_status":"open","ping_status":"open","sticky":false,"template":"","format":"standard","meta":{"_monsterinsights_skip_tracking":false,"_monsterinsights_sitenote_active":false,"_monsterinsights_sitenote_note":"","_monsterinsights_sitenote_category":0,"footnotes":""},"categories":[2],"tags":[],"class_list":["post-14648","post","type-post","status-publish","format-standard","has-post-thumbnail","hentry","category-noticias"],"yoast_head":"<!-- This site is optimized with the Yoast SEO plugin v27.3 - https:\/\/yoast.com\/product\/yoast-seo-wordpress\/ -->\n<title>Alejandro Gertz, Bernardo B\u00e1tiz y Eva De Gyves en la terna de AMLO para Fiscal General -<\/title>\n<meta name=\"robots\" content=\"index, follow, max-snippet:-1, max-image-preview:large, max-video-preview:-1\" \/>\n<link rel=\"canonical\" href=\"https:\/\/quehacerpolitico.mx\/?p=14648\" \/>\n<meta property=\"og:locale\" content=\"es_MX\" \/>\n<meta property=\"og:type\" content=\"article\" \/>\n<meta property=\"og:title\" content=\"Alejandro Gertz, Bernardo B\u00e1tiz y Eva De Gyves en la terna de AMLO para Fiscal General -\" \/>\n<meta property=\"og:description\" content=\"Alejandro Gertz, Bernardo B\u00e1tiz y Eva De Gyves en la terna de AMLO para Fiscal General Por Redacci\u00f3n QP\" \/>\n<meta property=\"og:url\" content=\"https:\/\/quehacerpolitico.mx\/?p=14648\" \/>\n<meta property=\"article:published_time\" content=\"2019-01-17T19:05:11+00:00\" \/>\n<meta name=\"author\" content=\"Redacci\u00f3n QP\" \/>\n<meta name=\"twitter:card\" content=\"summary_large_image\" \/>\n<meta name=\"twitter:label1\" content=\"Escrito por\" \/>\n\t<meta name=\"twitter:data1\" content=\"Redacci\u00f3n QP\" \/>\n\t<meta name=\"twitter:label2\" content=\"Tiempo de lectura\" \/>\n\t<meta name=\"twitter:data2\" content=\"2 minutos\" \/>\n<script type=\"application\/ld+json\" class=\"yoast-schema-graph\">{\"@context\":\"https:\\\/\\\/schema.org\",\"@graph\":[{\"@type\":\"Article\",\"@id\":\"https:\\\/\\\/quehacerpolitico.mx\\\/?p=14648#article\",\"isPartOf\":{\"@id\":\"https:\\\/\\\/quehacerpolitico.mx\\\/?p=14648\"},\"author\":{\"name\":\"Redacci\u00f3n QP\",\"@id\":\"https:\\\/\\\/quehacerpolitico.mx\\\/#\\\/schema\\\/person\\\/496d8ad2d1d3f8036101dca7ee39e585\"},\"headline\":\"Alejandro Gertz, Bernardo B\u00e1tiz y Eva De Gyves en la terna de AMLO para Fiscal General\",\"datePublished\":\"2019-01-17T19:05:11+00:00\",\"mainEntityOfPage\":{\"@id\":\"https:\\\/\\\/quehacerpolitico.mx\\\/?p=14648\"},\"wordCount\":415,\"commentCount\":0,\"image\":{\"@id\":\"https:\\\/\\\/quehacerpolitico.mx\\\/?p=14648#primaryimage\"},\"thumbnailUrl\":\"\",\"articleSection\":[\"Noticias\"],\"inLanguage\":\"es\",\"potentialAction\":[{\"@type\":\"CommentAction\",\"name\":\"Comment\",\"target\":[\"https:\\\/\\\/quehacerpolitico.mx\\\/?p=14648#respond\"]}]},{\"@type\":\"WebPage\",\"@id\":\"https:\\\/\\\/quehacerpolitico.mx\\\/?p=14648\",\"url\":\"https:\\\/\\\/quehacerpolitico.mx\\\/?p=14648\",\"name\":\"Alejandro Gertz, Bernardo B\u00e1tiz y Eva De Gyves en la terna de AMLO para Fiscal General -\",\"isPartOf\":{\"@id\":\"https:\\\/\\\/quehacerpolitico.mx\\\/#website\"},\"primaryImageOfPage\":{\"@id\":\"https:\\\/\\\/quehacerpolitico.mx\\\/?p=14648#primaryimage\"},\"image\":{\"@id\":\"https:\\\/\\\/quehacerpolitico.mx\\\/?p=14648#primaryimage\"},\"thumbnailUrl\":\"\",\"datePublished\":\"2019-01-17T19:05:11+00:00\",\"author\":{\"@id\":\"https:\\\/\\\/quehacerpolitico.mx\\\/#\\\/schema\\\/person\\\/496d8ad2d1d3f8036101dca7ee39e585\"},\"breadcrumb\":{\"@id\":\"https:\\\/\\\/quehacerpolitico.mx\\\/?p=14648#breadcrumb\"},\"inLanguage\":\"es\",\"potentialAction\":[{\"@type\":\"ReadAction\",\"target\":[\"https:\\\/\\\/quehacerpolitico.mx\\\/?p=14648\"]}]},{\"@type\":\"ImageObject\",\"inLanguage\":\"es\",\"@id\":\"https:\\\/\\\/quehacerpolitico.mx\\\/?p=14648#primaryimage\",\"url\":\"\",\"contentUrl\":\"\"},{\"@type\":\"BreadcrumbList\",\"@id\":\"https:\\\/\\\/quehacerpolitico.mx\\\/?p=14648#breadcrumb\",\"itemListElement\":[{\"@type\":\"ListItem\",\"position\":1,\"name\":\"Inicio\",\"item\":\"https:\\\/\\\/quehacerpolitico.mx\\\/\"},{\"@type\":\"ListItem\",\"position\":2,\"name\":\"Alejandro Gertz, Bernardo B\u00e1tiz y Eva De Gyves en la terna de AMLO para Fiscal General\"}]},{\"@type\":\"WebSite\",\"@id\":\"https:\\\/\\\/quehacerpolitico.mx\\\/#website\",\"url\":\"https:\\\/\\\/quehacerpolitico.mx\\\/\",\"name\":\"\",\"description\":\"\",\"potentialAction\":[{\"@type\":\"SearchAction\",\"target\":{\"@type\":\"EntryPoint\",\"urlTemplate\":\"https:\\\/\\\/quehacerpolitico.mx\\\/?s={search_term_string}\"},\"query-input\":{\"@type\":\"PropertyValueSpecification\",\"valueRequired\":true,\"valueName\":\"search_term_string\"}}],\"inLanguage\":\"es\"},{\"@type\":\"Person\",\"@id\":\"https:\\\/\\\/quehacerpolitico.mx\\\/#\\\/schema\\\/person\\\/496d8ad2d1d3f8036101dca7ee39e585\",\"name\":\"Redacci\u00f3n QP\",\"image\":{\"@type\":\"ImageObject\",\"inLanguage\":\"es\",\"@id\":\"https:\\\/\\\/secure.gravatar.com\\\/avatar\\\/c7164ed6fdec453195284ad24a5ae5b6e1eed2b848477fa2a4787ba9adf39a41?s=96&d=mm&r=g\",\"url\":\"https:\\\/\\\/secure.gravatar.com\\\/avatar\\\/c7164ed6fdec453195284ad24a5ae5b6e1eed2b848477fa2a4787ba9adf39a41?s=96&d=mm&r=g\",\"contentUrl\":\"https:\\\/\\\/secure.gravatar.com\\\/avatar\\\/c7164ed6fdec453195284ad24a5ae5b6e1eed2b848477fa2a4787ba9adf39a41?s=96&d=mm&r=g\",\"caption\":\"Redacci\u00f3n QP\"},\"url\":\"https:\\\/\\\/quehacerpolitico.mx\\\/?author=2\"}]}<\/script>\n<!-- \/ Yoast SEO plugin. -->","yoast_head_json":{"title":"Alejandro Gertz, Bernardo B\u00e1tiz y Eva De Gyves en la terna de AMLO para Fiscal General -","robots":{"index":"index","follow":"follow","max-snippet":"max-snippet:-1","max-image-preview":"max-image-preview:large","max-video-preview":"max-video-preview:-1"},"canonical":"https:\/\/quehacerpolitico.mx\/?p=14648","og_locale":"es_MX","og_type":"article","og_title":"Alejandro Gertz, Bernardo B\u00e1tiz y Eva De Gyves en la terna de AMLO para Fiscal General -","og_description":"Alejandro Gertz, Bernardo B\u00e1tiz y Eva De Gyves en la terna de AMLO para Fiscal General Por Redacci\u00f3n QP","og_url":"https:\/\/quehacerpolitico.mx\/?p=14648","article_published_time":"2019-01-17T19:05:11+00:00","author":"Redacci\u00f3n QP","twitter_card":"summary_large_image","twitter_misc":{"Escrito por":"Redacci\u00f3n QP","Tiempo de lectura":"2 minutos"},"schema":{"@context":"https:\/\/schema.org","@graph":[{"@type":"Article","@id":"https:\/\/quehacerpolitico.mx\/?p=14648#article","isPartOf":{"@id":"https:\/\/quehacerpolitico.mx\/?p=14648"},"author":{"name":"Redacci\u00f3n QP","@id":"https:\/\/quehacerpolitico.mx\/#\/schema\/person\/496d8ad2d1d3f8036101dca7ee39e585"},"headline":"Alejandro Gertz, Bernardo B\u00e1tiz y Eva De Gyves en la terna de AMLO para Fiscal General","datePublished":"2019-01-17T19:05:11+00:00","mainEntityOfPage":{"@id":"https:\/\/quehacerpolitico.mx\/?p=14648"},"wordCount":415,"commentCount":0,"image":{"@id":"https:\/\/quehacerpolitico.mx\/?p=14648#primaryimage"},"thumbnailUrl":"","articleSection":["Noticias"],"inLanguage":"es","potentialAction":[{"@type":"CommentAction","name":"Comment","target":["https:\/\/quehacerpolitico.mx\/?p=14648#respond"]}]},{"@type":"WebPage","@id":"https:\/\/quehacerpolitico.mx\/?p=14648","url":"https:\/\/quehacerpolitico.mx\/?p=14648","name":"Alejandro Gertz, Bernardo B\u00e1tiz y Eva De Gyves en la terna de AMLO para Fiscal General -","isPartOf":{"@id":"https:\/\/quehacerpolitico.mx\/#website"},"primaryImageOfPage":{"@id":"https:\/\/quehacerpolitico.mx\/?p=14648#primaryimage"},"image":{"@id":"https:\/\/quehacerpolitico.mx\/?p=14648#primaryimage"},"thumbnailUrl":"","datePublished":"2019-01-17T19:05:11+00:00","author":{"@id":"https:\/\/quehacerpolitico.mx\/#\/schema\/person\/496d8ad2d1d3f8036101dca7ee39e585"},"breadcrumb":{"@id":"https:\/\/quehacerpolitico.mx\/?p=14648#breadcrumb"},"inLanguage":"es","potentialAction":[{"@type":"ReadAction","target":["https:\/\/quehacerpolitico.mx\/?p=14648"]}]},{"@type":"ImageObject","inLanguage":"es","@id":"https:\/\/quehacerpolitico.mx\/?p=14648#primaryimage","url":"","contentUrl":""},{"@type":"BreadcrumbList","@id":"https:\/\/quehacerpolitico.mx\/?p=14648#breadcrumb","itemListElement":[{"@type":"ListItem","position":1,"name":"Inicio","item":"https:\/\/quehacerpolitico.mx\/"},{"@type":"ListItem","position":2,"name":"Alejandro Gertz, Bernardo B\u00e1tiz y Eva De Gyves en la terna de AMLO para Fiscal General"}]},{"@type":"WebSite","@id":"https:\/\/quehacerpolitico.mx\/#website","url":"https:\/\/quehacerpolitico.mx\/","name":"","description":"","potentialAction":[{"@type":"SearchAction","target":{"@type":"EntryPoint","urlTemplate":"https:\/\/quehacerpolitico.mx\/?s={search_term_string}"},"query-input":{"@type":"PropertyValueSpecification","valueRequired":true,"valueName":"search_term_string"}}],"inLanguage":"es"},{"@type":"Person","@id":"https:\/\/quehacerpolitico.mx\/#\/schema\/person\/496d8ad2d1d3f8036101dca7ee39e585","name":"Redacci\u00f3n QP","image":{"@type":"ImageObject","inLanguage":"es","@id":"https:\/\/secure.gravatar.com\/avatar\/c7164ed6fdec453195284ad24a5ae5b6e1eed2b848477fa2a4787ba9adf39a41?s=96&d=mm&r=g","url":"https:\/\/secure.gravatar.com\/avatar\/c7164ed6fdec453195284ad24a5ae5b6e1eed2b848477fa2a4787ba9adf39a41?s=96&d=mm&r=g","contentUrl":"https:\/\/secure.gravatar.com\/avatar\/c7164ed6fdec453195284ad24a5ae5b6e1eed2b848477fa2a4787ba9adf39a41?s=96&d=mm&r=g","caption":"Redacci\u00f3n QP"},"url":"https:\/\/quehacerpolitico.mx\/?author=2"}]}},"featured_image_urls":{"full":"","thumbnail":"","medium":"","medium_large":"","large":"","1536x1536":"","2048x2048":"","covernews-featured":"","covernews-medium":""},"author_info":{"display_name":"Redacci\u00f3n QP","author_link":"https:\/\/quehacerpolitico.mx\/?author=2"},"category_info":"<a href=\"https:\/\/quehacerpolitico.mx\/?cat=2\" rel=\"category\">Noticias<\/a>","tag_info":"Noticias","comment_count":"0","_links":{"self":[{"href":"https:\/\/quehacerpolitico.mx\/index.php?rest_route=\/wp\/v2\/posts\/14648","targetHints":{"allow":["GET"]}}],"collection":[{"href":"https:\/\/quehacerpolitico.mx\/index.php?rest_route=\/wp\/v2\/posts"}],"about":[{"href":"https:\/\/quehacerpolitico.mx\/index.php?rest_route=\/wp\/v2\/types\/post"}],"author":[{"embeddable":true,"href":"https:\/\/quehacerpolitico.mx\/index.php?rest_route=\/wp\/v2\/users\/2"}],"replies":[{"embeddable":true,"href":"https:\/\/quehacerpolitico.mx\/index.php?rest_route=%2Fwp%2Fv2%2Fcomments&post=14648"}],"version-history":[{"count":0,"href":"https:\/\/quehacerpolitico.mx\/index.php?rest_route=\/wp\/v2\/posts\/14648\/revisions"}],"wp:featuredmedia":[{"embeddable":true,"href":"https:\/\/quehacerpolitico.mx\/index.php?rest_route=\/"}],"wp:attachment":[{"href":"https:\/\/quehacerpolitico.mx\/index.php?rest_route=%2Fwp%2Fv2%2Fmedia&parent=14648"}],"wp:term":[{"taxonomy":"category","embeddable":true,"href":"https:\/\/quehacerpolitico.mx\/index.php?rest_route=%2Fwp%2Fv2%2Fcategories&post=14648"},{"taxonomy":"post_tag","embeddable":true,"href":"https:\/\/quehacerpolitico.mx\/index.php?rest_route=%2Fwp%2Fv2%2Ftags&post=14648"}],"curies":[{"name":"wp","href":"https:\/\/api.w.org\/{rel}","templated":true}]}}