{"id":14642,"date":"2019-01-17T17:12:37","date_gmt":"2019-01-17T17:12:37","guid":{"rendered":"http:\/\/quehacerpolitico.mx\/internacionales-carolina-alonso-romei-al-menos-8-personas-mueren-por-explosion-de-carro-bomba-en-escuela-de-la-policia-en-bogota\/"},"modified":"2019-01-17T17:12:37","modified_gmt":"2019-01-17T17:12:37","slug":"internacionales-carolina-alonso-romei-al-menos-8-personas-mueren-por-explosion-de-carro-bomba-en-escuela-de-la-policia-en-bogota","status":"publish","type":"post","link":"https:\/\/quehacerpolitico.mx\/?p=14642","title":{"rendered":"Internacionales\/\/\/Carolina Alonso Romei\/\/\/Al menos 8 personas mueren por explosi\u00f3n de carro bomba en Escuela de la Polic\u00eda en Bogot\u00e1"},"content":{"rendered":"<h1>Al menos 8 personas mueren por explosi\u00f3n de carro bomba en Escuela de la Polic\u00eda en Bogot\u00e1<\/h1>\n<p>Por Carolina Alonso Romei\u00a0<\/p>\n<p>Al menos <strong>ocho personas muertas<\/strong> y diez heridas dej\u00f3 hoy jueves en <strong>Bogot\u00e1<\/strong> la <strong>explosi\u00f3n<\/strong> de un carro bomba en el estacionamiento de la <strong>Escuela de Polic\u00eda General Francisco de Paula Santander<\/strong>, confirm\u00f3 el Ministerio de Defensa.<\/p>\n<p>Seg\u00fan un comunicado de ese ministerio, la explosi\u00f3n \u201chasta el momento deja 8 personas muertas y 10 heridos\u201d y por ese motivo el presidente colombiano, Iv\u00e1n Duque, cancel\u00f3 un consejo de seguridad que iba a realizar hoy en Quibd\u00f3, capital del departamento del Choc\u00f3, y regres\u00f3 a Bogot\u00e1.<\/p>\n<blockquote class=\"twitter-tweet\" data-width=\"550\" data-dnt=\"true\">\n<p lang=\"es\" dir=\"ltr\"><a href=\"https:\/\/twitter.com\/hashtag\/Quibd%C3%B3?src=hash&amp;ref_src=twsrc%5Etfw\">#Quibd\u00f3<\/a> | Estoy regresando de inmediato a Bogot\u00e1 con la C\u00fapula Militar ante el miserable acto terrorista cometido en la Escuela General Santander contra nuestros polic\u00edas.<\/p>\n<p>&mdash; Iv\u00e1n Duque \ud83c\udde8\ud83c\uddf4 (@IvanDuque) <a href=\"https:\/\/twitter.com\/IvanDuque\/status\/1085925014900273152?ref_src=twsrc%5Etfw\">January 17, 2019<\/a><\/p><\/blockquote>\n<p><script async src=\"https:\/\/platform.twitter.com\/widgets.js\" charset=\"utf-8\"><\/script><\/p>\n<p>Las autoridades no han explicado c\u00f3mo el veh\u00edculo con la bomba fue ingresado en la sede de la escuela donde se forman los oficiales de la Polic\u00eda colombiana, situada en el sur de Bogot\u00e1.<\/p>\n<p>\u201cTodos los colombianos rechazamos el terrorismo y estamos unidos para enfrentarlo. Colombia se entristece pero no se doblega ante la violencia\u201d, manifest\u00f3 Duque en otro mensaje.<\/p>\n<blockquote class=\"twitter-tweet\" data-width=\"550\" data-dnt=\"true\">\n<p lang=\"es\" dir=\"ltr\">Vamos al lugar de los hechos. He dado \u00f3rdenes a la Fuerza P\u00fablica para determinar los autores de este ataque y llevarlos a la justicia. Todos los Colombianos rechazamos el terrorismo y estamos unidos para enfrentarlo. COLOMBIA se entristece pero no se doblega ante la violencia.<\/p>\n<p>&mdash; Iv\u00e1n Duque \ud83c\udde8\ud83c\uddf4 (@IvanDuque) <a href=\"https:\/\/twitter.com\/IvanDuque\/status\/1085925017630707713?ref_src=twsrc%5Etfw\">January 17, 2019<\/a><\/p><\/blockquote>\n<p><script async src=\"https:\/\/platform.twitter.com\/widgets.js\" charset=\"utf-8\"><\/script><\/p>\n<p>Las primeras im\u00e1genes del lugar muestran los hierros retorcidos del veh\u00edculo en una de las calles internas de la escuela policial y \u00e1rboles partidos por la mitad por la fuerza de la explosi\u00f3n.<\/p>\n<p>\u201cYa se pusieron en marcha los protocolos de investigaci\u00f3n para dar con los responsables de este hecho terrorista. Mientras tanto, los heridos est\u00e1n recibiendo atenci\u00f3n en el Hospital Policl\u00ednica de la Polic\u00eda Nacional\u201d, agreg\u00f3 el Ministerio de Defensa en el comunicado.<\/p>\n<p>Unidades del cuerpo de bomberos de Bogot\u00e1 llegaron hasta el lugar del atentado para socorrer a las v\u00edctimas que, seg\u00fan medios locales, al parecer son cadetes que hac\u00edan curso de oficial en esa instituci\u00f3n.<\/p>\n<p>A trav\u00e9s de redes sociales circulan las primeras im\u00e1genes, en donde se observa a por lo menos una decena de elementos de la Polic\u00eda Nacional de Colombia acordonando el \u00e1rea de la escuela General Santander.<\/p>\n<blockquote class=\"twitter-tweet\" data-width=\"550\" data-dnt=\"true\">\n<p lang=\"es\" dir=\"ltr\">Atentado terrorista escuela General Santander. <a href=\"https:\/\/t.co\/7NeIHtEXuQ\">pic.twitter.com\/7NeIHtEXuQ<\/a><\/p>\n<p>&mdash; Carlos. (@LuisCarlosQuev8) <a href=\"https:\/\/twitter.com\/LuisCarlosQuev8\/status\/1085914444834648064?ref_src=twsrc%5Etfw\">January 17, 2019<\/a><\/p><\/blockquote>\n<p><script async src=\"https:\/\/platform.twitter.com\/widgets.js\" charset=\"utf-8\"><\/script><\/p>\n<p>De acuerdo con el diario colombiano \u201cEl Espectador\u201d, la c\u00fapula militar que estaba acompa\u00f1ando al presidente Iv\u00e1n Duque en un viaje programado para hoy a la regi\u00f3n del Choc\u00f3, anunci\u00f3 su regreso a la capital para hacerle frente a la emergencia.<\/p>\n<p>A trav\u00e9s de su cuenta de Twitter, la vicepresidenta de Colombia, Marta Luc\u00eda Ram\u00edrez, tambi\u00e9n lament\u00f3 los hechos ocurridos esta ma\u00f1ana.<\/p>\n<blockquote class=\"twitter-tweet\" data-width=\"550\" data-dnt=\"true\">\n<p lang=\"es\" dir=\"ltr\"><a href=\"https:\/\/twitter.com\/hashtag\/EscuelaDePolic%C3%ADaGeneralSantander?src=hash&amp;ref_src=twsrc%5Etfw\">#EscuelaDePolic\u00edaGeneralSantander<\/a><br \/>Estamos acompa\u00f1ando a nuestros Polic\u00edas.<\/p>\n<p>&mdash; Marta Luc\u00eda Ram\u00edrez. (@mluciaramirez) <a href=\"https:\/\/twitter.com\/mluciaramirez\/status\/1085914929243217921?ref_src=twsrc%5Etfw\">January 17, 2019<\/a><\/p><\/blockquote>\n<p><script async src=\"https:\/\/platform.twitter.com\/widgets.js\" charset=\"utf-8\"><\/script><\/p>\n","protected":false},"excerpt":{"rendered":"<p>Al menos 8 personas mueren por explosi\u00f3n de carro bomba en Escuela de la Polic\u00eda en Bogot\u00e1<br \/>\nPor Carolina Alonso Romei<br \/>\nInternacionalista<\/p>\n","protected":false},"author":2,"featured_media":14641,"comment_status":"open","ping_status":"open","sticky":false,"template":"","format":"standard","meta":{"_monsterinsights_skip_tracking":false,"_monsterinsights_sitenote_active":false,"_monsterinsights_sitenote_note":"","_monsterinsights_sitenote_category":0,"footnotes":""},"categories":[1],"tags":[],"class_list":["post-14642","post","type-post","status-publish","format-standard","has-post-thumbnail","hentry","category-sin-categoria"],"yoast_head":"<!-- This site is optimized with the Yoast SEO plugin v27.3 - https:\/\/yoast.com\/product\/yoast-seo-wordpress\/ -->\n<title>Internacionales\/\/\/Carolina Alonso Romei\/\/\/Al menos 8 personas mueren por explosi\u00f3n de carro bomba en Escuela de la Polic\u00eda en Bogot\u00e1 -<\/title>\n<meta name=\"robots\" content=\"index, follow, max-snippet:-1, max-image-preview:large, max-video-preview:-1\" \/>\n<link rel=\"canonical\" href=\"https:\/\/quehacerpolitico.mx\/?p=14642\" \/>\n<meta property=\"og:locale\" content=\"es_MX\" \/>\n<meta property=\"og:type\" content=\"article\" \/>\n<meta property=\"og:title\" content=\"Internacionales\/\/\/Carolina Alonso Romei\/\/\/Al menos 8 personas mueren por explosi\u00f3n de carro bomba en Escuela de la Polic\u00eda en Bogot\u00e1 -\" \/>\n<meta property=\"og:description\" content=\"Al menos 8 personas mueren por explosi\u00f3n de carro bomba en Escuela de la Polic\u00eda en Bogot\u00e1 Por Carolina Alonso Romei Internacionalista\" \/>\n<meta property=\"og:url\" content=\"https:\/\/quehacerpolitico.mx\/?p=14642\" \/>\n<meta property=\"article:published_time\" content=\"2019-01-17T17:12:37+00:00\" \/>\n<meta name=\"author\" content=\"Redacci\u00f3n QP\" \/>\n<meta name=\"twitter:card\" content=\"summary_large_image\" \/>\n<meta name=\"twitter:label1\" content=\"Escrito por\" \/>\n\t<meta name=\"twitter:data1\" content=\"Redacci\u00f3n QP\" \/>\n\t<meta name=\"twitter:label2\" content=\"Tiempo de lectura\" \/>\n\t<meta name=\"twitter:data2\" content=\"2 minutos\" \/>\n<script type=\"application\/ld+json\" class=\"yoast-schema-graph\">{\"@context\":\"https:\\\/\\\/schema.org\",\"@graph\":[{\"@type\":\"Article\",\"@id\":\"https:\\\/\\\/quehacerpolitico.mx\\\/?p=14642#article\",\"isPartOf\":{\"@id\":\"https:\\\/\\\/quehacerpolitico.mx\\\/?p=14642\"},\"author\":{\"name\":\"Redacci\u00f3n QP\",\"@id\":\"https:\\\/\\\/quehacerpolitico.mx\\\/#\\\/schema\\\/person\\\/496d8ad2d1d3f8036101dca7ee39e585\"},\"headline\":\"Internacionales\\\/\\\/\\\/Carolina Alonso Romei\\\/\\\/\\\/Al menos 8 personas mueren por explosi\u00f3n de carro bomba en Escuela de la Polic\u00eda en Bogot\u00e1\",\"datePublished\":\"2019-01-17T17:12:37+00:00\",\"mainEntityOfPage\":{\"@id\":\"https:\\\/\\\/quehacerpolitico.mx\\\/?p=14642\"},\"wordCount\":448,\"commentCount\":0,\"image\":{\"@id\":\"https:\\\/\\\/quehacerpolitico.mx\\\/?p=14642#primaryimage\"},\"thumbnailUrl\":\"\",\"articleSection\":[\"Internacionales\"],\"inLanguage\":\"es\",\"potentialAction\":[{\"@type\":\"CommentAction\",\"name\":\"Comment\",\"target\":[\"https:\\\/\\\/quehacerpolitico.mx\\\/?p=14642#respond\"]}]},{\"@type\":\"WebPage\",\"@id\":\"https:\\\/\\\/quehacerpolitico.mx\\\/?p=14642\",\"url\":\"https:\\\/\\\/quehacerpolitico.mx\\\/?p=14642\",\"name\":\"Internacionales\\\/\\\/\\\/Carolina Alonso Romei\\\/\\\/\\\/Al menos 8 personas mueren por explosi\u00f3n de carro bomba en Escuela de la Polic\u00eda en Bogot\u00e1 -\",\"isPartOf\":{\"@id\":\"https:\\\/\\\/quehacerpolitico.mx\\\/#website\"},\"primaryImageOfPage\":{\"@id\":\"https:\\\/\\\/quehacerpolitico.mx\\\/?p=14642#primaryimage\"},\"image\":{\"@id\":\"https:\\\/\\\/quehacerpolitico.mx\\\/?p=14642#primaryimage\"},\"thumbnailUrl\":\"\",\"datePublished\":\"2019-01-17T17:12:37+00:00\",\"author\":{\"@id\":\"https:\\\/\\\/quehacerpolitico.mx\\\/#\\\/schema\\\/person\\\/496d8ad2d1d3f8036101dca7ee39e585\"},\"breadcrumb\":{\"@id\":\"https:\\\/\\\/quehacerpolitico.mx\\\/?p=14642#breadcrumb\"},\"inLanguage\":\"es\",\"potentialAction\":[{\"@type\":\"ReadAction\",\"target\":[\"https:\\\/\\\/quehacerpolitico.mx\\\/?p=14642\"]}]},{\"@type\":\"ImageObject\",\"inLanguage\":\"es\",\"@id\":\"https:\\\/\\\/quehacerpolitico.mx\\\/?p=14642#primaryimage\",\"url\":\"\",\"contentUrl\":\"\"},{\"@type\":\"BreadcrumbList\",\"@id\":\"https:\\\/\\\/quehacerpolitico.mx\\\/?p=14642#breadcrumb\",\"itemListElement\":[{\"@type\":\"ListItem\",\"position\":1,\"name\":\"Inicio\",\"item\":\"https:\\\/\\\/quehacerpolitico.mx\\\/\"},{\"@type\":\"ListItem\",\"position\":2,\"name\":\"Internacionales\\\/\\\/\\\/Carolina Alonso Romei\\\/\\\/\\\/Al menos 8 personas mueren por explosi\u00f3n de carro bomba en Escuela de la Polic\u00eda en Bogot\u00e1\"}]},{\"@type\":\"WebSite\",\"@id\":\"https:\\\/\\\/quehacerpolitico.mx\\\/#website\",\"url\":\"https:\\\/\\\/quehacerpolitico.mx\\\/\",\"name\":\"\",\"description\":\"\",\"potentialAction\":[{\"@type\":\"SearchAction\",\"target\":{\"@type\":\"EntryPoint\",\"urlTemplate\":\"https:\\\/\\\/quehacerpolitico.mx\\\/?s={search_term_string}\"},\"query-input\":{\"@type\":\"PropertyValueSpecification\",\"valueRequired\":true,\"valueName\":\"search_term_string\"}}],\"inLanguage\":\"es\"},{\"@type\":\"Person\",\"@id\":\"https:\\\/\\\/quehacerpolitico.mx\\\/#\\\/schema\\\/person\\\/496d8ad2d1d3f8036101dca7ee39e585\",\"name\":\"Redacci\u00f3n QP\",\"image\":{\"@type\":\"ImageObject\",\"inLanguage\":\"es\",\"@id\":\"https:\\\/\\\/secure.gravatar.com\\\/avatar\\\/c7164ed6fdec453195284ad24a5ae5b6e1eed2b848477fa2a4787ba9adf39a41?s=96&d=mm&r=g\",\"url\":\"https:\\\/\\\/secure.gravatar.com\\\/avatar\\\/c7164ed6fdec453195284ad24a5ae5b6e1eed2b848477fa2a4787ba9adf39a41?s=96&d=mm&r=g\",\"contentUrl\":\"https:\\\/\\\/secure.gravatar.com\\\/avatar\\\/c7164ed6fdec453195284ad24a5ae5b6e1eed2b848477fa2a4787ba9adf39a41?s=96&d=mm&r=g\",\"caption\":\"Redacci\u00f3n QP\"},\"url\":\"https:\\\/\\\/quehacerpolitico.mx\\\/?author=2\"}]}<\/script>\n<!-- \/ Yoast SEO plugin. -->","yoast_head_json":{"title":"Internacionales\/\/\/Carolina Alonso Romei\/\/\/Al menos 8 personas mueren por explosi\u00f3n de carro bomba en Escuela de la Polic\u00eda en Bogot\u00e1 -","robots":{"index":"index","follow":"follow","max-snippet":"max-snippet:-1","max-image-preview":"max-image-preview:large","max-video-preview":"max-video-preview:-1"},"canonical":"https:\/\/quehacerpolitico.mx\/?p=14642","og_locale":"es_MX","og_type":"article","og_title":"Internacionales\/\/\/Carolina Alonso Romei\/\/\/Al menos 8 personas mueren por explosi\u00f3n de carro bomba en Escuela de la Polic\u00eda en Bogot\u00e1 -","og_description":"Al menos 8 personas mueren por explosi\u00f3n de carro bomba en Escuela de la Polic\u00eda en Bogot\u00e1 Por Carolina Alonso Romei Internacionalista","og_url":"https:\/\/quehacerpolitico.mx\/?p=14642","article_published_time":"2019-01-17T17:12:37+00:00","author":"Redacci\u00f3n QP","twitter_card":"summary_large_image","twitter_misc":{"Escrito por":"Redacci\u00f3n QP","Tiempo de lectura":"2 minutos"},"schema":{"@context":"https:\/\/schema.org","@graph":[{"@type":"Article","@id":"https:\/\/quehacerpolitico.mx\/?p=14642#article","isPartOf":{"@id":"https:\/\/quehacerpolitico.mx\/?p=14642"},"author":{"name":"Redacci\u00f3n QP","@id":"https:\/\/quehacerpolitico.mx\/#\/schema\/person\/496d8ad2d1d3f8036101dca7ee39e585"},"headline":"Internacionales\/\/\/Carolina Alonso Romei\/\/\/Al menos 8 personas mueren por explosi\u00f3n de carro bomba en Escuela de la Polic\u00eda en Bogot\u00e1","datePublished":"2019-01-17T17:12:37+00:00","mainEntityOfPage":{"@id":"https:\/\/quehacerpolitico.mx\/?p=14642"},"wordCount":448,"commentCount":0,"image":{"@id":"https:\/\/quehacerpolitico.mx\/?p=14642#primaryimage"},"thumbnailUrl":"","articleSection":["Internacionales"],"inLanguage":"es","potentialAction":[{"@type":"CommentAction","name":"Comment","target":["https:\/\/quehacerpolitico.mx\/?p=14642#respond"]}]},{"@type":"WebPage","@id":"https:\/\/quehacerpolitico.mx\/?p=14642","url":"https:\/\/quehacerpolitico.mx\/?p=14642","name":"Internacionales\/\/\/Carolina Alonso Romei\/\/\/Al menos 8 personas mueren por explosi\u00f3n de carro bomba en Escuela de la Polic\u00eda en Bogot\u00e1 -","isPartOf":{"@id":"https:\/\/quehacerpolitico.mx\/#website"},"primaryImageOfPage":{"@id":"https:\/\/quehacerpolitico.mx\/?p=14642#primaryimage"},"image":{"@id":"https:\/\/quehacerpolitico.mx\/?p=14642#primaryimage"},"thumbnailUrl":"","datePublished":"2019-01-17T17:12:37+00:00","author":{"@id":"https:\/\/quehacerpolitico.mx\/#\/schema\/person\/496d8ad2d1d3f8036101dca7ee39e585"},"breadcrumb":{"@id":"https:\/\/quehacerpolitico.mx\/?p=14642#breadcrumb"},"inLanguage":"es","potentialAction":[{"@type":"ReadAction","target":["https:\/\/quehacerpolitico.mx\/?p=14642"]}]},{"@type":"ImageObject","inLanguage":"es","@id":"https:\/\/quehacerpolitico.mx\/?p=14642#primaryimage","url":"","contentUrl":""},{"@type":"BreadcrumbList","@id":"https:\/\/quehacerpolitico.mx\/?p=14642#breadcrumb","itemListElement":[{"@type":"ListItem","position":1,"name":"Inicio","item":"https:\/\/quehacerpolitico.mx\/"},{"@type":"ListItem","position":2,"name":"Internacionales\/\/\/Carolina Alonso Romei\/\/\/Al menos 8 personas mueren por explosi\u00f3n de carro bomba en Escuela de la Polic\u00eda en Bogot\u00e1"}]},{"@type":"WebSite","@id":"https:\/\/quehacerpolitico.mx\/#website","url":"https:\/\/quehacerpolitico.mx\/","name":"","description":"","potentialAction":[{"@type":"SearchAction","target":{"@type":"EntryPoint","urlTemplate":"https:\/\/quehacerpolitico.mx\/?s={search_term_string}"},"query-input":{"@type":"PropertyValueSpecification","valueRequired":true,"valueName":"search_term_string"}}],"inLanguage":"es"},{"@type":"Person","@id":"https:\/\/quehacerpolitico.mx\/#\/schema\/person\/496d8ad2d1d3f8036101dca7ee39e585","name":"Redacci\u00f3n QP","image":{"@type":"ImageObject","inLanguage":"es","@id":"https:\/\/secure.gravatar.com\/avatar\/c7164ed6fdec453195284ad24a5ae5b6e1eed2b848477fa2a4787ba9adf39a41?s=96&d=mm&r=g","url":"https:\/\/secure.gravatar.com\/avatar\/c7164ed6fdec453195284ad24a5ae5b6e1eed2b848477fa2a4787ba9adf39a41?s=96&d=mm&r=g","contentUrl":"https:\/\/secure.gravatar.com\/avatar\/c7164ed6fdec453195284ad24a5ae5b6e1eed2b848477fa2a4787ba9adf39a41?s=96&d=mm&r=g","caption":"Redacci\u00f3n QP"},"url":"https:\/\/quehacerpolitico.mx\/?author=2"}]}},"featured_image_urls":{"full":"","thumbnail":"","medium":"","medium_large":"","large":"","1536x1536":"","2048x2048":"","covernews-featured":"","covernews-medium":""},"author_info":{"display_name":"Redacci\u00f3n QP","author_link":"https:\/\/quehacerpolitico.mx\/?author=2"},"category_info":"<a href=\"https:\/\/quehacerpolitico.mx\/?cat=1\" rel=\"category\">Internacionales<\/a>","tag_info":"Internacionales","comment_count":"0","_links":{"self":[{"href":"https:\/\/quehacerpolitico.mx\/index.php?rest_route=\/wp\/v2\/posts\/14642","targetHints":{"allow":["GET"]}}],"collection":[{"href":"https:\/\/quehacerpolitico.mx\/index.php?rest_route=\/wp\/v2\/posts"}],"about":[{"href":"https:\/\/quehacerpolitico.mx\/index.php?rest_route=\/wp\/v2\/types\/post"}],"author":[{"embeddable":true,"href":"https:\/\/quehacerpolitico.mx\/index.php?rest_route=\/wp\/v2\/users\/2"}],"replies":[{"embeddable":true,"href":"https:\/\/quehacerpolitico.mx\/index.php?rest_route=%2Fwp%2Fv2%2Fcomments&post=14642"}],"version-history":[{"count":0,"href":"https:\/\/quehacerpolitico.mx\/index.php?rest_route=\/wp\/v2\/posts\/14642\/revisions"}],"wp:featuredmedia":[{"embeddable":true,"href":"https:\/\/quehacerpolitico.mx\/index.php?rest_route=\/"}],"wp:attachment":[{"href":"https:\/\/quehacerpolitico.mx\/index.php?rest_route=%2Fwp%2Fv2%2Fmedia&parent=14642"}],"wp:term":[{"taxonomy":"category","embeddable":true,"href":"https:\/\/quehacerpolitico.mx\/index.php?rest_route=%2Fwp%2Fv2%2Fcategories&post=14642"},{"taxonomy":"post_tag","embeddable":true,"href":"https:\/\/quehacerpolitico.mx\/index.php?rest_route=%2Fwp%2Fv2%2Ftags&post=14642"}],"curies":[{"name":"wp","href":"https:\/\/api.w.org\/{rel}","templated":true}]}}