{"id":14615,"date":"2019-01-17T15:23:23","date_gmt":"2019-01-17T15:23:23","guid":{"rendered":"http:\/\/quehacerpolitico.mx\/fallas-provocan-caos-en-lineas-3-8-12-y-a-del-metro-y-desquician-a-usuarios\/"},"modified":"2019-01-17T15:23:23","modified_gmt":"2019-01-17T15:23:23","slug":"fallas-provocan-caos-en-lineas-3-8-12-y-a-del-metro-y-desquician-a-usuarios","status":"publish","type":"post","link":"https:\/\/quehacerpolitico.mx\/?p=14615","title":{"rendered":"Fallas provocan caos en L\u00edneas 3, 8, 12 y A del Metro y desquician a usuarios"},"content":{"rendered":"<h1 class=\"amp-wp-title\">Fallas provocan caos en L\u00edneas 3, 8, 12 y A del Metro y desquician a usuarios<\/h1>\n<p>Por Redacci\u00f3n QP<\/p>\n<p><span class=\"amp-wp-inline-f62a86b1328cd4134bec55ddf6de989a\">Esta ma\u00f1ana las<strong> L\u00edneas 3, 8, 12 y A<\/strong> del Sistema de Transporte Colectivo <strong>(STC) Metro<\/strong> presentaron varios problemas y fallas que <strong>desquiciaron<\/strong> a usuarios.<\/span><\/p>\n<p><span class=\"amp-wp-inline-f62a86b1328cd4134bec55ddf6de989a\">De acuerdo con la dependencia los atrasos en la l\u00ednea que corre de<strong> Indios Verdes<\/strong> a <strong>Universidad<\/strong> se deriv\u00f3 debido al <strong>desaloj\u00f3<\/strong> de un tren para la revisi\u00f3n del mecanismo de cierre de puertas, por lo que el tiempo de espera ser\u00eda de<strong> ocho minutos.<\/strong><\/span><\/p>\n<p>https:\/\/twitter.com\/innasoto1\/status\/1085905116719403008?s=21<\/p>\n<blockquote class=\"twitter-tweet\" data-width=\"550\" data-dnt=\"true\">\n<p lang=\"es\" dir=\"ltr\"><a href=\"https:\/\/twitter.com\/hashtag\/AvisoMetro?src=hash&amp;ref_src=twsrc%5Etfw\">#AvisoMetro<\/a>: Se desaloj\u00f3 vag\u00f3n de tren en <a href=\"https:\/\/twitter.com\/hashtag\/Tlatelolco?src=hash&amp;ref_src=twsrc%5Etfw\">#Tlatelolco<\/a> <a href=\"https:\/\/twitter.com\/hashtag\/L3?src=hash&amp;ref_src=twsrc%5Etfw\">#L3<\/a>, para revisi\u00f3n de mecanismo de cierre de puertas. El tiempo de atenci\u00f3n de la aver\u00eda fue de 8 minutos. La marcha contin\u00faa.<\/p>\n<p>&mdash; MetroCDMX (@MetroCDMX) <a href=\"https:\/\/twitter.com\/MetroCDMX\/status\/1085893714789031936?ref_src=twsrc%5Etfw\">January 17, 2019<\/a><\/p><\/blockquote>\n<p><script async src=\"https:\/\/platform.twitter.com\/widgets.js\" charset=\"utf-8\"><\/script><\/p>\n<p>https:\/\/twitter.com\/israellorenzana\/status\/1085903334039379970?s=21<\/p>\n<p>Sin embargo, poco despu\u00e9s el STC Metro agreg\u00f3 que por el <strong>corte<\/strong> que realizaron en las v\u00edas para <strong>rescatar un objeto,<\/strong> lo que gener\u00f3 mayor afluencia y <strong>atrasos<\/strong>en el avance de los convoyes.<\/p>\n<blockquote class=\"twitter-tweet\" data-width=\"550\" data-dnt=\"true\">\n<p lang=\"es\" dir=\"ltr\">No puede ser que se haga media hora en solo 7 estaciones \ud83d\ude21<\/p>\n<p>&mdash; Luis Gasper (@WichoGasper) <a href=\"https:\/\/twitter.com\/WichoGasper\/status\/1085904747117326338?ref_src=twsrc%5Etfw\">January 17, 2019<\/a><\/p><\/blockquote>\n<p><script async src=\"https:\/\/platform.twitter.com\/widgets.js\" charset=\"utf-8\"><\/script><\/p>\n<blockquote class=\"twitter-tweet\" data-width=\"550\" data-dnt=\"true\">\n<p lang=\"es\" dir=\"ltr\"><a href=\"https:\/\/twitter.com\/MetroCDMX?ref_src=twsrc%5Etfw\">@MetroCDMX<\/a> <a href=\"https:\/\/twitter.com\/Claudiashein?ref_src=twsrc%5Etfw\">@Claudiashein<\/a> <a href=\"https:\/\/twitter.com\/HechosAM?ref_src=twsrc%5Etfw\">@HechosAM<\/a> por favor manden trenes menos llenos en tercera estaci\u00f3n pasan atascados por favor <a href=\"https:\/\/twitter.com\/hashtag\/Linea3?src=hash&amp;ref_src=twsrc%5Etfw\">#Linea3<\/a> imposible subir hasta que no haya un accidente har\u00e1n caso???????? <a href=\"https:\/\/t.co\/NpYV75oeKO\">pic.twitter.com\/NpYV75oeKO<\/a><\/p>\n<p>&mdash; MayiCC (@mayi_LM) <a href=\"https:\/\/twitter.com\/mayi_LM\/status\/1085903567460945920?ref_src=twsrc%5Etfw\">January 17, 2019<\/a><\/p><\/blockquote>\n<p><script async src=\"https:\/\/platform.twitter.com\/widgets.js\" charset=\"utf-8\"><\/script><\/p>\n<p>A trav\u00e9s de su cuenta de <em><strong>Twitter<\/strong><\/em>, la dependencia inform\u00f3 que en la L\u00ednea 8, que va de <strong>Garibaldi<\/strong> a <strong>Constituci\u00f3n de 1917,<\/strong> retiraron un tren para la revisi\u00f3n del <strong>mecanismo de conducci\u00f3n,<\/strong> aunque la marcha no result\u00f3 afectada.<\/p>\n<blockquote class=\"twitter-tweet\" data-width=\"550\" data-dnt=\"true\">\n<p lang=\"es\" dir=\"ltr\"><a href=\"https:\/\/twitter.com\/hashtag\/AvisoMetro?src=hash&amp;ref_src=twsrc%5Etfw\">#AvisoMetro<\/a> Se retir\u00f3 tren de <a href=\"https:\/\/twitter.com\/hashtag\/L8?src=hash&amp;ref_src=twsrc%5Etfw\">#L8<\/a> para revisi\u00f3n de mecanismo de conducci\u00f3n. El tiempo de atenci\u00f3n de la aver\u00eda fue de 4 minutos. La marcha contin\u00faa.<\/p>\n<p>&mdash; MetroCDMX (@MetroCDMX) <a href=\"https:\/\/twitter.com\/MetroCDMX\/status\/1085904832949415937?ref_src=twsrc%5Etfw\">January 17, 2019<\/a><\/p><\/blockquote>\n<p><script async src=\"https:\/\/platform.twitter.com\/widgets.js\" charset=\"utf-8\"><\/script><\/p>\n<p>En cuanto a la L\u00ednea dorada, que corre de <strong>Tl\u00e1huac<\/strong> a <strong>Mixcoac,<\/strong> usuarios reportaron marcha lenta por lo que el STC mencion\u00f3 que se deb\u00eda a que pasajeros accionaron una <strong>palanca de emergencia,<\/strong> por lo que las autoridades atendieron la situaci\u00f3n.<\/p>\n<blockquote class=\"twitter-tweet\" data-width=\"550\" data-dnt=\"true\">\n<p lang=\"es\" dir=\"ltr\"><a href=\"https:\/\/twitter.com\/MetroCDMX?ref_src=twsrc%5Etfw\">@MetroCDMX<\/a> disculpa..por que vamos muy lento en la estaci\u00f3n nopalera ..de 4 estaciones 20 minutos ? L\u00ednea <a href=\"https:\/\/twitter.com\/hashtag\/L12?src=hash&amp;ref_src=twsrc%5Etfw\">#L12<\/a>..ay\u00fadanos por favor<\/p>\n<p>&mdash; danielee7 (@danys023) <a href=\"https:\/\/twitter.com\/danys023\/status\/1085906643152322560?ref_src=twsrc%5Etfw\">January 17, 2019<\/a><\/p><\/blockquote>\n<p><script async src=\"https:\/\/platform.twitter.com\/widgets.js\" charset=\"utf-8\"><\/script><\/p>\n<blockquote class=\"twitter-tweet\" data-width=\"550\" data-dnt=\"true\">\n<p lang=\"es\" dir=\"ltr\">35 minutos para avanzar 4 estaciones??!! Es neta!! Llego tarde a trabajar a pesar de venir con suficiente tiempo!!! <a href=\"https:\/\/twitter.com\/hashtag\/MeCagan?src=hash&amp;ref_src=twsrc%5Etfw\">#MeCagan<\/a> <a href=\"https:\/\/t.co\/kDHA79ahWW\">pic.twitter.com\/kDHA79ahWW<\/a><\/p>\n<p>&mdash; D@ny (@DCasteln) <a href=\"https:\/\/twitter.com\/DCasteln\/status\/1085903902485012480?ref_src=twsrc%5Etfw\">January 17, 2019<\/a><\/p><\/blockquote>\n<p><script async src=\"https:\/\/platform.twitter.com\/widgets.js\" charset=\"utf-8\"><\/script><\/p>\n<p>Por su parte, la L\u00ednea A tambi\u00e9n present\u00f3 un <strong>avance lento,<\/strong> aunque muchos usuarios no reportaron la situaci\u00f3n.<\/p>\n<blockquote class=\"twitter-tweet\" data-width=\"550\" data-dnt=\"true\">\n<p lang=\"es\" dir=\"ltr\">como siempre la <a href=\"https:\/\/twitter.com\/hashtag\/LA?src=hash&amp;ref_src=twsrc%5Etfw\">#LA<\/a> del <a href=\"https:\/\/twitter.com\/MetroCDMX?ref_src=twsrc%5Etfw\">@MetroCDMX<\/a> lenta en su avance <a href=\"https:\/\/twitter.com\/FirenzeM?ref_src=twsrc%5Etfw\">@FirenzeM<\/a> <a href=\"https:\/\/twitter.com\/retioDF?ref_src=twsrc%5Etfw\">@retioDF<\/a><\/p>\n<p>&mdash; John (@am_little_John) <a href=\"https:\/\/twitter.com\/am_little_John\/status\/1085904683317612546?ref_src=twsrc%5Etfw\">January 17, 2019<\/a><\/p><\/blockquote>\n<p><script async src=\"https:\/\/platform.twitter.com\/widgets.js\" charset=\"utf-8\"><\/script><\/p>\n","protected":false},"excerpt":{"rendered":"<p>Fallas provocan caos en L\u00edneas 3, 8, 12 y A del Metro y desquician a usuarios<br \/>\nPor Redacci\u00f3n QP<\/p>\n","protected":false},"author":2,"featured_media":14614,"comment_status":"open","ping_status":"open","sticky":false,"template":"","format":"standard","meta":{"_monsterinsights_skip_tracking":false,"_monsterinsights_sitenote_active":false,"_monsterinsights_sitenote_note":"","_monsterinsights_sitenote_category":0,"footnotes":""},"categories":[55],"tags":[],"class_list":["post-14615","post","type-post","status-publish","format-standard","has-post-thumbnail","hentry","category-cdmx"],"yoast_head":"<!-- This site is optimized with the Yoast SEO plugin v27.3 - https:\/\/yoast.com\/product\/yoast-seo-wordpress\/ -->\n<title>Fallas provocan caos en L\u00edneas 3, 8, 12 y A del Metro y desquician a usuarios -<\/title>\n<meta name=\"robots\" content=\"index, follow, max-snippet:-1, max-image-preview:large, max-video-preview:-1\" \/>\n<link rel=\"canonical\" href=\"https:\/\/quehacerpolitico.mx\/?p=14615\" \/>\n<meta property=\"og:locale\" content=\"es_MX\" \/>\n<meta property=\"og:type\" content=\"article\" \/>\n<meta property=\"og:title\" content=\"Fallas provocan caos en L\u00edneas 3, 8, 12 y A del Metro y desquician a usuarios -\" \/>\n<meta property=\"og:description\" content=\"Fallas provocan caos en L\u00edneas 3, 8, 12 y A del Metro y desquician a usuarios Por Redacci\u00f3n QP\" \/>\n<meta property=\"og:url\" content=\"https:\/\/quehacerpolitico.mx\/?p=14615\" \/>\n<meta property=\"article:published_time\" content=\"2019-01-17T15:23:23+00:00\" \/>\n<meta name=\"author\" content=\"Redacci\u00f3n QP\" \/>\n<meta name=\"twitter:card\" content=\"summary_large_image\" \/>\n<meta name=\"twitter:label1\" content=\"Escrito por\" \/>\n\t<meta name=\"twitter:data1\" content=\"Redacci\u00f3n QP\" \/>\n\t<meta name=\"twitter:label2\" content=\"Tiempo de lectura\" \/>\n\t<meta name=\"twitter:data2\" content=\"1 minuto\" \/>\n<script type=\"application\/ld+json\" class=\"yoast-schema-graph\">{\"@context\":\"https:\\\/\\\/schema.org\",\"@graph\":[{\"@type\":\"Article\",\"@id\":\"https:\\\/\\\/quehacerpolitico.mx\\\/?p=14615#article\",\"isPartOf\":{\"@id\":\"https:\\\/\\\/quehacerpolitico.mx\\\/?p=14615\"},\"author\":{\"name\":\"Redacci\u00f3n QP\",\"@id\":\"https:\\\/\\\/quehacerpolitico.mx\\\/#\\\/schema\\\/person\\\/496d8ad2d1d3f8036101dca7ee39e585\"},\"headline\":\"Fallas provocan caos en L\u00edneas 3, 8, 12 y A del Metro y desquician a usuarios\",\"datePublished\":\"2019-01-17T15:23:23+00:00\",\"mainEntityOfPage\":{\"@id\":\"https:\\\/\\\/quehacerpolitico.mx\\\/?p=14615\"},\"wordCount\":304,\"commentCount\":0,\"image\":{\"@id\":\"https:\\\/\\\/quehacerpolitico.mx\\\/?p=14615#primaryimage\"},\"thumbnailUrl\":\"\",\"articleSection\":[\"CDMX\"],\"inLanguage\":\"es\",\"potentialAction\":[{\"@type\":\"CommentAction\",\"name\":\"Comment\",\"target\":[\"https:\\\/\\\/quehacerpolitico.mx\\\/?p=14615#respond\"]}]},{\"@type\":\"WebPage\",\"@id\":\"https:\\\/\\\/quehacerpolitico.mx\\\/?p=14615\",\"url\":\"https:\\\/\\\/quehacerpolitico.mx\\\/?p=14615\",\"name\":\"Fallas provocan caos en L\u00edneas 3, 8, 12 y A del Metro y desquician a usuarios -\",\"isPartOf\":{\"@id\":\"https:\\\/\\\/quehacerpolitico.mx\\\/#website\"},\"primaryImageOfPage\":{\"@id\":\"https:\\\/\\\/quehacerpolitico.mx\\\/?p=14615#primaryimage\"},\"image\":{\"@id\":\"https:\\\/\\\/quehacerpolitico.mx\\\/?p=14615#primaryimage\"},\"thumbnailUrl\":\"\",\"datePublished\":\"2019-01-17T15:23:23+00:00\",\"author\":{\"@id\":\"https:\\\/\\\/quehacerpolitico.mx\\\/#\\\/schema\\\/person\\\/496d8ad2d1d3f8036101dca7ee39e585\"},\"breadcrumb\":{\"@id\":\"https:\\\/\\\/quehacerpolitico.mx\\\/?p=14615#breadcrumb\"},\"inLanguage\":\"es\",\"potentialAction\":[{\"@type\":\"ReadAction\",\"target\":[\"https:\\\/\\\/quehacerpolitico.mx\\\/?p=14615\"]}]},{\"@type\":\"ImageObject\",\"inLanguage\":\"es\",\"@id\":\"https:\\\/\\\/quehacerpolitico.mx\\\/?p=14615#primaryimage\",\"url\":\"\",\"contentUrl\":\"\"},{\"@type\":\"BreadcrumbList\",\"@id\":\"https:\\\/\\\/quehacerpolitico.mx\\\/?p=14615#breadcrumb\",\"itemListElement\":[{\"@type\":\"ListItem\",\"position\":1,\"name\":\"Inicio\",\"item\":\"https:\\\/\\\/quehacerpolitico.mx\\\/\"},{\"@type\":\"ListItem\",\"position\":2,\"name\":\"Fallas provocan caos en L\u00edneas 3, 8, 12 y A del Metro y desquician a usuarios\"}]},{\"@type\":\"WebSite\",\"@id\":\"https:\\\/\\\/quehacerpolitico.mx\\\/#website\",\"url\":\"https:\\\/\\\/quehacerpolitico.mx\\\/\",\"name\":\"\",\"description\":\"\",\"potentialAction\":[{\"@type\":\"SearchAction\",\"target\":{\"@type\":\"EntryPoint\",\"urlTemplate\":\"https:\\\/\\\/quehacerpolitico.mx\\\/?s={search_term_string}\"},\"query-input\":{\"@type\":\"PropertyValueSpecification\",\"valueRequired\":true,\"valueName\":\"search_term_string\"}}],\"inLanguage\":\"es\"},{\"@type\":\"Person\",\"@id\":\"https:\\\/\\\/quehacerpolitico.mx\\\/#\\\/schema\\\/person\\\/496d8ad2d1d3f8036101dca7ee39e585\",\"name\":\"Redacci\u00f3n QP\",\"image\":{\"@type\":\"ImageObject\",\"inLanguage\":\"es\",\"@id\":\"https:\\\/\\\/secure.gravatar.com\\\/avatar\\\/c7164ed6fdec453195284ad24a5ae5b6e1eed2b848477fa2a4787ba9adf39a41?s=96&d=mm&r=g\",\"url\":\"https:\\\/\\\/secure.gravatar.com\\\/avatar\\\/c7164ed6fdec453195284ad24a5ae5b6e1eed2b848477fa2a4787ba9adf39a41?s=96&d=mm&r=g\",\"contentUrl\":\"https:\\\/\\\/secure.gravatar.com\\\/avatar\\\/c7164ed6fdec453195284ad24a5ae5b6e1eed2b848477fa2a4787ba9adf39a41?s=96&d=mm&r=g\",\"caption\":\"Redacci\u00f3n QP\"},\"url\":\"https:\\\/\\\/quehacerpolitico.mx\\\/?author=2\"}]}<\/script>\n<!-- \/ Yoast SEO plugin. -->","yoast_head_json":{"title":"Fallas provocan caos en L\u00edneas 3, 8, 12 y A del Metro y desquician a usuarios -","robots":{"index":"index","follow":"follow","max-snippet":"max-snippet:-1","max-image-preview":"max-image-preview:large","max-video-preview":"max-video-preview:-1"},"canonical":"https:\/\/quehacerpolitico.mx\/?p=14615","og_locale":"es_MX","og_type":"article","og_title":"Fallas provocan caos en L\u00edneas 3, 8, 12 y A del Metro y desquician a usuarios -","og_description":"Fallas provocan caos en L\u00edneas 3, 8, 12 y A del Metro y desquician a usuarios Por Redacci\u00f3n QP","og_url":"https:\/\/quehacerpolitico.mx\/?p=14615","article_published_time":"2019-01-17T15:23:23+00:00","author":"Redacci\u00f3n QP","twitter_card":"summary_large_image","twitter_misc":{"Escrito por":"Redacci\u00f3n QP","Tiempo de lectura":"1 minuto"},"schema":{"@context":"https:\/\/schema.org","@graph":[{"@type":"Article","@id":"https:\/\/quehacerpolitico.mx\/?p=14615#article","isPartOf":{"@id":"https:\/\/quehacerpolitico.mx\/?p=14615"},"author":{"name":"Redacci\u00f3n QP","@id":"https:\/\/quehacerpolitico.mx\/#\/schema\/person\/496d8ad2d1d3f8036101dca7ee39e585"},"headline":"Fallas provocan caos en L\u00edneas 3, 8, 12 y A del Metro y desquician a usuarios","datePublished":"2019-01-17T15:23:23+00:00","mainEntityOfPage":{"@id":"https:\/\/quehacerpolitico.mx\/?p=14615"},"wordCount":304,"commentCount":0,"image":{"@id":"https:\/\/quehacerpolitico.mx\/?p=14615#primaryimage"},"thumbnailUrl":"","articleSection":["CDMX"],"inLanguage":"es","potentialAction":[{"@type":"CommentAction","name":"Comment","target":["https:\/\/quehacerpolitico.mx\/?p=14615#respond"]}]},{"@type":"WebPage","@id":"https:\/\/quehacerpolitico.mx\/?p=14615","url":"https:\/\/quehacerpolitico.mx\/?p=14615","name":"Fallas provocan caos en L\u00edneas 3, 8, 12 y A del Metro y desquician a usuarios -","isPartOf":{"@id":"https:\/\/quehacerpolitico.mx\/#website"},"primaryImageOfPage":{"@id":"https:\/\/quehacerpolitico.mx\/?p=14615#primaryimage"},"image":{"@id":"https:\/\/quehacerpolitico.mx\/?p=14615#primaryimage"},"thumbnailUrl":"","datePublished":"2019-01-17T15:23:23+00:00","author":{"@id":"https:\/\/quehacerpolitico.mx\/#\/schema\/person\/496d8ad2d1d3f8036101dca7ee39e585"},"breadcrumb":{"@id":"https:\/\/quehacerpolitico.mx\/?p=14615#breadcrumb"},"inLanguage":"es","potentialAction":[{"@type":"ReadAction","target":["https:\/\/quehacerpolitico.mx\/?p=14615"]}]},{"@type":"ImageObject","inLanguage":"es","@id":"https:\/\/quehacerpolitico.mx\/?p=14615#primaryimage","url":"","contentUrl":""},{"@type":"BreadcrumbList","@id":"https:\/\/quehacerpolitico.mx\/?p=14615#breadcrumb","itemListElement":[{"@type":"ListItem","position":1,"name":"Inicio","item":"https:\/\/quehacerpolitico.mx\/"},{"@type":"ListItem","position":2,"name":"Fallas provocan caos en L\u00edneas 3, 8, 12 y A del Metro y desquician a usuarios"}]},{"@type":"WebSite","@id":"https:\/\/quehacerpolitico.mx\/#website","url":"https:\/\/quehacerpolitico.mx\/","name":"","description":"","potentialAction":[{"@type":"SearchAction","target":{"@type":"EntryPoint","urlTemplate":"https:\/\/quehacerpolitico.mx\/?s={search_term_string}"},"query-input":{"@type":"PropertyValueSpecification","valueRequired":true,"valueName":"search_term_string"}}],"inLanguage":"es"},{"@type":"Person","@id":"https:\/\/quehacerpolitico.mx\/#\/schema\/person\/496d8ad2d1d3f8036101dca7ee39e585","name":"Redacci\u00f3n QP","image":{"@type":"ImageObject","inLanguage":"es","@id":"https:\/\/secure.gravatar.com\/avatar\/c7164ed6fdec453195284ad24a5ae5b6e1eed2b848477fa2a4787ba9adf39a41?s=96&d=mm&r=g","url":"https:\/\/secure.gravatar.com\/avatar\/c7164ed6fdec453195284ad24a5ae5b6e1eed2b848477fa2a4787ba9adf39a41?s=96&d=mm&r=g","contentUrl":"https:\/\/secure.gravatar.com\/avatar\/c7164ed6fdec453195284ad24a5ae5b6e1eed2b848477fa2a4787ba9adf39a41?s=96&d=mm&r=g","caption":"Redacci\u00f3n QP"},"url":"https:\/\/quehacerpolitico.mx\/?author=2"}]}},"featured_image_urls":{"full":"","thumbnail":"","medium":"","medium_large":"","large":"","1536x1536":"","2048x2048":"","covernews-featured":"","covernews-medium":""},"author_info":{"display_name":"Redacci\u00f3n QP","author_link":"https:\/\/quehacerpolitico.mx\/?author=2"},"category_info":"<a href=\"https:\/\/quehacerpolitico.mx\/?cat=55\" rel=\"category\">CDMX<\/a>","tag_info":"CDMX","comment_count":"0","_links":{"self":[{"href":"https:\/\/quehacerpolitico.mx\/index.php?rest_route=\/wp\/v2\/posts\/14615","targetHints":{"allow":["GET"]}}],"collection":[{"href":"https:\/\/quehacerpolitico.mx\/index.php?rest_route=\/wp\/v2\/posts"}],"about":[{"href":"https:\/\/quehacerpolitico.mx\/index.php?rest_route=\/wp\/v2\/types\/post"}],"author":[{"embeddable":true,"href":"https:\/\/quehacerpolitico.mx\/index.php?rest_route=\/wp\/v2\/users\/2"}],"replies":[{"embeddable":true,"href":"https:\/\/quehacerpolitico.mx\/index.php?rest_route=%2Fwp%2Fv2%2Fcomments&post=14615"}],"version-history":[{"count":0,"href":"https:\/\/quehacerpolitico.mx\/index.php?rest_route=\/wp\/v2\/posts\/14615\/revisions"}],"wp:featuredmedia":[{"embeddable":true,"href":"https:\/\/quehacerpolitico.mx\/index.php?rest_route=\/"}],"wp:attachment":[{"href":"https:\/\/quehacerpolitico.mx\/index.php?rest_route=%2Fwp%2Fv2%2Fmedia&parent=14615"}],"wp:term":[{"taxonomy":"category","embeddable":true,"href":"https:\/\/quehacerpolitico.mx\/index.php?rest_route=%2Fwp%2Fv2%2Fcategories&post=14615"},{"taxonomy":"post_tag","embeddable":true,"href":"https:\/\/quehacerpolitico.mx\/index.php?rest_route=%2Fwp%2Fv2%2Ftags&post=14615"}],"curies":[{"name":"wp","href":"https:\/\/api.w.org\/{rel}","templated":true}]}}