{"id":14571,"date":"2019-01-17T03:09:23","date_gmt":"2019-01-17T03:09:23","guid":{"rendered":"http:\/\/quehacerpolitico.mx\/callate-chachalaca-dice-fox-a-amlo-en-twitter\/"},"modified":"2019-01-17T03:09:23","modified_gmt":"2019-01-17T03:09:23","slug":"callate-chachalaca-dice-fox-a-amlo-en-twitter","status":"publish","type":"post","link":"https:\/\/quehacerpolitico.mx\/?p=14571","title":{"rendered":"\u2018C\u00e1llate chachalaca\u2019, dice Fox a AMLO en Twitter"},"content":{"rendered":"<h1 class=\"amp-wp-title\">\u2018C\u00e1llate chachalaca\u2019, dice Fox a AMLO en Twitter<\/h1>\n<p>Por Redacci\u00f3n QP<\/p>\n<p>Una vez m\u00e1s, el <strong>ex presidente Vicente Fox Quesada<\/strong>utiliz\u00f3 su cuenta de Twitter, ahora para revirar al actual mandatario de M\u00e9xico,<strong> Andr\u00e9s Manuel L\u00f3pez Obrador (AMLO)<\/strong>.<\/p>\n<p>Fox exigi\u00f3 a AMLO que compruebe su complicidad en el robo de combustible (huachicol).<\/p>\n<blockquote>\n<p>\u201cInsiste @lopezobrador_ en llevarme a jucio (sic) por huachicol. Solo (sic) en 45 d\u00edas hay m\u00e1s huachicol y barriles que en toda mi administraci\u00f3n.<\/p>\n<p>Calumniar para justificarte ante el pueblo es el peor delito democr\u00e1tico que existe. No seas lengua suelta, prueba tus dichos o c\u00e1llate \u201cchachalaca\u201d, escribi\u00f3 Fox en la red social.<\/p>\n<blockquote class=\"twitter-tweet\" data-width=\"550\" data-dnt=\"true\">\n<p lang=\"es\" dir=\"ltr\">Insiste <a href=\"https:\/\/twitter.com\/lopezobrador_?ref_src=twsrc%5Etfw\">@lopezobrador_<\/a> en llevarme a jucio por huachicol.Solo en 45 d\u00edas hay m\u00e1s huachicol y barriles que en toda mi administraci\u00f3n<br \/>Calumniar para justificarte ante el pueblo es el peor delito democr\u00e1tico que existe.<br \/>No seas lengua suelta, prueba tus dichos o c\u00e1llate &quot;chachalaca&quot;<\/p>\n<p>&mdash; Vicente Fox Quesada (@VicenteFoxQue) <a href=\"https:\/\/twitter.com\/VicenteFoxQue\/status\/1085542824593031169?ref_src=twsrc%5Etfw\">January 16, 2019<\/a><\/p><\/blockquote>\n<p><script async src=\"https:\/\/platform.twitter.com\/widgets.js\" charset=\"utf-8\"><\/script><\/p>\n<p>A penas el 14 de enero pasado, el ex presidente ya hab\u00eda pedido a AMLO que asumiera su responsabilidad como mandatario y dejara de culpar a terceras personas por los problemas recientes de desabasto de gasolina y el robo de \u00e9sta, en entrevista telef\u00f3nica con el periodista Ciro G\u00f3mez Leyva.<\/p>\n<p>Al siguiente d\u00eda, en su conferencia matutina, L\u00f3pez Obrador dijo que no caer\u00e1 en ninguna provocaci\u00f3n de Fox.<\/p>\n<h3>La historia de \u2018c\u00e1llate chachalaca\u2019<\/h3>\n<p>La frase \u2018c\u00e1llate chachalaca\u2019 la utiliz\u00f3 AMLO en marzo de 2006 para dirigirse a Fox por su intervenci\u00f3n en el proceso electoral de ese a\u00f1o, y en el cual perdi\u00f3 frente al candidato del PAN, Felipe Calder\u00f3n.<\/p>\n<p>El ahora presidente de M\u00e9xico dijo la expresi\u00f3n durante un evento en Tehuantepec, Oaxaca, por las cr\u00edticas de Fox a su propuesta de bajar los precios de los combustibles en caso de ganar la contienda electoral de ese a\u00f1o.<\/p>\n<p><iframe loading=\"lazy\" title=\"C\u00e1llate chachalaca, la frase que marc\u00f3 el 2006\" width=\"640\" height=\"360\" src=\"https:\/\/www.youtube.com\/embed\/aV0geZPxpwE?feature=oembed\" frameborder=\"0\" allow=\"accelerometer; autoplay; clipboard-write; encrypted-media; gyroscope; picture-in-picture; web-share\" referrerpolicy=\"strict-origin-when-cross-origin\" allowfullscreen><\/iframe><\/p>\n<\/blockquote>\n","protected":false},"excerpt":{"rendered":"<p>\u2018C\u00e1llate chachalaca\u2019, dice Fox a AMLO en Twitter<br \/>\nPor Redacci\u00f3n QP<\/p>\n","protected":false},"author":2,"featured_media":14570,"comment_status":"open","ping_status":"open","sticky":false,"template":"","format":"standard","meta":{"_monsterinsights_skip_tracking":false,"_monsterinsights_sitenote_active":false,"_monsterinsights_sitenote_note":"","_monsterinsights_sitenote_category":0,"footnotes":""},"categories":[2],"tags":[],"class_list":["post-14571","post","type-post","status-publish","format-standard","has-post-thumbnail","hentry","category-noticias"],"yoast_head":"<!-- This site is optimized with the Yoast SEO plugin v27.3 - https:\/\/yoast.com\/product\/yoast-seo-wordpress\/ -->\n<title>\u2018C\u00e1llate chachalaca\u2019, dice Fox a AMLO en Twitter -<\/title>\n<meta name=\"robots\" content=\"index, follow, max-snippet:-1, max-image-preview:large, max-video-preview:-1\" \/>\n<link rel=\"canonical\" href=\"https:\/\/quehacerpolitico.mx\/?p=14571\" \/>\n<meta property=\"og:locale\" content=\"es_MX\" \/>\n<meta property=\"og:type\" content=\"article\" \/>\n<meta property=\"og:title\" content=\"\u2018C\u00e1llate chachalaca\u2019, dice Fox a AMLO en Twitter -\" \/>\n<meta property=\"og:description\" content=\"\u2018C\u00e1llate chachalaca\u2019, dice Fox a AMLO en Twitter Por Redacci\u00f3n QP\" \/>\n<meta property=\"og:url\" content=\"https:\/\/quehacerpolitico.mx\/?p=14571\" \/>\n<meta property=\"article:published_time\" content=\"2019-01-17T03:09:23+00:00\" \/>\n<meta name=\"author\" content=\"Redacci\u00f3n QP\" \/>\n<meta name=\"twitter:card\" content=\"summary_large_image\" \/>\n<meta name=\"twitter:label1\" content=\"Escrito por\" \/>\n\t<meta name=\"twitter:data1\" content=\"Redacci\u00f3n QP\" \/>\n\t<meta name=\"twitter:label2\" content=\"Tiempo de lectura\" \/>\n\t<meta name=\"twitter:data2\" content=\"1 minuto\" \/>\n<script type=\"application\/ld+json\" class=\"yoast-schema-graph\">{\"@context\":\"https:\\\/\\\/schema.org\",\"@graph\":[{\"@type\":\"Article\",\"@id\":\"https:\\\/\\\/quehacerpolitico.mx\\\/?p=14571#article\",\"isPartOf\":{\"@id\":\"https:\\\/\\\/quehacerpolitico.mx\\\/?p=14571\"},\"author\":{\"name\":\"Redacci\u00f3n QP\",\"@id\":\"https:\\\/\\\/quehacerpolitico.mx\\\/#\\\/schema\\\/person\\\/496d8ad2d1d3f8036101dca7ee39e585\"},\"headline\":\"\u2018C\u00e1llate chachalaca\u2019, dice Fox a AMLO en Twitter\",\"datePublished\":\"2019-01-17T03:09:23+00:00\",\"mainEntityOfPage\":{\"@id\":\"https:\\\/\\\/quehacerpolitico.mx\\\/?p=14571\"},\"wordCount\":296,\"commentCount\":0,\"image\":{\"@id\":\"https:\\\/\\\/quehacerpolitico.mx\\\/?p=14571#primaryimage\"},\"thumbnailUrl\":\"\",\"articleSection\":[\"Noticias\"],\"inLanguage\":\"es\",\"potentialAction\":[{\"@type\":\"CommentAction\",\"name\":\"Comment\",\"target\":[\"https:\\\/\\\/quehacerpolitico.mx\\\/?p=14571#respond\"]}]},{\"@type\":\"WebPage\",\"@id\":\"https:\\\/\\\/quehacerpolitico.mx\\\/?p=14571\",\"url\":\"https:\\\/\\\/quehacerpolitico.mx\\\/?p=14571\",\"name\":\"\u2018C\u00e1llate chachalaca\u2019, dice Fox a AMLO en Twitter -\",\"isPartOf\":{\"@id\":\"https:\\\/\\\/quehacerpolitico.mx\\\/#website\"},\"primaryImageOfPage\":{\"@id\":\"https:\\\/\\\/quehacerpolitico.mx\\\/?p=14571#primaryimage\"},\"image\":{\"@id\":\"https:\\\/\\\/quehacerpolitico.mx\\\/?p=14571#primaryimage\"},\"thumbnailUrl\":\"\",\"datePublished\":\"2019-01-17T03:09:23+00:00\",\"author\":{\"@id\":\"https:\\\/\\\/quehacerpolitico.mx\\\/#\\\/schema\\\/person\\\/496d8ad2d1d3f8036101dca7ee39e585\"},\"breadcrumb\":{\"@id\":\"https:\\\/\\\/quehacerpolitico.mx\\\/?p=14571#breadcrumb\"},\"inLanguage\":\"es\",\"potentialAction\":[{\"@type\":\"ReadAction\",\"target\":[\"https:\\\/\\\/quehacerpolitico.mx\\\/?p=14571\"]}]},{\"@type\":\"ImageObject\",\"inLanguage\":\"es\",\"@id\":\"https:\\\/\\\/quehacerpolitico.mx\\\/?p=14571#primaryimage\",\"url\":\"\",\"contentUrl\":\"\"},{\"@type\":\"BreadcrumbList\",\"@id\":\"https:\\\/\\\/quehacerpolitico.mx\\\/?p=14571#breadcrumb\",\"itemListElement\":[{\"@type\":\"ListItem\",\"position\":1,\"name\":\"Inicio\",\"item\":\"https:\\\/\\\/quehacerpolitico.mx\\\/\"},{\"@type\":\"ListItem\",\"position\":2,\"name\":\"\u2018C\u00e1llate chachalaca\u2019, dice Fox a AMLO en Twitter\"}]},{\"@type\":\"WebSite\",\"@id\":\"https:\\\/\\\/quehacerpolitico.mx\\\/#website\",\"url\":\"https:\\\/\\\/quehacerpolitico.mx\\\/\",\"name\":\"\",\"description\":\"\",\"potentialAction\":[{\"@type\":\"SearchAction\",\"target\":{\"@type\":\"EntryPoint\",\"urlTemplate\":\"https:\\\/\\\/quehacerpolitico.mx\\\/?s={search_term_string}\"},\"query-input\":{\"@type\":\"PropertyValueSpecification\",\"valueRequired\":true,\"valueName\":\"search_term_string\"}}],\"inLanguage\":\"es\"},{\"@type\":\"Person\",\"@id\":\"https:\\\/\\\/quehacerpolitico.mx\\\/#\\\/schema\\\/person\\\/496d8ad2d1d3f8036101dca7ee39e585\",\"name\":\"Redacci\u00f3n QP\",\"image\":{\"@type\":\"ImageObject\",\"inLanguage\":\"es\",\"@id\":\"https:\\\/\\\/secure.gravatar.com\\\/avatar\\\/c7164ed6fdec453195284ad24a5ae5b6e1eed2b848477fa2a4787ba9adf39a41?s=96&d=mm&r=g\",\"url\":\"https:\\\/\\\/secure.gravatar.com\\\/avatar\\\/c7164ed6fdec453195284ad24a5ae5b6e1eed2b848477fa2a4787ba9adf39a41?s=96&d=mm&r=g\",\"contentUrl\":\"https:\\\/\\\/secure.gravatar.com\\\/avatar\\\/c7164ed6fdec453195284ad24a5ae5b6e1eed2b848477fa2a4787ba9adf39a41?s=96&d=mm&r=g\",\"caption\":\"Redacci\u00f3n QP\"},\"url\":\"https:\\\/\\\/quehacerpolitico.mx\\\/?author=2\"}]}<\/script>\n<!-- \/ Yoast SEO plugin. -->","yoast_head_json":{"title":"\u2018C\u00e1llate chachalaca\u2019, dice Fox a AMLO en Twitter -","robots":{"index":"index","follow":"follow","max-snippet":"max-snippet:-1","max-image-preview":"max-image-preview:large","max-video-preview":"max-video-preview:-1"},"canonical":"https:\/\/quehacerpolitico.mx\/?p=14571","og_locale":"es_MX","og_type":"article","og_title":"\u2018C\u00e1llate chachalaca\u2019, dice Fox a AMLO en Twitter -","og_description":"\u2018C\u00e1llate chachalaca\u2019, dice Fox a AMLO en Twitter Por Redacci\u00f3n QP","og_url":"https:\/\/quehacerpolitico.mx\/?p=14571","article_published_time":"2019-01-17T03:09:23+00:00","author":"Redacci\u00f3n QP","twitter_card":"summary_large_image","twitter_misc":{"Escrito por":"Redacci\u00f3n QP","Tiempo de lectura":"1 minuto"},"schema":{"@context":"https:\/\/schema.org","@graph":[{"@type":"Article","@id":"https:\/\/quehacerpolitico.mx\/?p=14571#article","isPartOf":{"@id":"https:\/\/quehacerpolitico.mx\/?p=14571"},"author":{"name":"Redacci\u00f3n QP","@id":"https:\/\/quehacerpolitico.mx\/#\/schema\/person\/496d8ad2d1d3f8036101dca7ee39e585"},"headline":"\u2018C\u00e1llate chachalaca\u2019, dice Fox a AMLO en Twitter","datePublished":"2019-01-17T03:09:23+00:00","mainEntityOfPage":{"@id":"https:\/\/quehacerpolitico.mx\/?p=14571"},"wordCount":296,"commentCount":0,"image":{"@id":"https:\/\/quehacerpolitico.mx\/?p=14571#primaryimage"},"thumbnailUrl":"","articleSection":["Noticias"],"inLanguage":"es","potentialAction":[{"@type":"CommentAction","name":"Comment","target":["https:\/\/quehacerpolitico.mx\/?p=14571#respond"]}]},{"@type":"WebPage","@id":"https:\/\/quehacerpolitico.mx\/?p=14571","url":"https:\/\/quehacerpolitico.mx\/?p=14571","name":"\u2018C\u00e1llate chachalaca\u2019, dice Fox a AMLO en Twitter -","isPartOf":{"@id":"https:\/\/quehacerpolitico.mx\/#website"},"primaryImageOfPage":{"@id":"https:\/\/quehacerpolitico.mx\/?p=14571#primaryimage"},"image":{"@id":"https:\/\/quehacerpolitico.mx\/?p=14571#primaryimage"},"thumbnailUrl":"","datePublished":"2019-01-17T03:09:23+00:00","author":{"@id":"https:\/\/quehacerpolitico.mx\/#\/schema\/person\/496d8ad2d1d3f8036101dca7ee39e585"},"breadcrumb":{"@id":"https:\/\/quehacerpolitico.mx\/?p=14571#breadcrumb"},"inLanguage":"es","potentialAction":[{"@type":"ReadAction","target":["https:\/\/quehacerpolitico.mx\/?p=14571"]}]},{"@type":"ImageObject","inLanguage":"es","@id":"https:\/\/quehacerpolitico.mx\/?p=14571#primaryimage","url":"","contentUrl":""},{"@type":"BreadcrumbList","@id":"https:\/\/quehacerpolitico.mx\/?p=14571#breadcrumb","itemListElement":[{"@type":"ListItem","position":1,"name":"Inicio","item":"https:\/\/quehacerpolitico.mx\/"},{"@type":"ListItem","position":2,"name":"\u2018C\u00e1llate chachalaca\u2019, dice Fox a AMLO en Twitter"}]},{"@type":"WebSite","@id":"https:\/\/quehacerpolitico.mx\/#website","url":"https:\/\/quehacerpolitico.mx\/","name":"","description":"","potentialAction":[{"@type":"SearchAction","target":{"@type":"EntryPoint","urlTemplate":"https:\/\/quehacerpolitico.mx\/?s={search_term_string}"},"query-input":{"@type":"PropertyValueSpecification","valueRequired":true,"valueName":"search_term_string"}}],"inLanguage":"es"},{"@type":"Person","@id":"https:\/\/quehacerpolitico.mx\/#\/schema\/person\/496d8ad2d1d3f8036101dca7ee39e585","name":"Redacci\u00f3n QP","image":{"@type":"ImageObject","inLanguage":"es","@id":"https:\/\/secure.gravatar.com\/avatar\/c7164ed6fdec453195284ad24a5ae5b6e1eed2b848477fa2a4787ba9adf39a41?s=96&d=mm&r=g","url":"https:\/\/secure.gravatar.com\/avatar\/c7164ed6fdec453195284ad24a5ae5b6e1eed2b848477fa2a4787ba9adf39a41?s=96&d=mm&r=g","contentUrl":"https:\/\/secure.gravatar.com\/avatar\/c7164ed6fdec453195284ad24a5ae5b6e1eed2b848477fa2a4787ba9adf39a41?s=96&d=mm&r=g","caption":"Redacci\u00f3n QP"},"url":"https:\/\/quehacerpolitico.mx\/?author=2"}]}},"featured_image_urls":{"full":"","thumbnail":"","medium":"","medium_large":"","large":"","1536x1536":"","2048x2048":"","covernews-featured":"","covernews-medium":""},"author_info":{"display_name":"Redacci\u00f3n QP","author_link":"https:\/\/quehacerpolitico.mx\/?author=2"},"category_info":"<a href=\"https:\/\/quehacerpolitico.mx\/?cat=2\" rel=\"category\">Noticias<\/a>","tag_info":"Noticias","comment_count":"0","_links":{"self":[{"href":"https:\/\/quehacerpolitico.mx\/index.php?rest_route=\/wp\/v2\/posts\/14571","targetHints":{"allow":["GET"]}}],"collection":[{"href":"https:\/\/quehacerpolitico.mx\/index.php?rest_route=\/wp\/v2\/posts"}],"about":[{"href":"https:\/\/quehacerpolitico.mx\/index.php?rest_route=\/wp\/v2\/types\/post"}],"author":[{"embeddable":true,"href":"https:\/\/quehacerpolitico.mx\/index.php?rest_route=\/wp\/v2\/users\/2"}],"replies":[{"embeddable":true,"href":"https:\/\/quehacerpolitico.mx\/index.php?rest_route=%2Fwp%2Fv2%2Fcomments&post=14571"}],"version-history":[{"count":0,"href":"https:\/\/quehacerpolitico.mx\/index.php?rest_route=\/wp\/v2\/posts\/14571\/revisions"}],"wp:featuredmedia":[{"embeddable":true,"href":"https:\/\/quehacerpolitico.mx\/index.php?rest_route=\/"}],"wp:attachment":[{"href":"https:\/\/quehacerpolitico.mx\/index.php?rest_route=%2Fwp%2Fv2%2Fmedia&parent=14571"}],"wp:term":[{"taxonomy":"category","embeddable":true,"href":"https:\/\/quehacerpolitico.mx\/index.php?rest_route=%2Fwp%2Fv2%2Fcategories&post=14571"},{"taxonomy":"post_tag","embeddable":true,"href":"https:\/\/quehacerpolitico.mx\/index.php?rest_route=%2Fwp%2Fv2%2Ftags&post=14571"}],"curies":[{"name":"wp","href":"https:\/\/api.w.org\/{rel}","templated":true}]}}