{"id":14569,"date":"2019-01-17T03:02:41","date_gmt":"2019-01-17T03:02:41","guid":{"rendered":"http:\/\/quehacerpolitico.mx\/le-llueve-a-ismael-figueroa-el-congreso-solicita-avances-de-las-investigaciones-en-su-contra\/"},"modified":"2019-01-17T03:02:41","modified_gmt":"2019-01-17T03:02:41","slug":"le-llueve-a-ismael-figueroa-el-congreso-solicita-avances-de-las-investigaciones-en-su-contra","status":"publish","type":"post","link":"https:\/\/quehacerpolitico.mx\/?p=14569","title":{"rendered":"Le \u2018llueve\u2019 a Ismael Figueroa; el Congreso solicita avances de las investigaciones en su contra"},"content":{"rendered":"<h1 class=\"amp-wp-title\">Le \u2018llueve\u2019 a Ismael Figueroa; el Congreso solicita avances de las investigaciones en su contra<\/h1>\n<p>Por Redacci\u00f3n QP<\/p>\n<p>La <strong>Diputaci\u00f3n Permanente<\/strong> del <strong>Congreso de la Ciudad de M\u00e9xico<\/strong> solicit\u00f3 avances a la <strong>Contralor\u00eda<\/strong>General, a la <strong>Procuradur\u00eda General de Justicia (PGJ)<\/strong> y a la Comisi\u00f3n de <strong>Derechos Humanos<\/strong> local avances de las investigaciones en contra del l\u00edder sindical de <strong>bomberos, Ismael Figueroa.<\/strong><\/p>\n<p>Mediante un punto de acuerdo aprobado por el pleno, los legisladores solicitaron avances de las denuncias hechas por presuntos desv\u00edos de recursos, actos de corrupci\u00f3n, amenazas y cobro ilegal de cuotas relacionadas con el<strong> Sindicato del Heroico Cuerpo de Bomberos (HCB)<\/strong>.<\/p>\n<p>El punto de acuerdo fue presentado por el vicecoordinador de la bancada de <strong>Morena,<\/strong> Jos\u00e9 Luis Rodr\u00edguez D\u00edaz de Le\u00f3n, quien record\u00f3 que el ex jefe de Gobierno, Jos\u00e9 Ram\u00f3n Amieva, asegur\u00f3 que existen 18 carpetas de investigaci\u00f3n en contra de <strong>Figueroa.<\/strong><\/p>\n<p>El legislador solicit\u00f3 a la <strong>Contralor\u00eda<\/strong> capitalina rendir cuentas para determinar las irregularidades en la administraci\u00f3n de recursos y en la contrataci\u00f3n de nuevos elementos en el <strong>HCB.<\/strong><\/p>\n<p>Tambi\u00e9n se hizo un llamado a la Comisi\u00f3n de <strong>Derechos Humanos<\/strong> local para que d\u00e9 a conocer al <strong>Congreso<\/strong> las quejas y medidas precautorias que existan en cuanto a violaciones en la corporaci\u00f3n.<\/p>\n<p>D\u00edaz de Le\u00f3n solicit\u00f3 el estatus de cada una de las quejas, as\u00ed como de la recomendaci\u00f3n que emiti\u00f3 el a\u00f1o pasado.<\/p>\n<blockquote>\n<p>\u201cEn dichas indagatorias se se\u00f1al\u00f3 al l\u00edder sindical, mismo que hoy en d\u00eda es objeto de denuncias por probables agresiones, amenazas, acoso sexual, falsificaci\u00f3n de documentos, entre otros se\u00f1alamientos, que pueden dar lugar a delito\u201d, dijo el legislador.<\/p>\n<\/blockquote>\n<p><strong>Figueroa<\/strong> ha emprendido una campa\u00f1a de desprestigio contra el nuevo director del <strong>HCB,<\/strong> Juan Manuel P\u00e9rez Cova, a quien desconoce como titular de la instituci\u00f3n por ser un civil.<\/p>\n","protected":false},"excerpt":{"rendered":"<p>Le \u2018llueve\u2019 a Ismael Figueroa; el Congreso solicita avances de las investigaciones en su contra<br \/>\nPor Redacci\u00f3n QP<\/p>\n","protected":false},"author":2,"featured_media":14568,"comment_status":"open","ping_status":"open","sticky":false,"template":"","format":"standard","meta":{"_monsterinsights_skip_tracking":false,"_monsterinsights_sitenote_active":false,"_monsterinsights_sitenote_note":"","_monsterinsights_sitenote_category":0,"footnotes":""},"categories":[55],"tags":[],"class_list":["post-14569","post","type-post","status-publish","format-standard","has-post-thumbnail","hentry","category-cdmx"],"yoast_head":"<!-- This site is optimized with the Yoast SEO plugin v27.3 - https:\/\/yoast.com\/product\/yoast-seo-wordpress\/ -->\n<title>Le \u2018llueve\u2019 a Ismael Figueroa; el Congreso solicita avances de las investigaciones en su contra -<\/title>\n<meta name=\"robots\" content=\"index, follow, max-snippet:-1, max-image-preview:large, max-video-preview:-1\" \/>\n<link rel=\"canonical\" href=\"https:\/\/quehacerpolitico.mx\/?p=14569\" \/>\n<meta property=\"og:locale\" content=\"es_MX\" \/>\n<meta property=\"og:type\" content=\"article\" \/>\n<meta property=\"og:title\" content=\"Le \u2018llueve\u2019 a Ismael Figueroa; el Congreso solicita avances de las investigaciones en su contra -\" \/>\n<meta property=\"og:description\" content=\"Le \u2018llueve\u2019 a Ismael Figueroa; el Congreso solicita avances de las investigaciones en su contra Por Redacci\u00f3n QP\" \/>\n<meta property=\"og:url\" content=\"https:\/\/quehacerpolitico.mx\/?p=14569\" \/>\n<meta property=\"article:published_time\" content=\"2019-01-17T03:02:41+00:00\" \/>\n<meta name=\"author\" content=\"Redacci\u00f3n QP\" \/>\n<meta name=\"twitter:card\" content=\"summary_large_image\" \/>\n<meta name=\"twitter:label1\" content=\"Escrito por\" \/>\n\t<meta name=\"twitter:data1\" content=\"Redacci\u00f3n QP\" \/>\n\t<meta name=\"twitter:label2\" content=\"Tiempo de lectura\" \/>\n\t<meta name=\"twitter:data2\" content=\"2 minutos\" \/>\n<script type=\"application\/ld+json\" class=\"yoast-schema-graph\">{\"@context\":\"https:\\\/\\\/schema.org\",\"@graph\":[{\"@type\":\"Article\",\"@id\":\"https:\\\/\\\/quehacerpolitico.mx\\\/?p=14569#article\",\"isPartOf\":{\"@id\":\"https:\\\/\\\/quehacerpolitico.mx\\\/?p=14569\"},\"author\":{\"name\":\"Redacci\u00f3n QP\",\"@id\":\"https:\\\/\\\/quehacerpolitico.mx\\\/#\\\/schema\\\/person\\\/496d8ad2d1d3f8036101dca7ee39e585\"},\"headline\":\"Le \u2018llueve\u2019 a Ismael Figueroa; el Congreso solicita avances de las investigaciones en su contra\",\"datePublished\":\"2019-01-17T03:02:41+00:00\",\"mainEntityOfPage\":{\"@id\":\"https:\\\/\\\/quehacerpolitico.mx\\\/?p=14569\"},\"wordCount\":340,\"commentCount\":0,\"image\":{\"@id\":\"https:\\\/\\\/quehacerpolitico.mx\\\/?p=14569#primaryimage\"},\"thumbnailUrl\":\"\",\"articleSection\":[\"CDMX\"],\"inLanguage\":\"es\",\"potentialAction\":[{\"@type\":\"CommentAction\",\"name\":\"Comment\",\"target\":[\"https:\\\/\\\/quehacerpolitico.mx\\\/?p=14569#respond\"]}]},{\"@type\":\"WebPage\",\"@id\":\"https:\\\/\\\/quehacerpolitico.mx\\\/?p=14569\",\"url\":\"https:\\\/\\\/quehacerpolitico.mx\\\/?p=14569\",\"name\":\"Le \u2018llueve\u2019 a Ismael Figueroa; el Congreso solicita avances de las investigaciones en su contra -\",\"isPartOf\":{\"@id\":\"https:\\\/\\\/quehacerpolitico.mx\\\/#website\"},\"primaryImageOfPage\":{\"@id\":\"https:\\\/\\\/quehacerpolitico.mx\\\/?p=14569#primaryimage\"},\"image\":{\"@id\":\"https:\\\/\\\/quehacerpolitico.mx\\\/?p=14569#primaryimage\"},\"thumbnailUrl\":\"\",\"datePublished\":\"2019-01-17T03:02:41+00:00\",\"author\":{\"@id\":\"https:\\\/\\\/quehacerpolitico.mx\\\/#\\\/schema\\\/person\\\/496d8ad2d1d3f8036101dca7ee39e585\"},\"breadcrumb\":{\"@id\":\"https:\\\/\\\/quehacerpolitico.mx\\\/?p=14569#breadcrumb\"},\"inLanguage\":\"es\",\"potentialAction\":[{\"@type\":\"ReadAction\",\"target\":[\"https:\\\/\\\/quehacerpolitico.mx\\\/?p=14569\"]}]},{\"@type\":\"ImageObject\",\"inLanguage\":\"es\",\"@id\":\"https:\\\/\\\/quehacerpolitico.mx\\\/?p=14569#primaryimage\",\"url\":\"\",\"contentUrl\":\"\"},{\"@type\":\"BreadcrumbList\",\"@id\":\"https:\\\/\\\/quehacerpolitico.mx\\\/?p=14569#breadcrumb\",\"itemListElement\":[{\"@type\":\"ListItem\",\"position\":1,\"name\":\"Inicio\",\"item\":\"https:\\\/\\\/quehacerpolitico.mx\\\/\"},{\"@type\":\"ListItem\",\"position\":2,\"name\":\"Le \u2018llueve\u2019 a Ismael Figueroa; el Congreso solicita avances de las investigaciones en su contra\"}]},{\"@type\":\"WebSite\",\"@id\":\"https:\\\/\\\/quehacerpolitico.mx\\\/#website\",\"url\":\"https:\\\/\\\/quehacerpolitico.mx\\\/\",\"name\":\"\",\"description\":\"\",\"potentialAction\":[{\"@type\":\"SearchAction\",\"target\":{\"@type\":\"EntryPoint\",\"urlTemplate\":\"https:\\\/\\\/quehacerpolitico.mx\\\/?s={search_term_string}\"},\"query-input\":{\"@type\":\"PropertyValueSpecification\",\"valueRequired\":true,\"valueName\":\"search_term_string\"}}],\"inLanguage\":\"es\"},{\"@type\":\"Person\",\"@id\":\"https:\\\/\\\/quehacerpolitico.mx\\\/#\\\/schema\\\/person\\\/496d8ad2d1d3f8036101dca7ee39e585\",\"name\":\"Redacci\u00f3n QP\",\"image\":{\"@type\":\"ImageObject\",\"inLanguage\":\"es\",\"@id\":\"https:\\\/\\\/secure.gravatar.com\\\/avatar\\\/c7164ed6fdec453195284ad24a5ae5b6e1eed2b848477fa2a4787ba9adf39a41?s=96&d=mm&r=g\",\"url\":\"https:\\\/\\\/secure.gravatar.com\\\/avatar\\\/c7164ed6fdec453195284ad24a5ae5b6e1eed2b848477fa2a4787ba9adf39a41?s=96&d=mm&r=g\",\"contentUrl\":\"https:\\\/\\\/secure.gravatar.com\\\/avatar\\\/c7164ed6fdec453195284ad24a5ae5b6e1eed2b848477fa2a4787ba9adf39a41?s=96&d=mm&r=g\",\"caption\":\"Redacci\u00f3n QP\"},\"url\":\"https:\\\/\\\/quehacerpolitico.mx\\\/?author=2\"}]}<\/script>\n<!-- \/ Yoast SEO plugin. -->","yoast_head_json":{"title":"Le \u2018llueve\u2019 a Ismael Figueroa; el Congreso solicita avances de las investigaciones en su contra -","robots":{"index":"index","follow":"follow","max-snippet":"max-snippet:-1","max-image-preview":"max-image-preview:large","max-video-preview":"max-video-preview:-1"},"canonical":"https:\/\/quehacerpolitico.mx\/?p=14569","og_locale":"es_MX","og_type":"article","og_title":"Le \u2018llueve\u2019 a Ismael Figueroa; el Congreso solicita avances de las investigaciones en su contra -","og_description":"Le \u2018llueve\u2019 a Ismael Figueroa; el Congreso solicita avances de las investigaciones en su contra Por Redacci\u00f3n QP","og_url":"https:\/\/quehacerpolitico.mx\/?p=14569","article_published_time":"2019-01-17T03:02:41+00:00","author":"Redacci\u00f3n QP","twitter_card":"summary_large_image","twitter_misc":{"Escrito por":"Redacci\u00f3n QP","Tiempo de lectura":"2 minutos"},"schema":{"@context":"https:\/\/schema.org","@graph":[{"@type":"Article","@id":"https:\/\/quehacerpolitico.mx\/?p=14569#article","isPartOf":{"@id":"https:\/\/quehacerpolitico.mx\/?p=14569"},"author":{"name":"Redacci\u00f3n QP","@id":"https:\/\/quehacerpolitico.mx\/#\/schema\/person\/496d8ad2d1d3f8036101dca7ee39e585"},"headline":"Le \u2018llueve\u2019 a Ismael Figueroa; el Congreso solicita avances de las investigaciones en su contra","datePublished":"2019-01-17T03:02:41+00:00","mainEntityOfPage":{"@id":"https:\/\/quehacerpolitico.mx\/?p=14569"},"wordCount":340,"commentCount":0,"image":{"@id":"https:\/\/quehacerpolitico.mx\/?p=14569#primaryimage"},"thumbnailUrl":"","articleSection":["CDMX"],"inLanguage":"es","potentialAction":[{"@type":"CommentAction","name":"Comment","target":["https:\/\/quehacerpolitico.mx\/?p=14569#respond"]}]},{"@type":"WebPage","@id":"https:\/\/quehacerpolitico.mx\/?p=14569","url":"https:\/\/quehacerpolitico.mx\/?p=14569","name":"Le \u2018llueve\u2019 a Ismael Figueroa; el Congreso solicita avances de las investigaciones en su contra -","isPartOf":{"@id":"https:\/\/quehacerpolitico.mx\/#website"},"primaryImageOfPage":{"@id":"https:\/\/quehacerpolitico.mx\/?p=14569#primaryimage"},"image":{"@id":"https:\/\/quehacerpolitico.mx\/?p=14569#primaryimage"},"thumbnailUrl":"","datePublished":"2019-01-17T03:02:41+00:00","author":{"@id":"https:\/\/quehacerpolitico.mx\/#\/schema\/person\/496d8ad2d1d3f8036101dca7ee39e585"},"breadcrumb":{"@id":"https:\/\/quehacerpolitico.mx\/?p=14569#breadcrumb"},"inLanguage":"es","potentialAction":[{"@type":"ReadAction","target":["https:\/\/quehacerpolitico.mx\/?p=14569"]}]},{"@type":"ImageObject","inLanguage":"es","@id":"https:\/\/quehacerpolitico.mx\/?p=14569#primaryimage","url":"","contentUrl":""},{"@type":"BreadcrumbList","@id":"https:\/\/quehacerpolitico.mx\/?p=14569#breadcrumb","itemListElement":[{"@type":"ListItem","position":1,"name":"Inicio","item":"https:\/\/quehacerpolitico.mx\/"},{"@type":"ListItem","position":2,"name":"Le \u2018llueve\u2019 a Ismael Figueroa; el Congreso solicita avances de las investigaciones en su contra"}]},{"@type":"WebSite","@id":"https:\/\/quehacerpolitico.mx\/#website","url":"https:\/\/quehacerpolitico.mx\/","name":"","description":"","potentialAction":[{"@type":"SearchAction","target":{"@type":"EntryPoint","urlTemplate":"https:\/\/quehacerpolitico.mx\/?s={search_term_string}"},"query-input":{"@type":"PropertyValueSpecification","valueRequired":true,"valueName":"search_term_string"}}],"inLanguage":"es"},{"@type":"Person","@id":"https:\/\/quehacerpolitico.mx\/#\/schema\/person\/496d8ad2d1d3f8036101dca7ee39e585","name":"Redacci\u00f3n QP","image":{"@type":"ImageObject","inLanguage":"es","@id":"https:\/\/secure.gravatar.com\/avatar\/c7164ed6fdec453195284ad24a5ae5b6e1eed2b848477fa2a4787ba9adf39a41?s=96&d=mm&r=g","url":"https:\/\/secure.gravatar.com\/avatar\/c7164ed6fdec453195284ad24a5ae5b6e1eed2b848477fa2a4787ba9adf39a41?s=96&d=mm&r=g","contentUrl":"https:\/\/secure.gravatar.com\/avatar\/c7164ed6fdec453195284ad24a5ae5b6e1eed2b848477fa2a4787ba9adf39a41?s=96&d=mm&r=g","caption":"Redacci\u00f3n QP"},"url":"https:\/\/quehacerpolitico.mx\/?author=2"}]}},"featured_image_urls":{"full":"","thumbnail":"","medium":"","medium_large":"","large":"","1536x1536":"","2048x2048":"","covernews-featured":"","covernews-medium":""},"author_info":{"display_name":"Redacci\u00f3n QP","author_link":"https:\/\/quehacerpolitico.mx\/?author=2"},"category_info":"<a href=\"https:\/\/quehacerpolitico.mx\/?cat=55\" rel=\"category\">CDMX<\/a>","tag_info":"CDMX","comment_count":"0","_links":{"self":[{"href":"https:\/\/quehacerpolitico.mx\/index.php?rest_route=\/wp\/v2\/posts\/14569","targetHints":{"allow":["GET"]}}],"collection":[{"href":"https:\/\/quehacerpolitico.mx\/index.php?rest_route=\/wp\/v2\/posts"}],"about":[{"href":"https:\/\/quehacerpolitico.mx\/index.php?rest_route=\/wp\/v2\/types\/post"}],"author":[{"embeddable":true,"href":"https:\/\/quehacerpolitico.mx\/index.php?rest_route=\/wp\/v2\/users\/2"}],"replies":[{"embeddable":true,"href":"https:\/\/quehacerpolitico.mx\/index.php?rest_route=%2Fwp%2Fv2%2Fcomments&post=14569"}],"version-history":[{"count":0,"href":"https:\/\/quehacerpolitico.mx\/index.php?rest_route=\/wp\/v2\/posts\/14569\/revisions"}],"wp:featuredmedia":[{"embeddable":true,"href":"https:\/\/quehacerpolitico.mx\/index.php?rest_route=\/"}],"wp:attachment":[{"href":"https:\/\/quehacerpolitico.mx\/index.php?rest_route=%2Fwp%2Fv2%2Fmedia&parent=14569"}],"wp:term":[{"taxonomy":"category","embeddable":true,"href":"https:\/\/quehacerpolitico.mx\/index.php?rest_route=%2Fwp%2Fv2%2Fcategories&post=14569"},{"taxonomy":"post_tag","embeddable":true,"href":"https:\/\/quehacerpolitico.mx\/index.php?rest_route=%2Fwp%2Fv2%2Ftags&post=14569"}],"curies":[{"name":"wp","href":"https:\/\/api.w.org\/{rel}","templated":true}]}}