{"id":14563,"date":"2019-01-17T02:37:51","date_gmt":"2019-01-17T02:37:51","guid":{"rendered":"http:\/\/quehacerpolitico.mx\/batiz-gertz-manero-y-perez-de-acha-estan-entre-los-diez-candidatos-finalistas-para-fiscal-general\/"},"modified":"2019-01-17T02:37:51","modified_gmt":"2019-01-17T02:37:51","slug":"batiz-gertz-manero-y-perez-de-acha-estan-entre-los-diez-candidatos-finalistas-para-fiscal-general","status":"publish","type":"post","link":"https:\/\/quehacerpolitico.mx\/?p=14563","title":{"rendered":"B\u00e1tiz, Gertz Manero y P\u00e9rez de Acha est\u00e1n entre los diez candidatos finalistas para Fiscal General"},"content":{"rendered":"<h1>B\u00e1tiz, Gertz Manero y P\u00e9rez de Acha est\u00e1n entre los diez candidatos finalistas para Fiscal General<\/h1>\n<p>Por Redacci\u00f3n QP<\/p>\n<p><strong>Bernardo B\u00e1tiz V\u00e1zquez,<\/strong>\u00a0Alejandro Gertz Manero y<strong>\u00a0Luis Manuel P\u00e9rez de Acha<\/strong> se encuentran entre los diez candidatos para ocupar el <strong>cargo de Fiscal General<\/strong>.<\/p>\n<p class=\"p1\">En la lista tambi\u00e9n se encuentran <strong>Estela Cadena Azcona<\/strong>, Ver\u00f3nica de Gyves, Bernardo <strong>Jaime Gonz\u00e1lez Garza<\/strong>, Ernesto L\u00f3pez Saure, X\u00f3chitl Padilla, <strong>Marcos Santana<\/strong> y Julio \u00c1ngel Sabines.<\/p>\n<p>En el Pleno del Senado de la Rep\u00fablica ya se discute la lista de diez aspirantes que ser\u00e1 enviada al Poder Ejecutivo.<\/p>\n<p>Entre los candidatos destacan B\u00e1tiz V\u00e1zquez, ex Procurador de Justicia de la Ciudad de M\u00e9xico;\u00a0Gertz Manero, quien se escarga del despacho de la Procuradur\u00eda General de la Rep\u00fablica (PGR), y\u00a0Luis P\u00e9rez de Acha.<\/p>\n<p>Si dos terceras partes de la C\u00e1mara alta aprueban la lista, ser\u00e1 enviada al poder que encabeza Andr\u00e9s Manuel L\u00f3pez Obrador, Presidente de M\u00e9xico.<\/p>\n<p>El Ejecutivo regresar\u00e1 una terna al Senado de la Rep\u00fablica, donde se decidir\u00e1 qui\u00e9n encabezar\u00e1 la Fiscal\u00eda General mexicana.<\/p>\n","protected":false},"excerpt":{"rendered":"<p>B\u00e1tiz, Gertz Manero y P\u00e9rez de Acha est\u00e1n entre los diez candidatos finalistas para Fiscal General<br \/>\nPor Redacci\u00f3n QP<\/p>\n","protected":false},"author":2,"featured_media":14562,"comment_status":"open","ping_status":"open","sticky":false,"template":"","format":"standard","meta":{"_monsterinsights_skip_tracking":false,"_monsterinsights_sitenote_active":false,"_monsterinsights_sitenote_note":"","_monsterinsights_sitenote_category":0,"footnotes":""},"categories":[2],"tags":[],"class_list":["post-14563","post","type-post","status-publish","format-standard","has-post-thumbnail","hentry","category-noticias"],"yoast_head":"<!-- This site is optimized with the Yoast SEO plugin v27.3 - https:\/\/yoast.com\/product\/yoast-seo-wordpress\/ -->\n<title>B\u00e1tiz, Gertz Manero y P\u00e9rez de Acha est\u00e1n entre los diez candidatos finalistas para Fiscal General -<\/title>\n<meta name=\"robots\" content=\"index, follow, max-snippet:-1, max-image-preview:large, max-video-preview:-1\" \/>\n<link rel=\"canonical\" href=\"https:\/\/quehacerpolitico.mx\/?p=14563\" \/>\n<meta property=\"og:locale\" content=\"es_MX\" \/>\n<meta property=\"og:type\" content=\"article\" \/>\n<meta property=\"og:title\" content=\"B\u00e1tiz, Gertz Manero y P\u00e9rez de Acha est\u00e1n entre los diez candidatos finalistas para Fiscal General -\" \/>\n<meta property=\"og:description\" content=\"B\u00e1tiz, Gertz Manero y P\u00e9rez de Acha est\u00e1n entre los diez candidatos finalistas para Fiscal General Por Redacci\u00f3n QP\" \/>\n<meta property=\"og:url\" content=\"https:\/\/quehacerpolitico.mx\/?p=14563\" \/>\n<meta property=\"article:published_time\" content=\"2019-01-17T02:37:51+00:00\" \/>\n<meta name=\"author\" content=\"Redacci\u00f3n QP\" \/>\n<meta name=\"twitter:card\" content=\"summary_large_image\" \/>\n<meta name=\"twitter:label1\" content=\"Escrito por\" \/>\n\t<meta name=\"twitter:data1\" content=\"Redacci\u00f3n QP\" \/>\n\t<meta name=\"twitter:label2\" content=\"Tiempo de lectura\" \/>\n\t<meta name=\"twitter:data2\" content=\"1 minuto\" \/>\n<script type=\"application\/ld+json\" class=\"yoast-schema-graph\">{\"@context\":\"https:\\\/\\\/schema.org\",\"@graph\":[{\"@type\":\"Article\",\"@id\":\"https:\\\/\\\/quehacerpolitico.mx\\\/?p=14563#article\",\"isPartOf\":{\"@id\":\"https:\\\/\\\/quehacerpolitico.mx\\\/?p=14563\"},\"author\":{\"name\":\"Redacci\u00f3n QP\",\"@id\":\"https:\\\/\\\/quehacerpolitico.mx\\\/#\\\/schema\\\/person\\\/496d8ad2d1d3f8036101dca7ee39e585\"},\"headline\":\"B\u00e1tiz, Gertz Manero y P\u00e9rez de Acha est\u00e1n entre los diez candidatos finalistas para Fiscal General\",\"datePublished\":\"2019-01-17T02:37:51+00:00\",\"mainEntityOfPage\":{\"@id\":\"https:\\\/\\\/quehacerpolitico.mx\\\/?p=14563\"},\"wordCount\":216,\"commentCount\":0,\"image\":{\"@id\":\"https:\\\/\\\/quehacerpolitico.mx\\\/?p=14563#primaryimage\"},\"thumbnailUrl\":\"\",\"articleSection\":[\"Noticias\"],\"inLanguage\":\"es\",\"potentialAction\":[{\"@type\":\"CommentAction\",\"name\":\"Comment\",\"target\":[\"https:\\\/\\\/quehacerpolitico.mx\\\/?p=14563#respond\"]}]},{\"@type\":\"WebPage\",\"@id\":\"https:\\\/\\\/quehacerpolitico.mx\\\/?p=14563\",\"url\":\"https:\\\/\\\/quehacerpolitico.mx\\\/?p=14563\",\"name\":\"B\u00e1tiz, Gertz Manero y P\u00e9rez de Acha est\u00e1n entre los diez candidatos finalistas para Fiscal General -\",\"isPartOf\":{\"@id\":\"https:\\\/\\\/quehacerpolitico.mx\\\/#website\"},\"primaryImageOfPage\":{\"@id\":\"https:\\\/\\\/quehacerpolitico.mx\\\/?p=14563#primaryimage\"},\"image\":{\"@id\":\"https:\\\/\\\/quehacerpolitico.mx\\\/?p=14563#primaryimage\"},\"thumbnailUrl\":\"\",\"datePublished\":\"2019-01-17T02:37:51+00:00\",\"author\":{\"@id\":\"https:\\\/\\\/quehacerpolitico.mx\\\/#\\\/schema\\\/person\\\/496d8ad2d1d3f8036101dca7ee39e585\"},\"breadcrumb\":{\"@id\":\"https:\\\/\\\/quehacerpolitico.mx\\\/?p=14563#breadcrumb\"},\"inLanguage\":\"es\",\"potentialAction\":[{\"@type\":\"ReadAction\",\"target\":[\"https:\\\/\\\/quehacerpolitico.mx\\\/?p=14563\"]}]},{\"@type\":\"ImageObject\",\"inLanguage\":\"es\",\"@id\":\"https:\\\/\\\/quehacerpolitico.mx\\\/?p=14563#primaryimage\",\"url\":\"\",\"contentUrl\":\"\"},{\"@type\":\"BreadcrumbList\",\"@id\":\"https:\\\/\\\/quehacerpolitico.mx\\\/?p=14563#breadcrumb\",\"itemListElement\":[{\"@type\":\"ListItem\",\"position\":1,\"name\":\"Inicio\",\"item\":\"https:\\\/\\\/quehacerpolitico.mx\\\/\"},{\"@type\":\"ListItem\",\"position\":2,\"name\":\"B\u00e1tiz, Gertz Manero y P\u00e9rez de Acha est\u00e1n entre los diez candidatos finalistas para Fiscal General\"}]},{\"@type\":\"WebSite\",\"@id\":\"https:\\\/\\\/quehacerpolitico.mx\\\/#website\",\"url\":\"https:\\\/\\\/quehacerpolitico.mx\\\/\",\"name\":\"\",\"description\":\"\",\"potentialAction\":[{\"@type\":\"SearchAction\",\"target\":{\"@type\":\"EntryPoint\",\"urlTemplate\":\"https:\\\/\\\/quehacerpolitico.mx\\\/?s={search_term_string}\"},\"query-input\":{\"@type\":\"PropertyValueSpecification\",\"valueRequired\":true,\"valueName\":\"search_term_string\"}}],\"inLanguage\":\"es\"},{\"@type\":\"Person\",\"@id\":\"https:\\\/\\\/quehacerpolitico.mx\\\/#\\\/schema\\\/person\\\/496d8ad2d1d3f8036101dca7ee39e585\",\"name\":\"Redacci\u00f3n QP\",\"image\":{\"@type\":\"ImageObject\",\"inLanguage\":\"es\",\"@id\":\"https:\\\/\\\/secure.gravatar.com\\\/avatar\\\/c7164ed6fdec453195284ad24a5ae5b6e1eed2b848477fa2a4787ba9adf39a41?s=96&d=mm&r=g\",\"url\":\"https:\\\/\\\/secure.gravatar.com\\\/avatar\\\/c7164ed6fdec453195284ad24a5ae5b6e1eed2b848477fa2a4787ba9adf39a41?s=96&d=mm&r=g\",\"contentUrl\":\"https:\\\/\\\/secure.gravatar.com\\\/avatar\\\/c7164ed6fdec453195284ad24a5ae5b6e1eed2b848477fa2a4787ba9adf39a41?s=96&d=mm&r=g\",\"caption\":\"Redacci\u00f3n QP\"},\"url\":\"https:\\\/\\\/quehacerpolitico.mx\\\/?author=2\"}]}<\/script>\n<!-- \/ Yoast SEO plugin. -->","yoast_head_json":{"title":"B\u00e1tiz, Gertz Manero y P\u00e9rez de Acha est\u00e1n entre los diez candidatos finalistas para Fiscal General -","robots":{"index":"index","follow":"follow","max-snippet":"max-snippet:-1","max-image-preview":"max-image-preview:large","max-video-preview":"max-video-preview:-1"},"canonical":"https:\/\/quehacerpolitico.mx\/?p=14563","og_locale":"es_MX","og_type":"article","og_title":"B\u00e1tiz, Gertz Manero y P\u00e9rez de Acha est\u00e1n entre los diez candidatos finalistas para Fiscal General -","og_description":"B\u00e1tiz, Gertz Manero y P\u00e9rez de Acha est\u00e1n entre los diez candidatos finalistas para Fiscal General Por Redacci\u00f3n QP","og_url":"https:\/\/quehacerpolitico.mx\/?p=14563","article_published_time":"2019-01-17T02:37:51+00:00","author":"Redacci\u00f3n QP","twitter_card":"summary_large_image","twitter_misc":{"Escrito por":"Redacci\u00f3n QP","Tiempo de lectura":"1 minuto"},"schema":{"@context":"https:\/\/schema.org","@graph":[{"@type":"Article","@id":"https:\/\/quehacerpolitico.mx\/?p=14563#article","isPartOf":{"@id":"https:\/\/quehacerpolitico.mx\/?p=14563"},"author":{"name":"Redacci\u00f3n QP","@id":"https:\/\/quehacerpolitico.mx\/#\/schema\/person\/496d8ad2d1d3f8036101dca7ee39e585"},"headline":"B\u00e1tiz, Gertz Manero y P\u00e9rez de Acha est\u00e1n entre los diez candidatos finalistas para Fiscal General","datePublished":"2019-01-17T02:37:51+00:00","mainEntityOfPage":{"@id":"https:\/\/quehacerpolitico.mx\/?p=14563"},"wordCount":216,"commentCount":0,"image":{"@id":"https:\/\/quehacerpolitico.mx\/?p=14563#primaryimage"},"thumbnailUrl":"","articleSection":["Noticias"],"inLanguage":"es","potentialAction":[{"@type":"CommentAction","name":"Comment","target":["https:\/\/quehacerpolitico.mx\/?p=14563#respond"]}]},{"@type":"WebPage","@id":"https:\/\/quehacerpolitico.mx\/?p=14563","url":"https:\/\/quehacerpolitico.mx\/?p=14563","name":"B\u00e1tiz, Gertz Manero y P\u00e9rez de Acha est\u00e1n entre los diez candidatos finalistas para Fiscal General -","isPartOf":{"@id":"https:\/\/quehacerpolitico.mx\/#website"},"primaryImageOfPage":{"@id":"https:\/\/quehacerpolitico.mx\/?p=14563#primaryimage"},"image":{"@id":"https:\/\/quehacerpolitico.mx\/?p=14563#primaryimage"},"thumbnailUrl":"","datePublished":"2019-01-17T02:37:51+00:00","author":{"@id":"https:\/\/quehacerpolitico.mx\/#\/schema\/person\/496d8ad2d1d3f8036101dca7ee39e585"},"breadcrumb":{"@id":"https:\/\/quehacerpolitico.mx\/?p=14563#breadcrumb"},"inLanguage":"es","potentialAction":[{"@type":"ReadAction","target":["https:\/\/quehacerpolitico.mx\/?p=14563"]}]},{"@type":"ImageObject","inLanguage":"es","@id":"https:\/\/quehacerpolitico.mx\/?p=14563#primaryimage","url":"","contentUrl":""},{"@type":"BreadcrumbList","@id":"https:\/\/quehacerpolitico.mx\/?p=14563#breadcrumb","itemListElement":[{"@type":"ListItem","position":1,"name":"Inicio","item":"https:\/\/quehacerpolitico.mx\/"},{"@type":"ListItem","position":2,"name":"B\u00e1tiz, Gertz Manero y P\u00e9rez de Acha est\u00e1n entre los diez candidatos finalistas para Fiscal General"}]},{"@type":"WebSite","@id":"https:\/\/quehacerpolitico.mx\/#website","url":"https:\/\/quehacerpolitico.mx\/","name":"","description":"","potentialAction":[{"@type":"SearchAction","target":{"@type":"EntryPoint","urlTemplate":"https:\/\/quehacerpolitico.mx\/?s={search_term_string}"},"query-input":{"@type":"PropertyValueSpecification","valueRequired":true,"valueName":"search_term_string"}}],"inLanguage":"es"},{"@type":"Person","@id":"https:\/\/quehacerpolitico.mx\/#\/schema\/person\/496d8ad2d1d3f8036101dca7ee39e585","name":"Redacci\u00f3n QP","image":{"@type":"ImageObject","inLanguage":"es","@id":"https:\/\/secure.gravatar.com\/avatar\/c7164ed6fdec453195284ad24a5ae5b6e1eed2b848477fa2a4787ba9adf39a41?s=96&d=mm&r=g","url":"https:\/\/secure.gravatar.com\/avatar\/c7164ed6fdec453195284ad24a5ae5b6e1eed2b848477fa2a4787ba9adf39a41?s=96&d=mm&r=g","contentUrl":"https:\/\/secure.gravatar.com\/avatar\/c7164ed6fdec453195284ad24a5ae5b6e1eed2b848477fa2a4787ba9adf39a41?s=96&d=mm&r=g","caption":"Redacci\u00f3n QP"},"url":"https:\/\/quehacerpolitico.mx\/?author=2"}]}},"featured_image_urls":{"full":"","thumbnail":"","medium":"","medium_large":"","large":"","1536x1536":"","2048x2048":"","covernews-featured":"","covernews-medium":""},"author_info":{"display_name":"Redacci\u00f3n QP","author_link":"https:\/\/quehacerpolitico.mx\/?author=2"},"category_info":"<a href=\"https:\/\/quehacerpolitico.mx\/?cat=2\" rel=\"category\">Noticias<\/a>","tag_info":"Noticias","comment_count":"0","_links":{"self":[{"href":"https:\/\/quehacerpolitico.mx\/index.php?rest_route=\/wp\/v2\/posts\/14563","targetHints":{"allow":["GET"]}}],"collection":[{"href":"https:\/\/quehacerpolitico.mx\/index.php?rest_route=\/wp\/v2\/posts"}],"about":[{"href":"https:\/\/quehacerpolitico.mx\/index.php?rest_route=\/wp\/v2\/types\/post"}],"author":[{"embeddable":true,"href":"https:\/\/quehacerpolitico.mx\/index.php?rest_route=\/wp\/v2\/users\/2"}],"replies":[{"embeddable":true,"href":"https:\/\/quehacerpolitico.mx\/index.php?rest_route=%2Fwp%2Fv2%2Fcomments&post=14563"}],"version-history":[{"count":0,"href":"https:\/\/quehacerpolitico.mx\/index.php?rest_route=\/wp\/v2\/posts\/14563\/revisions"}],"wp:featuredmedia":[{"embeddable":true,"href":"https:\/\/quehacerpolitico.mx\/index.php?rest_route=\/"}],"wp:attachment":[{"href":"https:\/\/quehacerpolitico.mx\/index.php?rest_route=%2Fwp%2Fv2%2Fmedia&parent=14563"}],"wp:term":[{"taxonomy":"category","embeddable":true,"href":"https:\/\/quehacerpolitico.mx\/index.php?rest_route=%2Fwp%2Fv2%2Fcategories&post=14563"},{"taxonomy":"post_tag","embeddable":true,"href":"https:\/\/quehacerpolitico.mx\/index.php?rest_route=%2Fwp%2Fv2%2Ftags&post=14563"}],"curies":[{"name":"wp","href":"https:\/\/api.w.org\/{rel}","templated":true}]}}