{"id":14561,"date":"2019-01-17T02:31:56","date_gmt":"2019-01-17T02:31:56","guid":{"rendered":"http:\/\/quehacerpolitico.mx\/agente-de-la-dea-dice-que-en-2014-iban-por-el-chapo-el-mayo-y-caro-pero-no-pudieron-por-la-corrupcion\/"},"modified":"2019-01-17T02:31:56","modified_gmt":"2019-01-17T02:31:56","slug":"agente-de-la-dea-dice-que-en-2014-iban-por-el-chapo-el-mayo-y-caro-pero-no-pudieron-por-la-corrupcion","status":"publish","type":"post","link":"https:\/\/quehacerpolitico.mx\/?p=14561","title":{"rendered":"Agente de la DEA dice que en 2014 iban por \u201cEl Chapo\u201d, \u201cEl Mayo\u201d y Caro\u2026 pero no pudieron por la corrupci\u00f3n"},"content":{"rendered":"<h1>Agente de la DEA dice que en 2014 iban por \u201cEl Chapo\u201d, \u201cEl Mayo\u201d y Caro\u2026 pero no pudieron por la corrupci\u00f3n<\/h1>\n<p>Por Redacci\u00f3n QP<\/p>\n<p>Un<strong> agente de la DEA<\/strong> <strong>narr\u00f3<\/strong> hoy en el juicio contra <strong>Joaqu\u00edn \u201cEl Chapo\u201d Guzm\u00e1n Loera<\/strong> el <strong>primer<\/strong><strong>esfuerzo<\/strong> realizado en <strong>M\u00e9xico<\/strong> para <strong>capturar<\/strong> al acusado as\u00ed como a <strong>Rafael Caro Quintero e Ismael \u201cMayo\u201d Zambada<\/strong>, l\u00edderes del cartel de Sinaloa, en el que revel\u00f3 no pudieron contar con la polic\u00eda federal mexicana dada su corrupci\u00f3n.<\/p>\n<p>Para este operativo, que realizaron el 13 de febrero del 2014, el primer objetivo fue Mayo Zambada y para ello conformaron un equipo especial \u00fanicamente con marines mexicanos, cuerpo especializado en operativos, porque, seg\u00fan el agente V\u00edctor J. V\u00e1zquez, no pod\u00edan confiar en la Polic\u00eda federal \u201cpor su nivel de corrupci\u00f3n\u201d.<\/p>\n<blockquote>\n<p>\u201cFue la primera operaci\u00f3n de este tipo para capturar a estos l\u00edderes del cartel\u201d, dijo el agente durante el interrogatorio de la fiscal Andrea Goldbarg, de origen argentino.<\/p>\n<p>V\u00e1zquez, que estuvo presente en el arresto de \u201cEl Chapo\u201d en 2014 en un edificio de apartamentos en Mazatl\u00e1n, explic\u00f3 que en el operativo, planificado entre la DEA en EU en conjunto con su oficina en M\u00e9xico, s\u00f3lo participaron un centenar de marines.<\/p>\n<p>Afirm\u00f3 que el secreto se mantuvo entre el grupo debido al poder del cartel en el estado de Sinaloa, por lo que no pod\u00edan confiar en nadie. \u201cPor la corrupci\u00f3n quer\u00edamos mantenerlo entre nosotros\u201d, argument\u00f3.<\/p>\n<blockquote>\n<p>V\u00e1zquez, que naci\u00f3 en Durango, M\u00e9xico, trabaj\u00f3 entre el 2008 y el 2014 como v\u00ednculo entre la DEA y las autoridades mexicanas, con quienes trabajaban casos en conjunto compartiendo informaci\u00f3n de inteligencia y operativos.<\/p>\n<\/blockquote>\n<p>El agente explic\u00f3 que a su llegada a M\u00e9xico ten\u00eda dos asignaciones principales: el cartel de la Familia Michoacana, que tambi\u00e9n opera en EU, e investigar a Carrillo Quintero, Mayo Zambada y Guzm\u00e1n Loera, a los que identific\u00f3 como los l\u00edderes del cartel de Sinaloa.<\/p>\n<p>\u201cEl prop\u00f3sito era capturarlos y traerlos para enfrentar cargos\u201d en EU por narcotr\u00e1fico, indic\u00f3.<\/p>\n<section class=\"post-content\">\n<blockquote>\n<p>\u201c\u00bfFue exitoso?\u201d, le pregunt\u00f3 la fiscal. \u201cS\u00ed, pudimos capturar a Joaqu\u00edn Guzm\u00e1n Loera\u201d, en 2014, afirm\u00f3 V\u00e1zquez, que ahora supervisa agentes en Lima, Per\u00fa. Guzm\u00e1n Loera escap\u00f3 de una prisi\u00f3n de m\u00e1xima seguridad a trav\u00e9s de un t\u00fanel en el 2015.<\/p>\n<\/blockquote>\n<p>V\u00e1zquez indic\u00f3 adem\u00e1s desde la silla de los testigos que pidi\u00f3 a su supervisor utilizar a los marines mexicanos en los operativos de captura de los capos \u201cpor su reputaci\u00f3n\u201d y que este cuerpo especializado estuvo de acuerdo desde el principio.<\/p>\n<p>El agente especific\u00f3 que desde el 19 de enero llegaron a La Paz, en Baja California, donde comenz\u00f3 el entrenamiento y la preparaci\u00f3n de la DEA y los marines para el operativo para la captura del \u201cMayo\u201d Zambada, quien se supon\u00eda estaba en un rancho, al este de la ciudad de Culiac\u00e1n.<\/p>\n<p>El operativo, para el que se desplazaron en helic\u00f3pteros y camionetas, se realiz\u00f3 pero no hallaron a Zambada, quien en cuatro d\u00e9cadas de vida delictiva nunca ha sido capturado.<\/p>\n<p>No obstante fueron arrestados dos socios y tras dos d\u00edas de operativo en Culiac\u00e1n salieron de la ciudad por seguridad, y que era territorio del cartel de Sinaloa.<\/p>\n<blockquote>\n<p>Antes del testimonio de V\u00e1zquez, finaliz\u00f3 su testimonio Alex Cifuentes, uno de los empleados de \u201cEl Chapo\u201d, que cont\u00f3 que como parte de su acuerdo de colaboraci\u00f3n, su familia, dedicada al narcotr\u00e1fico en Colombia, pagaba una mensualidad al general \u00d3scar Naranjo, entonces director de la Polic\u00eda Nacional, a cambio de protecci\u00f3n.<\/p>\n<\/blockquote>\n<p>Naranjo, que ha negado la acusaci\u00f3n, fue negociador del Gobierno en las negociaciones de paz con las FARC y vicepresidente del pa\u00eds entre 30 de marzo de 2017 y el 7 de agosto de 2018.<\/p>\n<div class=\"at-below-post addthis_tool\" data-url=\"https:\/\/www.sinembargo.mx\/16-01-2019\/3523611\">Con Informaci\u00f3n de EFE<\/div>\n<\/section>\n<\/blockquote>\n","protected":false},"excerpt":{"rendered":"<p>Agente de la DEA dice que en 2014 iban por \u201cEl Chapo\u201d, \u201cEl Mayo\u201d y Caro\u2026 pero no pudieron por la corrupci\u00f3n<br \/>\nPor Redacci\u00f3n QP<\/p>\n","protected":false},"author":2,"featured_media":14560,"comment_status":"open","ping_status":"open","sticky":false,"template":"","format":"standard","meta":{"_monsterinsights_skip_tracking":false,"_monsterinsights_sitenote_active":false,"_monsterinsights_sitenote_note":"","_monsterinsights_sitenote_category":0,"footnotes":""},"categories":[2],"tags":[],"class_list":["post-14561","post","type-post","status-publish","format-standard","has-post-thumbnail","hentry","category-noticias"],"yoast_head":"<!-- This site is optimized with the Yoast SEO plugin v27.3 - https:\/\/yoast.com\/product\/yoast-seo-wordpress\/ -->\n<title>Agente de la DEA dice que en 2014 iban por \u201cEl Chapo\u201d, \u201cEl Mayo\u201d y Caro\u2026 pero no pudieron por la corrupci\u00f3n -<\/title>\n<meta name=\"robots\" content=\"index, follow, max-snippet:-1, max-image-preview:large, max-video-preview:-1\" \/>\n<link rel=\"canonical\" href=\"https:\/\/quehacerpolitico.mx\/?p=14561\" \/>\n<meta property=\"og:locale\" content=\"es_MX\" \/>\n<meta property=\"og:type\" content=\"article\" \/>\n<meta property=\"og:title\" content=\"Agente de la DEA dice que en 2014 iban por \u201cEl Chapo\u201d, \u201cEl Mayo\u201d y Caro\u2026 pero no pudieron por la corrupci\u00f3n -\" \/>\n<meta property=\"og:description\" content=\"Agente de la DEA dice que en 2014 iban por \u201cEl Chapo\u201d, \u201cEl Mayo\u201d y Caro\u2026 pero no pudieron por la corrupci\u00f3n Por Redacci\u00f3n QP\" \/>\n<meta property=\"og:url\" content=\"https:\/\/quehacerpolitico.mx\/?p=14561\" \/>\n<meta property=\"article:published_time\" content=\"2019-01-17T02:31:56+00:00\" \/>\n<meta name=\"author\" content=\"Redacci\u00f3n QP\" \/>\n<meta name=\"twitter:card\" content=\"summary_large_image\" \/>\n<meta name=\"twitter:label1\" content=\"Escrito por\" \/>\n\t<meta name=\"twitter:data1\" content=\"Redacci\u00f3n QP\" \/>\n\t<meta name=\"twitter:label2\" content=\"Tiempo de lectura\" \/>\n\t<meta name=\"twitter:data2\" content=\"3 minutos\" \/>\n<script type=\"application\/ld+json\" class=\"yoast-schema-graph\">{\"@context\":\"https:\\\/\\\/schema.org\",\"@graph\":[{\"@type\":\"Article\",\"@id\":\"https:\\\/\\\/quehacerpolitico.mx\\\/?p=14561#article\",\"isPartOf\":{\"@id\":\"https:\\\/\\\/quehacerpolitico.mx\\\/?p=14561\"},\"author\":{\"name\":\"Redacci\u00f3n QP\",\"@id\":\"https:\\\/\\\/quehacerpolitico.mx\\\/#\\\/schema\\\/person\\\/496d8ad2d1d3f8036101dca7ee39e585\"},\"headline\":\"Agente de la DEA dice que en 2014 iban por \u201cEl Chapo\u201d, \u201cEl Mayo\u201d y Caro\u2026 pero no pudieron por la corrupci\u00f3n\",\"datePublished\":\"2019-01-17T02:31:56+00:00\",\"mainEntityOfPage\":{\"@id\":\"https:\\\/\\\/quehacerpolitico.mx\\\/?p=14561\"},\"wordCount\":681,\"commentCount\":0,\"image\":{\"@id\":\"https:\\\/\\\/quehacerpolitico.mx\\\/?p=14561#primaryimage\"},\"thumbnailUrl\":\"\",\"articleSection\":[\"Noticias\"],\"inLanguage\":\"es\",\"potentialAction\":[{\"@type\":\"CommentAction\",\"name\":\"Comment\",\"target\":[\"https:\\\/\\\/quehacerpolitico.mx\\\/?p=14561#respond\"]}]},{\"@type\":\"WebPage\",\"@id\":\"https:\\\/\\\/quehacerpolitico.mx\\\/?p=14561\",\"url\":\"https:\\\/\\\/quehacerpolitico.mx\\\/?p=14561\",\"name\":\"Agente de la DEA dice que en 2014 iban por \u201cEl Chapo\u201d, \u201cEl Mayo\u201d y Caro\u2026 pero no pudieron por la corrupci\u00f3n -\",\"isPartOf\":{\"@id\":\"https:\\\/\\\/quehacerpolitico.mx\\\/#website\"},\"primaryImageOfPage\":{\"@id\":\"https:\\\/\\\/quehacerpolitico.mx\\\/?p=14561#primaryimage\"},\"image\":{\"@id\":\"https:\\\/\\\/quehacerpolitico.mx\\\/?p=14561#primaryimage\"},\"thumbnailUrl\":\"\",\"datePublished\":\"2019-01-17T02:31:56+00:00\",\"author\":{\"@id\":\"https:\\\/\\\/quehacerpolitico.mx\\\/#\\\/schema\\\/person\\\/496d8ad2d1d3f8036101dca7ee39e585\"},\"breadcrumb\":{\"@id\":\"https:\\\/\\\/quehacerpolitico.mx\\\/?p=14561#breadcrumb\"},\"inLanguage\":\"es\",\"potentialAction\":[{\"@type\":\"ReadAction\",\"target\":[\"https:\\\/\\\/quehacerpolitico.mx\\\/?p=14561\"]}]},{\"@type\":\"ImageObject\",\"inLanguage\":\"es\",\"@id\":\"https:\\\/\\\/quehacerpolitico.mx\\\/?p=14561#primaryimage\",\"url\":\"\",\"contentUrl\":\"\"},{\"@type\":\"BreadcrumbList\",\"@id\":\"https:\\\/\\\/quehacerpolitico.mx\\\/?p=14561#breadcrumb\",\"itemListElement\":[{\"@type\":\"ListItem\",\"position\":1,\"name\":\"Inicio\",\"item\":\"https:\\\/\\\/quehacerpolitico.mx\\\/\"},{\"@type\":\"ListItem\",\"position\":2,\"name\":\"Agente de la DEA dice que en 2014 iban por \u201cEl Chapo\u201d, \u201cEl Mayo\u201d y Caro\u2026 pero no pudieron por la corrupci\u00f3n\"}]},{\"@type\":\"WebSite\",\"@id\":\"https:\\\/\\\/quehacerpolitico.mx\\\/#website\",\"url\":\"https:\\\/\\\/quehacerpolitico.mx\\\/\",\"name\":\"\",\"description\":\"\",\"potentialAction\":[{\"@type\":\"SearchAction\",\"target\":{\"@type\":\"EntryPoint\",\"urlTemplate\":\"https:\\\/\\\/quehacerpolitico.mx\\\/?s={search_term_string}\"},\"query-input\":{\"@type\":\"PropertyValueSpecification\",\"valueRequired\":true,\"valueName\":\"search_term_string\"}}],\"inLanguage\":\"es\"},{\"@type\":\"Person\",\"@id\":\"https:\\\/\\\/quehacerpolitico.mx\\\/#\\\/schema\\\/person\\\/496d8ad2d1d3f8036101dca7ee39e585\",\"name\":\"Redacci\u00f3n QP\",\"image\":{\"@type\":\"ImageObject\",\"inLanguage\":\"es\",\"@id\":\"https:\\\/\\\/secure.gravatar.com\\\/avatar\\\/c7164ed6fdec453195284ad24a5ae5b6e1eed2b848477fa2a4787ba9adf39a41?s=96&d=mm&r=g\",\"url\":\"https:\\\/\\\/secure.gravatar.com\\\/avatar\\\/c7164ed6fdec453195284ad24a5ae5b6e1eed2b848477fa2a4787ba9adf39a41?s=96&d=mm&r=g\",\"contentUrl\":\"https:\\\/\\\/secure.gravatar.com\\\/avatar\\\/c7164ed6fdec453195284ad24a5ae5b6e1eed2b848477fa2a4787ba9adf39a41?s=96&d=mm&r=g\",\"caption\":\"Redacci\u00f3n QP\"},\"url\":\"https:\\\/\\\/quehacerpolitico.mx\\\/?author=2\"}]}<\/script>\n<!-- \/ Yoast SEO plugin. -->","yoast_head_json":{"title":"Agente de la DEA dice que en 2014 iban por \u201cEl Chapo\u201d, \u201cEl Mayo\u201d y Caro\u2026 pero no pudieron por la corrupci\u00f3n -","robots":{"index":"index","follow":"follow","max-snippet":"max-snippet:-1","max-image-preview":"max-image-preview:large","max-video-preview":"max-video-preview:-1"},"canonical":"https:\/\/quehacerpolitico.mx\/?p=14561","og_locale":"es_MX","og_type":"article","og_title":"Agente de la DEA dice que en 2014 iban por \u201cEl Chapo\u201d, \u201cEl Mayo\u201d y Caro\u2026 pero no pudieron por la corrupci\u00f3n -","og_description":"Agente de la DEA dice que en 2014 iban por \u201cEl Chapo\u201d, \u201cEl Mayo\u201d y Caro\u2026 pero no pudieron por la corrupci\u00f3n Por Redacci\u00f3n QP","og_url":"https:\/\/quehacerpolitico.mx\/?p=14561","article_published_time":"2019-01-17T02:31:56+00:00","author":"Redacci\u00f3n QP","twitter_card":"summary_large_image","twitter_misc":{"Escrito por":"Redacci\u00f3n QP","Tiempo de lectura":"3 minutos"},"schema":{"@context":"https:\/\/schema.org","@graph":[{"@type":"Article","@id":"https:\/\/quehacerpolitico.mx\/?p=14561#article","isPartOf":{"@id":"https:\/\/quehacerpolitico.mx\/?p=14561"},"author":{"name":"Redacci\u00f3n QP","@id":"https:\/\/quehacerpolitico.mx\/#\/schema\/person\/496d8ad2d1d3f8036101dca7ee39e585"},"headline":"Agente de la DEA dice que en 2014 iban por \u201cEl Chapo\u201d, \u201cEl Mayo\u201d y Caro\u2026 pero no pudieron por la corrupci\u00f3n","datePublished":"2019-01-17T02:31:56+00:00","mainEntityOfPage":{"@id":"https:\/\/quehacerpolitico.mx\/?p=14561"},"wordCount":681,"commentCount":0,"image":{"@id":"https:\/\/quehacerpolitico.mx\/?p=14561#primaryimage"},"thumbnailUrl":"","articleSection":["Noticias"],"inLanguage":"es","potentialAction":[{"@type":"CommentAction","name":"Comment","target":["https:\/\/quehacerpolitico.mx\/?p=14561#respond"]}]},{"@type":"WebPage","@id":"https:\/\/quehacerpolitico.mx\/?p=14561","url":"https:\/\/quehacerpolitico.mx\/?p=14561","name":"Agente de la DEA dice que en 2014 iban por \u201cEl Chapo\u201d, \u201cEl Mayo\u201d y Caro\u2026 pero no pudieron por la corrupci\u00f3n -","isPartOf":{"@id":"https:\/\/quehacerpolitico.mx\/#website"},"primaryImageOfPage":{"@id":"https:\/\/quehacerpolitico.mx\/?p=14561#primaryimage"},"image":{"@id":"https:\/\/quehacerpolitico.mx\/?p=14561#primaryimage"},"thumbnailUrl":"","datePublished":"2019-01-17T02:31:56+00:00","author":{"@id":"https:\/\/quehacerpolitico.mx\/#\/schema\/person\/496d8ad2d1d3f8036101dca7ee39e585"},"breadcrumb":{"@id":"https:\/\/quehacerpolitico.mx\/?p=14561#breadcrumb"},"inLanguage":"es","potentialAction":[{"@type":"ReadAction","target":["https:\/\/quehacerpolitico.mx\/?p=14561"]}]},{"@type":"ImageObject","inLanguage":"es","@id":"https:\/\/quehacerpolitico.mx\/?p=14561#primaryimage","url":"","contentUrl":""},{"@type":"BreadcrumbList","@id":"https:\/\/quehacerpolitico.mx\/?p=14561#breadcrumb","itemListElement":[{"@type":"ListItem","position":1,"name":"Inicio","item":"https:\/\/quehacerpolitico.mx\/"},{"@type":"ListItem","position":2,"name":"Agente de la DEA dice que en 2014 iban por \u201cEl Chapo\u201d, \u201cEl Mayo\u201d y Caro\u2026 pero no pudieron por la corrupci\u00f3n"}]},{"@type":"WebSite","@id":"https:\/\/quehacerpolitico.mx\/#website","url":"https:\/\/quehacerpolitico.mx\/","name":"","description":"","potentialAction":[{"@type":"SearchAction","target":{"@type":"EntryPoint","urlTemplate":"https:\/\/quehacerpolitico.mx\/?s={search_term_string}"},"query-input":{"@type":"PropertyValueSpecification","valueRequired":true,"valueName":"search_term_string"}}],"inLanguage":"es"},{"@type":"Person","@id":"https:\/\/quehacerpolitico.mx\/#\/schema\/person\/496d8ad2d1d3f8036101dca7ee39e585","name":"Redacci\u00f3n QP","image":{"@type":"ImageObject","inLanguage":"es","@id":"https:\/\/secure.gravatar.com\/avatar\/c7164ed6fdec453195284ad24a5ae5b6e1eed2b848477fa2a4787ba9adf39a41?s=96&d=mm&r=g","url":"https:\/\/secure.gravatar.com\/avatar\/c7164ed6fdec453195284ad24a5ae5b6e1eed2b848477fa2a4787ba9adf39a41?s=96&d=mm&r=g","contentUrl":"https:\/\/secure.gravatar.com\/avatar\/c7164ed6fdec453195284ad24a5ae5b6e1eed2b848477fa2a4787ba9adf39a41?s=96&d=mm&r=g","caption":"Redacci\u00f3n QP"},"url":"https:\/\/quehacerpolitico.mx\/?author=2"}]}},"featured_image_urls":{"full":"","thumbnail":"","medium":"","medium_large":"","large":"","1536x1536":"","2048x2048":"","covernews-featured":"","covernews-medium":""},"author_info":{"display_name":"Redacci\u00f3n QP","author_link":"https:\/\/quehacerpolitico.mx\/?author=2"},"category_info":"<a href=\"https:\/\/quehacerpolitico.mx\/?cat=2\" rel=\"category\">Noticias<\/a>","tag_info":"Noticias","comment_count":"0","_links":{"self":[{"href":"https:\/\/quehacerpolitico.mx\/index.php?rest_route=\/wp\/v2\/posts\/14561","targetHints":{"allow":["GET"]}}],"collection":[{"href":"https:\/\/quehacerpolitico.mx\/index.php?rest_route=\/wp\/v2\/posts"}],"about":[{"href":"https:\/\/quehacerpolitico.mx\/index.php?rest_route=\/wp\/v2\/types\/post"}],"author":[{"embeddable":true,"href":"https:\/\/quehacerpolitico.mx\/index.php?rest_route=\/wp\/v2\/users\/2"}],"replies":[{"embeddable":true,"href":"https:\/\/quehacerpolitico.mx\/index.php?rest_route=%2Fwp%2Fv2%2Fcomments&post=14561"}],"version-history":[{"count":0,"href":"https:\/\/quehacerpolitico.mx\/index.php?rest_route=\/wp\/v2\/posts\/14561\/revisions"}],"wp:featuredmedia":[{"embeddable":true,"href":"https:\/\/quehacerpolitico.mx\/index.php?rest_route=\/"}],"wp:attachment":[{"href":"https:\/\/quehacerpolitico.mx\/index.php?rest_route=%2Fwp%2Fv2%2Fmedia&parent=14561"}],"wp:term":[{"taxonomy":"category","embeddable":true,"href":"https:\/\/quehacerpolitico.mx\/index.php?rest_route=%2Fwp%2Fv2%2Fcategories&post=14561"},{"taxonomy":"post_tag","embeddable":true,"href":"https:\/\/quehacerpolitico.mx\/index.php?rest_route=%2Fwp%2Fv2%2Ftags&post=14561"}],"curies":[{"name":"wp","href":"https:\/\/api.w.org\/{rel}","templated":true}]}}