{"id":14555,"date":"2019-01-17T01:28:39","date_gmt":"2019-01-17T01:28:39","guid":{"rendered":"http:\/\/quehacerpolitico.mx\/la-alianza-de-morena-con-pvem-y-pri-para-la-guardia-nacional-le-acarrea-reclamos-enfurecidos\/"},"modified":"2019-01-17T01:28:39","modified_gmt":"2019-01-17T01:28:39","slug":"la-alianza-de-morena-con-pvem-y-pri-para-la-guardia-nacional-le-acarrea-reclamos-enfurecidos","status":"publish","type":"post","link":"https:\/\/quehacerpolitico.mx\/?p=14555","title":{"rendered":"La alianza de Morena con PVEM y PRI para la Guardia Nacional le acarrea reclamos enfurecidos"},"content":{"rendered":"<h1>La alianza de Morena con PVEM y PRI para la Guardia Nacional le acarrea reclamos enfurecidos<\/h1>\n<p>Por Redacci\u00f3n QP<\/p>\n<p>La alianza del partido del Presidente, el\u00a0<strong>Movimiento de Regeneraci\u00f3n Nacional (Morena),\u00a0<\/strong>con el <strong>Revolucionario Institucional (PRI)<\/strong> y el Verde Ecologista (PVEM) para aprobar en lo general la Guardia Nacional le ha acarreado<strong> una dura cr\u00edtica de activistas<\/strong>, pol\u00edticos y organizaciones civiles <strong>en las redes sociales<\/strong>.<\/p>\n<blockquote>\n<p>Morena recurri\u00f3 a Encuentro Social (PES) y Partido del Trabajo, <strong>sus socios en la elecci\u00f3n 2018<\/strong>, para alcanzar votos suficientes y aprobar el dictamen de la <strong>fuerza militarizada<\/strong> que organizaciones internacionales rechazan.<\/p>\n<p>El Presidente ha dicho que es necesaria para combatir la inseguridad, pero los grupos civiles nacionales y extranjeros consideran que no es un camino correcto: los militares no est\u00e1n preparados y, al menos en el caso mexicano, han violado los derechos humanos durante d\u00e9cadas.<\/p>\n<p>Con 362 votos a favor, 119 en contra y 4 abstenciones, aprobaron esta tarde, en lo general, el dictamen que reforma, adiciona y deroga diversas disposiciones para la creaci\u00f3n de la Guardia.<\/p>\n<blockquote>\n<p>Denise Dresser escribi\u00f3 en su cuenta de Twitter: \u201cAntes existi\u00f3 el PRIAN, ahora existe el PRIMOR. Aqu\u00ed la coalici\u00f3n legislativa\/pol\u00edtica que ahora nos gobernar\u00e1. Morena de la mano del PRI no solo cambia Constituci\u00f3n e ignora mejores alternativas al empoderamiento militar; tambi\u00e9n cambia el significado las palabras\u201d.<\/p>\n<p>\u201cVot\u00e9 en contra del dictamen de Morena que constitucionaliza la militarizaci\u00f3n del pa\u00eds a trav\u00e9s de una #GuardiaNacional de naturaleza militar bajo un mando supuestamente civil que realmente es un mando mixto entre la SEDENA, la SEMAR y la SSCP. Abdicaci\u00f3n a tener buenas polic\u00edas\u201d, escribi\u00f3 Laura Rojas en su cuenta de Twitter.<\/p>\n<p>El grupo civil Serapaz expres\u00f3: \u201c\u00bfPor qu\u00e9 el ej\u00e9rcito no debe estar en las calles? Porque desaparecen personas, lo dijeron las familias que valientemente estuvieron en la Corte Internacional de Derechos Humanos narrando como el ejercito desapareci\u00f3 forzadamente a sus seres queridos. No a la Guardia Nacional, s\u00ed a una Seguridad sin Guerra\u201d.<\/p>\n<p>La Comisi\u00f3n Mexicana de Defensa y Promoci\u00f3n de los Derechos Humanos (CMDPDH) dijo el dictamen es contrario a la sentencia del Caso Radilla porque permitir\u00eda \u201cque militares que violen derechos humanos recurran a tribunales militares alegando que los delitos cometidos son del orden castrense, seg\u00fan la modificaci\u00f3n al Art\u00edculo 13\u201d.<\/p>\n<p>\u201cLa sentencia del caso Radilla emitida por la Corte Interamericana de Derechos Humanos en contra del Estado mexicano abri\u00f3 la puerta a acotar la jurisdicci\u00f3n militar en M\u00e9xico, obligando a que delitos cometidos por militares en los que se involucren civiles sean investigados y procesados por tribunales civiles\u201d, record\u00f3.<\/p>\n<\/blockquote>\n<\/blockquote>\n","protected":false},"excerpt":{"rendered":"<p>La alianza de Morena con PVEM y PRI para la Guardia Nacional le acarrea reclamos enfurecidos<br \/>\nPor Redacci\u00f3n QP<\/p>\n","protected":false},"author":2,"featured_media":14554,"comment_status":"open","ping_status":"open","sticky":false,"template":"","format":"standard","meta":{"_monsterinsights_skip_tracking":false,"_monsterinsights_sitenote_active":false,"_monsterinsights_sitenote_note":"","_monsterinsights_sitenote_category":0,"footnotes":""},"categories":[2],"tags":[],"class_list":["post-14555","post","type-post","status-publish","format-standard","has-post-thumbnail","hentry","category-noticias"],"yoast_head":"<!-- This site is optimized with the Yoast SEO plugin v27.3 - https:\/\/yoast.com\/product\/yoast-seo-wordpress\/ -->\n<title>La alianza de Morena con PVEM y PRI para la Guardia Nacional le acarrea reclamos enfurecidos -<\/title>\n<meta name=\"robots\" content=\"index, follow, max-snippet:-1, max-image-preview:large, max-video-preview:-1\" \/>\n<link rel=\"canonical\" href=\"https:\/\/quehacerpolitico.mx\/?p=14555\" \/>\n<meta property=\"og:locale\" content=\"es_MX\" \/>\n<meta property=\"og:type\" content=\"article\" \/>\n<meta property=\"og:title\" content=\"La alianza de Morena con PVEM y PRI para la Guardia Nacional le acarrea reclamos enfurecidos -\" \/>\n<meta property=\"og:description\" content=\"La alianza de Morena con PVEM y PRI para la Guardia Nacional le acarrea reclamos enfurecidos Por Redacci\u00f3n QP\" \/>\n<meta property=\"og:url\" content=\"https:\/\/quehacerpolitico.mx\/?p=14555\" \/>\n<meta property=\"article:published_time\" content=\"2019-01-17T01:28:39+00:00\" \/>\n<meta name=\"author\" content=\"Redacci\u00f3n QP\" \/>\n<meta name=\"twitter:card\" content=\"summary_large_image\" \/>\n<meta name=\"twitter:label1\" content=\"Escrito por\" \/>\n\t<meta name=\"twitter:data1\" content=\"Redacci\u00f3n QP\" \/>\n\t<meta name=\"twitter:label2\" content=\"Tiempo de lectura\" \/>\n\t<meta name=\"twitter:data2\" content=\"2 minutos\" \/>\n<script type=\"application\/ld+json\" class=\"yoast-schema-graph\">{\"@context\":\"https:\\\/\\\/schema.org\",\"@graph\":[{\"@type\":\"Article\",\"@id\":\"https:\\\/\\\/quehacerpolitico.mx\\\/?p=14555#article\",\"isPartOf\":{\"@id\":\"https:\\\/\\\/quehacerpolitico.mx\\\/?p=14555\"},\"author\":{\"name\":\"Redacci\u00f3n QP\",\"@id\":\"https:\\\/\\\/quehacerpolitico.mx\\\/#\\\/schema\\\/person\\\/496d8ad2d1d3f8036101dca7ee39e585\"},\"headline\":\"La alianza de Morena con PVEM y PRI para la Guardia Nacional le acarrea reclamos enfurecidos\",\"datePublished\":\"2019-01-17T01:28:39+00:00\",\"mainEntityOfPage\":{\"@id\":\"https:\\\/\\\/quehacerpolitico.mx\\\/?p=14555\"},\"wordCount\":463,\"commentCount\":0,\"image\":{\"@id\":\"https:\\\/\\\/quehacerpolitico.mx\\\/?p=14555#primaryimage\"},\"thumbnailUrl\":\"\",\"articleSection\":[\"Noticias\"],\"inLanguage\":\"es\",\"potentialAction\":[{\"@type\":\"CommentAction\",\"name\":\"Comment\",\"target\":[\"https:\\\/\\\/quehacerpolitico.mx\\\/?p=14555#respond\"]}]},{\"@type\":\"WebPage\",\"@id\":\"https:\\\/\\\/quehacerpolitico.mx\\\/?p=14555\",\"url\":\"https:\\\/\\\/quehacerpolitico.mx\\\/?p=14555\",\"name\":\"La alianza de Morena con PVEM y PRI para la Guardia Nacional le acarrea reclamos enfurecidos -\",\"isPartOf\":{\"@id\":\"https:\\\/\\\/quehacerpolitico.mx\\\/#website\"},\"primaryImageOfPage\":{\"@id\":\"https:\\\/\\\/quehacerpolitico.mx\\\/?p=14555#primaryimage\"},\"image\":{\"@id\":\"https:\\\/\\\/quehacerpolitico.mx\\\/?p=14555#primaryimage\"},\"thumbnailUrl\":\"\",\"datePublished\":\"2019-01-17T01:28:39+00:00\",\"author\":{\"@id\":\"https:\\\/\\\/quehacerpolitico.mx\\\/#\\\/schema\\\/person\\\/496d8ad2d1d3f8036101dca7ee39e585\"},\"breadcrumb\":{\"@id\":\"https:\\\/\\\/quehacerpolitico.mx\\\/?p=14555#breadcrumb\"},\"inLanguage\":\"es\",\"potentialAction\":[{\"@type\":\"ReadAction\",\"target\":[\"https:\\\/\\\/quehacerpolitico.mx\\\/?p=14555\"]}]},{\"@type\":\"ImageObject\",\"inLanguage\":\"es\",\"@id\":\"https:\\\/\\\/quehacerpolitico.mx\\\/?p=14555#primaryimage\",\"url\":\"\",\"contentUrl\":\"\"},{\"@type\":\"BreadcrumbList\",\"@id\":\"https:\\\/\\\/quehacerpolitico.mx\\\/?p=14555#breadcrumb\",\"itemListElement\":[{\"@type\":\"ListItem\",\"position\":1,\"name\":\"Inicio\",\"item\":\"https:\\\/\\\/quehacerpolitico.mx\\\/\"},{\"@type\":\"ListItem\",\"position\":2,\"name\":\"La alianza de Morena con PVEM y PRI para la Guardia Nacional le acarrea reclamos enfurecidos\"}]},{\"@type\":\"WebSite\",\"@id\":\"https:\\\/\\\/quehacerpolitico.mx\\\/#website\",\"url\":\"https:\\\/\\\/quehacerpolitico.mx\\\/\",\"name\":\"\",\"description\":\"\",\"potentialAction\":[{\"@type\":\"SearchAction\",\"target\":{\"@type\":\"EntryPoint\",\"urlTemplate\":\"https:\\\/\\\/quehacerpolitico.mx\\\/?s={search_term_string}\"},\"query-input\":{\"@type\":\"PropertyValueSpecification\",\"valueRequired\":true,\"valueName\":\"search_term_string\"}}],\"inLanguage\":\"es\"},{\"@type\":\"Person\",\"@id\":\"https:\\\/\\\/quehacerpolitico.mx\\\/#\\\/schema\\\/person\\\/496d8ad2d1d3f8036101dca7ee39e585\",\"name\":\"Redacci\u00f3n QP\",\"image\":{\"@type\":\"ImageObject\",\"inLanguage\":\"es\",\"@id\":\"https:\\\/\\\/secure.gravatar.com\\\/avatar\\\/c7164ed6fdec453195284ad24a5ae5b6e1eed2b848477fa2a4787ba9adf39a41?s=96&d=mm&r=g\",\"url\":\"https:\\\/\\\/secure.gravatar.com\\\/avatar\\\/c7164ed6fdec453195284ad24a5ae5b6e1eed2b848477fa2a4787ba9adf39a41?s=96&d=mm&r=g\",\"contentUrl\":\"https:\\\/\\\/secure.gravatar.com\\\/avatar\\\/c7164ed6fdec453195284ad24a5ae5b6e1eed2b848477fa2a4787ba9adf39a41?s=96&d=mm&r=g\",\"caption\":\"Redacci\u00f3n QP\"},\"url\":\"https:\\\/\\\/quehacerpolitico.mx\\\/?author=2\"}]}<\/script>\n<!-- \/ Yoast SEO plugin. -->","yoast_head_json":{"title":"La alianza de Morena con PVEM y PRI para la Guardia Nacional le acarrea reclamos enfurecidos -","robots":{"index":"index","follow":"follow","max-snippet":"max-snippet:-1","max-image-preview":"max-image-preview:large","max-video-preview":"max-video-preview:-1"},"canonical":"https:\/\/quehacerpolitico.mx\/?p=14555","og_locale":"es_MX","og_type":"article","og_title":"La alianza de Morena con PVEM y PRI para la Guardia Nacional le acarrea reclamos enfurecidos -","og_description":"La alianza de Morena con PVEM y PRI para la Guardia Nacional le acarrea reclamos enfurecidos Por Redacci\u00f3n QP","og_url":"https:\/\/quehacerpolitico.mx\/?p=14555","article_published_time":"2019-01-17T01:28:39+00:00","author":"Redacci\u00f3n QP","twitter_card":"summary_large_image","twitter_misc":{"Escrito por":"Redacci\u00f3n QP","Tiempo de lectura":"2 minutos"},"schema":{"@context":"https:\/\/schema.org","@graph":[{"@type":"Article","@id":"https:\/\/quehacerpolitico.mx\/?p=14555#article","isPartOf":{"@id":"https:\/\/quehacerpolitico.mx\/?p=14555"},"author":{"name":"Redacci\u00f3n QP","@id":"https:\/\/quehacerpolitico.mx\/#\/schema\/person\/496d8ad2d1d3f8036101dca7ee39e585"},"headline":"La alianza de Morena con PVEM y PRI para la Guardia Nacional le acarrea reclamos enfurecidos","datePublished":"2019-01-17T01:28:39+00:00","mainEntityOfPage":{"@id":"https:\/\/quehacerpolitico.mx\/?p=14555"},"wordCount":463,"commentCount":0,"image":{"@id":"https:\/\/quehacerpolitico.mx\/?p=14555#primaryimage"},"thumbnailUrl":"","articleSection":["Noticias"],"inLanguage":"es","potentialAction":[{"@type":"CommentAction","name":"Comment","target":["https:\/\/quehacerpolitico.mx\/?p=14555#respond"]}]},{"@type":"WebPage","@id":"https:\/\/quehacerpolitico.mx\/?p=14555","url":"https:\/\/quehacerpolitico.mx\/?p=14555","name":"La alianza de Morena con PVEM y PRI para la Guardia Nacional le acarrea reclamos enfurecidos -","isPartOf":{"@id":"https:\/\/quehacerpolitico.mx\/#website"},"primaryImageOfPage":{"@id":"https:\/\/quehacerpolitico.mx\/?p=14555#primaryimage"},"image":{"@id":"https:\/\/quehacerpolitico.mx\/?p=14555#primaryimage"},"thumbnailUrl":"","datePublished":"2019-01-17T01:28:39+00:00","author":{"@id":"https:\/\/quehacerpolitico.mx\/#\/schema\/person\/496d8ad2d1d3f8036101dca7ee39e585"},"breadcrumb":{"@id":"https:\/\/quehacerpolitico.mx\/?p=14555#breadcrumb"},"inLanguage":"es","potentialAction":[{"@type":"ReadAction","target":["https:\/\/quehacerpolitico.mx\/?p=14555"]}]},{"@type":"ImageObject","inLanguage":"es","@id":"https:\/\/quehacerpolitico.mx\/?p=14555#primaryimage","url":"","contentUrl":""},{"@type":"BreadcrumbList","@id":"https:\/\/quehacerpolitico.mx\/?p=14555#breadcrumb","itemListElement":[{"@type":"ListItem","position":1,"name":"Inicio","item":"https:\/\/quehacerpolitico.mx\/"},{"@type":"ListItem","position":2,"name":"La alianza de Morena con PVEM y PRI para la Guardia Nacional le acarrea reclamos enfurecidos"}]},{"@type":"WebSite","@id":"https:\/\/quehacerpolitico.mx\/#website","url":"https:\/\/quehacerpolitico.mx\/","name":"","description":"","potentialAction":[{"@type":"SearchAction","target":{"@type":"EntryPoint","urlTemplate":"https:\/\/quehacerpolitico.mx\/?s={search_term_string}"},"query-input":{"@type":"PropertyValueSpecification","valueRequired":true,"valueName":"search_term_string"}}],"inLanguage":"es"},{"@type":"Person","@id":"https:\/\/quehacerpolitico.mx\/#\/schema\/person\/496d8ad2d1d3f8036101dca7ee39e585","name":"Redacci\u00f3n QP","image":{"@type":"ImageObject","inLanguage":"es","@id":"https:\/\/secure.gravatar.com\/avatar\/c7164ed6fdec453195284ad24a5ae5b6e1eed2b848477fa2a4787ba9adf39a41?s=96&d=mm&r=g","url":"https:\/\/secure.gravatar.com\/avatar\/c7164ed6fdec453195284ad24a5ae5b6e1eed2b848477fa2a4787ba9adf39a41?s=96&d=mm&r=g","contentUrl":"https:\/\/secure.gravatar.com\/avatar\/c7164ed6fdec453195284ad24a5ae5b6e1eed2b848477fa2a4787ba9adf39a41?s=96&d=mm&r=g","caption":"Redacci\u00f3n QP"},"url":"https:\/\/quehacerpolitico.mx\/?author=2"}]}},"featured_image_urls":{"full":"","thumbnail":"","medium":"","medium_large":"","large":"","1536x1536":"","2048x2048":"","covernews-featured":"","covernews-medium":""},"author_info":{"display_name":"Redacci\u00f3n QP","author_link":"https:\/\/quehacerpolitico.mx\/?author=2"},"category_info":"<a href=\"https:\/\/quehacerpolitico.mx\/?cat=2\" rel=\"category\">Noticias<\/a>","tag_info":"Noticias","comment_count":"0","_links":{"self":[{"href":"https:\/\/quehacerpolitico.mx\/index.php?rest_route=\/wp\/v2\/posts\/14555","targetHints":{"allow":["GET"]}}],"collection":[{"href":"https:\/\/quehacerpolitico.mx\/index.php?rest_route=\/wp\/v2\/posts"}],"about":[{"href":"https:\/\/quehacerpolitico.mx\/index.php?rest_route=\/wp\/v2\/types\/post"}],"author":[{"embeddable":true,"href":"https:\/\/quehacerpolitico.mx\/index.php?rest_route=\/wp\/v2\/users\/2"}],"replies":[{"embeddable":true,"href":"https:\/\/quehacerpolitico.mx\/index.php?rest_route=%2Fwp%2Fv2%2Fcomments&post=14555"}],"version-history":[{"count":0,"href":"https:\/\/quehacerpolitico.mx\/index.php?rest_route=\/wp\/v2\/posts\/14555\/revisions"}],"wp:featuredmedia":[{"embeddable":true,"href":"https:\/\/quehacerpolitico.mx\/index.php?rest_route=\/"}],"wp:attachment":[{"href":"https:\/\/quehacerpolitico.mx\/index.php?rest_route=%2Fwp%2Fv2%2Fmedia&parent=14555"}],"wp:term":[{"taxonomy":"category","embeddable":true,"href":"https:\/\/quehacerpolitico.mx\/index.php?rest_route=%2Fwp%2Fv2%2Fcategories&post=14555"},{"taxonomy":"post_tag","embeddable":true,"href":"https:\/\/quehacerpolitico.mx\/index.php?rest_route=%2Fwp%2Fv2%2Ftags&post=14555"}],"curies":[{"name":"wp","href":"https:\/\/api.w.org\/{rel}","templated":true}]}}