{"id":14547,"date":"2019-01-16T22:44:56","date_gmt":"2019-01-16T22:44:56","guid":{"rendered":"http:\/\/quehacerpolitico.mx\/en-vivo-ruben-moreira-adelanta-que-bancada-del-pri-votara-a-favor-de-crear-la-guardia-nacional\/"},"modified":"2019-01-16T22:44:56","modified_gmt":"2019-01-16T22:44:56","slug":"en-vivo-ruben-moreira-adelanta-que-bancada-del-pri-votara-a-favor-de-crear-la-guardia-nacional","status":"publish","type":"post","link":"https:\/\/quehacerpolitico.mx\/?p=14547","title":{"rendered":"EN VIVO | Rub\u00e9n Moreira adelanta que bancada del PRI votar\u00e1 a favor de crear la Guardia Nacional"},"content":{"rendered":"<h1>EN VIVO | Rub\u00e9n Moreira adelanta que bancada del PRI votar\u00e1 a favor de crear la Guardia Nacional<\/h1>\n<p>Por Redacci\u00f3n QP<\/p>\n<p>La bancada del <strong>Partido Revolucionario Institucional (PRI)<\/strong> apoyar\u00e1 la creaci\u00f3n de la <strong>Guardia Nacional<\/strong>.<\/p>\n<blockquote>\n<p class=\"p1\">El diputado<strong> Rub\u00e9n Moreira<\/strong> dijo hoy que el partido tricolor votar\u00e1 a favor de la Guardia, <strong>propuesta durante la campa\u00f1a<\/strong>presidencial por Andr\u00e9s Manuel L\u00f3pez Obrador.<\/p>\n<p class=\"p1\">La fracci\u00f3n parlamentaria del PRI, despu\u00e9s de muchas horas de discusi\u00f3n, decidi\u00f3 votar en favor de esta reforma constitucional, dijo Moreira durante su posicionamiento.<\/p>\n<p>La <strong>C\u00e1mara de Diputados inici\u00f3 la discusi\u00f3n<\/strong>, en periodo extraordinario de sesiones, para el <strong>proyecto de dictamen con el que se busca crear la Guardia Nacional<\/strong>, propuesta por el <strong>Presidente Andr\u00e9s Manuel L\u00f3pez Obrador<\/strong>.<\/p>\n<p>Este mi\u00e9rcoles, los diputados se re\u00fanen en el recinto legislativo de San L\u00e1zaro para discutir el dictamen con el que se reformar\u00edan tres art\u00edculos constitucionales y se crear\u00eda la nueva corporaci\u00f3n propuesta por el Presidente Andr\u00e9s Manuel L\u00f3pez Obrador, para dar respuesta al problema de inseguridad en el pa\u00eds.<\/p>\n<blockquote class=\"twitter-tweet\" data-width=\"550\" data-dnt=\"true\">\n<p lang=\"es\" dir=\"ltr\"><a href=\"https:\/\/twitter.com\/hashtag\/Dictamen?src=hash&amp;ref_src=twsrc%5Etfw\">#Dictamen<\/a> La dip. <a href=\"https:\/\/twitter.com\/adrianamedinaMx?ref_src=twsrc%5Etfw\">@adrianamedinaMx<\/a>, de <a href=\"https:\/\/twitter.com\/dipciudadanomx?ref_src=twsrc%5Etfw\">@DipCiudadanoMX<\/a>, explic\u00f3 que, en emergencias de seguridad p\u00fablica, la participaci\u00f3n de las Fuerzas Armadas puede atajar el incremento de la violencia, pero en el largo plazo termina por aumentarla. <a href=\"https:\/\/t.co\/6bMVU77gbY\">https:\/\/t.co\/6bMVU77gbY<\/a><\/p>\n<p>&mdash; H. C\u00e1mara de Diputados (@Mx_Diputados) <a href=\"https:\/\/twitter.com\/Mx_Diputados\/status\/1085630557357248513?ref_src=twsrc%5Etfw\">January 16, 2019<\/a><\/p><\/blockquote>\n<p><script async src=\"https:\/\/platform.twitter.com\/widgets.js\" charset=\"utf-8\"><\/script><\/p>\n<p>Miroslava Carrillo, presidenta de la Comisi\u00f3n de Puntos Constitucionales, present\u00f3 el dictamen ante el pleno de la C\u00e1mara. El dictamen que esta tarde se somete a votaci\u00f3n requiere el aval de 325 votos, con lo que se lograr\u00eda la mayor\u00eda calificada.<\/p>\n<p>En caso de que est\u00e9n presentes todos los diputados de las bancadas del Movimiento de Regeneraci\u00f3n Nacional (Morena), Partido Encuentro Social (PE), Partido del Trabajo (PT) y Partido Verde Ecologista de M\u00e9xico (PVEM), se podr\u00e1 sumar los votos necesarios para aprobar el dictamen.<\/p>\n<p><strong>ONGs ACUSA SIMULACI\u00d3N<\/strong><\/p>\n<p>El Colectivo #SeguridadSinGuerra rechaz\u00f3 la Guardia Nacional propuesta por el Presidente Andr\u00e9s Manuel L\u00f3pez Obrador, a\u00fan con los cambios que se han planteado sobre el mando civil de la nueva corporaci\u00f3n.<\/p>\n<p>Critic\u00f3 que con los modificaciones planteadas en materia de seguridad se siguen otorgando facultades permanentes a las Fuerzas Armadas para realizar tareas de seguridad p\u00fablica.<\/p>\n<p>El Colectivo se\u00f1al\u00f3 que el dictamen que se discute en la C\u00e1mara de Diputados para crear la Guardia Nacional, supone mantener el paradigma de combate a la violencia con m\u00e1s violencia, a trav\u00e9s de acciones que implicar\u00edan constitucionalizar la militarizarizaci\u00f3n, lo que ir\u00eda en contra el marco jur\u00eddico legal internacional en materia de Derechos Humanos.<\/p>\n<p>#SeguridadSinGuerra indica que la propuesta del Gobierno Federal, presentada con el apoyo de la mayor\u00eda legislativa de Movimiento de Regeneraci\u00f3n Nacional (Morena), establece cambios en el art\u00edculo 21 de la Constituci\u00f3n Pol\u00edtica de los Estados Unidos Mexicanos que facultar\u00edan al Ej\u00e9rcito para realizar tareas de seguridad p\u00fablica.<\/p>\n<p>Y aunque se ha introducido en el dictamen la figura de un mando civil para la Guardia Nacional, la iniciativa dejar\u00eda a las fuerzas armadas las labores de disciplina, r\u00e9gimen de servicios, ascensos, prestaciones, profesionalizaci\u00f3n y capacitaci\u00f3n, as\u00ed como la estructura jer\u00e1rquica. Adem\u00e1s, con la propuesta al art\u00edculo 13 constitucional, se mantendr\u00eda el fuero militar, con lo que las faltas que pudieran ser cometidas por miembros de la nueva corporaci\u00f3n ser\u00edan revisados por autoridades militares.<\/p>\n<p>El Colectivo tambi\u00e9n pide que se respete la Constituci\u00f3n vigente, as\u00ed como utilizar a las fuerzas armadas s\u00f3lo en las mecanismos previstos por la ley actual, reconstruir el Sistema Nacional de Seguridad P\u00fablica (SNSP), profesionalizar las polic\u00edas civiles, elaborar un programa de desmilitarizaci\u00f3n paulatina, regular el uso de la fuerza p\u00fablica y establecer mecanismos complementarios de justicia y verdad.<\/p>\n<\/blockquote>\n","protected":false},"excerpt":{"rendered":"<p>EN VIVO | Rub\u00e9n Moreira adelanta que bancada del PRI votar\u00e1 a favor de crear la Guardia Nacional<br \/>\nPor Redacci\u00f3n QP<\/p>\n","protected":false},"author":2,"featured_media":14546,"comment_status":"open","ping_status":"open","sticky":false,"template":"","format":"standard","meta":{"_monsterinsights_skip_tracking":false,"_monsterinsights_sitenote_active":false,"_monsterinsights_sitenote_note":"","_monsterinsights_sitenote_category":0,"footnotes":""},"categories":[2],"tags":[],"class_list":["post-14547","post","type-post","status-publish","format-standard","has-post-thumbnail","hentry","category-noticias"],"yoast_head":"<!-- This site is optimized with the Yoast SEO plugin v27.3 - https:\/\/yoast.com\/product\/yoast-seo-wordpress\/ -->\n<title>EN VIVO | Rub\u00e9n Moreira adelanta que bancada del PRI votar\u00e1 a favor de crear la Guardia Nacional -<\/title>\n<meta name=\"robots\" content=\"index, follow, max-snippet:-1, max-image-preview:large, max-video-preview:-1\" \/>\n<link rel=\"canonical\" href=\"https:\/\/quehacerpolitico.mx\/?p=14547\" \/>\n<meta property=\"og:locale\" content=\"es_MX\" \/>\n<meta property=\"og:type\" content=\"article\" \/>\n<meta property=\"og:title\" content=\"EN VIVO | Rub\u00e9n Moreira adelanta que bancada del PRI votar\u00e1 a favor de crear la Guardia Nacional -\" \/>\n<meta property=\"og:description\" content=\"EN VIVO | Rub\u00e9n Moreira adelanta que bancada del PRI votar\u00e1 a favor de crear la Guardia Nacional Por Redacci\u00f3n QP\" \/>\n<meta property=\"og:url\" content=\"https:\/\/quehacerpolitico.mx\/?p=14547\" \/>\n<meta property=\"article:published_time\" content=\"2019-01-16T22:44:56+00:00\" \/>\n<meta name=\"author\" content=\"Redacci\u00f3n QP\" \/>\n<meta name=\"twitter:card\" content=\"summary_large_image\" \/>\n<meta name=\"twitter:label1\" content=\"Escrito por\" \/>\n\t<meta name=\"twitter:data1\" content=\"Redacci\u00f3n QP\" \/>\n\t<meta name=\"twitter:label2\" content=\"Tiempo de lectura\" \/>\n\t<meta name=\"twitter:data2\" content=\"3 minutos\" \/>\n<script type=\"application\/ld+json\" class=\"yoast-schema-graph\">{\"@context\":\"https:\\\/\\\/schema.org\",\"@graph\":[{\"@type\":\"Article\",\"@id\":\"https:\\\/\\\/quehacerpolitico.mx\\\/?p=14547#article\",\"isPartOf\":{\"@id\":\"https:\\\/\\\/quehacerpolitico.mx\\\/?p=14547\"},\"author\":{\"name\":\"Redacci\u00f3n QP\",\"@id\":\"https:\\\/\\\/quehacerpolitico.mx\\\/#\\\/schema\\\/person\\\/496d8ad2d1d3f8036101dca7ee39e585\"},\"headline\":\"EN VIVO | Rub\u00e9n Moreira adelanta que bancada del PRI votar\u00e1 a favor de crear la Guardia Nacional\",\"datePublished\":\"2019-01-16T22:44:56+00:00\",\"mainEntityOfPage\":{\"@id\":\"https:\\\/\\\/quehacerpolitico.mx\\\/?p=14547\"},\"wordCount\":638,\"commentCount\":0,\"image\":{\"@id\":\"https:\\\/\\\/quehacerpolitico.mx\\\/?p=14547#primaryimage\"},\"thumbnailUrl\":\"\",\"articleSection\":[\"Noticias\"],\"inLanguage\":\"es\",\"potentialAction\":[{\"@type\":\"CommentAction\",\"name\":\"Comment\",\"target\":[\"https:\\\/\\\/quehacerpolitico.mx\\\/?p=14547#respond\"]}]},{\"@type\":\"WebPage\",\"@id\":\"https:\\\/\\\/quehacerpolitico.mx\\\/?p=14547\",\"url\":\"https:\\\/\\\/quehacerpolitico.mx\\\/?p=14547\",\"name\":\"EN VIVO | Rub\u00e9n Moreira adelanta que bancada del PRI votar\u00e1 a favor de crear la Guardia Nacional -\",\"isPartOf\":{\"@id\":\"https:\\\/\\\/quehacerpolitico.mx\\\/#website\"},\"primaryImageOfPage\":{\"@id\":\"https:\\\/\\\/quehacerpolitico.mx\\\/?p=14547#primaryimage\"},\"image\":{\"@id\":\"https:\\\/\\\/quehacerpolitico.mx\\\/?p=14547#primaryimage\"},\"thumbnailUrl\":\"\",\"datePublished\":\"2019-01-16T22:44:56+00:00\",\"author\":{\"@id\":\"https:\\\/\\\/quehacerpolitico.mx\\\/#\\\/schema\\\/person\\\/496d8ad2d1d3f8036101dca7ee39e585\"},\"breadcrumb\":{\"@id\":\"https:\\\/\\\/quehacerpolitico.mx\\\/?p=14547#breadcrumb\"},\"inLanguage\":\"es\",\"potentialAction\":[{\"@type\":\"ReadAction\",\"target\":[\"https:\\\/\\\/quehacerpolitico.mx\\\/?p=14547\"]}]},{\"@type\":\"ImageObject\",\"inLanguage\":\"es\",\"@id\":\"https:\\\/\\\/quehacerpolitico.mx\\\/?p=14547#primaryimage\",\"url\":\"\",\"contentUrl\":\"\"},{\"@type\":\"BreadcrumbList\",\"@id\":\"https:\\\/\\\/quehacerpolitico.mx\\\/?p=14547#breadcrumb\",\"itemListElement\":[{\"@type\":\"ListItem\",\"position\":1,\"name\":\"Inicio\",\"item\":\"https:\\\/\\\/quehacerpolitico.mx\\\/\"},{\"@type\":\"ListItem\",\"position\":2,\"name\":\"EN VIVO | Rub\u00e9n Moreira adelanta que bancada del PRI votar\u00e1 a favor de crear la Guardia Nacional\"}]},{\"@type\":\"WebSite\",\"@id\":\"https:\\\/\\\/quehacerpolitico.mx\\\/#website\",\"url\":\"https:\\\/\\\/quehacerpolitico.mx\\\/\",\"name\":\"\",\"description\":\"\",\"potentialAction\":[{\"@type\":\"SearchAction\",\"target\":{\"@type\":\"EntryPoint\",\"urlTemplate\":\"https:\\\/\\\/quehacerpolitico.mx\\\/?s={search_term_string}\"},\"query-input\":{\"@type\":\"PropertyValueSpecification\",\"valueRequired\":true,\"valueName\":\"search_term_string\"}}],\"inLanguage\":\"es\"},{\"@type\":\"Person\",\"@id\":\"https:\\\/\\\/quehacerpolitico.mx\\\/#\\\/schema\\\/person\\\/496d8ad2d1d3f8036101dca7ee39e585\",\"name\":\"Redacci\u00f3n QP\",\"image\":{\"@type\":\"ImageObject\",\"inLanguage\":\"es\",\"@id\":\"https:\\\/\\\/secure.gravatar.com\\\/avatar\\\/c7164ed6fdec453195284ad24a5ae5b6e1eed2b848477fa2a4787ba9adf39a41?s=96&d=mm&r=g\",\"url\":\"https:\\\/\\\/secure.gravatar.com\\\/avatar\\\/c7164ed6fdec453195284ad24a5ae5b6e1eed2b848477fa2a4787ba9adf39a41?s=96&d=mm&r=g\",\"contentUrl\":\"https:\\\/\\\/secure.gravatar.com\\\/avatar\\\/c7164ed6fdec453195284ad24a5ae5b6e1eed2b848477fa2a4787ba9adf39a41?s=96&d=mm&r=g\",\"caption\":\"Redacci\u00f3n QP\"},\"url\":\"https:\\\/\\\/quehacerpolitico.mx\\\/?author=2\"}]}<\/script>\n<!-- \/ Yoast SEO plugin. -->","yoast_head_json":{"title":"EN VIVO | Rub\u00e9n Moreira adelanta que bancada del PRI votar\u00e1 a favor de crear la Guardia Nacional -","robots":{"index":"index","follow":"follow","max-snippet":"max-snippet:-1","max-image-preview":"max-image-preview:large","max-video-preview":"max-video-preview:-1"},"canonical":"https:\/\/quehacerpolitico.mx\/?p=14547","og_locale":"es_MX","og_type":"article","og_title":"EN VIVO | Rub\u00e9n Moreira adelanta que bancada del PRI votar\u00e1 a favor de crear la Guardia Nacional -","og_description":"EN VIVO | Rub\u00e9n Moreira adelanta que bancada del PRI votar\u00e1 a favor de crear la Guardia Nacional Por Redacci\u00f3n QP","og_url":"https:\/\/quehacerpolitico.mx\/?p=14547","article_published_time":"2019-01-16T22:44:56+00:00","author":"Redacci\u00f3n QP","twitter_card":"summary_large_image","twitter_misc":{"Escrito por":"Redacci\u00f3n QP","Tiempo de lectura":"3 minutos"},"schema":{"@context":"https:\/\/schema.org","@graph":[{"@type":"Article","@id":"https:\/\/quehacerpolitico.mx\/?p=14547#article","isPartOf":{"@id":"https:\/\/quehacerpolitico.mx\/?p=14547"},"author":{"name":"Redacci\u00f3n QP","@id":"https:\/\/quehacerpolitico.mx\/#\/schema\/person\/496d8ad2d1d3f8036101dca7ee39e585"},"headline":"EN VIVO | Rub\u00e9n Moreira adelanta que bancada del PRI votar\u00e1 a favor de crear la Guardia Nacional","datePublished":"2019-01-16T22:44:56+00:00","mainEntityOfPage":{"@id":"https:\/\/quehacerpolitico.mx\/?p=14547"},"wordCount":638,"commentCount":0,"image":{"@id":"https:\/\/quehacerpolitico.mx\/?p=14547#primaryimage"},"thumbnailUrl":"","articleSection":["Noticias"],"inLanguage":"es","potentialAction":[{"@type":"CommentAction","name":"Comment","target":["https:\/\/quehacerpolitico.mx\/?p=14547#respond"]}]},{"@type":"WebPage","@id":"https:\/\/quehacerpolitico.mx\/?p=14547","url":"https:\/\/quehacerpolitico.mx\/?p=14547","name":"EN VIVO | Rub\u00e9n Moreira adelanta que bancada del PRI votar\u00e1 a favor de crear la Guardia Nacional -","isPartOf":{"@id":"https:\/\/quehacerpolitico.mx\/#website"},"primaryImageOfPage":{"@id":"https:\/\/quehacerpolitico.mx\/?p=14547#primaryimage"},"image":{"@id":"https:\/\/quehacerpolitico.mx\/?p=14547#primaryimage"},"thumbnailUrl":"","datePublished":"2019-01-16T22:44:56+00:00","author":{"@id":"https:\/\/quehacerpolitico.mx\/#\/schema\/person\/496d8ad2d1d3f8036101dca7ee39e585"},"breadcrumb":{"@id":"https:\/\/quehacerpolitico.mx\/?p=14547#breadcrumb"},"inLanguage":"es","potentialAction":[{"@type":"ReadAction","target":["https:\/\/quehacerpolitico.mx\/?p=14547"]}]},{"@type":"ImageObject","inLanguage":"es","@id":"https:\/\/quehacerpolitico.mx\/?p=14547#primaryimage","url":"","contentUrl":""},{"@type":"BreadcrumbList","@id":"https:\/\/quehacerpolitico.mx\/?p=14547#breadcrumb","itemListElement":[{"@type":"ListItem","position":1,"name":"Inicio","item":"https:\/\/quehacerpolitico.mx\/"},{"@type":"ListItem","position":2,"name":"EN VIVO | Rub\u00e9n Moreira adelanta que bancada del PRI votar\u00e1 a favor de crear la Guardia Nacional"}]},{"@type":"WebSite","@id":"https:\/\/quehacerpolitico.mx\/#website","url":"https:\/\/quehacerpolitico.mx\/","name":"","description":"","potentialAction":[{"@type":"SearchAction","target":{"@type":"EntryPoint","urlTemplate":"https:\/\/quehacerpolitico.mx\/?s={search_term_string}"},"query-input":{"@type":"PropertyValueSpecification","valueRequired":true,"valueName":"search_term_string"}}],"inLanguage":"es"},{"@type":"Person","@id":"https:\/\/quehacerpolitico.mx\/#\/schema\/person\/496d8ad2d1d3f8036101dca7ee39e585","name":"Redacci\u00f3n QP","image":{"@type":"ImageObject","inLanguage":"es","@id":"https:\/\/secure.gravatar.com\/avatar\/c7164ed6fdec453195284ad24a5ae5b6e1eed2b848477fa2a4787ba9adf39a41?s=96&d=mm&r=g","url":"https:\/\/secure.gravatar.com\/avatar\/c7164ed6fdec453195284ad24a5ae5b6e1eed2b848477fa2a4787ba9adf39a41?s=96&d=mm&r=g","contentUrl":"https:\/\/secure.gravatar.com\/avatar\/c7164ed6fdec453195284ad24a5ae5b6e1eed2b848477fa2a4787ba9adf39a41?s=96&d=mm&r=g","caption":"Redacci\u00f3n QP"},"url":"https:\/\/quehacerpolitico.mx\/?author=2"}]}},"featured_image_urls":{"full":"","thumbnail":"","medium":"","medium_large":"","large":"","1536x1536":"","2048x2048":"","covernews-featured":"","covernews-medium":""},"author_info":{"display_name":"Redacci\u00f3n QP","author_link":"https:\/\/quehacerpolitico.mx\/?author=2"},"category_info":"<a href=\"https:\/\/quehacerpolitico.mx\/?cat=2\" rel=\"category\">Noticias<\/a>","tag_info":"Noticias","comment_count":"0","_links":{"self":[{"href":"https:\/\/quehacerpolitico.mx\/index.php?rest_route=\/wp\/v2\/posts\/14547","targetHints":{"allow":["GET"]}}],"collection":[{"href":"https:\/\/quehacerpolitico.mx\/index.php?rest_route=\/wp\/v2\/posts"}],"about":[{"href":"https:\/\/quehacerpolitico.mx\/index.php?rest_route=\/wp\/v2\/types\/post"}],"author":[{"embeddable":true,"href":"https:\/\/quehacerpolitico.mx\/index.php?rest_route=\/wp\/v2\/users\/2"}],"replies":[{"embeddable":true,"href":"https:\/\/quehacerpolitico.mx\/index.php?rest_route=%2Fwp%2Fv2%2Fcomments&post=14547"}],"version-history":[{"count":0,"href":"https:\/\/quehacerpolitico.mx\/index.php?rest_route=\/wp\/v2\/posts\/14547\/revisions"}],"wp:featuredmedia":[{"embeddable":true,"href":"https:\/\/quehacerpolitico.mx\/index.php?rest_route=\/"}],"wp:attachment":[{"href":"https:\/\/quehacerpolitico.mx\/index.php?rest_route=%2Fwp%2Fv2%2Fmedia&parent=14547"}],"wp:term":[{"taxonomy":"category","embeddable":true,"href":"https:\/\/quehacerpolitico.mx\/index.php?rest_route=%2Fwp%2Fv2%2Fcategories&post=14547"},{"taxonomy":"post_tag","embeddable":true,"href":"https:\/\/quehacerpolitico.mx\/index.php?rest_route=%2Fwp%2Fv2%2Ftags&post=14547"}],"curies":[{"name":"wp","href":"https:\/\/api.w.org\/{rel}","templated":true}]}}