{"id":14545,"date":"2019-01-16T22:18:45","date_gmt":"2019-01-16T22:18:45","guid":{"rendered":"http:\/\/quehacerpolitico.mx\/internacionales-carolina-alonso-romei-militares-tuvieron-a-el-chapo-lo-colgaron-de-helicoptero-boca-abajo-y-lo-soltaron-cifuentes\/"},"modified":"2019-01-16T22:18:45","modified_gmt":"2019-01-16T22:18:45","slug":"internacionales-carolina-alonso-romei-militares-tuvieron-a-el-chapo-lo-colgaron-de-helicoptero-boca-abajo-y-lo-soltaron-cifuentes","status":"publish","type":"post","link":"https:\/\/quehacerpolitico.mx\/?p=14545","title":{"rendered":"Internacionales\/\/\/Carolina Alonso Romei\/\/\/Militares tuvieron a \u201cEl Chapo\u201d; lo colgaron de helic\u00f3ptero boca abajo y lo soltaron: Cifuentes"},"content":{"rendered":"<h1>Militares tuvieron a \u201cEl Chapo\u201d; lo colgaron de helic\u00f3ptero boca abajo y lo soltaron: Cifuentes<\/h1>\n<p>Por Carolina Alonso Romei\u00a0<\/p>\n<p>Internacionalista<\/p>\n<p><strong>Joaqu\u00edn \u201cEl Chapo\u201d Guzm\u00e1n<\/strong>, que est\u00e1 siendo juzgado estos d\u00edas en <strong>Nueva York<\/strong> por narcotr\u00e1fico, se tom\u00f3 muy en serio la realizaci\u00f3n de <strong>una pel\u00edcula sobre su vida<\/strong> y le habl\u00f3 a un productor de un trepidante incidente que supuestamente le ocurri\u00f3 mientras se <strong>escond\u00eda en las monta\u00f1as<\/strong>.<\/p>\n<blockquote>\n<p>El traficante colombiano <strong>\u00c1lex Cifuentes<\/strong>, testigo del Gobierno de Estados Unidos contra el capo del<strong> c\u00e1rtel de Sinaloa<\/strong>, revel\u00f3 hoy que en 2012, durante una reuni\u00f3n para tratar la pel\u00edcula, su ex jefe dijo haber sido arrestado por militares, que le golpearon las manos con la culata de sus armas y <strong>lo amarraron por los pies a un helic\u00f3ptero<\/strong>.<\/p>\n<\/blockquote>\n<p>La aventura no termin\u00f3 ah\u00ed: seg\u00fan habr\u00eda contado el narcotraficante mexicano al productor contratado para el filme, el colombiano Javier Rey, los miembros del Ej\u00e9rcito volaron con el aparato mientras \u00e9l estaba atado boca abajo para que confesara d\u00f3nde escond\u00eda droga.<\/p>\n<div id=\"attachment_3523533\" class=\"wp-caption alignnone\"><img loading=\"lazy\" decoding=\"async\" class=\"wp-image-3523533 size-full\" src=\"https:\/\/www.sinembargo.mx\/wp-content\/uploads\/2019\/01\/img_20160109_003102_2.jpg\" sizes=\"auto, (max-width: 700px) 100vw, 700px\" srcset=\"https:\/\/www.sinembargo.mx\/wp-content\/uploads\/2019\/01\/img_20160109_003102_2.jpg 700w, https:\/\/www.sinembargo.mx\/wp-content\/uploads\/2019\/01\/img_20160109_003102_2-300x210.jpg 300w\" alt=\"\" width=\"700\" height=\"491\" \/><\/p>\n<p class=\"wp-caption-text\">Joaqu\u00edn \u201cEl Chapo\u201d Guzm\u00e1n, que est\u00e1 siendo juzgado estos d\u00edas en Nueva York por narcotr\u00e1fico, se tom\u00f3 muy en serio la realizaci\u00f3n de una pel\u00edcula sobre su vida. Foto: Cuartoscuro.<\/p>\n<\/div>\n<p>La an\u00e9cdota surgi\u00f3 cuando uno de los abogados de \u201cEl Chapo\u201d que interrogaba a Cifuentes -arrestado en M\u00e9xico en 2013- se refiri\u00f3 a unas declaraciones sobre la pel\u00edcula que este hizo al comenzar a cooperar con la Fiscal\u00eda, en septiembre del a\u00f1o pasado.<\/p>\n<blockquote>\n<p>El narcotraficante presuntamente se reuni\u00f3 con el que ser\u00eda el productor del filme en la residencia de Cifuentes en Culiac\u00e1n, y fue all\u00ed donde asegur\u00f3 que el Ej\u00e9rcito lo hab\u00eda dejado en libertad por falta de pruebas y \u201cporque nunca dijo d\u00f3nde estaba la droga\u201d.<\/p>\n<\/blockquote>\n<p>Cifuentes asinti\u00f3 afirmativamente cuando el letrado de Guzm\u00e1n, Jeffrey Lichtman, expuso: \u201c\u00c9l dijo (en la reuni\u00f3n) que le machacaron las manos, lo amarraron con una cuerda al helic\u00f3ptero y lo llevaron boca abajo\u201d.<\/p>\n<p>El testigo declar\u00f3 este lunes que fue su ex esposa Angie quien sugiri\u00f3 a \u201cEl Chapo\u201d relatar su vida en un libro y una pel\u00edcula, ya que su nombre aparec\u00eda por todas partes en la prensa y deb\u00eda ser \u00e9l quien se lucrara por ello.<\/p>\n<p>Al acusado, que se enfrenta a una pena de cadena perpetua por once cargos de narcotr\u00e1fico, le encant\u00f3 esa idea y entonces contrat\u00f3 al productor colombiano, seg\u00fan Cifuentes.<\/p>\n<blockquote>\n<p>\u201cDe acuerdo con lo que usted (Cifuentes) dijo al Gobierno (cuando comenz\u00f3 a cooperar), Guzm\u00e1n indic\u00f3 que el Ej\u00e9rcito no pod\u00eda arrestarlo porque no ten\u00eda pruebas\u201d, se\u00f1al\u00f3 el abogado.<\/p>\n<\/blockquote>\n<p>La defensa de Guzm\u00e1n, que trata de desacreditar a los testigos del Gobierno, le pregunt\u00f3 a Cifuentes si este hab\u00eda mostrado las manos: \u201c\u00bfLe vio las cicatrices?\u201d, cuestion\u00f3, a lo que Cifuentes respondi\u00f3 que no lo hab\u00eda hecho.<\/p>\n<p>\u201cNo se las mir\u00e9\u201d, contest\u00f3 el que fuera exsecretario del capo y a quien consideraba \u201csu mano derecha y su mano izquierda\u201d, ante lo que el letrado argument\u00f3: \u201cNo ten\u00eda cicatrices\u201d.<\/p>\n<p>Con Informaci\u00f3n de EFE<\/p>\n","protected":false},"excerpt":{"rendered":"<p>Militares tuvieron a \u201cEl Chapo\u201d; lo colgaron de helic\u00f3ptero boca abajo y lo soltaron: Cifuentes<br \/>\nPor Carolina Alonso Romei<br \/>\nInternacionalista<\/p>\n","protected":false},"author":2,"featured_media":14544,"comment_status":"open","ping_status":"open","sticky":false,"template":"","format":"standard","meta":{"_monsterinsights_skip_tracking":false,"_monsterinsights_sitenote_active":false,"_monsterinsights_sitenote_note":"","_monsterinsights_sitenote_category":0,"footnotes":""},"categories":[1],"tags":[],"class_list":["post-14545","post","type-post","status-publish","format-standard","has-post-thumbnail","hentry","category-sin-categoria"],"yoast_head":"<!-- This site is optimized with the Yoast SEO plugin v27.3 - https:\/\/yoast.com\/product\/yoast-seo-wordpress\/ -->\n<title>Internacionales\/\/\/Carolina Alonso Romei\/\/\/Militares tuvieron a \u201cEl Chapo\u201d; lo colgaron de helic\u00f3ptero boca abajo y lo soltaron: Cifuentes -<\/title>\n<meta name=\"robots\" content=\"index, follow, max-snippet:-1, max-image-preview:large, max-video-preview:-1\" \/>\n<link rel=\"canonical\" href=\"https:\/\/quehacerpolitico.mx\/?p=14545\" \/>\n<meta property=\"og:locale\" content=\"es_MX\" \/>\n<meta property=\"og:type\" content=\"article\" \/>\n<meta property=\"og:title\" content=\"Internacionales\/\/\/Carolina Alonso Romei\/\/\/Militares tuvieron a \u201cEl Chapo\u201d; lo colgaron de helic\u00f3ptero boca abajo y lo soltaron: Cifuentes -\" \/>\n<meta property=\"og:description\" content=\"Militares tuvieron a \u201cEl Chapo\u201d; lo colgaron de helic\u00f3ptero boca abajo y lo soltaron: Cifuentes Por Carolina Alonso Romei Internacionalista\" \/>\n<meta property=\"og:url\" content=\"https:\/\/quehacerpolitico.mx\/?p=14545\" \/>\n<meta property=\"article:published_time\" content=\"2019-01-16T22:18:45+00:00\" \/>\n<meta name=\"author\" content=\"Redacci\u00f3n QP\" \/>\n<meta name=\"twitter:card\" content=\"summary_large_image\" \/>\n<meta name=\"twitter:label1\" content=\"Escrito por\" \/>\n\t<meta name=\"twitter:data1\" content=\"Redacci\u00f3n QP\" \/>\n\t<meta name=\"twitter:label2\" content=\"Tiempo de lectura\" \/>\n\t<meta name=\"twitter:data2\" content=\"3 minutos\" \/>\n<script type=\"application\/ld+json\" class=\"yoast-schema-graph\">{\"@context\":\"https:\\\/\\\/schema.org\",\"@graph\":[{\"@type\":\"Article\",\"@id\":\"https:\\\/\\\/quehacerpolitico.mx\\\/?p=14545#article\",\"isPartOf\":{\"@id\":\"https:\\\/\\\/quehacerpolitico.mx\\\/?p=14545\"},\"author\":{\"name\":\"Redacci\u00f3n QP\",\"@id\":\"https:\\\/\\\/quehacerpolitico.mx\\\/#\\\/schema\\\/person\\\/496d8ad2d1d3f8036101dca7ee39e585\"},\"headline\":\"Internacionales\\\/\\\/\\\/Carolina Alonso Romei\\\/\\\/\\\/Militares tuvieron a \u201cEl Chapo\u201d; lo colgaron de helic\u00f3ptero boca abajo y lo soltaron: Cifuentes\",\"datePublished\":\"2019-01-16T22:18:45+00:00\",\"mainEntityOfPage\":{\"@id\":\"https:\\\/\\\/quehacerpolitico.mx\\\/?p=14545\"},\"wordCount\":565,\"commentCount\":0,\"image\":{\"@id\":\"https:\\\/\\\/quehacerpolitico.mx\\\/?p=14545#primaryimage\"},\"thumbnailUrl\":\"\",\"articleSection\":[\"Internacionales\"],\"inLanguage\":\"es\",\"potentialAction\":[{\"@type\":\"CommentAction\",\"name\":\"Comment\",\"target\":[\"https:\\\/\\\/quehacerpolitico.mx\\\/?p=14545#respond\"]}]},{\"@type\":\"WebPage\",\"@id\":\"https:\\\/\\\/quehacerpolitico.mx\\\/?p=14545\",\"url\":\"https:\\\/\\\/quehacerpolitico.mx\\\/?p=14545\",\"name\":\"Internacionales\\\/\\\/\\\/Carolina Alonso Romei\\\/\\\/\\\/Militares tuvieron a \u201cEl Chapo\u201d; lo colgaron de helic\u00f3ptero boca abajo y lo soltaron: Cifuentes -\",\"isPartOf\":{\"@id\":\"https:\\\/\\\/quehacerpolitico.mx\\\/#website\"},\"primaryImageOfPage\":{\"@id\":\"https:\\\/\\\/quehacerpolitico.mx\\\/?p=14545#primaryimage\"},\"image\":{\"@id\":\"https:\\\/\\\/quehacerpolitico.mx\\\/?p=14545#primaryimage\"},\"thumbnailUrl\":\"\",\"datePublished\":\"2019-01-16T22:18:45+00:00\",\"author\":{\"@id\":\"https:\\\/\\\/quehacerpolitico.mx\\\/#\\\/schema\\\/person\\\/496d8ad2d1d3f8036101dca7ee39e585\"},\"breadcrumb\":{\"@id\":\"https:\\\/\\\/quehacerpolitico.mx\\\/?p=14545#breadcrumb\"},\"inLanguage\":\"es\",\"potentialAction\":[{\"@type\":\"ReadAction\",\"target\":[\"https:\\\/\\\/quehacerpolitico.mx\\\/?p=14545\"]}]},{\"@type\":\"ImageObject\",\"inLanguage\":\"es\",\"@id\":\"https:\\\/\\\/quehacerpolitico.mx\\\/?p=14545#primaryimage\",\"url\":\"\",\"contentUrl\":\"\"},{\"@type\":\"BreadcrumbList\",\"@id\":\"https:\\\/\\\/quehacerpolitico.mx\\\/?p=14545#breadcrumb\",\"itemListElement\":[{\"@type\":\"ListItem\",\"position\":1,\"name\":\"Inicio\",\"item\":\"https:\\\/\\\/quehacerpolitico.mx\\\/\"},{\"@type\":\"ListItem\",\"position\":2,\"name\":\"Internacionales\\\/\\\/\\\/Carolina Alonso Romei\\\/\\\/\\\/Militares tuvieron a \u201cEl Chapo\u201d; lo colgaron de helic\u00f3ptero boca abajo y lo soltaron: Cifuentes\"}]},{\"@type\":\"WebSite\",\"@id\":\"https:\\\/\\\/quehacerpolitico.mx\\\/#website\",\"url\":\"https:\\\/\\\/quehacerpolitico.mx\\\/\",\"name\":\"\",\"description\":\"\",\"potentialAction\":[{\"@type\":\"SearchAction\",\"target\":{\"@type\":\"EntryPoint\",\"urlTemplate\":\"https:\\\/\\\/quehacerpolitico.mx\\\/?s={search_term_string}\"},\"query-input\":{\"@type\":\"PropertyValueSpecification\",\"valueRequired\":true,\"valueName\":\"search_term_string\"}}],\"inLanguage\":\"es\"},{\"@type\":\"Person\",\"@id\":\"https:\\\/\\\/quehacerpolitico.mx\\\/#\\\/schema\\\/person\\\/496d8ad2d1d3f8036101dca7ee39e585\",\"name\":\"Redacci\u00f3n QP\",\"image\":{\"@type\":\"ImageObject\",\"inLanguage\":\"es\",\"@id\":\"https:\\\/\\\/secure.gravatar.com\\\/avatar\\\/c7164ed6fdec453195284ad24a5ae5b6e1eed2b848477fa2a4787ba9adf39a41?s=96&d=mm&r=g\",\"url\":\"https:\\\/\\\/secure.gravatar.com\\\/avatar\\\/c7164ed6fdec453195284ad24a5ae5b6e1eed2b848477fa2a4787ba9adf39a41?s=96&d=mm&r=g\",\"contentUrl\":\"https:\\\/\\\/secure.gravatar.com\\\/avatar\\\/c7164ed6fdec453195284ad24a5ae5b6e1eed2b848477fa2a4787ba9adf39a41?s=96&d=mm&r=g\",\"caption\":\"Redacci\u00f3n QP\"},\"url\":\"https:\\\/\\\/quehacerpolitico.mx\\\/?author=2\"}]}<\/script>\n<!-- \/ Yoast SEO plugin. -->","yoast_head_json":{"title":"Internacionales\/\/\/Carolina Alonso Romei\/\/\/Militares tuvieron a \u201cEl Chapo\u201d; lo colgaron de helic\u00f3ptero boca abajo y lo soltaron: Cifuentes -","robots":{"index":"index","follow":"follow","max-snippet":"max-snippet:-1","max-image-preview":"max-image-preview:large","max-video-preview":"max-video-preview:-1"},"canonical":"https:\/\/quehacerpolitico.mx\/?p=14545","og_locale":"es_MX","og_type":"article","og_title":"Internacionales\/\/\/Carolina Alonso Romei\/\/\/Militares tuvieron a \u201cEl Chapo\u201d; lo colgaron de helic\u00f3ptero boca abajo y lo soltaron: Cifuentes -","og_description":"Militares tuvieron a \u201cEl Chapo\u201d; lo colgaron de helic\u00f3ptero boca abajo y lo soltaron: Cifuentes Por Carolina Alonso Romei Internacionalista","og_url":"https:\/\/quehacerpolitico.mx\/?p=14545","article_published_time":"2019-01-16T22:18:45+00:00","author":"Redacci\u00f3n QP","twitter_card":"summary_large_image","twitter_misc":{"Escrito por":"Redacci\u00f3n QP","Tiempo de lectura":"3 minutos"},"schema":{"@context":"https:\/\/schema.org","@graph":[{"@type":"Article","@id":"https:\/\/quehacerpolitico.mx\/?p=14545#article","isPartOf":{"@id":"https:\/\/quehacerpolitico.mx\/?p=14545"},"author":{"name":"Redacci\u00f3n QP","@id":"https:\/\/quehacerpolitico.mx\/#\/schema\/person\/496d8ad2d1d3f8036101dca7ee39e585"},"headline":"Internacionales\/\/\/Carolina Alonso Romei\/\/\/Militares tuvieron a \u201cEl Chapo\u201d; lo colgaron de helic\u00f3ptero boca abajo y lo soltaron: Cifuentes","datePublished":"2019-01-16T22:18:45+00:00","mainEntityOfPage":{"@id":"https:\/\/quehacerpolitico.mx\/?p=14545"},"wordCount":565,"commentCount":0,"image":{"@id":"https:\/\/quehacerpolitico.mx\/?p=14545#primaryimage"},"thumbnailUrl":"","articleSection":["Internacionales"],"inLanguage":"es","potentialAction":[{"@type":"CommentAction","name":"Comment","target":["https:\/\/quehacerpolitico.mx\/?p=14545#respond"]}]},{"@type":"WebPage","@id":"https:\/\/quehacerpolitico.mx\/?p=14545","url":"https:\/\/quehacerpolitico.mx\/?p=14545","name":"Internacionales\/\/\/Carolina Alonso Romei\/\/\/Militares tuvieron a \u201cEl Chapo\u201d; lo colgaron de helic\u00f3ptero boca abajo y lo soltaron: Cifuentes -","isPartOf":{"@id":"https:\/\/quehacerpolitico.mx\/#website"},"primaryImageOfPage":{"@id":"https:\/\/quehacerpolitico.mx\/?p=14545#primaryimage"},"image":{"@id":"https:\/\/quehacerpolitico.mx\/?p=14545#primaryimage"},"thumbnailUrl":"","datePublished":"2019-01-16T22:18:45+00:00","author":{"@id":"https:\/\/quehacerpolitico.mx\/#\/schema\/person\/496d8ad2d1d3f8036101dca7ee39e585"},"breadcrumb":{"@id":"https:\/\/quehacerpolitico.mx\/?p=14545#breadcrumb"},"inLanguage":"es","potentialAction":[{"@type":"ReadAction","target":["https:\/\/quehacerpolitico.mx\/?p=14545"]}]},{"@type":"ImageObject","inLanguage":"es","@id":"https:\/\/quehacerpolitico.mx\/?p=14545#primaryimage","url":"","contentUrl":""},{"@type":"BreadcrumbList","@id":"https:\/\/quehacerpolitico.mx\/?p=14545#breadcrumb","itemListElement":[{"@type":"ListItem","position":1,"name":"Inicio","item":"https:\/\/quehacerpolitico.mx\/"},{"@type":"ListItem","position":2,"name":"Internacionales\/\/\/Carolina Alonso Romei\/\/\/Militares tuvieron a \u201cEl Chapo\u201d; lo colgaron de helic\u00f3ptero boca abajo y lo soltaron: Cifuentes"}]},{"@type":"WebSite","@id":"https:\/\/quehacerpolitico.mx\/#website","url":"https:\/\/quehacerpolitico.mx\/","name":"","description":"","potentialAction":[{"@type":"SearchAction","target":{"@type":"EntryPoint","urlTemplate":"https:\/\/quehacerpolitico.mx\/?s={search_term_string}"},"query-input":{"@type":"PropertyValueSpecification","valueRequired":true,"valueName":"search_term_string"}}],"inLanguage":"es"},{"@type":"Person","@id":"https:\/\/quehacerpolitico.mx\/#\/schema\/person\/496d8ad2d1d3f8036101dca7ee39e585","name":"Redacci\u00f3n QP","image":{"@type":"ImageObject","inLanguage":"es","@id":"https:\/\/secure.gravatar.com\/avatar\/c7164ed6fdec453195284ad24a5ae5b6e1eed2b848477fa2a4787ba9adf39a41?s=96&d=mm&r=g","url":"https:\/\/secure.gravatar.com\/avatar\/c7164ed6fdec453195284ad24a5ae5b6e1eed2b848477fa2a4787ba9adf39a41?s=96&d=mm&r=g","contentUrl":"https:\/\/secure.gravatar.com\/avatar\/c7164ed6fdec453195284ad24a5ae5b6e1eed2b848477fa2a4787ba9adf39a41?s=96&d=mm&r=g","caption":"Redacci\u00f3n QP"},"url":"https:\/\/quehacerpolitico.mx\/?author=2"}]}},"featured_image_urls":{"full":"","thumbnail":"","medium":"","medium_large":"","large":"","1536x1536":"","2048x2048":"","covernews-featured":"","covernews-medium":""},"author_info":{"display_name":"Redacci\u00f3n QP","author_link":"https:\/\/quehacerpolitico.mx\/?author=2"},"category_info":"<a href=\"https:\/\/quehacerpolitico.mx\/?cat=1\" rel=\"category\">Internacionales<\/a>","tag_info":"Internacionales","comment_count":"0","_links":{"self":[{"href":"https:\/\/quehacerpolitico.mx\/index.php?rest_route=\/wp\/v2\/posts\/14545","targetHints":{"allow":["GET"]}}],"collection":[{"href":"https:\/\/quehacerpolitico.mx\/index.php?rest_route=\/wp\/v2\/posts"}],"about":[{"href":"https:\/\/quehacerpolitico.mx\/index.php?rest_route=\/wp\/v2\/types\/post"}],"author":[{"embeddable":true,"href":"https:\/\/quehacerpolitico.mx\/index.php?rest_route=\/wp\/v2\/users\/2"}],"replies":[{"embeddable":true,"href":"https:\/\/quehacerpolitico.mx\/index.php?rest_route=%2Fwp%2Fv2%2Fcomments&post=14545"}],"version-history":[{"count":0,"href":"https:\/\/quehacerpolitico.mx\/index.php?rest_route=\/wp\/v2\/posts\/14545\/revisions"}],"wp:featuredmedia":[{"embeddable":true,"href":"https:\/\/quehacerpolitico.mx\/index.php?rest_route=\/"}],"wp:attachment":[{"href":"https:\/\/quehacerpolitico.mx\/index.php?rest_route=%2Fwp%2Fv2%2Fmedia&parent=14545"}],"wp:term":[{"taxonomy":"category","embeddable":true,"href":"https:\/\/quehacerpolitico.mx\/index.php?rest_route=%2Fwp%2Fv2%2Fcategories&post=14545"},{"taxonomy":"post_tag","embeddable":true,"href":"https:\/\/quehacerpolitico.mx\/index.php?rest_route=%2Fwp%2Fv2%2Ftags&post=14545"}],"curies":[{"name":"wp","href":"https:\/\/api.w.org\/{rel}","templated":true}]}}