{"id":14543,"date":"2019-01-16T22:09:45","date_gmt":"2019-01-16T22:09:45","guid":{"rendered":"http:\/\/quehacerpolitico.mx\/los-gobernadores-salen-ya-mas-blanditos-despues-de-la-reunion-con-sanchez-nahle-y-durazo\/"},"modified":"2019-01-16T22:09:45","modified_gmt":"2019-01-16T22:09:45","slug":"los-gobernadores-salen-ya-mas-blanditos-despues-de-la-reunion-con-sanchez-nahle-y-durazo","status":"publish","type":"post","link":"https:\/\/quehacerpolitico.mx\/?p=14543","title":{"rendered":"Los gobernadores salen ya m\u00e1s blanditos despu\u00e9s de la reuni\u00f3n con S\u00e1nchez, Nahle y Durazo"},"content":{"rendered":"<h1>Los gobernadores salen ya m\u00e1s blanditos despu\u00e9s de la reuni\u00f3n con S\u00e1nchez, Nahle y Durazo<\/h1>\n<p>Por Redacci\u00f3n QP<\/p>\n<p>Los <strong>Gobernadores<\/strong> de Jalisco, Hidalgo, Guanajuato y Quer\u00e9taro, estados que han registrado<strong> desabasto de gasolina<\/strong>, respaldaron la lucha del Gobierno de Andr\u00e9s Manuel L\u00f3pez Obrador contra el <strong>robo de combustible<\/strong>. Y tambi\u00e9n hicieron un llamado a que garantice el abasto de gasolina.<\/p>\n<p>Los mandatarios sostuvieron una reuni\u00f3n esta ma\u00f1ana con los titulares de la Secretar\u00eda de Gobernaci\u00f3n (<strong>Segob<\/strong>), Olga S\u00e1nchez Cordero; de Energ\u00eda (<strong>Sener<\/strong>) Roc\u00edo Nahle; y el director de Petr\u00f3leos Mexicanos (<strong>Pemex<\/strong>) Octavio Romero.\u00a0El encuentro fue de car\u00e1cter privado en el que analizaron\u00a0el tema de desabasto de combustibles y las estrategias a seguir para atacar el problema.<\/p>\n<p>En la reuni\u00f3n estuvieron presentes Diego Sinhu\u00e9, Gobernador de <strong>Guanajuato<\/strong>; Omar Fayad,\u00a0de <strong>Hidalgo<\/strong>; Francisco Dom\u00ednguez, de <strong>Quer\u00e9taro<\/strong>; Silvano Aureoles, de Michoac\u00e1n; Alfredo Del Mazo, del <strong>Estado de M\u00e9xico<\/strong>; y Enrique Alfaro,\u00a0de <strong>Jalisco<\/strong>.<\/p>\n<p>Tambi\u00e9n estuvieron el Secretario de Seguridad y Protecci\u00f3n Ciudadana, <strong>Alfonso Durazo<\/strong>,\u00a0y representantes de la Secretar\u00eda de Defensa Nacional.<\/p>\n<p>En una conferencia de prensa conjunta, la Secretar\u00eda de Energ\u00eda, Roc\u00edo Nahle, indic\u00f3 que en la reuni\u00f3n se hizo un cruce de datos en donde se explic\u00f3 a los gobernadores el contexto de las operaciones implementadas por el Gobierno federal para combatir el robo de combustibles y comprender el contexto de la operaci\u00f3n.<\/p>\n<p>Nahle mencion\u00f3 que los gobernadores presentes encabezan los estados ubicados en la zona del Baj\u00edo, donde hay mayor robo de combustible a los ductos, por este motivo se han visto afectados.<\/p>\n<p>La titular de la Sener asegur\u00f3 que todos los participantes en la reuni\u00f3n acordaron cooperar y trabajar de manera conjunta para normalizar el abasto de combustibles en estas entidades de manera pronta.<\/p>\n<p>El Secretario de Seguridad y Protecci\u00f3n Ciudadana del Gobierno de M\u00e9xico inform\u00f3 que durante la reuni\u00f3n los integrantes del Gabinete tuvieron la oportunidad de presentar a detalle la complejidad del combate al robo combustibles en el pa\u00eds encabezada por el Presidente.<\/p>\n<blockquote>\n<p>\u201cQuiero agradecer la comprensi\u00f3n de los se\u00f1ores gobernadores frente a esta informaci\u00f3n y sobre todo la disposici\u00f3n de sumar esfuerzos para garantizar el abasto de combustibles en sus respectivos estados\u201d, dijo.<\/p>\n<\/blockquote>\n<p>Alfonso Durazo mencion\u00f3 que los gobernadores expresaron su apoyo para reforzar cualquier tarea de seguridad relacionada con la custodia de los ductos o la custodia de los equipos que transportan combustible.<\/p>\n<p>El Secretario de Seguridad dijo que se han presentado algunos indigentes menores y asegur\u00f3 que gracias al apoyo de los mandatarios se han obtenido resultados favorables.<\/p>\n<div id=\"attachment_3523472\" class=\"wp-caption alignnone\"><img loading=\"lazy\" decoding=\"async\" class=\"wp-image-3523472 size-full\" src=\"https:\/\/www.sinembargo.mx\/wp-content\/uploads\/2019\/01\/alfaro.jpg\" sizes=\"auto, (max-width: 700px) 100vw, 700px\" srcset=\"https:\/\/www.sinembargo.mx\/wp-content\/uploads\/2019\/01\/alfaro.jpg 700w, https:\/\/www.sinembargo.mx\/wp-content\/uploads\/2019\/01\/alfaro-300x200.jpg 300w\" alt=\"\" width=\"700\" height=\"467\" \/><\/p>\n<p class=\"wp-caption-text\">El Gobernador de Jalisco, Enrique Alfaro. Foto: Cuartoscruo<\/p>\n<\/div>\n<p><strong>ALFARO PIDE ABRIR EL DUCTO<\/strong><\/p>\n<p>El Gobernador de Jalisco Enrique Alfaro dijo que durante la reuni\u00f3n con los funcionarios federales pudieron tener una visi\u00f3n m\u00e1s clara \u201cdel reto que emprendi\u00f3 el Presidente\u201d L\u00f3pez Obrador al iniciar el combate contra el huachicol. Tambi\u00e9n destac\u00f3 que tuvieron la oportunidad de presentarles los datos sobre la situaci\u00f3n en las entidades y solicitar as\u00ed el abasto de combustible.<\/p>\n<blockquote>\n<p>\u201cFue una reuni\u00f3n muy positiva. Nos permiti\u00f3 a todos entender, dimensionar, de manera m\u00e1s clara el tama\u00f1o del reto que emprendi\u00f3 el Presidente de la Rep\u00fablica\u201d, dijo Alfaro.<\/p>\n<\/blockquote>\n<p>Detall\u00f3 que se pudieron cruzar cifras \u201cporque no siempre lo que se ve desde la administraci\u00f3n p\u00fablica federal corresponde a lo que viven los estados\u201d.<\/p>\n<blockquote>\n<p>\u201cEntendemos la necesidad un nuevo mecanismo de abasto, de distribuci\u00f3n en el pa\u00eds, [sin embargo] tambi\u00e9n es cierto que requerimos para poder normalizar la situaci\u00f3n la abertura del ducto Salamanca-Guadalajara\u201d, dijo.<\/p>\n<\/blockquote>\n<p>Se\u00f1al\u00f3 que el tema de la apertura del ducto ya se est\u00e1 analizando y en las pr\u00f3ximas horas se har\u00e1n los anuncios correspondientes.<\/p>\n<p>Alfaro detall\u00f3 que tambi\u00e9n se reafirm\u00f3 su compromiso de participar en la tarea del resguardo de ductos y pipas de Pemex.<\/p>\n<p>\u201cEsperaremos instrucciones para ver c\u00f3mo apoyamos\u201d.<\/p>\n<p><strong>TOTAL RESPALDO: AUREOLES<\/strong><\/p>\n<blockquote>\n<p>\u201cTotal nuestro respaldo a la determinaci\u00f3n del Gobierno de enfrentar este robo a la Naci\u00f3n\u201d, dijo el Gobernador de Michoac\u00e1n, Silvano Aureoles.<\/p>\n<p>Reiter\u00f3 tambi\u00e9n su disposici\u00f3n en colaborar con lo que puedan.<\/p>\n<blockquote>\n<p>\u201cEra muy importante este di\u00e1logo, m\u00e1s directo, ampl\u00edo para poder transmitir la informaci\u00f3n correcta y no generar una ruta de tel\u00e9fono descompuesto [\u2026] de cu\u00e1n se va a restablecer el abasto\u201d, dijo.<\/p>\n<\/blockquote>\n<p>Se\u00f1al\u00f3 que en Michoac\u00e1n hay quejas de la gente de que hay escasez, lo cual ha generado incertidumbre.<\/p>\n<p>\u201cCon la informaci\u00f3n que recibimos podr\u00e9 precisar en el estado c\u00f3mo est\u00e1n las cosas y cu\u00e1les son los escenarios de las pr\u00f3ximas horas y los pr\u00f3ximos d\u00edas\u201d, indic\u00f3.<\/p>\n<p>Aureoles dijo que les confirmaron que combustible s\u00ed hay, y as\u00ed mismo lo han confirmado ellos en L\u00e1zaro C\u00e1rdenas, lo que falta es resolver el tema del transporte.<\/p>\n<p><strong>HAY SUFICIENTE GASOLINA: DOM\u00cdNGUEZ<\/strong><\/p>\n<p>Francisco Dom\u00ednguez, Gobernador de Quer\u00e9taro, dijo que durante la reuni\u00f3n las autoridades federales garantizaron que hay suficiente gasolina para todo el pa\u00eds y que en los pr\u00f3ximos d\u00edas el abasto se normalizar\u00e1.<\/p>\n<p>El mandatario indic\u00f3 que el combustible se va a mover por ductos y pipas. Adem\u00e1s, con el apoyo de Pemex total trabajamos tambi\u00e9n con los concesionarios de Pemex y privados para lograr restablecer lo m\u00e1s r\u00e1pido el abasto de gasolinas.<\/p>\n<div id=\"attachment_3523474\" class=\"wp-caption alignnone\"><img loading=\"lazy\" decoding=\"async\" class=\"wp-image-3523474 size-full\" src=\"https:\/\/www.sinembargo.mx\/wp-content\/uploads\/2019\/01\/sinueh.jpg\" sizes=\"auto, (max-width: 700px) 100vw, 700px\" srcset=\"https:\/\/www.sinembargo.mx\/wp-content\/uploads\/2019\/01\/sinueh.jpg 700w, https:\/\/www.sinembargo.mx\/wp-content\/uploads\/2019\/01\/sinueh-300x200.jpg 300w\" alt=\"\" width=\"700\" height=\"467\" \/><\/p>\n<p class=\"wp-caption-text\">Diego Sinhe Rodr\u00edguez, Gobernador de Guanajuato. Foto: Cuartoscuro<\/p>\n<\/div>\n<p>Dom\u00ednguez asegur\u00f3 que los gobernadores respaldaron la estrategia de combate al huachicol implementada por el Gobierno Federal.<\/p>\n<blockquote>\n<p>\u201cHoy la certidumbre del abasto de gasolina la tenemos total\u201d, dijo<\/p>\n<\/blockquote>\n<p><strong>GUANAJUATO COMPRAR\u00c1 A TEXAS<\/strong><\/p>\n<p>Diego Sinhue, Gobernador de Guanajuato, dijo que en su estado el abasto de combustible es de s\u00f3lo el 15 por ciento.<\/p>\n<p>El mandatario, mencion\u00f3 que la escasez de gasolinas en el pa\u00eds. Dijo que se comprar\u00e1 combustible en Houston, Texas, para atender el desabasto.<\/p>\n<p>\u201cSeguiremos en coordinaciones, seguimos trabajando en conjunto\u201d, indic\u00f3.<\/p>\n<blockquote class=\"twitter-tweet\" data-width=\"550\" data-dnt=\"true\">\n<p lang=\"es\" dir=\"ltr\">Ni un paso atr\u00e1s contra el robo de combustible, asegura la secretaria de Gobernaci\u00f3n <a href=\"https:\/\/twitter.com\/M_OlgaSCordero?ref_src=twsrc%5Etfw\">@M_OlgaSCordero<\/a> quien estuvo acompa\u00f1ada por los gobernadores de las entidades afectadas por la falta de combustible. <a href=\"https:\/\/t.co\/nRnTpoxHjo\">pic.twitter.com\/nRnTpoxHjo<\/a><\/p>\n<p>&mdash; Ruido en la Red (@RuidoEnLaRed) <a href=\"https:\/\/twitter.com\/RuidoEnLaRed\/status\/1085620228883656706?ref_src=twsrc%5Etfw\">January 16, 2019<\/a><\/p><\/blockquote>\n<p><script async src=\"https:\/\/platform.twitter.com\/widgets.js\" charset=\"utf-8\"><\/script><\/p>\n<\/blockquote>\n","protected":false},"excerpt":{"rendered":"<p>Los gobernadores salen ya m\u00e1s blanditos despu\u00e9s de la reuni\u00f3n con S\u00e1nchez, Nahle y Durazo<br \/>\nPor Redacci\u00f3n QP<\/p>\n","protected":false},"author":2,"featured_media":14542,"comment_status":"open","ping_status":"open","sticky":false,"template":"","format":"standard","meta":{"_monsterinsights_skip_tracking":false,"_monsterinsights_sitenote_active":false,"_monsterinsights_sitenote_note":"","_monsterinsights_sitenote_category":0,"footnotes":""},"categories":[2],"tags":[],"class_list":["post-14543","post","type-post","status-publish","format-standard","has-post-thumbnail","hentry","category-noticias"],"yoast_head":"<!-- This site is optimized with the Yoast SEO plugin v27.3 - https:\/\/yoast.com\/product\/yoast-seo-wordpress\/ -->\n<title>Los gobernadores salen ya m\u00e1s blanditos despu\u00e9s de la reuni\u00f3n con S\u00e1nchez, Nahle y Durazo -<\/title>\n<meta name=\"robots\" content=\"index, follow, max-snippet:-1, max-image-preview:large, max-video-preview:-1\" \/>\n<link rel=\"canonical\" href=\"https:\/\/quehacerpolitico.mx\/?p=14543\" \/>\n<meta property=\"og:locale\" content=\"es_MX\" \/>\n<meta property=\"og:type\" content=\"article\" \/>\n<meta property=\"og:title\" content=\"Los gobernadores salen ya m\u00e1s blanditos despu\u00e9s de la reuni\u00f3n con S\u00e1nchez, Nahle y Durazo -\" \/>\n<meta property=\"og:description\" content=\"Los gobernadores salen ya m\u00e1s blanditos despu\u00e9s de la reuni\u00f3n con S\u00e1nchez, Nahle y Durazo Por Redacci\u00f3n QP\" \/>\n<meta property=\"og:url\" content=\"https:\/\/quehacerpolitico.mx\/?p=14543\" \/>\n<meta property=\"article:published_time\" content=\"2019-01-16T22:09:45+00:00\" \/>\n<meta name=\"author\" content=\"Redacci\u00f3n QP\" \/>\n<meta name=\"twitter:card\" content=\"summary_large_image\" \/>\n<meta name=\"twitter:label1\" content=\"Escrito por\" \/>\n\t<meta name=\"twitter:data1\" content=\"Redacci\u00f3n QP\" \/>\n\t<meta name=\"twitter:label2\" content=\"Tiempo de lectura\" \/>\n\t<meta name=\"twitter:data2\" content=\"5 minutos\" \/>\n<script type=\"application\/ld+json\" class=\"yoast-schema-graph\">{\"@context\":\"https:\\\/\\\/schema.org\",\"@graph\":[{\"@type\":\"Article\",\"@id\":\"https:\\\/\\\/quehacerpolitico.mx\\\/?p=14543#article\",\"isPartOf\":{\"@id\":\"https:\\\/\\\/quehacerpolitico.mx\\\/?p=14543\"},\"author\":{\"name\":\"Redacci\u00f3n QP\",\"@id\":\"https:\\\/\\\/quehacerpolitico.mx\\\/#\\\/schema\\\/person\\\/496d8ad2d1d3f8036101dca7ee39e585\"},\"headline\":\"Los gobernadores salen ya m\u00e1s blanditos despu\u00e9s de la reuni\u00f3n con S\u00e1nchez, Nahle y Durazo\",\"datePublished\":\"2019-01-16T22:09:45+00:00\",\"mainEntityOfPage\":{\"@id\":\"https:\\\/\\\/quehacerpolitico.mx\\\/?p=14543\"},\"wordCount\":1053,\"commentCount\":0,\"image\":{\"@id\":\"https:\\\/\\\/quehacerpolitico.mx\\\/?p=14543#primaryimage\"},\"thumbnailUrl\":\"\",\"articleSection\":[\"Noticias\"],\"inLanguage\":\"es\",\"potentialAction\":[{\"@type\":\"CommentAction\",\"name\":\"Comment\",\"target\":[\"https:\\\/\\\/quehacerpolitico.mx\\\/?p=14543#respond\"]}]},{\"@type\":\"WebPage\",\"@id\":\"https:\\\/\\\/quehacerpolitico.mx\\\/?p=14543\",\"url\":\"https:\\\/\\\/quehacerpolitico.mx\\\/?p=14543\",\"name\":\"Los gobernadores salen ya m\u00e1s blanditos despu\u00e9s de la reuni\u00f3n con S\u00e1nchez, Nahle y Durazo -\",\"isPartOf\":{\"@id\":\"https:\\\/\\\/quehacerpolitico.mx\\\/#website\"},\"primaryImageOfPage\":{\"@id\":\"https:\\\/\\\/quehacerpolitico.mx\\\/?p=14543#primaryimage\"},\"image\":{\"@id\":\"https:\\\/\\\/quehacerpolitico.mx\\\/?p=14543#primaryimage\"},\"thumbnailUrl\":\"\",\"datePublished\":\"2019-01-16T22:09:45+00:00\",\"author\":{\"@id\":\"https:\\\/\\\/quehacerpolitico.mx\\\/#\\\/schema\\\/person\\\/496d8ad2d1d3f8036101dca7ee39e585\"},\"breadcrumb\":{\"@id\":\"https:\\\/\\\/quehacerpolitico.mx\\\/?p=14543#breadcrumb\"},\"inLanguage\":\"es\",\"potentialAction\":[{\"@type\":\"ReadAction\",\"target\":[\"https:\\\/\\\/quehacerpolitico.mx\\\/?p=14543\"]}]},{\"@type\":\"ImageObject\",\"inLanguage\":\"es\",\"@id\":\"https:\\\/\\\/quehacerpolitico.mx\\\/?p=14543#primaryimage\",\"url\":\"\",\"contentUrl\":\"\"},{\"@type\":\"BreadcrumbList\",\"@id\":\"https:\\\/\\\/quehacerpolitico.mx\\\/?p=14543#breadcrumb\",\"itemListElement\":[{\"@type\":\"ListItem\",\"position\":1,\"name\":\"Inicio\",\"item\":\"https:\\\/\\\/quehacerpolitico.mx\\\/\"},{\"@type\":\"ListItem\",\"position\":2,\"name\":\"Los gobernadores salen ya m\u00e1s blanditos despu\u00e9s de la reuni\u00f3n con S\u00e1nchez, Nahle y Durazo\"}]},{\"@type\":\"WebSite\",\"@id\":\"https:\\\/\\\/quehacerpolitico.mx\\\/#website\",\"url\":\"https:\\\/\\\/quehacerpolitico.mx\\\/\",\"name\":\"\",\"description\":\"\",\"potentialAction\":[{\"@type\":\"SearchAction\",\"target\":{\"@type\":\"EntryPoint\",\"urlTemplate\":\"https:\\\/\\\/quehacerpolitico.mx\\\/?s={search_term_string}\"},\"query-input\":{\"@type\":\"PropertyValueSpecification\",\"valueRequired\":true,\"valueName\":\"search_term_string\"}}],\"inLanguage\":\"es\"},{\"@type\":\"Person\",\"@id\":\"https:\\\/\\\/quehacerpolitico.mx\\\/#\\\/schema\\\/person\\\/496d8ad2d1d3f8036101dca7ee39e585\",\"name\":\"Redacci\u00f3n QP\",\"image\":{\"@type\":\"ImageObject\",\"inLanguage\":\"es\",\"@id\":\"https:\\\/\\\/secure.gravatar.com\\\/avatar\\\/c7164ed6fdec453195284ad24a5ae5b6e1eed2b848477fa2a4787ba9adf39a41?s=96&d=mm&r=g\",\"url\":\"https:\\\/\\\/secure.gravatar.com\\\/avatar\\\/c7164ed6fdec453195284ad24a5ae5b6e1eed2b848477fa2a4787ba9adf39a41?s=96&d=mm&r=g\",\"contentUrl\":\"https:\\\/\\\/secure.gravatar.com\\\/avatar\\\/c7164ed6fdec453195284ad24a5ae5b6e1eed2b848477fa2a4787ba9adf39a41?s=96&d=mm&r=g\",\"caption\":\"Redacci\u00f3n QP\"},\"url\":\"https:\\\/\\\/quehacerpolitico.mx\\\/?author=2\"}]}<\/script>\n<!-- \/ Yoast SEO plugin. -->","yoast_head_json":{"title":"Los gobernadores salen ya m\u00e1s blanditos despu\u00e9s de la reuni\u00f3n con S\u00e1nchez, Nahle y Durazo -","robots":{"index":"index","follow":"follow","max-snippet":"max-snippet:-1","max-image-preview":"max-image-preview:large","max-video-preview":"max-video-preview:-1"},"canonical":"https:\/\/quehacerpolitico.mx\/?p=14543","og_locale":"es_MX","og_type":"article","og_title":"Los gobernadores salen ya m\u00e1s blanditos despu\u00e9s de la reuni\u00f3n con S\u00e1nchez, Nahle y Durazo -","og_description":"Los gobernadores salen ya m\u00e1s blanditos despu\u00e9s de la reuni\u00f3n con S\u00e1nchez, Nahle y Durazo Por Redacci\u00f3n QP","og_url":"https:\/\/quehacerpolitico.mx\/?p=14543","article_published_time":"2019-01-16T22:09:45+00:00","author":"Redacci\u00f3n QP","twitter_card":"summary_large_image","twitter_misc":{"Escrito por":"Redacci\u00f3n QP","Tiempo de lectura":"5 minutos"},"schema":{"@context":"https:\/\/schema.org","@graph":[{"@type":"Article","@id":"https:\/\/quehacerpolitico.mx\/?p=14543#article","isPartOf":{"@id":"https:\/\/quehacerpolitico.mx\/?p=14543"},"author":{"name":"Redacci\u00f3n QP","@id":"https:\/\/quehacerpolitico.mx\/#\/schema\/person\/496d8ad2d1d3f8036101dca7ee39e585"},"headline":"Los gobernadores salen ya m\u00e1s blanditos despu\u00e9s de la reuni\u00f3n con S\u00e1nchez, Nahle y Durazo","datePublished":"2019-01-16T22:09:45+00:00","mainEntityOfPage":{"@id":"https:\/\/quehacerpolitico.mx\/?p=14543"},"wordCount":1053,"commentCount":0,"image":{"@id":"https:\/\/quehacerpolitico.mx\/?p=14543#primaryimage"},"thumbnailUrl":"","articleSection":["Noticias"],"inLanguage":"es","potentialAction":[{"@type":"CommentAction","name":"Comment","target":["https:\/\/quehacerpolitico.mx\/?p=14543#respond"]}]},{"@type":"WebPage","@id":"https:\/\/quehacerpolitico.mx\/?p=14543","url":"https:\/\/quehacerpolitico.mx\/?p=14543","name":"Los gobernadores salen ya m\u00e1s blanditos despu\u00e9s de la reuni\u00f3n con S\u00e1nchez, Nahle y Durazo -","isPartOf":{"@id":"https:\/\/quehacerpolitico.mx\/#website"},"primaryImageOfPage":{"@id":"https:\/\/quehacerpolitico.mx\/?p=14543#primaryimage"},"image":{"@id":"https:\/\/quehacerpolitico.mx\/?p=14543#primaryimage"},"thumbnailUrl":"","datePublished":"2019-01-16T22:09:45+00:00","author":{"@id":"https:\/\/quehacerpolitico.mx\/#\/schema\/person\/496d8ad2d1d3f8036101dca7ee39e585"},"breadcrumb":{"@id":"https:\/\/quehacerpolitico.mx\/?p=14543#breadcrumb"},"inLanguage":"es","potentialAction":[{"@type":"ReadAction","target":["https:\/\/quehacerpolitico.mx\/?p=14543"]}]},{"@type":"ImageObject","inLanguage":"es","@id":"https:\/\/quehacerpolitico.mx\/?p=14543#primaryimage","url":"","contentUrl":""},{"@type":"BreadcrumbList","@id":"https:\/\/quehacerpolitico.mx\/?p=14543#breadcrumb","itemListElement":[{"@type":"ListItem","position":1,"name":"Inicio","item":"https:\/\/quehacerpolitico.mx\/"},{"@type":"ListItem","position":2,"name":"Los gobernadores salen ya m\u00e1s blanditos despu\u00e9s de la reuni\u00f3n con S\u00e1nchez, Nahle y Durazo"}]},{"@type":"WebSite","@id":"https:\/\/quehacerpolitico.mx\/#website","url":"https:\/\/quehacerpolitico.mx\/","name":"","description":"","potentialAction":[{"@type":"SearchAction","target":{"@type":"EntryPoint","urlTemplate":"https:\/\/quehacerpolitico.mx\/?s={search_term_string}"},"query-input":{"@type":"PropertyValueSpecification","valueRequired":true,"valueName":"search_term_string"}}],"inLanguage":"es"},{"@type":"Person","@id":"https:\/\/quehacerpolitico.mx\/#\/schema\/person\/496d8ad2d1d3f8036101dca7ee39e585","name":"Redacci\u00f3n QP","image":{"@type":"ImageObject","inLanguage":"es","@id":"https:\/\/secure.gravatar.com\/avatar\/c7164ed6fdec453195284ad24a5ae5b6e1eed2b848477fa2a4787ba9adf39a41?s=96&d=mm&r=g","url":"https:\/\/secure.gravatar.com\/avatar\/c7164ed6fdec453195284ad24a5ae5b6e1eed2b848477fa2a4787ba9adf39a41?s=96&d=mm&r=g","contentUrl":"https:\/\/secure.gravatar.com\/avatar\/c7164ed6fdec453195284ad24a5ae5b6e1eed2b848477fa2a4787ba9adf39a41?s=96&d=mm&r=g","caption":"Redacci\u00f3n QP"},"url":"https:\/\/quehacerpolitico.mx\/?author=2"}]}},"featured_image_urls":{"full":"","thumbnail":"","medium":"","medium_large":"","large":"","1536x1536":"","2048x2048":"","covernews-featured":"","covernews-medium":""},"author_info":{"display_name":"Redacci\u00f3n QP","author_link":"https:\/\/quehacerpolitico.mx\/?author=2"},"category_info":"<a href=\"https:\/\/quehacerpolitico.mx\/?cat=2\" rel=\"category\">Noticias<\/a>","tag_info":"Noticias","comment_count":"0","_links":{"self":[{"href":"https:\/\/quehacerpolitico.mx\/index.php?rest_route=\/wp\/v2\/posts\/14543","targetHints":{"allow":["GET"]}}],"collection":[{"href":"https:\/\/quehacerpolitico.mx\/index.php?rest_route=\/wp\/v2\/posts"}],"about":[{"href":"https:\/\/quehacerpolitico.mx\/index.php?rest_route=\/wp\/v2\/types\/post"}],"author":[{"embeddable":true,"href":"https:\/\/quehacerpolitico.mx\/index.php?rest_route=\/wp\/v2\/users\/2"}],"replies":[{"embeddable":true,"href":"https:\/\/quehacerpolitico.mx\/index.php?rest_route=%2Fwp%2Fv2%2Fcomments&post=14543"}],"version-history":[{"count":0,"href":"https:\/\/quehacerpolitico.mx\/index.php?rest_route=\/wp\/v2\/posts\/14543\/revisions"}],"wp:featuredmedia":[{"embeddable":true,"href":"https:\/\/quehacerpolitico.mx\/index.php?rest_route=\/"}],"wp:attachment":[{"href":"https:\/\/quehacerpolitico.mx\/index.php?rest_route=%2Fwp%2Fv2%2Fmedia&parent=14543"}],"wp:term":[{"taxonomy":"category","embeddable":true,"href":"https:\/\/quehacerpolitico.mx\/index.php?rest_route=%2Fwp%2Fv2%2Fcategories&post=14543"},{"taxonomy":"post_tag","embeddable":true,"href":"https:\/\/quehacerpolitico.mx\/index.php?rest_route=%2Fwp%2Fv2%2Ftags&post=14543"}],"curies":[{"name":"wp","href":"https:\/\/api.w.org\/{rel}","templated":true}]}}