{"id":14439,"date":"2019-01-15T23:40:19","date_gmt":"2019-01-15T23:40:19","guid":{"rendered":"http:\/\/quehacerpolitico.mx\/llego-la-hora-tomas-zeron-un-protegido-de-pena-sera-indagado-por-la-desaparicion-de-los-43\/"},"modified":"2019-01-15T23:40:19","modified_gmt":"2019-01-15T23:40:19","slug":"llego-la-hora-tomas-zeron-un-protegido-de-pena-sera-indagado-por-la-desaparicion-de-los-43","status":"publish","type":"post","link":"https:\/\/quehacerpolitico.mx\/?p=14439","title":{"rendered":"Lleg\u00f3 la hora: Tom\u00e1s Zer\u00f3n, un protegido de Pe\u00f1a, ser\u00e1 indagado por la desaparici\u00f3n de los 43"},"content":{"rendered":"<h1>Lleg\u00f3 la hora: Tom\u00e1s Zer\u00f3n, un protegido de Pe\u00f1a, ser\u00e1 indagado por la desaparici\u00f3n de los 43<\/h1>\n<p>Por Redacci\u00f3n QP<\/p>\n<p><strong>Tom\u00e1s Zer\u00f3n\u00a0De Lucio<\/strong>, ex\u00a0titular de la <strong>Agencia de Investigaci\u00f3n Criminal (AIC)<\/strong> de la Procuradur\u00eda General de la Rep\u00fablica, ser\u00e1 indagado por la <strong>Comisi\u00f3n\u00a0para la Verdad y la Justicia del caso Ayotzinapa<\/strong>.<\/p>\n<p>La investigaci\u00f3n sobre\u00a0<strong>Zer\u00f3n\u00a0De Lucio<\/strong> forma parte de la recomendaci\u00f3n que hizo la<strong>Comisi\u00f3n Nacional de los Derechos Humanos<\/strong> sobre el caso Ayotzinapa, record\u00f3 hoy\u00a0Alejandro Encinas,\u00a0subsecretario de<strong>Derechos Humanos de la Secretar\u00eda de Gobernaci\u00f3n<\/strong>.<\/p>\n<p>Durante a\u00f1os,<strong> los padres de los 43<\/strong> y el <strong>Grupo Interdisciplinario de Expertas y Expertos Independientes (GIEI)<\/strong> pidieron investigar a Tom\u00e1s Zer\u00f3n, pero fue protegido desde la Presidencia de la Rep\u00fablica. Se volvi\u00f3 asesor de <strong>Enrique Pe\u00f1a Nieto<\/strong> mientras en las calles se ped\u00eda su cabeza.<\/p>\n<div id=\"attachment_3523079\" class=\"wp-caption alignnone\"><img loading=\"lazy\" decoding=\"async\" class=\"wp-image-3523079 size-full\" src=\"https:\/\/www.sinembargo.mx\/wp-content\/uploads\/2019\/01\/senado_tomas_zeron-1.jpg\" sizes=\"auto, (max-width: 700px) 100vw, 700px\" srcset=\"https:\/\/www.sinembargo.mx\/wp-content\/uploads\/2019\/01\/senado_tomas_zeron-1.jpg 700w, https:\/\/www.sinembargo.mx\/wp-content\/uploads\/2019\/01\/senado_tomas_zeron-1-256x300.jpg 256w\" alt=\"\" width=\"700\" height=\"820\" \/><\/p>\n<p class=\"wp-caption-text\">Tom\u00e1s Zer\u00f3n. Foto: Cuartoscuro.<\/p>\n<\/div>\n<p>Hoy se instal\u00f3 la Comisi\u00f3n Para La Verdad y Acceso a la Justicia en el Caso Ayotzinapa.<\/p>\n<p>La Secretaria de Gobernaci\u00f3n,\u00a0<strong>Olga S\u00e1nchez Cordero,<\/strong> asegur\u00f3 que el objetivo principal de la <strong>Comisi\u00f3n Para la Verdad y Acceso a la Justicia en el Caso Ayotzinapa<\/strong>, que fue instalada este jueves,\u00a0es coadyuvar al esclarecimiento de la verdad sobre los sucedido con los\u00a0<strong>43 normalistas<\/strong>\u00a0desaparecidos y dar paso a la aplicaci\u00f3n de la justicia sin importar qui\u00e9nes hayan sido y qu\u00e9 cargos ocupaban.<\/p>\n<blockquote>\n<p>\u201cHoy 15 de enero de 2019 estamos aqu\u00ed para dar cumplimiento al decreto Presidencial. [\u2026] El objetivo del decreto presidencial es coadyuvar al esclarecimiento de la verdad para dar satisfacci\u00f3n al justo reclamo de los familiares de los 43 normalistas y para dar paso a la aplicaci\u00f3n de la justicia sin importar qui\u00e9nes hayan sido y que cargos ocupaban\u201d, dijo la titular de la Secretar\u00eda de Gobernaci\u00f3n.<\/p>\n<\/blockquote>\n<p>La Comisi\u00f3n est\u00e1 encabezada por el Subsecretario de Derechos humanos, migraci\u00f3n y poblaci\u00f3n, Alejandro Encinas, e incluye a los padres de los normalistas desaparecidos y a las organizaciones civiles que les han dado acompa\u00f1amiento: el Centro de los Derechos Humanos Miguel Agust\u00edn Pro Ju\u00e1rez (Prodh), el Centro de Derechos Humanos de la Monta\u00f1a Tlachinollan, Fundar y Serapaz.<\/p>\n<p>Tambi\u00e9n hay representantes de la Canciller\u00eda y de la Secretar\u00eda de Hacienda y Cr\u00e9dito P\u00fablico.<\/p>\n<div id=\"attachment_3522978\" class=\"wp-caption alignnone\"><img loading=\"lazy\" decoding=\"async\" class=\"wp-image-3522978 size-full\" src=\"https:\/\/www.sinembargo.mx\/wp-content\/uploads\/2019\/01\/20190115_122251.jpg\" sizes=\"auto, (max-width: 700px) 100vw, 700px\" srcset=\"https:\/\/www.sinembargo.mx\/wp-content\/uploads\/2019\/01\/20190115_122251.jpg 700w, https:\/\/www.sinembargo.mx\/wp-content\/uploads\/2019\/01\/20190115_122251-300x200.jpg 300w\" alt=\"\" width=\"700\" height=\"467\" \/><\/p>\n<p class=\"wp-caption-text\">Olga S\u00e1nchez y Alejandro encinas encabezaron el evento de la instalaci\u00f3n de la Comisi\u00f3n. Foto: Cuartoscuro<\/p>\n<\/div>\n<p>Acompa\u00f1ada de\u00a0<strong>Alejandro Encinas<\/strong>, el Secretario de Relaciones Exteriores, <strong>Marcelo Ebrard, <\/strong>as\u00ed como\u00a0familiares de los normalistas desaparecidos, la Secretaria de Gobernaci\u00f3n indic\u00f3 que la comisi\u00f3n tiene como tarea dar resultados de manera inmediata \u201cpara ser de los primeros que entregue\u201d el Presidente Andr\u00e9s Manuel L\u00f3pez Obrador.<\/p>\n<p>Olga S\u00e1nchez dijo que la comisi\u00f3n no parte de cero pues pese a la inconsistencias existen avances importantes de las investigaciones previas.<\/p>\n<p>La encargada de la pol\u00edtica interior, pidi\u00f3 a los integrantes de la Comisi\u00f3n \u201csu m\u00e1s decidido esfuerzo y compromiso\u201d para entregar resultados \u201cen el m\u00e1s breve plazo que sea humana, legal y cient\u00edficamente posible\u201d.<\/p>\n<blockquote>\n<p>\u201cVamos a esclarecer los hechos, vamos a conocer la verdad, esa es la orden que nos ha dado el Presidente de M\u00e9xico y la vamos a cumplir\u201d, asegur\u00f3.<\/p>\n<\/blockquote>\n<p>El pasado 3 de diciembre el Presidente Andr\u00e9s Manuel L\u00f3pez Obrador firm\u00f3, frente a los padres de los 43 normalistas desaparecidos de Ayotzinapa, su primer Decreto Presidencial, que es para crear la Comisi\u00f3n de la Verdad. Ofreci\u00f3 justicia, y llegar a la verdad; dar todas las facilidades y que \u201cla autoridad competente, que ser\u00eda la Fiscal\u00eda General, constituya esta comisi\u00f3n\u201d.<\/p>\n<p>Bajo el mandato del ex Presidente mexicano Enrique Pe\u00f1a Nieto (2012-2018), el caso m\u00e1s medi\u00e1tico fue la desaparici\u00f3n en 2014 de los 43 estudiantes de la escuela para maestros de Ayotzinapa.<\/p>\n<p>El Ejecutivo de Pe\u00f1a Nieto tuvo algunos encontronazos con la Comisi\u00f3n Interamericana de Derechos Humanos (CIDH) debido a la creaci\u00f3n de un Grupo Interdisciplinario de Expertos Independientes (GIEI) que investig\u00f3 el caso Ayotzinapa y ech\u00f3 abajo la versi\u00f3n oficial.<\/p>\n<p>De acuerdo con la \u201cverdad hist\u00f3rica\u201d defendida por el Gobierno de Pe\u00f1a Nieto, los estudiantes fueron detenidos por polic\u00edas municipales corruptos en Iguala y entregados al grupo criminal Guerreros Unidos, que los asesin\u00f3 e inciner\u00f3 en un basurero del municipio vecino de Cocula, estado de Guerrero.<\/p>\n<p>Pero el GIEI, que estuvo un a\u00f1o investigando el caso, plante\u00f3 la imposibilidad de que los 43 hubieran sido quemados en el vertedero la misma noche en que desaparecieron y, adem\u00e1s, sac\u00f3 a la luz que parte de la versi\u00f3n oficial se basaba en testimonios de detenidos torturados.<\/p>\n<p>Nade m\u00e1s llegar al poder, el 3 de diciembre, L\u00f3pez Obrador orden\u00f3 en su primer decreto presidencial la creaci\u00f3n de una Comisi\u00f3n de la Verdad sobre el caso de Ayotzinapa que ser\u00e1 instalada esta semana.<\/p>\n<p><em>Con informaci\u00f3n de EFE<\/em><\/p>\n","protected":false},"excerpt":{"rendered":"<p>Lleg\u00f3 la hora: Tom\u00e1s Zer\u00f3n, un protegido de Pe\u00f1a, ser\u00e1 indagado por la desaparici\u00f3n de los 43<br \/>\nPor Redacci\u00f3n QP<\/p>\n","protected":false},"author":2,"featured_media":14438,"comment_status":"open","ping_status":"open","sticky":false,"template":"","format":"standard","meta":{"_monsterinsights_skip_tracking":false,"_monsterinsights_sitenote_active":false,"_monsterinsights_sitenote_note":"","_monsterinsights_sitenote_category":0,"footnotes":""},"categories":[2],"tags":[],"class_list":["post-14439","post","type-post","status-publish","format-standard","has-post-thumbnail","hentry","category-noticias"],"yoast_head":"<!-- This site is optimized with the Yoast SEO plugin v27.3 - https:\/\/yoast.com\/product\/yoast-seo-wordpress\/ -->\n<title>Lleg\u00f3 la hora: Tom\u00e1s Zer\u00f3n, un protegido de Pe\u00f1a, ser\u00e1 indagado por la desaparici\u00f3n de los 43 -<\/title>\n<meta name=\"robots\" content=\"index, follow, max-snippet:-1, max-image-preview:large, max-video-preview:-1\" \/>\n<link rel=\"canonical\" href=\"https:\/\/quehacerpolitico.mx\/?p=14439\" \/>\n<meta property=\"og:locale\" content=\"es_MX\" \/>\n<meta property=\"og:type\" content=\"article\" \/>\n<meta property=\"og:title\" content=\"Lleg\u00f3 la hora: Tom\u00e1s Zer\u00f3n, un protegido de Pe\u00f1a, ser\u00e1 indagado por la desaparici\u00f3n de los 43 -\" \/>\n<meta property=\"og:description\" content=\"Lleg\u00f3 la hora: Tom\u00e1s Zer\u00f3n, un protegido de Pe\u00f1a, ser\u00e1 indagado por la desaparici\u00f3n de los 43 Por Redacci\u00f3n QP\" \/>\n<meta property=\"og:url\" content=\"https:\/\/quehacerpolitico.mx\/?p=14439\" \/>\n<meta property=\"article:published_time\" content=\"2019-01-15T23:40:19+00:00\" \/>\n<meta name=\"author\" content=\"Redacci\u00f3n QP\" \/>\n<meta name=\"twitter:card\" content=\"summary_large_image\" \/>\n<meta name=\"twitter:label1\" content=\"Escrito por\" \/>\n\t<meta name=\"twitter:data1\" content=\"Redacci\u00f3n QP\" \/>\n\t<meta name=\"twitter:label2\" content=\"Tiempo de lectura\" \/>\n\t<meta name=\"twitter:data2\" content=\"4 minutos\" \/>\n<script type=\"application\/ld+json\" class=\"yoast-schema-graph\">{\"@context\":\"https:\\\/\\\/schema.org\",\"@graph\":[{\"@type\":\"Article\",\"@id\":\"https:\\\/\\\/quehacerpolitico.mx\\\/?p=14439#article\",\"isPartOf\":{\"@id\":\"https:\\\/\\\/quehacerpolitico.mx\\\/?p=14439\"},\"author\":{\"name\":\"Redacci\u00f3n QP\",\"@id\":\"https:\\\/\\\/quehacerpolitico.mx\\\/#\\\/schema\\\/person\\\/496d8ad2d1d3f8036101dca7ee39e585\"},\"headline\":\"Lleg\u00f3 la hora: Tom\u00e1s Zer\u00f3n, un protegido de Pe\u00f1a, ser\u00e1 indagado por la desaparici\u00f3n de los 43\",\"datePublished\":\"2019-01-15T23:40:19+00:00\",\"mainEntityOfPage\":{\"@id\":\"https:\\\/\\\/quehacerpolitico.mx\\\/?p=14439\"},\"wordCount\":866,\"commentCount\":0,\"image\":{\"@id\":\"https:\\\/\\\/quehacerpolitico.mx\\\/?p=14439#primaryimage\"},\"thumbnailUrl\":\"\",\"articleSection\":[\"Noticias\"],\"inLanguage\":\"es\",\"potentialAction\":[{\"@type\":\"CommentAction\",\"name\":\"Comment\",\"target\":[\"https:\\\/\\\/quehacerpolitico.mx\\\/?p=14439#respond\"]}]},{\"@type\":\"WebPage\",\"@id\":\"https:\\\/\\\/quehacerpolitico.mx\\\/?p=14439\",\"url\":\"https:\\\/\\\/quehacerpolitico.mx\\\/?p=14439\",\"name\":\"Lleg\u00f3 la hora: Tom\u00e1s Zer\u00f3n, un protegido de Pe\u00f1a, ser\u00e1 indagado por la desaparici\u00f3n de los 43 -\",\"isPartOf\":{\"@id\":\"https:\\\/\\\/quehacerpolitico.mx\\\/#website\"},\"primaryImageOfPage\":{\"@id\":\"https:\\\/\\\/quehacerpolitico.mx\\\/?p=14439#primaryimage\"},\"image\":{\"@id\":\"https:\\\/\\\/quehacerpolitico.mx\\\/?p=14439#primaryimage\"},\"thumbnailUrl\":\"\",\"datePublished\":\"2019-01-15T23:40:19+00:00\",\"author\":{\"@id\":\"https:\\\/\\\/quehacerpolitico.mx\\\/#\\\/schema\\\/person\\\/496d8ad2d1d3f8036101dca7ee39e585\"},\"breadcrumb\":{\"@id\":\"https:\\\/\\\/quehacerpolitico.mx\\\/?p=14439#breadcrumb\"},\"inLanguage\":\"es\",\"potentialAction\":[{\"@type\":\"ReadAction\",\"target\":[\"https:\\\/\\\/quehacerpolitico.mx\\\/?p=14439\"]}]},{\"@type\":\"ImageObject\",\"inLanguage\":\"es\",\"@id\":\"https:\\\/\\\/quehacerpolitico.mx\\\/?p=14439#primaryimage\",\"url\":\"\",\"contentUrl\":\"\"},{\"@type\":\"BreadcrumbList\",\"@id\":\"https:\\\/\\\/quehacerpolitico.mx\\\/?p=14439#breadcrumb\",\"itemListElement\":[{\"@type\":\"ListItem\",\"position\":1,\"name\":\"Inicio\",\"item\":\"https:\\\/\\\/quehacerpolitico.mx\\\/\"},{\"@type\":\"ListItem\",\"position\":2,\"name\":\"Lleg\u00f3 la hora: Tom\u00e1s Zer\u00f3n, un protegido de Pe\u00f1a, ser\u00e1 indagado por la desaparici\u00f3n de los 43\"}]},{\"@type\":\"WebSite\",\"@id\":\"https:\\\/\\\/quehacerpolitico.mx\\\/#website\",\"url\":\"https:\\\/\\\/quehacerpolitico.mx\\\/\",\"name\":\"\",\"description\":\"\",\"potentialAction\":[{\"@type\":\"SearchAction\",\"target\":{\"@type\":\"EntryPoint\",\"urlTemplate\":\"https:\\\/\\\/quehacerpolitico.mx\\\/?s={search_term_string}\"},\"query-input\":{\"@type\":\"PropertyValueSpecification\",\"valueRequired\":true,\"valueName\":\"search_term_string\"}}],\"inLanguage\":\"es\"},{\"@type\":\"Person\",\"@id\":\"https:\\\/\\\/quehacerpolitico.mx\\\/#\\\/schema\\\/person\\\/496d8ad2d1d3f8036101dca7ee39e585\",\"name\":\"Redacci\u00f3n QP\",\"image\":{\"@type\":\"ImageObject\",\"inLanguage\":\"es\",\"@id\":\"https:\\\/\\\/secure.gravatar.com\\\/avatar\\\/c7164ed6fdec453195284ad24a5ae5b6e1eed2b848477fa2a4787ba9adf39a41?s=96&d=mm&r=g\",\"url\":\"https:\\\/\\\/secure.gravatar.com\\\/avatar\\\/c7164ed6fdec453195284ad24a5ae5b6e1eed2b848477fa2a4787ba9adf39a41?s=96&d=mm&r=g\",\"contentUrl\":\"https:\\\/\\\/secure.gravatar.com\\\/avatar\\\/c7164ed6fdec453195284ad24a5ae5b6e1eed2b848477fa2a4787ba9adf39a41?s=96&d=mm&r=g\",\"caption\":\"Redacci\u00f3n QP\"},\"url\":\"https:\\\/\\\/quehacerpolitico.mx\\\/?author=2\"}]}<\/script>\n<!-- \/ Yoast SEO plugin. -->","yoast_head_json":{"title":"Lleg\u00f3 la hora: Tom\u00e1s Zer\u00f3n, un protegido de Pe\u00f1a, ser\u00e1 indagado por la desaparici\u00f3n de los 43 -","robots":{"index":"index","follow":"follow","max-snippet":"max-snippet:-1","max-image-preview":"max-image-preview:large","max-video-preview":"max-video-preview:-1"},"canonical":"https:\/\/quehacerpolitico.mx\/?p=14439","og_locale":"es_MX","og_type":"article","og_title":"Lleg\u00f3 la hora: Tom\u00e1s Zer\u00f3n, un protegido de Pe\u00f1a, ser\u00e1 indagado por la desaparici\u00f3n de los 43 -","og_description":"Lleg\u00f3 la hora: Tom\u00e1s Zer\u00f3n, un protegido de Pe\u00f1a, ser\u00e1 indagado por la desaparici\u00f3n de los 43 Por Redacci\u00f3n QP","og_url":"https:\/\/quehacerpolitico.mx\/?p=14439","article_published_time":"2019-01-15T23:40:19+00:00","author":"Redacci\u00f3n QP","twitter_card":"summary_large_image","twitter_misc":{"Escrito por":"Redacci\u00f3n QP","Tiempo de lectura":"4 minutos"},"schema":{"@context":"https:\/\/schema.org","@graph":[{"@type":"Article","@id":"https:\/\/quehacerpolitico.mx\/?p=14439#article","isPartOf":{"@id":"https:\/\/quehacerpolitico.mx\/?p=14439"},"author":{"name":"Redacci\u00f3n QP","@id":"https:\/\/quehacerpolitico.mx\/#\/schema\/person\/496d8ad2d1d3f8036101dca7ee39e585"},"headline":"Lleg\u00f3 la hora: Tom\u00e1s Zer\u00f3n, un protegido de Pe\u00f1a, ser\u00e1 indagado por la desaparici\u00f3n de los 43","datePublished":"2019-01-15T23:40:19+00:00","mainEntityOfPage":{"@id":"https:\/\/quehacerpolitico.mx\/?p=14439"},"wordCount":866,"commentCount":0,"image":{"@id":"https:\/\/quehacerpolitico.mx\/?p=14439#primaryimage"},"thumbnailUrl":"","articleSection":["Noticias"],"inLanguage":"es","potentialAction":[{"@type":"CommentAction","name":"Comment","target":["https:\/\/quehacerpolitico.mx\/?p=14439#respond"]}]},{"@type":"WebPage","@id":"https:\/\/quehacerpolitico.mx\/?p=14439","url":"https:\/\/quehacerpolitico.mx\/?p=14439","name":"Lleg\u00f3 la hora: Tom\u00e1s Zer\u00f3n, un protegido de Pe\u00f1a, ser\u00e1 indagado por la desaparici\u00f3n de los 43 -","isPartOf":{"@id":"https:\/\/quehacerpolitico.mx\/#website"},"primaryImageOfPage":{"@id":"https:\/\/quehacerpolitico.mx\/?p=14439#primaryimage"},"image":{"@id":"https:\/\/quehacerpolitico.mx\/?p=14439#primaryimage"},"thumbnailUrl":"","datePublished":"2019-01-15T23:40:19+00:00","author":{"@id":"https:\/\/quehacerpolitico.mx\/#\/schema\/person\/496d8ad2d1d3f8036101dca7ee39e585"},"breadcrumb":{"@id":"https:\/\/quehacerpolitico.mx\/?p=14439#breadcrumb"},"inLanguage":"es","potentialAction":[{"@type":"ReadAction","target":["https:\/\/quehacerpolitico.mx\/?p=14439"]}]},{"@type":"ImageObject","inLanguage":"es","@id":"https:\/\/quehacerpolitico.mx\/?p=14439#primaryimage","url":"","contentUrl":""},{"@type":"BreadcrumbList","@id":"https:\/\/quehacerpolitico.mx\/?p=14439#breadcrumb","itemListElement":[{"@type":"ListItem","position":1,"name":"Inicio","item":"https:\/\/quehacerpolitico.mx\/"},{"@type":"ListItem","position":2,"name":"Lleg\u00f3 la hora: Tom\u00e1s Zer\u00f3n, un protegido de Pe\u00f1a, ser\u00e1 indagado por la desaparici\u00f3n de los 43"}]},{"@type":"WebSite","@id":"https:\/\/quehacerpolitico.mx\/#website","url":"https:\/\/quehacerpolitico.mx\/","name":"","description":"","potentialAction":[{"@type":"SearchAction","target":{"@type":"EntryPoint","urlTemplate":"https:\/\/quehacerpolitico.mx\/?s={search_term_string}"},"query-input":{"@type":"PropertyValueSpecification","valueRequired":true,"valueName":"search_term_string"}}],"inLanguage":"es"},{"@type":"Person","@id":"https:\/\/quehacerpolitico.mx\/#\/schema\/person\/496d8ad2d1d3f8036101dca7ee39e585","name":"Redacci\u00f3n QP","image":{"@type":"ImageObject","inLanguage":"es","@id":"https:\/\/secure.gravatar.com\/avatar\/c7164ed6fdec453195284ad24a5ae5b6e1eed2b848477fa2a4787ba9adf39a41?s=96&d=mm&r=g","url":"https:\/\/secure.gravatar.com\/avatar\/c7164ed6fdec453195284ad24a5ae5b6e1eed2b848477fa2a4787ba9adf39a41?s=96&d=mm&r=g","contentUrl":"https:\/\/secure.gravatar.com\/avatar\/c7164ed6fdec453195284ad24a5ae5b6e1eed2b848477fa2a4787ba9adf39a41?s=96&d=mm&r=g","caption":"Redacci\u00f3n QP"},"url":"https:\/\/quehacerpolitico.mx\/?author=2"}]}},"featured_image_urls":{"full":"","thumbnail":"","medium":"","medium_large":"","large":"","1536x1536":"","2048x2048":"","covernews-featured":"","covernews-medium":""},"author_info":{"display_name":"Redacci\u00f3n QP","author_link":"https:\/\/quehacerpolitico.mx\/?author=2"},"category_info":"<a href=\"https:\/\/quehacerpolitico.mx\/?cat=2\" rel=\"category\">Noticias<\/a>","tag_info":"Noticias","comment_count":"0","_links":{"self":[{"href":"https:\/\/quehacerpolitico.mx\/index.php?rest_route=\/wp\/v2\/posts\/14439","targetHints":{"allow":["GET"]}}],"collection":[{"href":"https:\/\/quehacerpolitico.mx\/index.php?rest_route=\/wp\/v2\/posts"}],"about":[{"href":"https:\/\/quehacerpolitico.mx\/index.php?rest_route=\/wp\/v2\/types\/post"}],"author":[{"embeddable":true,"href":"https:\/\/quehacerpolitico.mx\/index.php?rest_route=\/wp\/v2\/users\/2"}],"replies":[{"embeddable":true,"href":"https:\/\/quehacerpolitico.mx\/index.php?rest_route=%2Fwp%2Fv2%2Fcomments&post=14439"}],"version-history":[{"count":0,"href":"https:\/\/quehacerpolitico.mx\/index.php?rest_route=\/wp\/v2\/posts\/14439\/revisions"}],"wp:featuredmedia":[{"embeddable":true,"href":"https:\/\/quehacerpolitico.mx\/index.php?rest_route=\/"}],"wp:attachment":[{"href":"https:\/\/quehacerpolitico.mx\/index.php?rest_route=%2Fwp%2Fv2%2Fmedia&parent=14439"}],"wp:term":[{"taxonomy":"category","embeddable":true,"href":"https:\/\/quehacerpolitico.mx\/index.php?rest_route=%2Fwp%2Fv2%2Fcategories&post=14439"},{"taxonomy":"post_tag","embeddable":true,"href":"https:\/\/quehacerpolitico.mx\/index.php?rest_route=%2Fwp%2Fv2%2Ftags&post=14439"}],"curies":[{"name":"wp","href":"https:\/\/api.w.org\/{rel}","templated":true}]}}