{"id":14408,"date":"2019-01-15T17:19:38","date_gmt":"2019-01-15T17:19:38","guid":{"rendered":"http:\/\/quehacerpolitico.mx\/problemas-en-lineas-1-2-9-a-y-b-del-metro-provoca-caos-entre-usuarios\/"},"modified":"2019-01-15T17:19:38","modified_gmt":"2019-01-15T17:19:38","slug":"problemas-en-lineas-1-2-9-a-y-b-del-metro-provoca-caos-entre-usuarios","status":"publish","type":"post","link":"https:\/\/quehacerpolitico.mx\/?p=14408","title":{"rendered":"Problemas en L\u00edneas 1, 2, 9, A y B del Metro provoca caos entre usuarios"},"content":{"rendered":"<h1 class=\"amp-wp-title\">Problemas en L\u00edneas 1, 2, 9, A y B del Metro provoca caos entre usuarios<\/h1>\n<p>Por Redacci\u00f3n QP<\/p>\n<p>Este 15 de enero los problemas en las <strong>L\u00edneas 1, 2, 9, A y B<\/strong> del Sistema de Transporte Colectivo <strong>(STC) Metro<\/strong> no se hicieron esperar lo que provoc\u00f3 <strong>caos<\/strong> en varias estaciones y <strong>desquici\u00f3<\/strong> a los usuarios quienes manifestaron sus molestias a trav\u00e9s de redes sociales.<\/p>\n<p>Para la L\u00ednea 1, que corre de <strong>Pantitl\u00e1n<\/strong> a <strong>Observatorio,<\/strong> los pasajeros detallaron que para abordar un tren tardaban alrededor de<strong> 20 minutos<\/strong>debido a la alta afluencia que registraba y el nulo env\u00edo de convoyes vac\u00edos: este trayecto es uno de los que recibe m\u00e1s quejas en el d\u00eda.<\/p>\n<blockquote class=\"twitter-tweet\" data-width=\"550\" data-dnt=\"true\">\n<p lang=\"es\" dir=\"ltr\"><a href=\"https:\/\/twitter.com\/MetroCDMX?ref_src=twsrc%5Etfw\">@MetroCDMX<\/a> <a href=\"https:\/\/twitter.com\/hashtag\/L1?src=hash&amp;ref_src=twsrc%5Etfw\">#L1<\/a> estaci\u00f3n San L\u00e1zaro hasta el gorro y no mandan trenes vac\u00edos hasta cuando <a href=\"https:\/\/twitter.com\/Claudiashein?ref_src=twsrc%5Etfw\">@Claudiashein<\/a> el metro dejar\u00e1 de ser una carga para el Gobierno Capitalismo? Hasta cu\u00e1ndo tendremos un servicio de calidad? Ya basta de corrupciones en el STC<\/p>\n<p>&mdash; Carlos Alberto Ba\u00f1ales (@alberto_banales) <a href=\"https:\/\/twitter.com\/alberto_banales\/status\/1085190389764521986?ref_src=twsrc%5Etfw\">January 15, 2019<\/a><\/p><\/blockquote>\n<p><script async src=\"https:\/\/platform.twitter.com\/widgets.js\" charset=\"utf-8\"><\/script><\/p>\n<blockquote class=\"twitter-tweet\" data-width=\"550\" data-dnt=\"true\">\n<p lang=\"es\" dir=\"ltr\"><a href=\"https:\/\/twitter.com\/MetroCDMX?ref_src=twsrc%5Etfw\">@MetroCDMX<\/a> sin dar respuesta, l\u00ednea 1 parada, m\u00e1s de 20 minutos en abordar un tren.<\/p>\n<p>&mdash; DaKora Marinez (@TheDKora) <a href=\"https:\/\/twitter.com\/TheDKora\/status\/1085172780969144320?ref_src=twsrc%5Etfw\">January 15, 2019<\/a><\/p><\/blockquote>\n<p><script async src=\"https:\/\/platform.twitter.com\/widgets.js\" charset=\"utf-8\"><\/script><\/p>\n<p>En cuanto a la L\u00ednea 2, que va de <strong>Cuatro Caminos<\/strong> a <strong>Tasque\u00f1a,<\/strong> tambi\u00e9n present\u00f3 un <strong>avance lento.<\/strong>Adem\u00e1s, esta l\u00ednea es una de las m\u00e1s transitadas debido a que cruza por zonas del Centro de la Ciudad de M\u00e9xico.<\/p>\n<blockquote class=\"twitter-tweet\" data-width=\"550\" data-dnt=\"true\">\n<p lang=\"es\" dir=\"ltr\"><a href=\"https:\/\/twitter.com\/MetroCDMX?ref_src=twsrc%5Etfw\">@MetroCDMX<\/a> avance lento en l\u00ednea 2 por qu\u00e9?<\/p>\n<p>&mdash; Moniqque (@lcmonigutierrez) <a href=\"https:\/\/twitter.com\/lcmonigutierrez\/status\/1085188405451841539?ref_src=twsrc%5Etfw\">January 15, 2019<\/a><\/p><\/blockquote>\n<p><script async src=\"https:\/\/platform.twitter.com\/widgets.js\" charset=\"utf-8\"><\/script><\/p>\n<p>En la L\u00ednea 9, que corre de <strong>Pantitl\u00e1n<\/strong> a <strong>Tacubaya,<\/strong> el STC Metro inform\u00f3 que <strong>desalojaron<\/strong> un tren para la revisi\u00f3n de su mecanismo de conducci\u00f3n por lo que el tiempo de espera era de seis minutos, pero que operaba con <strong>normalidad<\/strong>.<\/p>\n<p>Sin embargo, algunos usuarios mencionaron que pese a ello la marcha segu\u00eda siendo <strong>lenta<\/strong>.<\/p>\n<blockquote class=\"twitter-tweet\" data-width=\"550\" data-dnt=\"true\">\n<p lang=\"es\" dir=\"ltr\">Estoy en la l\u00ednea 9 y sigue lenta que pasa?<\/p>\n<p>&mdash; Ricardo Navarro (@navarroric93) <a href=\"https:\/\/twitter.com\/navarroric93\/status\/1085179980064215040?ref_src=twsrc%5Etfw\">January 15, 2019<\/a><\/p><\/blockquote>\n<p><script async src=\"https:\/\/platform.twitter.com\/widgets.js\" charset=\"utf-8\"><\/script><\/p>\n<p>Para la L\u00ednea A, que va de <strong>Pantitl\u00e1n<\/strong> a <strong>La Paz<\/strong> y que tambi\u00e9n es una de las que no se libra de <strong>reportes<\/strong> en redes sociales, pasajeros manifestaron que los trenes permanec\u00edan <strong>detenidos<\/strong> varios minutos en distintas estaciones.<\/p>\n<blockquote class=\"twitter-tweet\" data-width=\"550\" data-dnt=\"true\">\n<p lang=\"es\" dir=\"ltr\">Ahora que con su mendigo servicio de porquer\u00eda??? <a href=\"https:\/\/twitter.com\/hashtag\/LA?src=hash&amp;ref_src=twsrc%5Etfw\">#LA<\/a> diez minutos en Acatitla y otros diez en pe\u00f1\u00f3n tren FR 3017 O que t\u00fa estupido gobierno no te surti\u00f3 gasolina??? Que nos bajamos a empujar???<\/p>\n<p>&mdash; El Benji (@Benjami97145280) <a href=\"https:\/\/twitter.com\/Benjami97145280\/status\/1085178520555438080?ref_src=twsrc%5Etfw\">January 15, 2019<\/a><\/p><\/blockquote>\n<p><script async src=\"https:\/\/platform.twitter.com\/widgets.js\" charset=\"utf-8\"><\/script><\/p>\n<p>La L\u00ednea B, que va de <strong>Ciudad Azteca<\/strong> a <strong>Buenavista,<\/strong>tambi\u00e9n present\u00f3 <strong>marcha lenta<\/strong> por lo que usuarios reportaron esto a la dependencia.<\/p>\n<blockquote class=\"twitter-tweet\" data-width=\"550\" data-dnt=\"true\">\n<p lang=\"es\" dir=\"ltr\"><a href=\"https:\/\/twitter.com\/MetroCDMX?ref_src=twsrc%5Etfw\">@MetroCDMX<\/a> por qu\u00e9 hay tanta lentitud en la marcha de los trenes en la linea B<\/p>\n<p>&mdash; Hamendoza (@Hamendoza3) <a href=\"https:\/\/twitter.com\/Hamendoza3\/status\/1085184297554927616?ref_src=twsrc%5Etfw\">January 15, 2019<\/a><\/p><\/blockquote>\n<p><script async src=\"https:\/\/platform.twitter.com\/widgets.js\" charset=\"utf-8\"><\/script><\/p>\n<blockquote class=\"twitter-tweet\" data-width=\"550\" data-dnt=\"true\">\n<p lang=\"es\" dir=\"ltr\"><a href=\"https:\/\/twitter.com\/MetroCDMX?ref_src=twsrc%5Etfw\">@MetroCDMX<\/a> , por qu\u00e9 est\u00e1 tan lenta la l\u00ednea B? Eres racista y odias al Estado de M\u00e9xico?<\/p>\n<p>&mdash; Sr. Se\u00f1or (@nm_villain) <a href=\"https:\/\/twitter.com\/nm_villain\/status\/1085186483433091072?ref_src=twsrc%5Etfw\">January 15, 2019<\/a><\/p><\/blockquote>\n<p><script async src=\"https:\/\/platform.twitter.com\/widgets.js\" charset=\"utf-8\"><\/script><\/p>\n","protected":false},"excerpt":{"rendered":"<p>Problemas en L\u00edneas 1, 2, 9, A y B del Metro provoca caos entre usuarios<br \/>\nPor Redacci\u00f3n QP<\/p>\n","protected":false},"author":2,"featured_media":14407,"comment_status":"open","ping_status":"open","sticky":false,"template":"","format":"standard","meta":{"_monsterinsights_skip_tracking":false,"_monsterinsights_sitenote_active":false,"_monsterinsights_sitenote_note":"","_monsterinsights_sitenote_category":0,"footnotes":""},"categories":[55],"tags":[],"class_list":["post-14408","post","type-post","status-publish","format-standard","has-post-thumbnail","hentry","category-cdmx"],"yoast_head":"<!-- This site is optimized with the Yoast SEO plugin v27.3 - https:\/\/yoast.com\/product\/yoast-seo-wordpress\/ -->\n<title>Problemas en L\u00edneas 1, 2, 9, A y B del Metro provoca caos entre usuarios -<\/title>\n<meta name=\"robots\" content=\"index, follow, max-snippet:-1, max-image-preview:large, max-video-preview:-1\" \/>\n<link rel=\"canonical\" href=\"https:\/\/quehacerpolitico.mx\/?p=14408\" \/>\n<meta property=\"og:locale\" content=\"es_MX\" \/>\n<meta property=\"og:type\" content=\"article\" \/>\n<meta property=\"og:title\" content=\"Problemas en L\u00edneas 1, 2, 9, A y B del Metro provoca caos entre usuarios -\" \/>\n<meta property=\"og:description\" content=\"Problemas en L\u00edneas 1, 2, 9, A y B del Metro provoca caos entre usuarios Por Redacci\u00f3n QP\" \/>\n<meta property=\"og:url\" content=\"https:\/\/quehacerpolitico.mx\/?p=14408\" \/>\n<meta property=\"article:published_time\" content=\"2019-01-15T17:19:38+00:00\" \/>\n<meta name=\"author\" content=\"Redacci\u00f3n QP\" \/>\n<meta name=\"twitter:card\" content=\"summary_large_image\" \/>\n<meta name=\"twitter:label1\" content=\"Escrito por\" \/>\n\t<meta name=\"twitter:data1\" content=\"Redacci\u00f3n QP\" \/>\n\t<meta name=\"twitter:label2\" content=\"Tiempo de lectura\" \/>\n\t<meta name=\"twitter:data2\" content=\"2 minutos\" \/>\n<script type=\"application\/ld+json\" class=\"yoast-schema-graph\">{\"@context\":\"https:\\\/\\\/schema.org\",\"@graph\":[{\"@type\":\"Article\",\"@id\":\"https:\\\/\\\/quehacerpolitico.mx\\\/?p=14408#article\",\"isPartOf\":{\"@id\":\"https:\\\/\\\/quehacerpolitico.mx\\\/?p=14408\"},\"author\":{\"name\":\"Redacci\u00f3n QP\",\"@id\":\"https:\\\/\\\/quehacerpolitico.mx\\\/#\\\/schema\\\/person\\\/496d8ad2d1d3f8036101dca7ee39e585\"},\"headline\":\"Problemas en L\u00edneas 1, 2, 9, A y B del Metro provoca caos entre usuarios\",\"datePublished\":\"2019-01-15T17:19:38+00:00\",\"mainEntityOfPage\":{\"@id\":\"https:\\\/\\\/quehacerpolitico.mx\\\/?p=14408\"},\"wordCount\":346,\"commentCount\":0,\"image\":{\"@id\":\"https:\\\/\\\/quehacerpolitico.mx\\\/?p=14408#primaryimage\"},\"thumbnailUrl\":\"\",\"articleSection\":[\"CDMX\"],\"inLanguage\":\"es\",\"potentialAction\":[{\"@type\":\"CommentAction\",\"name\":\"Comment\",\"target\":[\"https:\\\/\\\/quehacerpolitico.mx\\\/?p=14408#respond\"]}]},{\"@type\":\"WebPage\",\"@id\":\"https:\\\/\\\/quehacerpolitico.mx\\\/?p=14408\",\"url\":\"https:\\\/\\\/quehacerpolitico.mx\\\/?p=14408\",\"name\":\"Problemas en L\u00edneas 1, 2, 9, A y B del Metro provoca caos entre usuarios -\",\"isPartOf\":{\"@id\":\"https:\\\/\\\/quehacerpolitico.mx\\\/#website\"},\"primaryImageOfPage\":{\"@id\":\"https:\\\/\\\/quehacerpolitico.mx\\\/?p=14408#primaryimage\"},\"image\":{\"@id\":\"https:\\\/\\\/quehacerpolitico.mx\\\/?p=14408#primaryimage\"},\"thumbnailUrl\":\"\",\"datePublished\":\"2019-01-15T17:19:38+00:00\",\"author\":{\"@id\":\"https:\\\/\\\/quehacerpolitico.mx\\\/#\\\/schema\\\/person\\\/496d8ad2d1d3f8036101dca7ee39e585\"},\"breadcrumb\":{\"@id\":\"https:\\\/\\\/quehacerpolitico.mx\\\/?p=14408#breadcrumb\"},\"inLanguage\":\"es\",\"potentialAction\":[{\"@type\":\"ReadAction\",\"target\":[\"https:\\\/\\\/quehacerpolitico.mx\\\/?p=14408\"]}]},{\"@type\":\"ImageObject\",\"inLanguage\":\"es\",\"@id\":\"https:\\\/\\\/quehacerpolitico.mx\\\/?p=14408#primaryimage\",\"url\":\"\",\"contentUrl\":\"\"},{\"@type\":\"BreadcrumbList\",\"@id\":\"https:\\\/\\\/quehacerpolitico.mx\\\/?p=14408#breadcrumb\",\"itemListElement\":[{\"@type\":\"ListItem\",\"position\":1,\"name\":\"Inicio\",\"item\":\"https:\\\/\\\/quehacerpolitico.mx\\\/\"},{\"@type\":\"ListItem\",\"position\":2,\"name\":\"Problemas en L\u00edneas 1, 2, 9, A y B del Metro provoca caos entre usuarios\"}]},{\"@type\":\"WebSite\",\"@id\":\"https:\\\/\\\/quehacerpolitico.mx\\\/#website\",\"url\":\"https:\\\/\\\/quehacerpolitico.mx\\\/\",\"name\":\"\",\"description\":\"\",\"potentialAction\":[{\"@type\":\"SearchAction\",\"target\":{\"@type\":\"EntryPoint\",\"urlTemplate\":\"https:\\\/\\\/quehacerpolitico.mx\\\/?s={search_term_string}\"},\"query-input\":{\"@type\":\"PropertyValueSpecification\",\"valueRequired\":true,\"valueName\":\"search_term_string\"}}],\"inLanguage\":\"es\"},{\"@type\":\"Person\",\"@id\":\"https:\\\/\\\/quehacerpolitico.mx\\\/#\\\/schema\\\/person\\\/496d8ad2d1d3f8036101dca7ee39e585\",\"name\":\"Redacci\u00f3n QP\",\"image\":{\"@type\":\"ImageObject\",\"inLanguage\":\"es\",\"@id\":\"https:\\\/\\\/secure.gravatar.com\\\/avatar\\\/c7164ed6fdec453195284ad24a5ae5b6e1eed2b848477fa2a4787ba9adf39a41?s=96&d=mm&r=g\",\"url\":\"https:\\\/\\\/secure.gravatar.com\\\/avatar\\\/c7164ed6fdec453195284ad24a5ae5b6e1eed2b848477fa2a4787ba9adf39a41?s=96&d=mm&r=g\",\"contentUrl\":\"https:\\\/\\\/secure.gravatar.com\\\/avatar\\\/c7164ed6fdec453195284ad24a5ae5b6e1eed2b848477fa2a4787ba9adf39a41?s=96&d=mm&r=g\",\"caption\":\"Redacci\u00f3n QP\"},\"url\":\"https:\\\/\\\/quehacerpolitico.mx\\\/?author=2\"}]}<\/script>\n<!-- \/ Yoast SEO plugin. -->","yoast_head_json":{"title":"Problemas en L\u00edneas 1, 2, 9, A y B del Metro provoca caos entre usuarios -","robots":{"index":"index","follow":"follow","max-snippet":"max-snippet:-1","max-image-preview":"max-image-preview:large","max-video-preview":"max-video-preview:-1"},"canonical":"https:\/\/quehacerpolitico.mx\/?p=14408","og_locale":"es_MX","og_type":"article","og_title":"Problemas en L\u00edneas 1, 2, 9, A y B del Metro provoca caos entre usuarios -","og_description":"Problemas en L\u00edneas 1, 2, 9, A y B del Metro provoca caos entre usuarios Por Redacci\u00f3n QP","og_url":"https:\/\/quehacerpolitico.mx\/?p=14408","article_published_time":"2019-01-15T17:19:38+00:00","author":"Redacci\u00f3n QP","twitter_card":"summary_large_image","twitter_misc":{"Escrito por":"Redacci\u00f3n QP","Tiempo de lectura":"2 minutos"},"schema":{"@context":"https:\/\/schema.org","@graph":[{"@type":"Article","@id":"https:\/\/quehacerpolitico.mx\/?p=14408#article","isPartOf":{"@id":"https:\/\/quehacerpolitico.mx\/?p=14408"},"author":{"name":"Redacci\u00f3n QP","@id":"https:\/\/quehacerpolitico.mx\/#\/schema\/person\/496d8ad2d1d3f8036101dca7ee39e585"},"headline":"Problemas en L\u00edneas 1, 2, 9, A y B del Metro provoca caos entre usuarios","datePublished":"2019-01-15T17:19:38+00:00","mainEntityOfPage":{"@id":"https:\/\/quehacerpolitico.mx\/?p=14408"},"wordCount":346,"commentCount":0,"image":{"@id":"https:\/\/quehacerpolitico.mx\/?p=14408#primaryimage"},"thumbnailUrl":"","articleSection":["CDMX"],"inLanguage":"es","potentialAction":[{"@type":"CommentAction","name":"Comment","target":["https:\/\/quehacerpolitico.mx\/?p=14408#respond"]}]},{"@type":"WebPage","@id":"https:\/\/quehacerpolitico.mx\/?p=14408","url":"https:\/\/quehacerpolitico.mx\/?p=14408","name":"Problemas en L\u00edneas 1, 2, 9, A y B del Metro provoca caos entre usuarios -","isPartOf":{"@id":"https:\/\/quehacerpolitico.mx\/#website"},"primaryImageOfPage":{"@id":"https:\/\/quehacerpolitico.mx\/?p=14408#primaryimage"},"image":{"@id":"https:\/\/quehacerpolitico.mx\/?p=14408#primaryimage"},"thumbnailUrl":"","datePublished":"2019-01-15T17:19:38+00:00","author":{"@id":"https:\/\/quehacerpolitico.mx\/#\/schema\/person\/496d8ad2d1d3f8036101dca7ee39e585"},"breadcrumb":{"@id":"https:\/\/quehacerpolitico.mx\/?p=14408#breadcrumb"},"inLanguage":"es","potentialAction":[{"@type":"ReadAction","target":["https:\/\/quehacerpolitico.mx\/?p=14408"]}]},{"@type":"ImageObject","inLanguage":"es","@id":"https:\/\/quehacerpolitico.mx\/?p=14408#primaryimage","url":"","contentUrl":""},{"@type":"BreadcrumbList","@id":"https:\/\/quehacerpolitico.mx\/?p=14408#breadcrumb","itemListElement":[{"@type":"ListItem","position":1,"name":"Inicio","item":"https:\/\/quehacerpolitico.mx\/"},{"@type":"ListItem","position":2,"name":"Problemas en L\u00edneas 1, 2, 9, A y B del Metro provoca caos entre usuarios"}]},{"@type":"WebSite","@id":"https:\/\/quehacerpolitico.mx\/#website","url":"https:\/\/quehacerpolitico.mx\/","name":"","description":"","potentialAction":[{"@type":"SearchAction","target":{"@type":"EntryPoint","urlTemplate":"https:\/\/quehacerpolitico.mx\/?s={search_term_string}"},"query-input":{"@type":"PropertyValueSpecification","valueRequired":true,"valueName":"search_term_string"}}],"inLanguage":"es"},{"@type":"Person","@id":"https:\/\/quehacerpolitico.mx\/#\/schema\/person\/496d8ad2d1d3f8036101dca7ee39e585","name":"Redacci\u00f3n QP","image":{"@type":"ImageObject","inLanguage":"es","@id":"https:\/\/secure.gravatar.com\/avatar\/c7164ed6fdec453195284ad24a5ae5b6e1eed2b848477fa2a4787ba9adf39a41?s=96&d=mm&r=g","url":"https:\/\/secure.gravatar.com\/avatar\/c7164ed6fdec453195284ad24a5ae5b6e1eed2b848477fa2a4787ba9adf39a41?s=96&d=mm&r=g","contentUrl":"https:\/\/secure.gravatar.com\/avatar\/c7164ed6fdec453195284ad24a5ae5b6e1eed2b848477fa2a4787ba9adf39a41?s=96&d=mm&r=g","caption":"Redacci\u00f3n QP"},"url":"https:\/\/quehacerpolitico.mx\/?author=2"}]}},"featured_image_urls":{"full":"","thumbnail":"","medium":"","medium_large":"","large":"","1536x1536":"","2048x2048":"","covernews-featured":"","covernews-medium":""},"author_info":{"display_name":"Redacci\u00f3n QP","author_link":"https:\/\/quehacerpolitico.mx\/?author=2"},"category_info":"<a href=\"https:\/\/quehacerpolitico.mx\/?cat=55\" rel=\"category\">CDMX<\/a>","tag_info":"CDMX","comment_count":"0","_links":{"self":[{"href":"https:\/\/quehacerpolitico.mx\/index.php?rest_route=\/wp\/v2\/posts\/14408","targetHints":{"allow":["GET"]}}],"collection":[{"href":"https:\/\/quehacerpolitico.mx\/index.php?rest_route=\/wp\/v2\/posts"}],"about":[{"href":"https:\/\/quehacerpolitico.mx\/index.php?rest_route=\/wp\/v2\/types\/post"}],"author":[{"embeddable":true,"href":"https:\/\/quehacerpolitico.mx\/index.php?rest_route=\/wp\/v2\/users\/2"}],"replies":[{"embeddable":true,"href":"https:\/\/quehacerpolitico.mx\/index.php?rest_route=%2Fwp%2Fv2%2Fcomments&post=14408"}],"version-history":[{"count":0,"href":"https:\/\/quehacerpolitico.mx\/index.php?rest_route=\/wp\/v2\/posts\/14408\/revisions"}],"wp:featuredmedia":[{"embeddable":true,"href":"https:\/\/quehacerpolitico.mx\/index.php?rest_route=\/"}],"wp:attachment":[{"href":"https:\/\/quehacerpolitico.mx\/index.php?rest_route=%2Fwp%2Fv2%2Fmedia&parent=14408"}],"wp:term":[{"taxonomy":"category","embeddable":true,"href":"https:\/\/quehacerpolitico.mx\/index.php?rest_route=%2Fwp%2Fv2%2Fcategories&post=14408"},{"taxonomy":"post_tag","embeddable":true,"href":"https:\/\/quehacerpolitico.mx\/index.php?rest_route=%2Fwp%2Fv2%2Ftags&post=14408"}],"curies":[{"name":"wp","href":"https:\/\/api.w.org\/{rel}","templated":true}]}}