{"id":14406,"date":"2019-01-15T17:11:32","date_gmt":"2019-01-15T17:11:32","guid":{"rendered":"http:\/\/quehacerpolitico.mx\/fch-y-fox-niegan-complicidad-con-huachicoleros-amlo-insiste-en-que-consultara-si-los-investiga\/"},"modified":"2019-01-15T17:11:32","modified_gmt":"2019-01-15T17:11:32","slug":"fch-y-fox-niegan-complicidad-con-huachicoleros-amlo-insiste-en-que-consultara-si-los-investiga","status":"publish","type":"post","link":"https:\/\/quehacerpolitico.mx\/?p=14406","title":{"rendered":"FCH y Fox niegan complicidad con huachicoleros; AMLO insiste en que consultar\u00e1 si los investiga"},"content":{"rendered":"<h1>FCH y Fox niegan complicidad con huachicoleros; AMLO insiste en que consultar\u00e1 si los investiga<\/h1>\n<p>Por Redacci\u00f3n QP<\/p>\n<p>El ex Presidente\u00a0<strong>Felipe Calder\u00f3n<\/strong>, quien gobern\u00f3 entre 2006 y 2012, neg\u00f3 hoy haber sido <strong>c\u00f3mplice<\/strong>\u00a0o haber hecho la <strong>vista gorda<\/strong>\u00a0durante su Gobierno ante el <strong>robo de combustibles<\/strong> que sufre el pa\u00eds y que ha derivado en un problema de <strong>desabastecimiento de gasolina<\/strong>.<\/p>\n<blockquote>\n<p>\u201cTuve muchos errores como cualquier ser humano pero combat\u00ed con determinaci\u00f3n el crimen organizado, incluyendo el robo de combustible\u201d, asever\u00f3 el pol\u00edtico conservador en una entrevista a <strong><em>Radio F\u00f3rmula<\/em><\/strong>.<\/p>\n<\/blockquote>\n<p>\u201cPor supuesto que no\u201d, dijo al ser cuestionado si fue c\u00f3mplice o hizo la vista gorda.<\/p>\n<p>El d\u00eda de ayer, el ex Presidente <strong>Vicente Fox Quesada<\/strong> afirm\u00f3 que durante su sexenio, que comprendi\u00f3 del 2000 al 2006, no hubo robo de combustible y asegur\u00f3 que \u201cni siquiera exist\u00eda la palabra huachicol\u201d.<\/p>\n<p>En entrevista con Ciro G\u00f3mez Leyva, el ex mandatario pidi\u00f3 al Presidente<strong> Andr\u00e9s Manuel L\u00f3pez Obrador<\/strong> dejar de culpar a terceras personas por el problema de desabasto de combustible.<\/p>\n<blockquote>\n<p>\u201cEs un descaro esto de so pretexto del\u00a0huachicol,\u00a0que se atiende y se maneja de otra manera; como yo lo hice, en mi caso no hab\u00eda\u00a0huachicol, ni siquiera exist\u00eda la palabra, entonces que deje de acusar sobre todo que presente pruebas o que se calle, que no ande de hablador, porque est\u00e1 calumniando\u201d.<\/p>\n<\/blockquote>\n<p>L\u00f3pez Obrador reiter\u00f3 esta ma\u00f1ana que preguntar\u00e1 a la poblaci\u00f3n \u201csi quiere que se enjuicie a los ex presidentes, del per\u00edodo neoliberal, de Salinas hasta Pe\u00f1a Nieto, pasando por Zedillo, Fox y Calder\u00f3n\u201d.<\/p>\n<p>\u201cLo que est\u00e1 pasando, la crisis de M\u00e9xico, tiene que ver con la pol\u00edtica neoliberal, que es una pol\u00edtica de pillaje, que se aplic\u00f3 en todo ese per\u00edodo\u201d, dijo. Y aunque recalc\u00f3 que su opini\u00f3n es la de \u201cponer punto final\u201d, eso lo decidir\u00e1 la gente. \u201cPunto final hasta el primero de diciembre del a\u00f1o pasado. Ya con el nuevo Gobierno: cero corrupci\u00f3n e impunidad. Los procesos que est\u00e1n abiertos contin\u00faa\u201d, indic\u00f3.<\/p>\n<p>L\u00f3pez Obrador dio a conocer una serie de im\u00e1genes del sabotaje al ducto Tuxpan-Azcapotzalco, el cual transporta 170 mil barriles diarios de combustible, dijo que se trata de una acci\u00f3n inimaginable. \u201cCuando nos pegan en este ducto, tenemos problema de abasto y hay una acci\u00f3n deliberada para impedir que normalicemos el abasto\u201d, recalc\u00f3.<\/p>\n<p>Para evitar el robo de combustibles, el actual Gobierno implement\u00f3 un cambio en el modelo de suministro de Petr\u00f3leos Mexicanos (Pemex), que conllev\u00f3 cerrar ductos y transportar el hidrocarburo por pipa. Esta modificaci\u00f3n ha provocado desde hace m\u00e1s de una semana problemas de abastecimiento en al menos diez estados y en la Ciudad de M\u00e9xico, as\u00ed como el cierre de estaciones de servicio y filas de varias horas en las gasolineras.<\/p>\n<p>El l\u00edder izquierdista ha acusado a sus antecesores al frente de la Presidencia de M\u00e9xico de haber sido \u201cbenevolentes\u201d ante el robo de combustibles.<\/p>\n<p>Calder\u00f3n, que perteneci\u00f3 al Partido Acci\u00f3n Nacional (PAN), tach\u00f3 las acusaciones de L\u00f3pez Obrador de \u201cestrategia medi\u00e1tica\u201d. Adem\u00e1s sostuvo en su cuenta de Twitter que bajo su Gobierno \u201clas fugas detectadas eran m\u00e1s de diez veces menores de lo que hay ahora\u201d.<\/p>\n<p>La crisis actual ha provocado un d\u00e9ficit de 93 mil barriles diarios de gasolinas, seg\u00fan inform\u00f3 Pemex, aunque el robo se ha reducido dr\u00e1sticamente, de 126,000 a unos 3,000 barriles diarios. L\u00f3pez Obrador denunci\u00f3 hoy en una conferencia de prensa que contin\u00faan los actos de sabotaje a los ductos de Pemex, dificultando acabar con el problema de escasez de combustible.<\/p>\n<p>Con Informaci\u00f3n de EFE<\/p>\n","protected":false},"excerpt":{"rendered":"<p>FCH y Fox niegan complicidad con huachicoleros; AMLO insiste en que consultar\u00e1 si los investiga<br \/>\nPor Redacci\u00f3n QP<\/p>\n","protected":false},"author":2,"featured_media":14405,"comment_status":"open","ping_status":"open","sticky":false,"template":"","format":"standard","meta":{"_monsterinsights_skip_tracking":false,"_monsterinsights_sitenote_active":false,"_monsterinsights_sitenote_note":"","_monsterinsights_sitenote_category":0,"footnotes":""},"categories":[2],"tags":[],"class_list":["post-14406","post","type-post","status-publish","format-standard","has-post-thumbnail","hentry","category-noticias"],"yoast_head":"<!-- This site is optimized with the Yoast SEO plugin v27.3 - https:\/\/yoast.com\/product\/yoast-seo-wordpress\/ -->\n<title>FCH y Fox niegan complicidad con huachicoleros; AMLO insiste en que consultar\u00e1 si los investiga -<\/title>\n<meta name=\"robots\" content=\"index, follow, max-snippet:-1, max-image-preview:large, max-video-preview:-1\" \/>\n<link rel=\"canonical\" href=\"https:\/\/quehacerpolitico.mx\/?p=14406\" \/>\n<meta property=\"og:locale\" content=\"es_MX\" \/>\n<meta property=\"og:type\" content=\"article\" \/>\n<meta property=\"og:title\" content=\"FCH y Fox niegan complicidad con huachicoleros; AMLO insiste en que consultar\u00e1 si los investiga -\" \/>\n<meta property=\"og:description\" content=\"FCH y Fox niegan complicidad con huachicoleros; AMLO insiste en que consultar\u00e1 si los investiga Por Redacci\u00f3n QP\" \/>\n<meta property=\"og:url\" content=\"https:\/\/quehacerpolitico.mx\/?p=14406\" \/>\n<meta property=\"article:published_time\" content=\"2019-01-15T17:11:32+00:00\" \/>\n<meta name=\"author\" content=\"Redacci\u00f3n QP\" \/>\n<meta name=\"twitter:card\" content=\"summary_large_image\" \/>\n<meta name=\"twitter:label1\" content=\"Escrito por\" \/>\n\t<meta name=\"twitter:data1\" content=\"Redacci\u00f3n QP\" \/>\n\t<meta name=\"twitter:label2\" content=\"Tiempo de lectura\" \/>\n\t<meta name=\"twitter:data2\" content=\"3 minutos\" \/>\n<script type=\"application\/ld+json\" class=\"yoast-schema-graph\">{\"@context\":\"https:\\\/\\\/schema.org\",\"@graph\":[{\"@type\":\"Article\",\"@id\":\"https:\\\/\\\/quehacerpolitico.mx\\\/?p=14406#article\",\"isPartOf\":{\"@id\":\"https:\\\/\\\/quehacerpolitico.mx\\\/?p=14406\"},\"author\":{\"name\":\"Redacci\u00f3n QP\",\"@id\":\"https:\\\/\\\/quehacerpolitico.mx\\\/#\\\/schema\\\/person\\\/496d8ad2d1d3f8036101dca7ee39e585\"},\"headline\":\"FCH y Fox niegan complicidad con huachicoleros; AMLO insiste en que consultar\u00e1 si los investiga\",\"datePublished\":\"2019-01-15T17:11:32+00:00\",\"mainEntityOfPage\":{\"@id\":\"https:\\\/\\\/quehacerpolitico.mx\\\/?p=14406\"},\"wordCount\":645,\"commentCount\":0,\"image\":{\"@id\":\"https:\\\/\\\/quehacerpolitico.mx\\\/?p=14406#primaryimage\"},\"thumbnailUrl\":\"\",\"articleSection\":[\"Noticias\"],\"inLanguage\":\"es\",\"potentialAction\":[{\"@type\":\"CommentAction\",\"name\":\"Comment\",\"target\":[\"https:\\\/\\\/quehacerpolitico.mx\\\/?p=14406#respond\"]}]},{\"@type\":\"WebPage\",\"@id\":\"https:\\\/\\\/quehacerpolitico.mx\\\/?p=14406\",\"url\":\"https:\\\/\\\/quehacerpolitico.mx\\\/?p=14406\",\"name\":\"FCH y Fox niegan complicidad con huachicoleros; AMLO insiste en que consultar\u00e1 si los investiga -\",\"isPartOf\":{\"@id\":\"https:\\\/\\\/quehacerpolitico.mx\\\/#website\"},\"primaryImageOfPage\":{\"@id\":\"https:\\\/\\\/quehacerpolitico.mx\\\/?p=14406#primaryimage\"},\"image\":{\"@id\":\"https:\\\/\\\/quehacerpolitico.mx\\\/?p=14406#primaryimage\"},\"thumbnailUrl\":\"\",\"datePublished\":\"2019-01-15T17:11:32+00:00\",\"author\":{\"@id\":\"https:\\\/\\\/quehacerpolitico.mx\\\/#\\\/schema\\\/person\\\/496d8ad2d1d3f8036101dca7ee39e585\"},\"breadcrumb\":{\"@id\":\"https:\\\/\\\/quehacerpolitico.mx\\\/?p=14406#breadcrumb\"},\"inLanguage\":\"es\",\"potentialAction\":[{\"@type\":\"ReadAction\",\"target\":[\"https:\\\/\\\/quehacerpolitico.mx\\\/?p=14406\"]}]},{\"@type\":\"ImageObject\",\"inLanguage\":\"es\",\"@id\":\"https:\\\/\\\/quehacerpolitico.mx\\\/?p=14406#primaryimage\",\"url\":\"\",\"contentUrl\":\"\"},{\"@type\":\"BreadcrumbList\",\"@id\":\"https:\\\/\\\/quehacerpolitico.mx\\\/?p=14406#breadcrumb\",\"itemListElement\":[{\"@type\":\"ListItem\",\"position\":1,\"name\":\"Inicio\",\"item\":\"https:\\\/\\\/quehacerpolitico.mx\\\/\"},{\"@type\":\"ListItem\",\"position\":2,\"name\":\"FCH y Fox niegan complicidad con huachicoleros; AMLO insiste en que consultar\u00e1 si los investiga\"}]},{\"@type\":\"WebSite\",\"@id\":\"https:\\\/\\\/quehacerpolitico.mx\\\/#website\",\"url\":\"https:\\\/\\\/quehacerpolitico.mx\\\/\",\"name\":\"\",\"description\":\"\",\"potentialAction\":[{\"@type\":\"SearchAction\",\"target\":{\"@type\":\"EntryPoint\",\"urlTemplate\":\"https:\\\/\\\/quehacerpolitico.mx\\\/?s={search_term_string}\"},\"query-input\":{\"@type\":\"PropertyValueSpecification\",\"valueRequired\":true,\"valueName\":\"search_term_string\"}}],\"inLanguage\":\"es\"},{\"@type\":\"Person\",\"@id\":\"https:\\\/\\\/quehacerpolitico.mx\\\/#\\\/schema\\\/person\\\/496d8ad2d1d3f8036101dca7ee39e585\",\"name\":\"Redacci\u00f3n QP\",\"image\":{\"@type\":\"ImageObject\",\"inLanguage\":\"es\",\"@id\":\"https:\\\/\\\/secure.gravatar.com\\\/avatar\\\/c7164ed6fdec453195284ad24a5ae5b6e1eed2b848477fa2a4787ba9adf39a41?s=96&d=mm&r=g\",\"url\":\"https:\\\/\\\/secure.gravatar.com\\\/avatar\\\/c7164ed6fdec453195284ad24a5ae5b6e1eed2b848477fa2a4787ba9adf39a41?s=96&d=mm&r=g\",\"contentUrl\":\"https:\\\/\\\/secure.gravatar.com\\\/avatar\\\/c7164ed6fdec453195284ad24a5ae5b6e1eed2b848477fa2a4787ba9adf39a41?s=96&d=mm&r=g\",\"caption\":\"Redacci\u00f3n QP\"},\"url\":\"https:\\\/\\\/quehacerpolitico.mx\\\/?author=2\"}]}<\/script>\n<!-- \/ Yoast SEO plugin. -->","yoast_head_json":{"title":"FCH y Fox niegan complicidad con huachicoleros; AMLO insiste en que consultar\u00e1 si los investiga -","robots":{"index":"index","follow":"follow","max-snippet":"max-snippet:-1","max-image-preview":"max-image-preview:large","max-video-preview":"max-video-preview:-1"},"canonical":"https:\/\/quehacerpolitico.mx\/?p=14406","og_locale":"es_MX","og_type":"article","og_title":"FCH y Fox niegan complicidad con huachicoleros; AMLO insiste en que consultar\u00e1 si los investiga -","og_description":"FCH y Fox niegan complicidad con huachicoleros; AMLO insiste en que consultar\u00e1 si los investiga Por Redacci\u00f3n QP","og_url":"https:\/\/quehacerpolitico.mx\/?p=14406","article_published_time":"2019-01-15T17:11:32+00:00","author":"Redacci\u00f3n QP","twitter_card":"summary_large_image","twitter_misc":{"Escrito por":"Redacci\u00f3n QP","Tiempo de lectura":"3 minutos"},"schema":{"@context":"https:\/\/schema.org","@graph":[{"@type":"Article","@id":"https:\/\/quehacerpolitico.mx\/?p=14406#article","isPartOf":{"@id":"https:\/\/quehacerpolitico.mx\/?p=14406"},"author":{"name":"Redacci\u00f3n QP","@id":"https:\/\/quehacerpolitico.mx\/#\/schema\/person\/496d8ad2d1d3f8036101dca7ee39e585"},"headline":"FCH y Fox niegan complicidad con huachicoleros; AMLO insiste en que consultar\u00e1 si los investiga","datePublished":"2019-01-15T17:11:32+00:00","mainEntityOfPage":{"@id":"https:\/\/quehacerpolitico.mx\/?p=14406"},"wordCount":645,"commentCount":0,"image":{"@id":"https:\/\/quehacerpolitico.mx\/?p=14406#primaryimage"},"thumbnailUrl":"","articleSection":["Noticias"],"inLanguage":"es","potentialAction":[{"@type":"CommentAction","name":"Comment","target":["https:\/\/quehacerpolitico.mx\/?p=14406#respond"]}]},{"@type":"WebPage","@id":"https:\/\/quehacerpolitico.mx\/?p=14406","url":"https:\/\/quehacerpolitico.mx\/?p=14406","name":"FCH y Fox niegan complicidad con huachicoleros; AMLO insiste en que consultar\u00e1 si los investiga -","isPartOf":{"@id":"https:\/\/quehacerpolitico.mx\/#website"},"primaryImageOfPage":{"@id":"https:\/\/quehacerpolitico.mx\/?p=14406#primaryimage"},"image":{"@id":"https:\/\/quehacerpolitico.mx\/?p=14406#primaryimage"},"thumbnailUrl":"","datePublished":"2019-01-15T17:11:32+00:00","author":{"@id":"https:\/\/quehacerpolitico.mx\/#\/schema\/person\/496d8ad2d1d3f8036101dca7ee39e585"},"breadcrumb":{"@id":"https:\/\/quehacerpolitico.mx\/?p=14406#breadcrumb"},"inLanguage":"es","potentialAction":[{"@type":"ReadAction","target":["https:\/\/quehacerpolitico.mx\/?p=14406"]}]},{"@type":"ImageObject","inLanguage":"es","@id":"https:\/\/quehacerpolitico.mx\/?p=14406#primaryimage","url":"","contentUrl":""},{"@type":"BreadcrumbList","@id":"https:\/\/quehacerpolitico.mx\/?p=14406#breadcrumb","itemListElement":[{"@type":"ListItem","position":1,"name":"Inicio","item":"https:\/\/quehacerpolitico.mx\/"},{"@type":"ListItem","position":2,"name":"FCH y Fox niegan complicidad con huachicoleros; AMLO insiste en que consultar\u00e1 si los investiga"}]},{"@type":"WebSite","@id":"https:\/\/quehacerpolitico.mx\/#website","url":"https:\/\/quehacerpolitico.mx\/","name":"","description":"","potentialAction":[{"@type":"SearchAction","target":{"@type":"EntryPoint","urlTemplate":"https:\/\/quehacerpolitico.mx\/?s={search_term_string}"},"query-input":{"@type":"PropertyValueSpecification","valueRequired":true,"valueName":"search_term_string"}}],"inLanguage":"es"},{"@type":"Person","@id":"https:\/\/quehacerpolitico.mx\/#\/schema\/person\/496d8ad2d1d3f8036101dca7ee39e585","name":"Redacci\u00f3n QP","image":{"@type":"ImageObject","inLanguage":"es","@id":"https:\/\/secure.gravatar.com\/avatar\/c7164ed6fdec453195284ad24a5ae5b6e1eed2b848477fa2a4787ba9adf39a41?s=96&d=mm&r=g","url":"https:\/\/secure.gravatar.com\/avatar\/c7164ed6fdec453195284ad24a5ae5b6e1eed2b848477fa2a4787ba9adf39a41?s=96&d=mm&r=g","contentUrl":"https:\/\/secure.gravatar.com\/avatar\/c7164ed6fdec453195284ad24a5ae5b6e1eed2b848477fa2a4787ba9adf39a41?s=96&d=mm&r=g","caption":"Redacci\u00f3n QP"},"url":"https:\/\/quehacerpolitico.mx\/?author=2"}]}},"featured_image_urls":{"full":"","thumbnail":"","medium":"","medium_large":"","large":"","1536x1536":"","2048x2048":"","covernews-featured":"","covernews-medium":""},"author_info":{"display_name":"Redacci\u00f3n QP","author_link":"https:\/\/quehacerpolitico.mx\/?author=2"},"category_info":"<a href=\"https:\/\/quehacerpolitico.mx\/?cat=2\" rel=\"category\">Noticias<\/a>","tag_info":"Noticias","comment_count":"0","_links":{"self":[{"href":"https:\/\/quehacerpolitico.mx\/index.php?rest_route=\/wp\/v2\/posts\/14406","targetHints":{"allow":["GET"]}}],"collection":[{"href":"https:\/\/quehacerpolitico.mx\/index.php?rest_route=\/wp\/v2\/posts"}],"about":[{"href":"https:\/\/quehacerpolitico.mx\/index.php?rest_route=\/wp\/v2\/types\/post"}],"author":[{"embeddable":true,"href":"https:\/\/quehacerpolitico.mx\/index.php?rest_route=\/wp\/v2\/users\/2"}],"replies":[{"embeddable":true,"href":"https:\/\/quehacerpolitico.mx\/index.php?rest_route=%2Fwp%2Fv2%2Fcomments&post=14406"}],"version-history":[{"count":0,"href":"https:\/\/quehacerpolitico.mx\/index.php?rest_route=\/wp\/v2\/posts\/14406\/revisions"}],"wp:featuredmedia":[{"embeddable":true,"href":"https:\/\/quehacerpolitico.mx\/index.php?rest_route=\/"}],"wp:attachment":[{"href":"https:\/\/quehacerpolitico.mx\/index.php?rest_route=%2Fwp%2Fv2%2Fmedia&parent=14406"}],"wp:term":[{"taxonomy":"category","embeddable":true,"href":"https:\/\/quehacerpolitico.mx\/index.php?rest_route=%2Fwp%2Fv2%2Fcategories&post=14406"},{"taxonomy":"post_tag","embeddable":true,"href":"https:\/\/quehacerpolitico.mx\/index.php?rest_route=%2Fwp%2Fv2%2Ftags&post=14406"}],"curies":[{"name":"wp","href":"https:\/\/api.w.org\/{rel}","templated":true}]}}