{"id":14401,"date":"2019-01-15T16:59:34","date_gmt":"2019-01-15T16:59:34","guid":{"rendered":"http:\/\/quehacerpolitico.mx\/desigualdad-represion-trabajo-domestico-y-el-machismo-lo-que-debes-saber-y-esta-alli-en-roma\/"},"modified":"2019-01-15T16:59:34","modified_gmt":"2019-01-15T16:59:34","slug":"desigualdad-represion-trabajo-domestico-y-el-machismo-lo-que-debes-saber-y-esta-alli-en-roma","status":"publish","type":"post","link":"https:\/\/quehacerpolitico.mx\/?p=14401","title":{"rendered":"Desigualdad, represi\u00f3n, trabajo dom\u00e9stico y el machismo: lo que debes saber y est\u00e1 all\u00ed, en Roma"},"content":{"rendered":"<h1 style=\"text-align: left;\">Desigualdad, represi\u00f3n, trabajo dom\u00e9stico y el machismo: lo que debes saber y est\u00e1 all\u00ed, en <em>Roma<\/em><\/h1>\n<p>Por Redacci\u00f3n QP<\/p>\n<p>https:\/\/youtu.be\/wO_1E1cwzmM<\/p>\n<p><strong>Alfonso Cuar\u00f3n<\/strong> fue galardonado recientemente con el premio al Mejor Pel\u00edcula en Lengua Extranjera y Mejor Director en los Globos de Oro por su cinta <strong><em>Roma<\/em><\/strong>. El director y escritor tambi\u00e9n ha sido elogiado por las cualidades f\u00edlmicas de <strong><em>Roma<\/em><\/strong> y las historias cotidianas que cuenta del M\u00e9xico de la d\u00e9cada de los setenta.<\/p>\n<blockquote><p>La pel\u00edcula contiene, sin embargo, otros elementos sutiles pero importantes que hasta ahora han sido ignorados por los cr\u00edticos del filme.<\/p>\n<p>Dos de estos elementos son el contexto pol\u00edtico de M\u00e9xico a principios de la d\u00e9cada de los setenta y las condiciones sociales que han caracterizado la vida de las <strong>trabajadoras dom\u00e9sticas<\/strong> desde entonces.<\/p>\n<div id=\"attachment_3519431\" class=\"wp-caption alignnone\">\n<p><img loading=\"lazy\" decoding=\"async\" class=\"size-full wp-image-3519431\" src=\"https:\/\/www.sinembargo.mx\/wp-content\/uploads\/2019\/01\/cuaron-globos-de-oro-2019.jpg\" sizes=\"auto, (max-width: 700px) 100vw, 700px\" srcset=\"https:\/\/www.sinembargo.mx\/wp-content\/uploads\/2019\/01\/cuaron-globos-de-oro-2019.jpg 700w, https:\/\/www.sinembargo.mx\/wp-content\/uploads\/2019\/01\/cuaron-globos-de-oro-2019-300x200.jpg 300w\" alt=\"\" width=\"700\" height=\"467\" \/><\/p>\n<p class=\"wp-caption-text\">En esta imagen difundida por NBC, Alfonso Cuar\u00f3n acepta el Globo de Oro a la mejor cinta en lengua extranjera por \u201cRoma\u201d el domingo 6 de enero del 2019 en Beverly Hills, California. Foto: Paul Drinkwater\/NBC v\u00eda AP<\/p>\n<\/div>\n<p>El personaje principal de <strong><em>Roma<\/em><\/strong> es Cleo (interpretado por Yalitza Aparicio), una <strong>trabajadora dom\u00e9stica<\/strong> cuyo personaje se basa en una ni\u00f1era llamada Liboria Rodr\u00edguez (conocida como Libo), quien trabajaba para la familia de <strong>Alfonso Cuar\u00f3n<\/strong> cuando \u00e9ste era un ni\u00f1o.<\/p>\n<p><strong>\u00bfQUI\u00c9NES FUERON LOS HALCONES?<\/strong><\/p>\n<p><strong>Cuar\u00f3n<\/strong> sit\u00faa a los personajes de <strong><em>Roma<\/em><\/strong> en medio de importantes acontecimientos hist\u00f3ricos de M\u00e9xico: la lucha de algunos mexicanos por el progreso del pa\u00eds, y su oposici\u00f3n a un r\u00e9gimen pol\u00edtico y autoritario que busc\u00f3 mantener sus privilegios a trav\u00e9s de diversas estrategias.<\/p>\n<blockquote><p>Una de estas estrategias es ejemplificada en la pel\u00edcula por el personaje de Ferm\u00edn, el pretendiente de Cleo (interpretado por Jorge Antonio Guerrero), que pertenece al grupo paramilitar los Halcones.<\/p><\/blockquote>\n<div id=\"attachment_3522723\" class=\"wp-caption alignnone\">\n<p><img loading=\"lazy\" decoding=\"async\" class=\"size-full wp-image-3522723\" src=\"https:\/\/www.sinembargo.mx\/wp-content\/uploads\/2019\/01\/represion-roma.jpg\" sizes=\"auto, (max-width: 700px) 100vw, 700px\" srcset=\"https:\/\/www.sinembargo.mx\/wp-content\/uploads\/2019\/01\/represion-roma.jpg 700w, https:\/\/www.sinembargo.mx\/wp-content\/uploads\/2019\/01\/represion-roma-300x126.jpg 300w\" alt=\"\" width=\"700\" height=\"293\" \/><\/p>\n<p class=\"wp-caption-text\">Los Halcones tambi\u00e9n fueron entrenados por militares y personal de la polic\u00eda mexicana, quienes a su vez, y subsidiados por la Agencia de los Estados Unidos para el Desarrollo Internacional, recibieron entrenamiento en la Academia Internacional de Polic\u00eda en Washington. Foto: Fotograma de Roma<\/p>\n<\/div>\n<p>Sabemos ahora por varias fuentes de primera mano y documentos desclasificados del Gobierno de los Estados Unidos que funcionarios de alto rango del Gobierno mexicano organizaron, financiaron, entrenaron y armaron en secreto a varios grupos, incluidos los Halcones, para sofocar los movimientos sociales de fines de los a\u00f1os sesenta y principios de los setenta.<\/p>\n<p>Los Halcones estaban compuestos por alrededor de dos mil hombres j\u00f3venes, de entre 18 y 29 a\u00f1os, distribuidos en escuadrones con 200 miembros cada uno.<\/p>\n<p>Los l\u00edderes de los escuadrones eran estudiantes universitarios de clase media quienes, a cambio de su participaci\u00f3n en los Halcones, recibieron becas, pagas semanales y la promesa de un futuro brillante en el partido gobernante, el Partido Revolucionario Institucional (PRI).<\/p>\n<p>Un segundo grupo, el de los agresores y sicarios, estaba constituido por miembros de pandillas, as\u00ed como por j\u00f3venes desempleados y de la clase trabajadora de la Ciudad de M\u00e9xico. Estos recib\u00edan s\u00f3lo la mitad de los estipendios que obten\u00edan los l\u00edderes.<\/p>\n<p>Los Halcones tambi\u00e9n fueron entrenados por militares y personal de la polic\u00eda mexicana, quienes a su vez, y subsidiados por la Agencia de los Estados Unidos para el Desarrollo Internacional, recibieron entrenamiento en la Academia Internacional de Polic\u00eda en Washington.<\/p>\n<div id=\"attachment_3513458\" class=\"wp-caption alignnone\">\n<p><img loading=\"lazy\" decoding=\"async\" class=\"size-full wp-image-3513458\" src=\"https:\/\/www.sinembargo.mx\/wp-content\/uploads\/2018\/12\/roma-8.jpg\" sizes=\"auto, (max-width: 700px) 100vw, 700px\" srcset=\"https:\/\/www.sinembargo.mx\/wp-content\/uploads\/2018\/12\/roma-8.jpg 700w, https:\/\/www.sinembargo.mx\/wp-content\/uploads\/2018\/12\/roma-8-300x159.jpg 300w\" alt=\"\" width=\"700\" height=\"370\" \/><\/p>\n<p class=\"wp-caption-text\">Para algunas personas, la m\u00e1s reciente pel\u00edcula de Alfonso Cuar\u00f3n es un monumento a la empat\u00eda. Foto: Carlos Somonte, Netflix v\u00eda AP<\/p>\n<\/div>\n<p><strong>EL ATAQUE A LA DEMOCRACIA MEXICANA<\/strong><\/p>\n<p>Alrededor de 10 mil personas, principalmente estudiantes, se manifestaron el 10 de junio de 1971 para exigir mejoras en las condiciones econ\u00f3micas, sociales, y democr\u00e1ticas de M\u00e9xico.<\/p>\n<blockquote><p>En la cinta, y como una alegor\u00eda de la vida real, Cleo, la abuela y el ch\u00f3fer \u2014quienes se dirigen a una tienda de muebles\u2014 se topan de frente con los manifestantes y con una larga fila de veh\u00edculos y polic\u00edas antidisturbios mientras los Halcones esperan pacientemente en la esquina.<\/p><\/blockquote>\n<div id=\"attachment_3510220\" class=\"wp-caption alignnone\">\n<p><img loading=\"lazy\" decoding=\"async\" class=\"size-full wp-image-3510220\" src=\"https:\/\/www.sinembargo.mx\/wp-content\/uploads\/2018\/12\/entrevista-aparicio1.jpg\" sizes=\"auto, (max-width: 700px) 100vw, 700px\" srcset=\"https:\/\/www.sinembargo.mx\/wp-content\/uploads\/2018\/12\/entrevista-aparicio1.jpg 700w, https:\/\/www.sinembargo.mx\/wp-content\/uploads\/2018\/12\/entrevista-aparicio1-300x158.jpg 300w\" alt=\"\" width=\"700\" height=\"369\" \/><\/p>\n<p class=\"wp-caption-text\">Una escena de \u201cRoma\u201d del director Alfonso Cuar\u00f3n en una imagen proporcionada por Netflix. Foto: AP.<\/p>\n<\/div>\n<p>Como sucedi\u00f3 en la vida real, armados con varas de bamb\u00fa y rifles M1 y M2, los Halcones atacaron a los manifestantes y provocaron el segundo evento m\u00e1s sangriento en la historia mexicana moderna ( el Halconazo), tras la masacre de Tlatelolco acaecida en octubre de 1968.<\/p>\n<p>Se estima que alrededor de 120 personas fueron asesinadas y cientos m\u00e1s resultaron heridas, incluidos ni\u00f1os, mujeres y personas mayores. Aunque los militares y la polic\u00eda conoc\u00edan de antemano que se iba a producir el ataque, se mantuvieron al margen y no hicieron nada.<\/p>\n<div id=\"attachment_3522725\" class=\"wp-caption alignnone\">\n<p><img loading=\"lazy\" decoding=\"async\" class=\"size-full wp-image-3522725\" src=\"https:\/\/www.sinembargo.mx\/wp-content\/uploads\/2019\/01\/machismo-roma.jpg\" sizes=\"auto, (max-width: 700px) 100vw, 700px\" srcset=\"https:\/\/www.sinembargo.mx\/wp-content\/uploads\/2019\/01\/machismo-roma.jpg 700w, https:\/\/www.sinembargo.mx\/wp-content\/uploads\/2019\/01\/machismo-roma-300x139.jpg 300w\" alt=\"\" width=\"700\" height=\"324\" \/><\/p>\n<p class=\"wp-caption-text\">La violencia de los Halcones tambi\u00e9n se manifest\u00f3 en violencia de g\u00e9nero. En el filme, Ferm\u00edn amenaza con golpear a Cleo y a su hija que est\u00e1 por nacer si Cleo insiste en buscarle y pedirle que se haga responsable de su paternidad. Foto: Fotograma de Roma<\/p>\n<\/div>\n<p><strong>VIOLENCIA Y MASCULINIDAD<\/strong><\/p>\n<p>Ferm\u00edn pertenece al segundo grupo de los Halcones descrito anteriormente. En la escena del hotel, Ferm\u00edn le confiesa a Cleo: \u201cLe debo la vida a las artes marciales [a los Halcones]. Yo crec\u00ed con muchas carencias, \u00bfsabes?\u201d.<\/p>\n<p>Representando a los verdaderos Halcones, la participaci\u00f3n de Ferm\u00edn en ese grupo le permite cierta movilidad socioecon\u00f3mica, pero a cambio de cometer atrocidades terribles.<\/p>\n<blockquote><p>La lealtad de algunos j\u00f3venes al grupo de los Halcones y sus decisiones inmorales estuvieron, pues, mediadas por aspiraciones de clase, ideolog\u00eda y violencia.<\/p><\/blockquote>\n<p>La violencia de los Halcones tambi\u00e9n se manifest\u00f3 en violencia de g\u00e9nero. En el filme, Ferm\u00edn amenaza con golpear a Cleo y a su hija que est\u00e1 por nacer si Cleo insiste en buscarle y pedirle que se haga responsable de su paternidad.<\/p>\n<p>A\u00fan m\u00e1s, al final de la escena, y a pesar de provenir de una clase social baja, Ferm\u00edn abandona el campo de entrenamiento de Halcones grit\u00e1ndole \u201cgata\u201d a Cleo, un insulto proveniente de las clases medias y altas que se dirige \u00fanicamente a las <strong>trabajadoras dom\u00e9sticas<\/strong>. Este insulto refleja, por tanto, el bajo estatus social al que las trabajadoras dom\u00e9sticas son relegadas continuamente.<\/p>\n<blockquote class=\"twitter-tweet\" data-width=\"550\" data-dnt=\"true\">\n<p lang=\"es\" dir=\"ltr\">En la premiere de ROMA del NYFF ayer en la noche estuvo Libo, la nana de Cuar\u00f3n en la que est\u00e1 basado el personaje de Cleo. <a href=\"https:\/\/twitter.com\/TheNYFF?ref_src=twsrc%5Etfw\">@thenyff<\/a>  <a href=\"https:\/\/twitter.com\/hashtag\/unmundodecine?src=hash&amp;ref_src=twsrc%5Etfw\">#unmundodecine<\/a> photo:<a href=\"https:\/\/twitter.com\/ROMACuaron?ref_src=twsrc%5Etfw\">@romacuaron<\/a> <a href=\"https:\/\/t.co\/dhZH2KT9MO\">pic.twitter.com\/dhZH2KT9MO<\/a><\/p>\n<p>&mdash; Alejandra Musi (@alejandramusi) <a href=\"https:\/\/twitter.com\/alejandramusi\/status\/1048560392778240002?ref_src=twsrc%5Etfw\">October 6, 2018<\/a><\/p><\/blockquote>\n<p><script async src=\"https:\/\/platform.twitter.com\/widgets.js\" charset=\"utf-8\"><\/script><\/p>\n<p><strong>TRABAJADORAS DOM\u00c9STICAS EN M\u00c9XICO<\/strong><\/p>\n<p>Un segundo elemento que no ha sido analizado por los cr\u00edticos y al que se alude en <em>Roma<\/em> son las condiciones hist\u00f3ricas y sociales de las trabajadoras dom\u00e9sticas en M\u00e9xico.<\/p>\n<p>En junio de 2018 hab\u00eda 2.2 millones de trabajadoras dom\u00e9sticas en el pa\u00eds. Alrededor del 95 por ciento son mujeres, en su mayor\u00eda j\u00f3venes y de mediana edad, aunque algunas son todav\u00eda ni\u00f1as.<\/p>\n<div id=\"attachment_3514778\" class=\"wp-caption alignnone\">\n<p><img loading=\"lazy\" decoding=\"async\" class=\"size-full wp-image-3514778\" src=\"https:\/\/www.sinembargo.mx\/wp-content\/uploads\/2018\/12\/5c1d3934e9180f32438b456a.jpg\" sizes=\"auto, (max-width: 700px) 100vw, 700px\" srcset=\"https:\/\/www.sinembargo.mx\/wp-content\/uploads\/2018\/12\/5c1d3934e9180f32438b456a.jpg 700w, https:\/\/www.sinembargo.mx\/wp-content\/uploads\/2018\/12\/5c1d3934e9180f32438b456a-300x200.jpg 300w\" alt=\"\" width=\"700\" height=\"467\" \/><\/p>\n<p class=\"wp-caption-text\">El director Alfonso Cuar\u00f3n durante el rodaje de la pel\u00edcula con la protagonista Yalitza Aparicio. Foto: Carlos Somonte v\u00eda Netflix<\/p>\n<\/div>\n<blockquote><p>En 2010, el 58 por ciento de las ind\u00edgenas mexicanas del \u00e1rea metropolitana de Monterrey eran trabajadoras dom\u00e9sticas, y muchas hab\u00edan emigrado del campo a la ciudad. Esto significa, como afirma la investigadora en migraci\u00f3n ind\u00edgena S\u00e9verine Durin, que el <strong>trabajo dom\u00e9stico<\/strong>est\u00e1 fuertemente determinado por la etnia de la persona.<\/p><\/blockquote>\n<p>No es una coincidencia, pues, que la ex ni\u00f1era de <strong>Cuar\u00f3n<\/strong>, Libo, y los personajes de <em>Roma<\/em>Cleo y Adela sean j\u00f3venes, mujeres e ind\u00edgenas.<\/p>\n<div id=\"attachment_3522727\" class=\"wp-caption alignnone\">\n<p><img loading=\"lazy\" decoding=\"async\" class=\"size-full wp-image-3522727\" src=\"https:\/\/www.sinembargo.mx\/wp-content\/uploads\/2019\/01\/desigualdad-roma.jpg\" sizes=\"auto, (max-width: 700px) 100vw, 700px\" srcset=\"https:\/\/www.sinembargo.mx\/wp-content\/uploads\/2019\/01\/desigualdad-roma.jpg 700w, https:\/\/www.sinembargo.mx\/wp-content\/uploads\/2019\/01\/desigualdad-roma-300x126.jpg 300w\" alt=\"\" width=\"700\" height=\"295\" \/><\/p>\n<p class=\"wp-caption-text\">S\u00f3lo una de cada 10 mujeres acude a denunciar ante la polic\u00eda cuando se suscita alg\u00fan problema con sus empleadores, muchas veces por miedo a perder el \u00fanico ingreso econ\u00f3mico o empleo que pueden obtener. Foto: Fotograma de Roma<\/p>\n<\/div>\n<p><strong>CONDICIONES LABORALES DESVENTAJOSAS<\/strong><\/p>\n<p>Las leyes mexicanas no ofrecen a las trabajadoras dom\u00e9sticas los mismos derechos y beneficios que otros trabajadores disfrutan, como pago de d\u00edas festivos o incapacidad laboral. A\u00fan m\u00e1s, las trabajadoras dom\u00e9sticas pueden ser despedidas legalmente en cualquier momento y sin previo aviso.<\/p>\n<p>Apenas en diciembre de 2018, la Suprema Corte de Justicia de M\u00e9xico determin\u00f3 que es inconstitucional que los empleadores nieguen a las trabajadoras dom\u00e9sticas el acceso a la seguridad social, lo que significa principalmente el acceso a los servicios de salud p\u00fablica.<\/p>\n<div id=\"attachment_3499123\" class=\"wp-caption alignnone\">\n<p><img loading=\"lazy\" decoding=\"async\" class=\"size-full wp-image-3499123\" src=\"https:\/\/www.sinembargo.mx\/wp-content\/uploads\/2018\/11\/matriarcado.jpg\" sizes=\"auto, (max-width: 700px) 100vw, 700px\" srcset=\"https:\/\/www.sinembargo.mx\/wp-content\/uploads\/2018\/11\/matriarcado.jpg 700w, https:\/\/www.sinembargo.mx\/wp-content\/uploads\/2018\/11\/matriarcado-300x199.jpg 300w\" alt=\"\" width=\"700\" height=\"465\" \/><\/p>\n<p class=\"wp-caption-text\">La mujeres en Cuar\u00f3n fueron un pilar en su vida. Foto: Carlos Somonte v\u00eda @alfonsocuaron<\/p>\n<\/div>\n<blockquote><p>Tambi\u00e9n es com\u00fan que las trabajadoras dom\u00e9sticas tengan salarios bajos, que trabajen largas horas, incluyendo s\u00e1bados y domingos, y que carezcan de vacaciones. Algunas empleadas tambi\u00e9n se enfrentan a tratos humillantes, maltrato y discriminaci\u00f3n debido a sus rasgos f\u00edsicos, o por hablar su lengua ind\u00edgena, usar ropas tradicionales, o mantener sus costumbres y tradiciones.<\/p>\n<p>Algunas tambi\u00e9n padecen confinamiento forzado o abusos sexuales por parte de los maridos o los hijos adolescentes de sus empleadores. Y a pesar de todo lo anterior, se espera que las trabajadoras dom\u00e9sticas agradezcan a sus \u201cpatrones\u201d por la \u201coportunidad\u201d de tener un <strong>trabajo<\/strong>.<\/p>\n<p>S\u00f3lo una de cada 10 mujeres acude a denunciar ante la polic\u00eda cuando se suscita alg\u00fan problema con sus empleadores, muchas veces por miedo a perder el \u00fanico ingreso econ\u00f3mico o empleo que pueden obtener.<\/p>\n<p>Las trabajadoras dom\u00e9sticas con hijos tambi\u00e9n deben hacer arreglos extraordinarios para que sus propios hijos sean atendidos, lo que conduce a una larga separaci\u00f3n familiar al mismo tiempo que ellas cuidan a los ni\u00f1os de otras familias. El cuidado y afecto que proporcionan estas mujeres, pues, no s\u00f3lo se mercantiliza sino que adem\u00e1s se fragmenta.<\/p>\n<div id=\"attachment_3501023\" class=\"wp-caption alignnone\">\n<p><img loading=\"lazy\" decoding=\"async\" class=\"size-full wp-image-3501023\" src=\"https:\/\/www.sinembargo.mx\/wp-content\/uploads\/2018\/11\/roma-cuaron-2.jpg\" sizes=\"auto, (max-width: 700px) 100vw, 700px\" srcset=\"https:\/\/www.sinembargo.mx\/wp-content\/uploads\/2018\/11\/roma-cuaron-2.jpg 700w, https:\/\/www.sinembargo.mx\/wp-content\/uploads\/2018\/11\/roma-cuaron-2-300x200.jpg 300w\" alt=\"\" width=\"700\" height=\"466\" \/><\/p>\n<p class=\"wp-caption-text\">Cuar\u00f3n se sale de s\u00ed mismo y elige rendir homenaje a las vidas privadas de dos personas. Foto: Alfonso Cuar\u00f3n, Netflix v\u00eda AP.<\/p>\n<\/div>\n<p><strong>NO SON REALMENTE PARTE DE LA FAMILIA<\/strong><\/p>\n<p>Algunos empleadores consideran a las trabajadoras dom\u00e9sticas como \u201cparte de la familia\u201d. Sin embargo, las <strong>desiguales<\/strong>relaciones de poder, las diferencias de clase, la discriminaci\u00f3n y el racismo hacen que no sean realmente parte de la familia.<\/p>\n<blockquote><p>El propio director Alfonso Cuar\u00f3n reconoce que fue recientemente cuando se dio cuenta de que Libo era una mujer ind\u00edgena y lo que eso conlleva. Se dio cuenta de que Libo ten\u00eda tambi\u00e9n \u201cnecesidades afectivas y deseos sexuales\u201d, y de que viv\u00eda en \u201cun mundo de injusticia\u201d, \u201ccon el bagaje de la clase m\u00e1s despose\u00edda\u201d.<\/p><\/blockquote>\n<p>En <em>Roma<\/em>, los miembros de la familia desconocen la vida social y personal de las trabajadoras dom\u00e9sticas.<\/p>\n<div id=\"attachment_3499131\" class=\"wp-caption alignnone\">\n<p><img loading=\"lazy\" decoding=\"async\" class=\"size-full wp-image-3499131\" src=\"https:\/\/www.sinembargo.mx\/wp-content\/uploads\/2018\/11\/roma-cuaron-1.jpg\" sizes=\"auto, (max-width: 700px) 100vw, 700px\" srcset=\"https:\/\/www.sinembargo.mx\/wp-content\/uploads\/2018\/11\/roma-cuaron-1.jpg 700w, https:\/\/www.sinembargo.mx\/wp-content\/uploads\/2018\/11\/roma-cuaron-1-300x200.jpg 300w\" alt=\"\" width=\"700\" height=\"467\" \/><\/p>\n<p class=\"wp-caption-text\">El director ha compartido espectaculares fotograf\u00edas de la realizaci\u00f3n de Roma en sus redes sociales. Foto: Carlos Somonte v\u00eda @alfonsocuaron<\/p>\n<\/div>\n<p>Cuando llevan a Cleo a la sala de partos, una enfermera le pregunta a la abuela Teresa sobre el apellido de Cleo, su fecha de nacimiento y si tiene seguridad social. Pero Teresa no puede contestar esas preguntas.<\/p>\n<p>Cleo recoge los excrementos del perro de la familia, cocina y sirve la mesa familiar, prepara a los ni\u00f1os para que vayan a la escuela y tambi\u00e9n los acuesta, lava y plancha la ropa y limpia la casa. Sin embargo, la abuela ignora todo sobre Cleo a pesar de vivir en la \u201cmisma\u201d casa (por lo general, las trabajadoras dom\u00e9sticas duermen aparte e incluso comen lejos de la familia).<\/p>\n<p>Consideran a Cleo \u201cparte de la familia\u201d, pero realmente no lo es.<\/p>\n<p><img loading=\"lazy\" decoding=\"async\" class=\"alignnone size-full wp-image-3522720\" src=\"https:\/\/www.sinembargo.mx\/wp-content\/uploads\/2019\/01\/cuaron-instagram.png\" sizes=\"auto, (max-width: 538px) 100vw, 538px\" srcset=\"https:\/\/www.sinembargo.mx\/wp-content\/uploads\/2019\/01\/cuaron-instagram.png 538w, https:\/\/www.sinembargo.mx\/wp-content\/uploads\/2019\/01\/cuaron-instagram-207x300.png 207w\" alt=\"\" width=\"538\" height=\"779\" \/><\/p>\n<p><strong>VIOLENCIA COTIDIANA<\/strong><\/p>\n<p>La pel\u00edcula <em>Roma<\/em> contiene varias historias que revelan sutilmente distintas formas de violencia: pobreza, exclusi\u00f3n social y violencia de g\u00e9nero, que son promovidas por masculinidades sexistas y mis\u00f3ginas.<\/p>\n<p>Adem\u00e1s, el <strong>trabajo<\/strong> silencioso pero interminable de las trabajadoras dom\u00e9sticas, que en <em>Roma<\/em> abarca la mitad de la pel\u00edcula, esconde relaciones de poder <strong>desiguales<\/strong>, mediadas por la clase social, el g\u00e9nero, la edad, los afectos, el origen \u00e9tnico, la raza y la divisi\u00f3n entre el mundo urbano y lo rural.<\/p>\n<p>Estos elementos se entrecruzan para mantener a las trabajadoras dom\u00e9sticas, principalmente mujeres ind\u00edgenas, en posiciones subordinadas y dependientes. Las trabajadoras dom\u00e9sticas son, pues, convenientemente imaginadas como \u201cde la familia\u201d, pero ellas nunca son realmente parte de la familia, ni en M\u00e9xico ni en ning\u00fan otro lugar del mundo.<\/p>\n<p><strong>CORRECCI\u00d3N<\/strong><\/p>\n<p>En una primera versi\u00f3n de este art\u00edculo se afirmaba que \u201cEn 2010, el 58 por ciento de las ind\u00edgenas mexicanas eran trabajadoras dom\u00e9sticas\u2026\u201d, cuando el dato se refiere estrictamente a las ind\u00edgenas mexicanas del \u00e1rea metropolitana de Monterrey.<\/p>\n<p>Con Informaci\u00f3n de El Diario.es<\/p><\/blockquote>\n<\/blockquote>\n","protected":false},"excerpt":{"rendered":"<p>Desigualdad, represi\u00f3n, trabajo dom\u00e9stico y el machismo: lo que debes saber y est\u00e1 all\u00ed, en Roma<br \/>\nPor Redacci\u00f3n QP<\/p>\n","protected":false},"author":2,"featured_media":14402,"comment_status":"open","ping_status":"open","sticky":false,"template":"","format":"standard","meta":{"_monsterinsights_skip_tracking":false,"_monsterinsights_sitenote_active":false,"_monsterinsights_sitenote_note":"","_monsterinsights_sitenote_category":0,"footnotes":""},"categories":[58],"tags":[],"class_list":["post-14401","post","type-post","status-publish","format-standard","has-post-thumbnail","hentry","category-cultura"],"yoast_head":"<!-- This site is optimized with the Yoast SEO plugin v27.3 - https:\/\/yoast.com\/product\/yoast-seo-wordpress\/ -->\n<title>Desigualdad, represi\u00f3n, trabajo dom\u00e9stico y el machismo: lo que debes saber y est\u00e1 all\u00ed, en Roma -<\/title>\n<meta name=\"robots\" content=\"index, follow, max-snippet:-1, max-image-preview:large, max-video-preview:-1\" \/>\n<link rel=\"canonical\" href=\"https:\/\/quehacerpolitico.mx\/?p=14401\" \/>\n<meta property=\"og:locale\" content=\"es_MX\" \/>\n<meta property=\"og:type\" content=\"article\" \/>\n<meta property=\"og:title\" content=\"Desigualdad, represi\u00f3n, trabajo dom\u00e9stico y el machismo: lo que debes saber y est\u00e1 all\u00ed, en Roma -\" \/>\n<meta property=\"og:description\" content=\"Desigualdad, represi\u00f3n, trabajo dom\u00e9stico y el machismo: lo que debes saber y est\u00e1 all\u00ed, en Roma Por Redacci\u00f3n QP\" \/>\n<meta property=\"og:url\" content=\"https:\/\/quehacerpolitico.mx\/?p=14401\" \/>\n<meta property=\"article:published_time\" content=\"2019-01-15T16:59:34+00:00\" \/>\n<meta name=\"author\" content=\"Redacci\u00f3n QP\" \/>\n<meta name=\"twitter:card\" content=\"summary_large_image\" \/>\n<meta name=\"twitter:label1\" content=\"Escrito por\" \/>\n\t<meta name=\"twitter:data1\" content=\"Redacci\u00f3n QP\" \/>\n\t<meta name=\"twitter:label2\" content=\"Tiempo de lectura\" \/>\n\t<meta name=\"twitter:data2\" content=\"11 minutos\" \/>\n<script type=\"application\/ld+json\" class=\"yoast-schema-graph\">{\"@context\":\"https:\\\/\\\/schema.org\",\"@graph\":[{\"@type\":\"Article\",\"@id\":\"https:\\\/\\\/quehacerpolitico.mx\\\/?p=14401#article\",\"isPartOf\":{\"@id\":\"https:\\\/\\\/quehacerpolitico.mx\\\/?p=14401\"},\"author\":{\"name\":\"Redacci\u00f3n QP\",\"@id\":\"https:\\\/\\\/quehacerpolitico.mx\\\/#\\\/schema\\\/person\\\/496d8ad2d1d3f8036101dca7ee39e585\"},\"headline\":\"Desigualdad, represi\u00f3n, trabajo dom\u00e9stico y el machismo: lo que debes saber y est\u00e1 all\u00ed, en Roma\",\"datePublished\":\"2019-01-15T16:59:34+00:00\",\"mainEntityOfPage\":{\"@id\":\"https:\\\/\\\/quehacerpolitico.mx\\\/?p=14401\"},\"wordCount\":2120,\"commentCount\":0,\"image\":{\"@id\":\"https:\\\/\\\/quehacerpolitico.mx\\\/?p=14401#primaryimage\"},\"thumbnailUrl\":\"\",\"articleSection\":[\"Cultura y Entretenimiento\"],\"inLanguage\":\"es\",\"potentialAction\":[{\"@type\":\"CommentAction\",\"name\":\"Comment\",\"target\":[\"https:\\\/\\\/quehacerpolitico.mx\\\/?p=14401#respond\"]}]},{\"@type\":\"WebPage\",\"@id\":\"https:\\\/\\\/quehacerpolitico.mx\\\/?p=14401\",\"url\":\"https:\\\/\\\/quehacerpolitico.mx\\\/?p=14401\",\"name\":\"Desigualdad, represi\u00f3n, trabajo dom\u00e9stico y el machismo: lo que debes saber y est\u00e1 all\u00ed, en Roma -\",\"isPartOf\":{\"@id\":\"https:\\\/\\\/quehacerpolitico.mx\\\/#website\"},\"primaryImageOfPage\":{\"@id\":\"https:\\\/\\\/quehacerpolitico.mx\\\/?p=14401#primaryimage\"},\"image\":{\"@id\":\"https:\\\/\\\/quehacerpolitico.mx\\\/?p=14401#primaryimage\"},\"thumbnailUrl\":\"\",\"datePublished\":\"2019-01-15T16:59:34+00:00\",\"author\":{\"@id\":\"https:\\\/\\\/quehacerpolitico.mx\\\/#\\\/schema\\\/person\\\/496d8ad2d1d3f8036101dca7ee39e585\"},\"breadcrumb\":{\"@id\":\"https:\\\/\\\/quehacerpolitico.mx\\\/?p=14401#breadcrumb\"},\"inLanguage\":\"es\",\"potentialAction\":[{\"@type\":\"ReadAction\",\"target\":[\"https:\\\/\\\/quehacerpolitico.mx\\\/?p=14401\"]}]},{\"@type\":\"ImageObject\",\"inLanguage\":\"es\",\"@id\":\"https:\\\/\\\/quehacerpolitico.mx\\\/?p=14401#primaryimage\",\"url\":\"\",\"contentUrl\":\"\"},{\"@type\":\"BreadcrumbList\",\"@id\":\"https:\\\/\\\/quehacerpolitico.mx\\\/?p=14401#breadcrumb\",\"itemListElement\":[{\"@type\":\"ListItem\",\"position\":1,\"name\":\"Inicio\",\"item\":\"https:\\\/\\\/quehacerpolitico.mx\\\/\"},{\"@type\":\"ListItem\",\"position\":2,\"name\":\"Desigualdad, represi\u00f3n, trabajo dom\u00e9stico y el machismo: lo que debes saber y est\u00e1 all\u00ed, en Roma\"}]},{\"@type\":\"WebSite\",\"@id\":\"https:\\\/\\\/quehacerpolitico.mx\\\/#website\",\"url\":\"https:\\\/\\\/quehacerpolitico.mx\\\/\",\"name\":\"\",\"description\":\"\",\"potentialAction\":[{\"@type\":\"SearchAction\",\"target\":{\"@type\":\"EntryPoint\",\"urlTemplate\":\"https:\\\/\\\/quehacerpolitico.mx\\\/?s={search_term_string}\"},\"query-input\":{\"@type\":\"PropertyValueSpecification\",\"valueRequired\":true,\"valueName\":\"search_term_string\"}}],\"inLanguage\":\"es\"},{\"@type\":\"Person\",\"@id\":\"https:\\\/\\\/quehacerpolitico.mx\\\/#\\\/schema\\\/person\\\/496d8ad2d1d3f8036101dca7ee39e585\",\"name\":\"Redacci\u00f3n QP\",\"image\":{\"@type\":\"ImageObject\",\"inLanguage\":\"es\",\"@id\":\"https:\\\/\\\/secure.gravatar.com\\\/avatar\\\/c7164ed6fdec453195284ad24a5ae5b6e1eed2b848477fa2a4787ba9adf39a41?s=96&d=mm&r=g\",\"url\":\"https:\\\/\\\/secure.gravatar.com\\\/avatar\\\/c7164ed6fdec453195284ad24a5ae5b6e1eed2b848477fa2a4787ba9adf39a41?s=96&d=mm&r=g\",\"contentUrl\":\"https:\\\/\\\/secure.gravatar.com\\\/avatar\\\/c7164ed6fdec453195284ad24a5ae5b6e1eed2b848477fa2a4787ba9adf39a41?s=96&d=mm&r=g\",\"caption\":\"Redacci\u00f3n QP\"},\"url\":\"https:\\\/\\\/quehacerpolitico.mx\\\/?author=2\"}]}<\/script>\n<!-- \/ Yoast SEO plugin. -->","yoast_head_json":{"title":"Desigualdad, represi\u00f3n, trabajo dom\u00e9stico y el machismo: lo que debes saber y est\u00e1 all\u00ed, en Roma -","robots":{"index":"index","follow":"follow","max-snippet":"max-snippet:-1","max-image-preview":"max-image-preview:large","max-video-preview":"max-video-preview:-1"},"canonical":"https:\/\/quehacerpolitico.mx\/?p=14401","og_locale":"es_MX","og_type":"article","og_title":"Desigualdad, represi\u00f3n, trabajo dom\u00e9stico y el machismo: lo que debes saber y est\u00e1 all\u00ed, en Roma -","og_description":"Desigualdad, represi\u00f3n, trabajo dom\u00e9stico y el machismo: lo que debes saber y est\u00e1 all\u00ed, en Roma Por Redacci\u00f3n QP","og_url":"https:\/\/quehacerpolitico.mx\/?p=14401","article_published_time":"2019-01-15T16:59:34+00:00","author":"Redacci\u00f3n QP","twitter_card":"summary_large_image","twitter_misc":{"Escrito por":"Redacci\u00f3n QP","Tiempo de lectura":"11 minutos"},"schema":{"@context":"https:\/\/schema.org","@graph":[{"@type":"Article","@id":"https:\/\/quehacerpolitico.mx\/?p=14401#article","isPartOf":{"@id":"https:\/\/quehacerpolitico.mx\/?p=14401"},"author":{"name":"Redacci\u00f3n QP","@id":"https:\/\/quehacerpolitico.mx\/#\/schema\/person\/496d8ad2d1d3f8036101dca7ee39e585"},"headline":"Desigualdad, represi\u00f3n, trabajo dom\u00e9stico y el machismo: lo que debes saber y est\u00e1 all\u00ed, en Roma","datePublished":"2019-01-15T16:59:34+00:00","mainEntityOfPage":{"@id":"https:\/\/quehacerpolitico.mx\/?p=14401"},"wordCount":2120,"commentCount":0,"image":{"@id":"https:\/\/quehacerpolitico.mx\/?p=14401#primaryimage"},"thumbnailUrl":"","articleSection":["Cultura y Entretenimiento"],"inLanguage":"es","potentialAction":[{"@type":"CommentAction","name":"Comment","target":["https:\/\/quehacerpolitico.mx\/?p=14401#respond"]}]},{"@type":"WebPage","@id":"https:\/\/quehacerpolitico.mx\/?p=14401","url":"https:\/\/quehacerpolitico.mx\/?p=14401","name":"Desigualdad, represi\u00f3n, trabajo dom\u00e9stico y el machismo: lo que debes saber y est\u00e1 all\u00ed, en Roma -","isPartOf":{"@id":"https:\/\/quehacerpolitico.mx\/#website"},"primaryImageOfPage":{"@id":"https:\/\/quehacerpolitico.mx\/?p=14401#primaryimage"},"image":{"@id":"https:\/\/quehacerpolitico.mx\/?p=14401#primaryimage"},"thumbnailUrl":"","datePublished":"2019-01-15T16:59:34+00:00","author":{"@id":"https:\/\/quehacerpolitico.mx\/#\/schema\/person\/496d8ad2d1d3f8036101dca7ee39e585"},"breadcrumb":{"@id":"https:\/\/quehacerpolitico.mx\/?p=14401#breadcrumb"},"inLanguage":"es","potentialAction":[{"@type":"ReadAction","target":["https:\/\/quehacerpolitico.mx\/?p=14401"]}]},{"@type":"ImageObject","inLanguage":"es","@id":"https:\/\/quehacerpolitico.mx\/?p=14401#primaryimage","url":"","contentUrl":""},{"@type":"BreadcrumbList","@id":"https:\/\/quehacerpolitico.mx\/?p=14401#breadcrumb","itemListElement":[{"@type":"ListItem","position":1,"name":"Inicio","item":"https:\/\/quehacerpolitico.mx\/"},{"@type":"ListItem","position":2,"name":"Desigualdad, represi\u00f3n, trabajo dom\u00e9stico y el machismo: lo que debes saber y est\u00e1 all\u00ed, en Roma"}]},{"@type":"WebSite","@id":"https:\/\/quehacerpolitico.mx\/#website","url":"https:\/\/quehacerpolitico.mx\/","name":"","description":"","potentialAction":[{"@type":"SearchAction","target":{"@type":"EntryPoint","urlTemplate":"https:\/\/quehacerpolitico.mx\/?s={search_term_string}"},"query-input":{"@type":"PropertyValueSpecification","valueRequired":true,"valueName":"search_term_string"}}],"inLanguage":"es"},{"@type":"Person","@id":"https:\/\/quehacerpolitico.mx\/#\/schema\/person\/496d8ad2d1d3f8036101dca7ee39e585","name":"Redacci\u00f3n QP","image":{"@type":"ImageObject","inLanguage":"es","@id":"https:\/\/secure.gravatar.com\/avatar\/c7164ed6fdec453195284ad24a5ae5b6e1eed2b848477fa2a4787ba9adf39a41?s=96&d=mm&r=g","url":"https:\/\/secure.gravatar.com\/avatar\/c7164ed6fdec453195284ad24a5ae5b6e1eed2b848477fa2a4787ba9adf39a41?s=96&d=mm&r=g","contentUrl":"https:\/\/secure.gravatar.com\/avatar\/c7164ed6fdec453195284ad24a5ae5b6e1eed2b848477fa2a4787ba9adf39a41?s=96&d=mm&r=g","caption":"Redacci\u00f3n QP"},"url":"https:\/\/quehacerpolitico.mx\/?author=2"}]}},"featured_image_urls":{"full":"","thumbnail":"","medium":"","medium_large":"","large":"","1536x1536":"","2048x2048":"","covernews-featured":"","covernews-medium":""},"author_info":{"display_name":"Redacci\u00f3n QP","author_link":"https:\/\/quehacerpolitico.mx\/?author=2"},"category_info":"<a href=\"https:\/\/quehacerpolitico.mx\/?cat=58\" rel=\"category\">Cultura y Entretenimiento<\/a>","tag_info":"Cultura y Entretenimiento","comment_count":"0","_links":{"self":[{"href":"https:\/\/quehacerpolitico.mx\/index.php?rest_route=\/wp\/v2\/posts\/14401","targetHints":{"allow":["GET"]}}],"collection":[{"href":"https:\/\/quehacerpolitico.mx\/index.php?rest_route=\/wp\/v2\/posts"}],"about":[{"href":"https:\/\/quehacerpolitico.mx\/index.php?rest_route=\/wp\/v2\/types\/post"}],"author":[{"embeddable":true,"href":"https:\/\/quehacerpolitico.mx\/index.php?rest_route=\/wp\/v2\/users\/2"}],"replies":[{"embeddable":true,"href":"https:\/\/quehacerpolitico.mx\/index.php?rest_route=%2Fwp%2Fv2%2Fcomments&post=14401"}],"version-history":[{"count":0,"href":"https:\/\/quehacerpolitico.mx\/index.php?rest_route=\/wp\/v2\/posts\/14401\/revisions"}],"wp:featuredmedia":[{"embeddable":true,"href":"https:\/\/quehacerpolitico.mx\/index.php?rest_route=\/"}],"wp:attachment":[{"href":"https:\/\/quehacerpolitico.mx\/index.php?rest_route=%2Fwp%2Fv2%2Fmedia&parent=14401"}],"wp:term":[{"taxonomy":"category","embeddable":true,"href":"https:\/\/quehacerpolitico.mx\/index.php?rest_route=%2Fwp%2Fv2%2Fcategories&post=14401"},{"taxonomy":"post_tag","embeddable":true,"href":"https:\/\/quehacerpolitico.mx\/index.php?rest_route=%2Fwp%2Fv2%2Ftags&post=14401"}],"curies":[{"name":"wp","href":"https:\/\/api.w.org\/{rel}","templated":true}]}}