{"id":14306,"date":"2019-01-15T04:22:10","date_gmt":"2019-01-15T04:22:10","guid":{"rendered":"http:\/\/quehacerpolitico.mx\/faylet-guzman-presenta-su-opera-prima\/"},"modified":"2019-01-15T04:22:10","modified_gmt":"2019-01-15T04:22:10","slug":"faylet-guzman-presenta-su-opera-prima","status":"publish","type":"post","link":"https:\/\/quehacerpolitico.mx\/?p=14306","title":{"rendered":"Faylet Guzm\u00e1n presenta su \u00f3pera prima"},"content":{"rendered":"<h1 class=\"news-title\">Faylet Guzm\u00e1n presenta su \u00f3pera prima<\/h1>\n<p>Por Redacci\u00f3n QP<\/p>\n<header class=\"news-header\">\n<div class=\"news-subtitle\">\n<p>La dramaturga nos habla en su obra de una mujer que ama sus ra\u00edces<\/p>\n<\/div>\n<\/header>\n<div class=\"news-content\">\n<div class=\"news-body row\">\n<p>Este enero regresa a cartelera \u201cEr\u00e9ndira: viaje interior de una mujer invisible\u201d, \u00f3pera prima de la actriz y dramaturga Faylet Guzm\u00e1n, con la direcci\u00f3n de Antonio Gonz\u00e1lez (en codirecci\u00f3n con Faylet y Georgina Ameztli). <strong>\u201cEr\u00e9ndira\u201d, el personaje, es una mujer de origen ind\u00edgena. Por las circunstancias de inseguridad debe dejar sus ra\u00edces, por lo que emprende un viaje en el que tambi\u00e9n se cuestiona qui\u00e9n es y cu\u00e1l es su origen.<\/strong><\/p>\n<p>Sobre el nacimiento de este proyecto, la joven artista platic\u00f3: \u201cTodo surgi\u00f3 mientras hac\u00eda mi intercambio universitario (en Espa\u00f1a)\u201d, la actriz plane\u00f3 viajar con beca, que no se concret\u00f3 finalmente. En busca de solventar los gastos consigui\u00f3 trabajo, donde entr\u00f3 en contacto con otras personas: \u201cEn estos lugares hab\u00eda muchas mujeres de escasos recursos, sobre todo migrantes de Latinoam\u00e9rica, adem\u00e1s de refugiados\u201d.<\/p>\n<p>Fue durante 2016, periodo en el que creci\u00f3 el n\u00famero de refugiados del Medio Oriente y \u00c1frica: \u201c<strong>Trataban de aliviar su dolor platicando. Llegaba a mi casa y ve\u00eda que mis problemas no eran tan graves. Comenc\u00e9 a escribir muchas de sus historias, tambi\u00e9n lo que yo pasaba y sent\u00eda. Me di cuenta de que necesitaba hablar de esto, darles voz a estas mujeres que se encuentran en un submundo: nadie las ve, nadie se preocupa por lo que pasan\u201d.<\/strong><\/p>\n<p>El resultado de ese proceso de escritura y de escucha de testimonios fue \u201cEr\u00e9ndira\u201d, fue su primera obra para la escena: \u201cSi la raz\u00f3n por la que fui fue para estudiar, y la vida me puso en esas circunstancias, me pareci\u00f3 que la vida me daba una direcci\u00f3n. Quise poder hablar de ellas en mi medio, desde mi trinchera\u201d.<\/p>\n<p>En escena acompa\u00f1an a Faylet los m\u00fasicos Julio Zenteno y Ari Osvaldo, con trompeta y percusiones respectivamente. Guzm\u00e1n decidi\u00f3 incluir la m\u00fasica para una mayor expresividad en la escena: a los dos m\u00fasicos los conoce por haber coincidido en proyectos musicales. El director, Antonio Gonz\u00e1lez, fue profesor de Faylet en la universidad.<\/p>\n<p><strong>Para Faylet, la escritura de teatro se dio por las circunstancias: \u201cNo me considero dramaturga, como tal. Mi formaci\u00f3n es de actriz, pero sent\u00ed la necesidad de decir esto\u201d. Ya con su primera obra estrenada ha continuado escribiendo, adem\u00e1s de que buscar\u00e1n montar m\u00e1s temporadas de \u201cEr\u00e9ndira: viaje interior de una mujer\u201d.<\/strong><\/p>\n<p>De su formaci\u00f3n, la actriz y autora coment\u00e9: \u201cComenc\u00e9 a estudiar teatro en la Universidad Michoacana de San Nicol\u00e1s de Hidalgo, estudi\u00e9 dos a\u00f1os. Despu\u00e9s vine a vivir a Guadalajara, a estudiar la Licenciatura en Artes Esc\u00e9nicas para la Expresi\u00f3n Teatral\u201d.<\/p>\n<h4>Asiste\u00a0<\/h4>\n<p>\u201cEr\u00e9ndira: viaje interior de una mujer invisible\u201d en Foro El Venero (Reforma 508-A), de Faylet Guzm\u00e1n y direcci\u00f3n de Antonio Gonz\u00e1lez, viernes 10 y 25, s\u00e1bados 20 y 26 de enero (20:00 horas), domingo 20 de enero (18:00 horas). Entrada: $120 pesos, general: $100 pesos con descuento.<\/p>\n<p>Boletos en <a href=\"https:\/\/www.voyalteatro.com\/#\/\" target=\"_blank\" rel=\"noopener\">www.voyalteatro.com<\/a><\/p>\n<\/div>\n<\/div>\n","protected":false},"excerpt":{"rendered":"<p>Faylet Guzm\u00e1n presenta su \u00f3pera prima<br \/>\nPor Redacci\u00f3n QP<\/p>\n","protected":false},"author":2,"featured_media":14305,"comment_status":"open","ping_status":"open","sticky":false,"template":"","format":"standard","meta":{"_monsterinsights_skip_tracking":false,"_monsterinsights_sitenote_active":false,"_monsterinsights_sitenote_note":"","_monsterinsights_sitenote_category":0,"footnotes":""},"categories":[58],"tags":[],"class_list":["post-14306","post","type-post","status-publish","format-standard","has-post-thumbnail","hentry","category-cultura"],"yoast_head":"<!-- This site is optimized with the Yoast SEO plugin v27.3 - https:\/\/yoast.com\/product\/yoast-seo-wordpress\/ -->\n<title>Faylet Guzm\u00e1n presenta su \u00f3pera prima -<\/title>\n<meta name=\"robots\" content=\"index, follow, max-snippet:-1, max-image-preview:large, max-video-preview:-1\" \/>\n<link rel=\"canonical\" href=\"https:\/\/quehacerpolitico.mx\/?p=14306\" \/>\n<meta property=\"og:locale\" content=\"es_MX\" \/>\n<meta property=\"og:type\" content=\"article\" \/>\n<meta property=\"og:title\" content=\"Faylet Guzm\u00e1n presenta su \u00f3pera prima -\" \/>\n<meta property=\"og:description\" content=\"Faylet Guzm\u00e1n presenta su \u00f3pera prima Por Redacci\u00f3n QP\" \/>\n<meta property=\"og:url\" content=\"https:\/\/quehacerpolitico.mx\/?p=14306\" \/>\n<meta property=\"article:published_time\" content=\"2019-01-15T04:22:10+00:00\" \/>\n<meta name=\"author\" content=\"Redacci\u00f3n QP\" \/>\n<meta name=\"twitter:card\" content=\"summary_large_image\" \/>\n<meta name=\"twitter:label1\" content=\"Escrito por\" \/>\n\t<meta name=\"twitter:data1\" content=\"Redacci\u00f3n QP\" \/>\n\t<meta name=\"twitter:label2\" content=\"Tiempo de lectura\" \/>\n\t<meta name=\"twitter:data2\" content=\"3 minutos\" \/>\n<script type=\"application\/ld+json\" class=\"yoast-schema-graph\">{\"@context\":\"https:\\\/\\\/schema.org\",\"@graph\":[{\"@type\":\"Article\",\"@id\":\"https:\\\/\\\/quehacerpolitico.mx\\\/?p=14306#article\",\"isPartOf\":{\"@id\":\"https:\\\/\\\/quehacerpolitico.mx\\\/?p=14306\"},\"author\":{\"name\":\"Redacci\u00f3n QP\",\"@id\":\"https:\\\/\\\/quehacerpolitico.mx\\\/#\\\/schema\\\/person\\\/496d8ad2d1d3f8036101dca7ee39e585\"},\"headline\":\"Faylet Guzm\u00e1n presenta su \u00f3pera prima\",\"datePublished\":\"2019-01-15T04:22:10+00:00\",\"mainEntityOfPage\":{\"@id\":\"https:\\\/\\\/quehacerpolitico.mx\\\/?p=14306\"},\"wordCount\":538,\"commentCount\":0,\"image\":{\"@id\":\"https:\\\/\\\/quehacerpolitico.mx\\\/?p=14306#primaryimage\"},\"thumbnailUrl\":\"\",\"articleSection\":[\"Cultura y Entretenimiento\"],\"inLanguage\":\"es\",\"potentialAction\":[{\"@type\":\"CommentAction\",\"name\":\"Comment\",\"target\":[\"https:\\\/\\\/quehacerpolitico.mx\\\/?p=14306#respond\"]}]},{\"@type\":\"WebPage\",\"@id\":\"https:\\\/\\\/quehacerpolitico.mx\\\/?p=14306\",\"url\":\"https:\\\/\\\/quehacerpolitico.mx\\\/?p=14306\",\"name\":\"Faylet Guzm\u00e1n presenta su \u00f3pera prima -\",\"isPartOf\":{\"@id\":\"https:\\\/\\\/quehacerpolitico.mx\\\/#website\"},\"primaryImageOfPage\":{\"@id\":\"https:\\\/\\\/quehacerpolitico.mx\\\/?p=14306#primaryimage\"},\"image\":{\"@id\":\"https:\\\/\\\/quehacerpolitico.mx\\\/?p=14306#primaryimage\"},\"thumbnailUrl\":\"\",\"datePublished\":\"2019-01-15T04:22:10+00:00\",\"author\":{\"@id\":\"https:\\\/\\\/quehacerpolitico.mx\\\/#\\\/schema\\\/person\\\/496d8ad2d1d3f8036101dca7ee39e585\"},\"breadcrumb\":{\"@id\":\"https:\\\/\\\/quehacerpolitico.mx\\\/?p=14306#breadcrumb\"},\"inLanguage\":\"es\",\"potentialAction\":[{\"@type\":\"ReadAction\",\"target\":[\"https:\\\/\\\/quehacerpolitico.mx\\\/?p=14306\"]}]},{\"@type\":\"ImageObject\",\"inLanguage\":\"es\",\"@id\":\"https:\\\/\\\/quehacerpolitico.mx\\\/?p=14306#primaryimage\",\"url\":\"\",\"contentUrl\":\"\"},{\"@type\":\"BreadcrumbList\",\"@id\":\"https:\\\/\\\/quehacerpolitico.mx\\\/?p=14306#breadcrumb\",\"itemListElement\":[{\"@type\":\"ListItem\",\"position\":1,\"name\":\"Inicio\",\"item\":\"https:\\\/\\\/quehacerpolitico.mx\\\/\"},{\"@type\":\"ListItem\",\"position\":2,\"name\":\"Faylet Guzm\u00e1n presenta su \u00f3pera prima\"}]},{\"@type\":\"WebSite\",\"@id\":\"https:\\\/\\\/quehacerpolitico.mx\\\/#website\",\"url\":\"https:\\\/\\\/quehacerpolitico.mx\\\/\",\"name\":\"\",\"description\":\"\",\"potentialAction\":[{\"@type\":\"SearchAction\",\"target\":{\"@type\":\"EntryPoint\",\"urlTemplate\":\"https:\\\/\\\/quehacerpolitico.mx\\\/?s={search_term_string}\"},\"query-input\":{\"@type\":\"PropertyValueSpecification\",\"valueRequired\":true,\"valueName\":\"search_term_string\"}}],\"inLanguage\":\"es\"},{\"@type\":\"Person\",\"@id\":\"https:\\\/\\\/quehacerpolitico.mx\\\/#\\\/schema\\\/person\\\/496d8ad2d1d3f8036101dca7ee39e585\",\"name\":\"Redacci\u00f3n QP\",\"image\":{\"@type\":\"ImageObject\",\"inLanguage\":\"es\",\"@id\":\"https:\\\/\\\/secure.gravatar.com\\\/avatar\\\/c7164ed6fdec453195284ad24a5ae5b6e1eed2b848477fa2a4787ba9adf39a41?s=96&d=mm&r=g\",\"url\":\"https:\\\/\\\/secure.gravatar.com\\\/avatar\\\/c7164ed6fdec453195284ad24a5ae5b6e1eed2b848477fa2a4787ba9adf39a41?s=96&d=mm&r=g\",\"contentUrl\":\"https:\\\/\\\/secure.gravatar.com\\\/avatar\\\/c7164ed6fdec453195284ad24a5ae5b6e1eed2b848477fa2a4787ba9adf39a41?s=96&d=mm&r=g\",\"caption\":\"Redacci\u00f3n QP\"},\"url\":\"https:\\\/\\\/quehacerpolitico.mx\\\/?author=2\"}]}<\/script>\n<!-- \/ Yoast SEO plugin. -->","yoast_head_json":{"title":"Faylet Guzm\u00e1n presenta su \u00f3pera prima -","robots":{"index":"index","follow":"follow","max-snippet":"max-snippet:-1","max-image-preview":"max-image-preview:large","max-video-preview":"max-video-preview:-1"},"canonical":"https:\/\/quehacerpolitico.mx\/?p=14306","og_locale":"es_MX","og_type":"article","og_title":"Faylet Guzm\u00e1n presenta su \u00f3pera prima -","og_description":"Faylet Guzm\u00e1n presenta su \u00f3pera prima Por Redacci\u00f3n QP","og_url":"https:\/\/quehacerpolitico.mx\/?p=14306","article_published_time":"2019-01-15T04:22:10+00:00","author":"Redacci\u00f3n QP","twitter_card":"summary_large_image","twitter_misc":{"Escrito por":"Redacci\u00f3n QP","Tiempo de lectura":"3 minutos"},"schema":{"@context":"https:\/\/schema.org","@graph":[{"@type":"Article","@id":"https:\/\/quehacerpolitico.mx\/?p=14306#article","isPartOf":{"@id":"https:\/\/quehacerpolitico.mx\/?p=14306"},"author":{"name":"Redacci\u00f3n QP","@id":"https:\/\/quehacerpolitico.mx\/#\/schema\/person\/496d8ad2d1d3f8036101dca7ee39e585"},"headline":"Faylet Guzm\u00e1n presenta su \u00f3pera prima","datePublished":"2019-01-15T04:22:10+00:00","mainEntityOfPage":{"@id":"https:\/\/quehacerpolitico.mx\/?p=14306"},"wordCount":538,"commentCount":0,"image":{"@id":"https:\/\/quehacerpolitico.mx\/?p=14306#primaryimage"},"thumbnailUrl":"","articleSection":["Cultura y Entretenimiento"],"inLanguage":"es","potentialAction":[{"@type":"CommentAction","name":"Comment","target":["https:\/\/quehacerpolitico.mx\/?p=14306#respond"]}]},{"@type":"WebPage","@id":"https:\/\/quehacerpolitico.mx\/?p=14306","url":"https:\/\/quehacerpolitico.mx\/?p=14306","name":"Faylet Guzm\u00e1n presenta su \u00f3pera prima -","isPartOf":{"@id":"https:\/\/quehacerpolitico.mx\/#website"},"primaryImageOfPage":{"@id":"https:\/\/quehacerpolitico.mx\/?p=14306#primaryimage"},"image":{"@id":"https:\/\/quehacerpolitico.mx\/?p=14306#primaryimage"},"thumbnailUrl":"","datePublished":"2019-01-15T04:22:10+00:00","author":{"@id":"https:\/\/quehacerpolitico.mx\/#\/schema\/person\/496d8ad2d1d3f8036101dca7ee39e585"},"breadcrumb":{"@id":"https:\/\/quehacerpolitico.mx\/?p=14306#breadcrumb"},"inLanguage":"es","potentialAction":[{"@type":"ReadAction","target":["https:\/\/quehacerpolitico.mx\/?p=14306"]}]},{"@type":"ImageObject","inLanguage":"es","@id":"https:\/\/quehacerpolitico.mx\/?p=14306#primaryimage","url":"","contentUrl":""},{"@type":"BreadcrumbList","@id":"https:\/\/quehacerpolitico.mx\/?p=14306#breadcrumb","itemListElement":[{"@type":"ListItem","position":1,"name":"Inicio","item":"https:\/\/quehacerpolitico.mx\/"},{"@type":"ListItem","position":2,"name":"Faylet Guzm\u00e1n presenta su \u00f3pera prima"}]},{"@type":"WebSite","@id":"https:\/\/quehacerpolitico.mx\/#website","url":"https:\/\/quehacerpolitico.mx\/","name":"","description":"","potentialAction":[{"@type":"SearchAction","target":{"@type":"EntryPoint","urlTemplate":"https:\/\/quehacerpolitico.mx\/?s={search_term_string}"},"query-input":{"@type":"PropertyValueSpecification","valueRequired":true,"valueName":"search_term_string"}}],"inLanguage":"es"},{"@type":"Person","@id":"https:\/\/quehacerpolitico.mx\/#\/schema\/person\/496d8ad2d1d3f8036101dca7ee39e585","name":"Redacci\u00f3n QP","image":{"@type":"ImageObject","inLanguage":"es","@id":"https:\/\/secure.gravatar.com\/avatar\/c7164ed6fdec453195284ad24a5ae5b6e1eed2b848477fa2a4787ba9adf39a41?s=96&d=mm&r=g","url":"https:\/\/secure.gravatar.com\/avatar\/c7164ed6fdec453195284ad24a5ae5b6e1eed2b848477fa2a4787ba9adf39a41?s=96&d=mm&r=g","contentUrl":"https:\/\/secure.gravatar.com\/avatar\/c7164ed6fdec453195284ad24a5ae5b6e1eed2b848477fa2a4787ba9adf39a41?s=96&d=mm&r=g","caption":"Redacci\u00f3n QP"},"url":"https:\/\/quehacerpolitico.mx\/?author=2"}]}},"featured_image_urls":{"full":"","thumbnail":"","medium":"","medium_large":"","large":"","1536x1536":"","2048x2048":"","covernews-featured":"","covernews-medium":""},"author_info":{"display_name":"Redacci\u00f3n QP","author_link":"https:\/\/quehacerpolitico.mx\/?author=2"},"category_info":"<a href=\"https:\/\/quehacerpolitico.mx\/?cat=58\" rel=\"category\">Cultura y Entretenimiento<\/a>","tag_info":"Cultura y Entretenimiento","comment_count":"0","_links":{"self":[{"href":"https:\/\/quehacerpolitico.mx\/index.php?rest_route=\/wp\/v2\/posts\/14306","targetHints":{"allow":["GET"]}}],"collection":[{"href":"https:\/\/quehacerpolitico.mx\/index.php?rest_route=\/wp\/v2\/posts"}],"about":[{"href":"https:\/\/quehacerpolitico.mx\/index.php?rest_route=\/wp\/v2\/types\/post"}],"author":[{"embeddable":true,"href":"https:\/\/quehacerpolitico.mx\/index.php?rest_route=\/wp\/v2\/users\/2"}],"replies":[{"embeddable":true,"href":"https:\/\/quehacerpolitico.mx\/index.php?rest_route=%2Fwp%2Fv2%2Fcomments&post=14306"}],"version-history":[{"count":0,"href":"https:\/\/quehacerpolitico.mx\/index.php?rest_route=\/wp\/v2\/posts\/14306\/revisions"}],"wp:featuredmedia":[{"embeddable":true,"href":"https:\/\/quehacerpolitico.mx\/index.php?rest_route=\/"}],"wp:attachment":[{"href":"https:\/\/quehacerpolitico.mx\/index.php?rest_route=%2Fwp%2Fv2%2Fmedia&parent=14306"}],"wp:term":[{"taxonomy":"category","embeddable":true,"href":"https:\/\/quehacerpolitico.mx\/index.php?rest_route=%2Fwp%2Fv2%2Fcategories&post=14306"},{"taxonomy":"post_tag","embeddable":true,"href":"https:\/\/quehacerpolitico.mx\/index.php?rest_route=%2Fwp%2Fv2%2Ftags&post=14306"}],"curies":[{"name":"wp","href":"https:\/\/api.w.org\/{rel}","templated":true}]}}