{"id":14249,"date":"2019-01-14T18:17:46","date_gmt":"2019-01-14T18:17:46","guid":{"rendered":"http:\/\/quehacerpolitico.mx\/arribistas\/"},"modified":"2019-01-14T18:17:46","modified_gmt":"2019-01-14T18:17:46","slug":"arribistas","status":"publish","type":"post","link":"https:\/\/quehacerpolitico.mx\/?p=14249","title":{"rendered":"ARRIBISTAS!"},"content":{"rendered":"<h3 class=\"post-title entry-title\">ARRIBISTAS!<\/h3>\n<p>por Redacci\u00f3n QP<\/p>\n<div dir=\"ltr\">\n<div dir=\"ltr\">\n<div>*Est\u00e1n m\u00e1s preocupados por promover su imagen con objetivos electorales que en gestionar acciones que beneficien a los quintanarroenses.<\/div>\n<div>*Adriana Teisser, Patricia Palma, Mildred \u00c1vila y Jes\u00fas Pool, Luis Alegre, Ana Patricia Peralta, Jorge Emilio Gonz\u00e1lez, Marybel Villegas, Jos\u00e9 Luis Pech y Mayuli Mart\u00ednez le han costado a la naci\u00f3n cerca de 5 millones de pesos en poco m\u00e1s de tres meses.<\/div>\n<div>\u00a0<\/div>\n<div>Durante sus primeros 135 d\u00edas en el cargo, los tres senadores y cinco diputados federales que representan a Quintana Roo en el Congreso de la Uni\u00f3n se han llevado ya bolsa cercana a los cinco millones de pesos por un trabajo legislativo irrelevante para el pa\u00eds e improductivo para la entidad que les dio los votos.<\/div>\n<div>Por el contrario, lejos de defender las causas que pueden traer beneficios a los quintanarroenses, los diputados Adriana Teisser; Patricia Palma, Mildred \u00c1vila y Jes\u00fas Pool, Luis Alegre, Ana Patricia Peralta y Jorge Emilio Gonz\u00e1lez, as\u00ed como los senadores Marybel Villegas, Jos\u00e9 Luis Pech y Mayuli Mart\u00ednez han aprobado leyes y reformas que afectan la econom\u00eda y la paz y la tranquilidad de sus presentados directos.<\/div>\n<div>Adem\u00e1s, han mostrado incapacidad para gestionar acciones ante la Federaci\u00f3n que ayuden a concretar las promesas de campa\u00f1a que repitieron hasta el cansancio ante un electorado ansioso de cambios verdaderos en la entidad para salir de los rezagos econ\u00f3micos, laborales, sociales y hasta culturales.<\/div>\n<div>Y pese a los pocos d\u00edas de haber asumido el cargo y sin m\u00e9rito alguno, todos, sin excepci\u00f3n se candidatean por todo el estado en busca de una nueva posici\u00f3n en la estructura de los cargos p\u00fablicos que se obtienen por la v\u00eda electoral, es decir, todos ellos buscan la gubernatura y las presidencias municipales, seg\u00fan sea el caso.<\/div>\n<div>En Quintana Roo est\u00e1n como representantes por el Distrito 1, Adriana Teisser; por el Distrito 2, Patricia Palma; por el Distrito 3, Mildred \u00c1vila y por el Distrito 4, Jes\u00fas Pool. Y tambi\u00e9n representando a la entidad por la v\u00eda de la representaci\u00f3n proporcional est\u00e1 Luis Alegre, Ana Patricia Peralta y Jorge Emilio Gonz\u00e1lez.<\/div>\n<div>En estos primeros 135 d\u00edas, los cinco diputados le han costado al pa\u00eds 2 millones 393 mil 995, pues el ingreso neto mensual \u2013sin impuestos\u2013 de cada uno de los legisladores de San L\u00e1zaro es de 119 mil 699.75 pesos.<\/div>\n<div>En el caso de los senadores, que estar\u00e1n vigentes hasta el 31 de agosto de 2024. Los senadores por Quintana Roo son Marybel Villegas, Jos\u00e9 Luis Pech y Mayuli Mart\u00ednez, ya han recibido 2 millones 467 mil 200 pesos de salario en los primeros 135 d\u00edas, pues cada uno de los integrantes de la C\u00e1mara Alta reciben 164 mil 480 pesos mensuales.<\/div>\n<div>Lo m\u00e1s lamentable es que dada falta de oficio, preparaci\u00f3n y destrezas pol\u00edticas-legislativas, m\u00e1s que la de levantar la mano, las comisiones a las que pertenecen los legisladores de Quintana Roo, a excepci\u00f3n a la que preside Luis Alegre que es la Comisi\u00f3n de Turismo, el resto no tienen mayor relevancia ni para el pa\u00eds y mucho menos para el estado. Es decir, no porque las comisiones no sean importantes pero los temas que manejan no son prioridad para el gobierno en el poder.<\/div>\n<div>Las comisiones que les fueron designadas a los diputados son: Adriana Teisser, secretaria de las Comisiones de Medio Ambiente, Sustentabilidad, Cambio Clim\u00e1tico y Recursos Naturales, y Turismo; Patricia Palma es secretaria de la Comisi\u00f3n de Turismo; a Mildret \u00c1vila en la comisi\u00f3n Desarrollo Social, Educaci\u00f3n, Igualdad de G\u00e9nero; y Jes\u00fas Pool Moo es integrante de la Comisi\u00f3n de Comunicaciones y Transportes; Presupuesto y Cuenta P\u00fablica, y Seguridad P\u00fablica.<\/div>\n<div>En tanto a los diputados plurinominales Luis Alegre es presidente de la Comisi\u00f3n de Turismo; Ana Patricia Peralta es secretaria de la Comisi\u00f3n de Salud, integrante de la de Igualdad de G\u00e9nero; de la de Relaciones Exteriores; y por \u00faltimo Jorge Emilio Gonz\u00e1lez es integrante de la Comisi\u00f3n de Infraestructura.<\/div>\n<div>A los senadores, Marybel Villegas Canch\u00e9 es secretaria de en la Comisi\u00f3n de Recursos Hidr\u00e1ulicos, adem\u00e1s de que integrante de las comisiones de Comunicaciones y Transportes; de Hacienda y Cr\u00e9dito P\u00fablico; de Medio Ambiente, Recursos Naturales y Cambio Clim\u00e1tico.<\/div>\n<div>En tanto, Jos\u00e9 Luis Pech es secretario de la Mesa Directiva, de la Comisi\u00f3n de Ciencia y Tecnolog\u00eda, de la de Hacienda y Cr\u00e9dito P\u00fablico, de la de Turismo, de la de Relaciones Exteriores Europa, y de la de Relaciones Exteriores Asia &#8211; Pac\u00edfico \u2013 \u00c1frica.<\/div>\n<div>Por su parte, Mayuli Mart\u00ednez Sim\u00f3n preside la Comisi\u00f3n de Estudios Legislativos Primera; y es integrante de la del Trabajo y Previsi\u00f3n Social; de Seguridad Social y de la de Comisi\u00f3n de Relaciones Exteriores Asia &#8211; Pac\u00edfico\u2013\u00c1frica.<\/div>\n<div>En principio los senadores y diputados federales que representan a Quintana Roo dieron la espalda al pueblo y traicionado la confianza al votar en el Congreso en contra la disminuci\u00f3n del 16 al 8 por ciento del IVA en la franja fronteriza del sur del estado.<\/div>\n<div>Pues los legisladores, sean diputados federal y senadores, pensaron como pol\u00edticos y no como conocedores de temas de econom\u00eda, pues al no defender la disminuci\u00f3n del Impuesto al Valor Agregado (IVA) el empleo y operatividad de los negocios en Quintana Roo tendr\u00e1n complicaciones en 2019.<\/div>\n<div>Seg\u00fan expertos, al no aprobarse incentivos fiscales en el Senado, como la reducci\u00f3n del IVA en lugar de generar mayores fuentes de empleo en el sur de Quintana Roo, se pueden prever despidos a causa del cierre de establecimientos que ya no puedan sostener su operatividad por la carga de obligaciones fiscales, derivado que el Congreso de la Uni\u00f3n haya rechazado reducir de 16% a 8% el IVA en Quintana Roo.<\/div>\n<div>Detallan que se ten\u00eda previsto que para el siguiente a\u00f1o el fortalecimiento en la creaci\u00f3n de miles de empleos en diferentes ramos de la econom\u00eda, como son el comercio, hoteles, restaurantes, principalmente. Tambi\u00e9n evitar el cierre de un promedio de 100 negocios, tendencia marcada desde a\u00f1os anteriores por falta de ventas, excesiva carga de impuestos municipales y estatales, incremento de precios de los insumos utilizados.<\/div>\n<div>Adem\u00e1s, consideran que fue un golpe fuerte para los empresarios del sur que ten\u00edan confianza en que se hiciera una zona libre en franja fronteriza, hab\u00eda la justificaci\u00f3n para aplicarlo y con ello beneficiar y estimular la sostenibilidad de las empresas, crecimiento del empleo formal y detonaci\u00f3n de la econom\u00eda.<\/div>\n<div>Cabe se\u00f1alar que a Quintana Roo cruzan anualmente poco m\u00e1s 600 mil de ciudadanos de Belice a realizar compras, sosten\u00edan en parte la econom\u00eda local, esto ya no ser\u00e1 as\u00ed.<\/div>\n<div>Otro golpe a los quintanarroenses fue la repentina decisi\u00f3n de cambiar la sede de la Secretar\u00eda de Turismo Federal (Sectur), propuesta por el presidente de la Rep\u00fablica Andr\u00e9s Manuel L\u00f3pez Obrador, para que se construyera en Chetumal.<\/div>\n<div>Y es que hace unos d\u00edas, el titular de la Sectur federal, Miguel Torruco Marqu\u00e9s, dijo que la sede de la dependencia que encabeza ser\u00eda en Canc\u00fan y no en Chetumal, como hab\u00eda anunciado el presidente Andr\u00e9s Manuel L\u00f3pez Obrador en campa\u00f1a.<\/div>\n<div>Dijo que la decisi\u00f3n fue tomada con el argumento de que en la capital del estado no existe la infraestructura necesaria ni movilidad a\u00e9rea para que la Sectur pueda instalarse.<\/div>\n<div>Aproximadamente, ser\u00edan tres o cuatro los meses que tardar\u00eda el gobierno federal en el traslado desde Ciudad de M\u00e9xico, con sus poco m\u00e1s de mil 500 trabajadores.<\/div>\n<div>Al respecto, ni el senador chetumale\u00f1o Jos\u00e9 Luis Pech ni la legisladora Marybel Villegas Canch\u00e9, ni la diputada chetumale\u00f1a Patricia Palma y mucho menos el diputado Luis Alegre que el presidente de la Comisi\u00f3n de Turismo en la C\u00e1mara de Diputados mostraron congruencia con las propuestas de su l\u00edder m\u00e1ximo L\u00f3pez Obrador ni mucho menos con los electores de Chetumal pues ninguno defendi\u00f3 que la sede de la Sectur tendr\u00eda que ser en Chetumal.<\/div>\n<div>Lo mismo en materia de Seguridad, ya que Quintana Roo fue uno de los m\u00e1s afectados en materia presupuestal para el presente a\u00f1o para combatir la delincuencia, pues ninguno de ellos ha defendido dignamente las demandas de la poblaci\u00f3n quintanarroense.<\/div>\n<div>Un golpe m\u00e1s fue la disminuci\u00f3n del presupuesto al campo, pues este cay\u00f3 en m\u00e1s de 25%, es decir que se le retiraron a Quintana Roo 21 mil 700 millones de pesos de una bolsa aproximada de 72 mil 500 millones, hecho con lo cual el campo sufrir\u00e1 una gran afectaci\u00f3n.<\/div>\n<div>Los productores de ma\u00edz en el estado condenaron la falta de oficio de los legisladores quintanarroenses pues los agricultores de Quintana Roo no se sienten representados por ninguno de los legisladores, sean diputados federal o senadores.<\/div>\n<div>Y es que no es para menos, pues temen que por la falta de intervenci\u00f3n de los legisladores se pueda registrar un colaps\u00f3 en la producci\u00f3n regional, es decir, no s\u00f3lo acabar\u00eda con una de las principales fuentes de alimento, sino que adem\u00e1s dejar\u00eda sin forma de sustento a miles de familias que viven o dependen de esa actividad.<\/div>\n<div>Lo cierto es que a m\u00e1s de 100 d\u00edas de haber asumido sus cargos, los diputados Adriana Teisser, Patricia Palma, Mildred \u00c1vila y Jes\u00fas Pool, Luis Alegre, Ana Patricia Peralta y Jorge Emilio Gonz\u00e1lez, as\u00ed como los senadores Marybel Villegas, Jos\u00e9 Luis Pech y Mayuli Mart\u00ednez siguen m\u00e1s preocupados por proyectar una imagen que en atender y defender las justas demandas de las familias de Quintana Roo.<\/div>\n<div>\u00a1SIN ESTUDIOS!<\/div>\n<div>La C\u00e1mara de Diputados se encuentra integrada por 500 miembros, lo cual la convierte en una de las m\u00e1s numerosas del mundo. Pero lo que llama mucho la atenci\u00f3n y que es motivo de enojo por parte de la ciudadan\u00eda, es el salario y la cantidad de compensaciones a las que tienen acceso los legisladores, muchos de los cuales carecen de estudios profesionales.<\/div>\n<div>Su sueldo consta de tres partes: percepciones (dieta mensual por 74 mil 672.32 pesos), apoyos econ\u00f3micos (asistencia legislativa 45 mil 786 pesos y atenci\u00f3n ciudadana 28 mil 772 pesos) y apoyos por cargo, rubro que se maneja de forma discrecional, ya que depende si el legislador es coordinador parlamentario o presidente de alguna comisi\u00f3n, por ejemplo.<\/div>\n<div>De entrada tenemos que un diputado federal gana 149 mil 230.32 pesos mensuales, m\u00e1s el monto que se le asigna por cargos especiales. Hay quienes llegan a ganar 170 mil pesos al mes.<\/div>\n<div>Habr\u00e1 que ver c\u00f3mo se ajusta el salario de los diputados ahora que Morena es mayor\u00eda y ha propuesto un recorte de dos mil 752 millones de pesos.<\/div>\n<div>En el Palacio Legislativo de San L\u00e1zaro, 46 por ciento de los miembros de la LXIV Legislatura que inici\u00f3 el 1\u00ba de septiembre, carecen de t\u00edtulo profesional, mientras que en el Senado de la Rep\u00fablica, el 30 por ciento tampoco tienen c\u00e9dula profesional.<\/div>\n<div>Y aunque en el mismo Senado fue presentada una iniciativa para hacer obligatorio que todos los legisladores cuenten con estudios profesionales, en la pr\u00e1ctica dista mucho el d\u00eda en que todos nuestros diputados y senadores tengan un nivel acad\u00e9mico de licenciatura.<\/div>\n<div>Y es que nuestra Constituci\u00f3n Pol\u00edtica no exige ning\u00fan grado de estudios como m\u00ednimo para ser legislador.<\/div>\n<div>El art\u00edculo 55 dice que solo es necesario ser mexicano de nacimiento, tener 21 a\u00f1os cumplidos el d\u00eda de las elecciones (para el Senado pide un m\u00ednimo de 25 a\u00f1os), ser originario o vecino del estado que aspire representar, no estar en servicio activo en el Ej\u00e9rcito o la polic\u00eda, no ser alto funcionario en cualquiera de los tres Poderes de la Uni\u00f3n u \u00f3rganos aut\u00f3nomos ni ser ministro de alg\u00fan culto religioso.<\/div>\n<div>Nada dice acerca de estudios ni preparaci\u00f3n acad\u00e9mica.<\/div>\n<div>CONGRESISTAS SIN ESTUDIOS<\/div>\n<div>En la C\u00e1mara de Diputados de un total de 500 legisladores solamente hay 276 profesionistas titulados. Los legisladores con grado acad\u00e9mico son egresados de universidades como la UNAM o de aut\u00f3nomas estatales y algunos del ITAM.<\/div>\n<div>Al Palacio Legislativo llegar\u00e1n m\u00e9dicos, periodistas, abogados, profesores, actores, conductores de televisi\u00f3n, boxeadores y, por supuesto, los tradicionales &#8220;chapulines&#8221;.<\/div>\n<div>Entre estos \u00faltimos tenemos a los ex senadores Zo\u00e9 Robledo Aburto, nombrado subsecretario de Gobernaci\u00f3n; Mario Delgado y Dolores Padierna, quienes se pelean la coordinaci\u00f3n de la bancada de Morena; as\u00ed como los ex diputados de la Asamblea Legislativa de la Ciudad de M\u00e9xico, Luis Alberto Mendoza Acevedo y Mauricio Toledo.<\/div>\n<div>Bueno y ni qu\u00e9 decir, tenemos al senador con licencia y todo un profesional del &#8220;chapulineo&#8221;, Jorge Emilio Gonz\u00e1lez Mart\u00ednez, heredero del PVEM, quien llega por la v\u00eda plurinominal por la tercera circunscripci\u00f3n a la cual pertenece Quintana Roo.<\/div>\n<div>En la legislatura que est\u00e1 por finalizar por Quintana Roo hay cinco diputados plurinominales y tres de mayor\u00eda relativa, mientras que en la que inici\u00f3 el 1\u00ba de septiembre hay tres plurinominales y cuatro de mayor\u00eda relativa.<\/div>\n<div>En total, el estado Quintana Roo contar\u00e1 con 10 legisladores federales: siete diputados y tres senadores.<\/div>\n<div>En la C\u00e1mara Baja tendremos a Jorge Emilio Gonz\u00e1lez y Ana Patricia Peralta de la Pe\u00f1a por el PVEM; dos de Morena, Adriana Paulina Teissier Zavala y Carmen Patricia Palma Olvera; uno del PT, Jes\u00fas de los \u00c1ngeles Pool Moo; una del PES, Mildred Concepci\u00f3n \u00c1vila Vera; y un plurinominal de Morena, Luis Javier Alegre Salazar, de los cuales solamente cuentan con t\u00edtulo profesional Mildred \u00c1vila y Pool Moo, los restantes cinco carecen de t\u00edtulo profesional, o al menos no aparecen en el Registro Nacional de Profesiones.<\/div>\n<div>Pero hablando de nivel de acad\u00e9mico, \u00bfcu\u00e1l es la preparaci\u00f3n de los legisladores que representar\u00e1n a Quintana Roo en el Congreso de la Uni\u00f3n?<\/div>\n<div>En el caso de la diputada federal por el Partido Encuentro Social, Mildred Concepci\u00f3n \u00c1vila Vera, es profesora de Educaci\u00f3n Primaria, estudi\u00f3 en el Centro Regional de Educaci\u00f3n Normal &#8220;Lic. Javier Rojo G\u00f3mez&#8221;, con la c\u00e9dula profesional <a href=\"tel:1108795\">1108795<\/a>.<\/div>\n<div>Mildred \u00c1vila llega a San L\u00e1zaro por dos cuestiones fundamentales: para cumplir con el tema de la equidad de g\u00e9nero y ser una de las bases con que cuenta Morena en Quintana Roo.<\/div>\n<div>Su participaci\u00f3n en el Acuerdo de Unidad para la Prosperidad y el Renacimiento de la Naci\u00f3n a que convoc\u00f3 L\u00f3pez Obrador en el Monumento a la Revoluci\u00f3n en la Ciudad de M\u00e9xico el a\u00f1o pasado, fue determinante.<\/div>\n<div>Recibi\u00f3 todo el apoyo del partido de AMLO para obtener la candidatura a la diputaci\u00f3n federal.<\/div>\n<div>\u00a0<\/div>\n<div>POCOS ESTUDIOSOS, MUCHOS &#8220;GRILLOS&#8221;<\/div>\n<div>Por el Partido del Trabajo, tenemos al diputado federal, Jes\u00fas de los \u00c1ngeles Pool Moo, quien es otro de los que dio el brinco del otrora partidazo, el Partido Revolucionario Institucional a la alianza de partidos de L\u00f3pez (Morena-PT-PES).<\/div>\n<div>Pool Moo tiene dos licenciaturas: en Administraci\u00f3n y Derecho c\u00e9dulas 3572104 y 8248872.<\/div>\n<div>Adriana Paulina Teissier Zavala, diputada federal por Morena est\u00e1 relacionada con el sector tur\u00edstico. No aparece en el registro de c\u00e9dulas profesionales.<\/div>\n<div>Su trayectoria en el servicio p\u00fablico inici\u00f3 en la d\u00e9cada de los noventa en la Secretar\u00eda de Turismo federal, ocupando diversos cargos, posteriormente colabor\u00f3 con el gobierno del Estado en la creaci\u00f3n de los fideicomisos tur\u00edsticos. Tambi\u00e9n fue presidenta del DIF de Cozumel.<\/div>\n<div>En cuanto a la diputada federal morenista, Carmen Patricia Palma Olvera, dirigente estatal de El Barz\u00f3n, fue inscrita en la Ciudad de M\u00e9xico como candidata a diputada por el Distrito 2 por la coalici\u00f3n &#8220;Juntos Hacemos Historia&#8221;; sin embargo, ella se registr\u00f3 en el estado para tener la certeza de obtener la candidatura a la diputaci\u00f3n federal.<\/div>\n<div>Palma Olvera hab\u00eda sido previamente contactada por el Partido Nueva Alianza (Panal), pero por intereses pol\u00edticos de ex gobernadores fue descartada. La dirigencia nacional de Morena la incluy\u00f3 en su encuesta interna, en la que result\u00f3 favorecida.<\/div>\n<div>El empresario radiof\u00f3nico Luis Alegre Salazar, diputado federal plurinominal llega tambi\u00e9n por Morena. Se dice ingeniero pero no cuenta con c\u00e9dula profesional.<\/div>\n<div>En una visita de L\u00f3pez Obrador a Canc\u00fan, durante uno de sus actos de cierre de campa\u00f1a, el futuro Presidente de M\u00e9xico mencion\u00f3 de manera muy especial a Alegre Salazar.<\/div>\n<div>AMLO lo present\u00f3 e hizo referencia a la vieja relaci\u00f3n que lo une con Gast\u00f3n Alegre L\u00f3pez, del Grupo Turquesa, quien es padre del diputado federal y amigo del tabasque\u00f1o.<\/div>\n<div>Los comentarios de AMLO a favor de Luis Alegre llamaron la atenci\u00f3n a todos los morenistas, y dejaron en claro que es el propio Presidente electo quien le dio una posici\u00f3n especial entre los cuadros pol\u00edticos del partido de cara a la nueva Legislatura que empez\u00f3 este mes.<\/div>\n<div>\u00a0<\/div>\n<div>LOS AMARRES DE PERALTA DE LA PE\u00d1A<\/div>\n<div>De Jorge Emilio Gonz\u00e1lez Mart\u00ednez del PVEM, quien llega por la v\u00eda plurinominal, qu\u00e9 podemos decir, es todo un experto del &#8220;chapulineo&#8221;, brinca del Senado a San L\u00e1zaro como todo un trapecista, sin el menor esfuerzo siempre utilizando el &#8220;negocio&#8221; que ha heredado de su familia, el Partido Verde Ecologista de M\u00e9xico.<\/div>\n<div>Es hijo del anterior presidente y fundador del PVEM, Jorge Gonz\u00e1lez Torres y nieto del ex gobernador de Tamaulipas, ex precandidato presidencial y dos veces secretario de Estado, Emilio Mart\u00ednez Manatou.<\/div>\n<div>El &#8220;Ni\u00f1o Verde&#8221;, que de ni\u00f1o no tiene nada, se dice licenciado en Administraci\u00f3n de Empresas, aunque su c\u00e9dula profesional tampoco figura en el Registro Nacional de Profesionistas.<\/div>\n<div>Sobre la diputada federal, Ana Patricia Peralta de la Pe\u00f1a, tambi\u00e9n plurinominal del PVEM y quien llega de la mano de Jorge Emilio Gonz\u00e1lez, se dice que sus estudios acad\u00e9micos los curs\u00f3 en la Universidad de Miami, donde supuestamente obtuvo la licenciatura de Administraci\u00f3n de Empresas, aunque Sol Quintana Roo constat\u00f3 que no aparece su c\u00e9dula profesional. Minti\u00f3 cuando dijo contar con un t\u00edtulo profesional.<\/div>\n<div>Su labor como integrante de la Comisi\u00f3n de Honor y Justicia Nacional del Partido Verde durante 2011 y 2014, le sirvieron para amarrar contactos y facilitarle su camino rumbo al Congreso local primero y ahora a San L\u00e1zaro.<\/div>\n<div>Uno de los principios b\u00e1sicos de la actuaci\u00f3n de los representantes de la C\u00e1mara de Diputados es salvaguardar los intereses de las personas que votaron por ellos, legislando a favor de iniciativas que redunden en beneficios para la poblaci\u00f3n; sin embargo, generalmente ven por sus propios intereses, de grupo o partidistas, anteponiendo su carrera pol\u00edtica y sus nexos con los grupos de poder, dejando en el olvido al pueblo que los eligi\u00f3 y al que le deben su jugosa dieta.<\/div>\n<div>\u00a0<\/div>\n<div>LOS TRISTEMENTE CELEBRES DIPUTADOS POR QUINTANA ROO<\/div>\n<div>Usurpan legisladores locales profesiones con tal de llenar su hoja de vida y no quedar en rid\u00edculo ante los quintanarroenses, la mayor\u00eda no cuenta con la documentaci\u00f3n oficial que avale sus estudios, lo que quiere decir que el Congreso est\u00e1 en manos de gente ignorante y sin verg\u00fcenza.<\/div>\n<div>Para ser licenciado y\/o licenciada nada m\u00e1s falta tener buena suerte, ser lame botas o traicionar a tus amigos. Con esto te conviertes en diputado, y en segundos, hasta un t\u00edtulo aparece en tu curr\u00edculum vitae. Tal como es el caso de, por lo menos, una decena de diputados que se presentan como profesionistas, pero que no terminaron sus estudios.<\/div>\n<div>Al menos, en la base de datos de la Secretar\u00eda de Educaci\u00f3n P\u00fablica no est\u00e1n, al menos que hayan estudiado en escuelas patito, esas que ahora hay muchas, o que est\u00e9n en la lista de titulados de la &#8220;Universidad de Santo Domingo&#8221;, ah\u00ed en la Ciudad de M\u00e9xico.<\/div>\n<div>\u00a0<\/div>\n<div>PROFESIONALES&#8230; DEL ROBO<\/div>\n<div>Como es el caso de la verde ecologista Tyara Schleske de Ari\u00f1o, quien ante el Congreso del Estado se presenta y firma como licenciada en Ciencias de la Comunicaci\u00f3n, pero en realidad nadie sabe si quiera donde estudi\u00f3 la carrera.<\/div>\n<div>Es como algunos comunicadores que por alg\u00fan d\u00eda ser reporteros de un canal nacional hoy se ostentan como licenciados y que hasta estudiaron en Estados Unidos. Lo que hace la corrupci\u00f3n y el dinero cuando un familiar es funcionario de gobierno.<\/div>\n<div>Sin distraernos hablemos de la hermana de Luz Mar\u00eda Beristain, la perredista Laura Esther Beristain Navarrete, quien de l\u00edder de colonia pas\u00f3 a ser licenciada en dise\u00f1o gr\u00e1fico; y que decir del independiente que vendi\u00f3 su voto por 7 millones de pesos a favor de Eduardo Mart\u00ednez Arcila, Juan Ortiz Vallejo. Hoy entendemos porque es tan ignorante, pues porque s\u00f3lo tiene secundaria.<\/div>\n<div>Juan Carlos Pereyra Escudero de ladr\u00f3n de terrenos a licenciado en derecho; el perredista Jos\u00e9 Esquivel Vargas, el jeque carrilloportense, ahora es licenciado en administraci\u00f3n; la diputada plurinominal panista Eugenia Guadalupe Sol\u00eds Salazar, cuenta con estudios medio superior.<\/div>\n<div>Sin embargo, el m\u00e1s respetable es el doble diputado, ahora por el PES, Carlos Mario Villanueva Tenorio, quien se ostenta como licenciado en derecho. No le da verg\u00fcenza que hasta su padre, encerrado en la c\u00e1rcel por lavado de dinero y asociaci\u00f3n delictuosa estudi\u00f3 esa carrera y la termin\u00f3. Y todav\u00eda se atreve a declarar que no se necesita t\u00edtulo o c\u00e9dula profesional para ser diputado. Por eso este Estado est\u00e1 como est\u00e1.<\/div>\n<div>Ahora hay que ver a Ana Patricia Peralta de la Pe\u00f1a, del Verde, licenciada en administraci\u00f3n. El priista Alberto Vado morales Alberto, hoy ya es licenciado en administraci\u00f3n; Silvia de los \u00c1ngeles V\u00e1zquez Pech, de Morena, cuenta con preparatoria.<\/div>\n<div>Ahora, amable lector, usted entender\u00e1 porque la XV Legislatura del Congreso del Estado est\u00e1 como est\u00e1. Muchos de los legisladores usurpan profesiones con tal de llenar su hoja de vida y no quedar en rid\u00edculo ante los quintanarroenses, y no cuentan con la documentaci\u00f3n oficial que avale sus estudios, lo que quiere decir que el Congreso est\u00e1 en manos de gente ignorante y sin verg\u00fcenza.<\/div>\n<div>Por este motivo, Sol Quintana Roo reta a los diputados de la XV Legislatura a transparentar sus estudios, exhibir sus t\u00edtulos y c\u00e9dulas profesionales avaladas por la SEP. \u00bfO no pueden?<\/div>\n<div>Tambi\u00e9n ser\u00eda bueno que Eduardo Mart\u00ednez Arcila, presidente de la Gran Comisi\u00f3n del Congreso del Estado y el diputado Emiliano Ramos Hern\u00e1ndez hicieran lo propio. \u00bfPodr\u00e1n?<\/div>\n<\/div>\n<div>\u00a0<\/div>\n<div>Con Informaci\u00f3n de el Sol de Quintana Roo<\/div>\n<\/div>\n","protected":false},"excerpt":{"rendered":"<p>ARRIBISTAS!<br \/>\nPor Redacci\u00f3n QP<\/p>\n","protected":false},"author":2,"featured_media":14248,"comment_status":"open","ping_status":"open","sticky":false,"template":"","format":"standard","meta":{"_monsterinsights_skip_tracking":false,"_monsterinsights_sitenote_active":false,"_monsterinsights_sitenote_note":"","_monsterinsights_sitenote_category":0,"footnotes":""},"categories":[2],"tags":[],"class_list":["post-14249","post","type-post","status-publish","format-standard","has-post-thumbnail","hentry","category-noticias"],"yoast_head":"<!-- This site is optimized with the Yoast SEO plugin v27.3 - https:\/\/yoast.com\/product\/yoast-seo-wordpress\/ -->\n<title>ARRIBISTAS! -<\/title>\n<meta name=\"robots\" content=\"index, follow, max-snippet:-1, max-image-preview:large, max-video-preview:-1\" \/>\n<link rel=\"canonical\" href=\"https:\/\/quehacerpolitico.mx\/?p=14249\" \/>\n<meta property=\"og:locale\" content=\"es_MX\" \/>\n<meta property=\"og:type\" content=\"article\" \/>\n<meta property=\"og:title\" content=\"ARRIBISTAS! -\" \/>\n<meta property=\"og:description\" content=\"ARRIBISTAS! Por Redacci\u00f3n QP\" \/>\n<meta property=\"og:url\" content=\"https:\/\/quehacerpolitico.mx\/?p=14249\" \/>\n<meta property=\"article:published_time\" content=\"2019-01-14T18:17:46+00:00\" \/>\n<meta name=\"author\" content=\"Redacci\u00f3n QP\" \/>\n<meta name=\"twitter:card\" content=\"summary_large_image\" \/>\n<meta name=\"twitter:label1\" content=\"Escrito por\" \/>\n\t<meta name=\"twitter:data1\" content=\"Redacci\u00f3n QP\" \/>\n\t<meta name=\"twitter:label2\" content=\"Tiempo de lectura\" \/>\n\t<meta name=\"twitter:data2\" content=\"19 minutos\" \/>\n<script type=\"application\/ld+json\" class=\"yoast-schema-graph\">{\"@context\":\"https:\\\/\\\/schema.org\",\"@graph\":[{\"@type\":\"Article\",\"@id\":\"https:\\\/\\\/quehacerpolitico.mx\\\/?p=14249#article\",\"isPartOf\":{\"@id\":\"https:\\\/\\\/quehacerpolitico.mx\\\/?p=14249\"},\"author\":{\"name\":\"Redacci\u00f3n QP\",\"@id\":\"https:\\\/\\\/quehacerpolitico.mx\\\/#\\\/schema\\\/person\\\/496d8ad2d1d3f8036101dca7ee39e585\"},\"headline\":\"ARRIBISTAS!\",\"datePublished\":\"2019-01-14T18:17:46+00:00\",\"mainEntityOfPage\":{\"@id\":\"https:\\\/\\\/quehacerpolitico.mx\\\/?p=14249\"},\"wordCount\":3846,\"commentCount\":0,\"image\":{\"@id\":\"https:\\\/\\\/quehacerpolitico.mx\\\/?p=14249#primaryimage\"},\"thumbnailUrl\":\"\",\"articleSection\":[\"Noticias\"],\"inLanguage\":\"es\",\"potentialAction\":[{\"@type\":\"CommentAction\",\"name\":\"Comment\",\"target\":[\"https:\\\/\\\/quehacerpolitico.mx\\\/?p=14249#respond\"]}]},{\"@type\":\"WebPage\",\"@id\":\"https:\\\/\\\/quehacerpolitico.mx\\\/?p=14249\",\"url\":\"https:\\\/\\\/quehacerpolitico.mx\\\/?p=14249\",\"name\":\"ARRIBISTAS! -\",\"isPartOf\":{\"@id\":\"https:\\\/\\\/quehacerpolitico.mx\\\/#website\"},\"primaryImageOfPage\":{\"@id\":\"https:\\\/\\\/quehacerpolitico.mx\\\/?p=14249#primaryimage\"},\"image\":{\"@id\":\"https:\\\/\\\/quehacerpolitico.mx\\\/?p=14249#primaryimage\"},\"thumbnailUrl\":\"\",\"datePublished\":\"2019-01-14T18:17:46+00:00\",\"author\":{\"@id\":\"https:\\\/\\\/quehacerpolitico.mx\\\/#\\\/schema\\\/person\\\/496d8ad2d1d3f8036101dca7ee39e585\"},\"breadcrumb\":{\"@id\":\"https:\\\/\\\/quehacerpolitico.mx\\\/?p=14249#breadcrumb\"},\"inLanguage\":\"es\",\"potentialAction\":[{\"@type\":\"ReadAction\",\"target\":[\"https:\\\/\\\/quehacerpolitico.mx\\\/?p=14249\"]}]},{\"@type\":\"ImageObject\",\"inLanguage\":\"es\",\"@id\":\"https:\\\/\\\/quehacerpolitico.mx\\\/?p=14249#primaryimage\",\"url\":\"\",\"contentUrl\":\"\"},{\"@type\":\"BreadcrumbList\",\"@id\":\"https:\\\/\\\/quehacerpolitico.mx\\\/?p=14249#breadcrumb\",\"itemListElement\":[{\"@type\":\"ListItem\",\"position\":1,\"name\":\"Inicio\",\"item\":\"https:\\\/\\\/quehacerpolitico.mx\\\/\"},{\"@type\":\"ListItem\",\"position\":2,\"name\":\"ARRIBISTAS!\"}]},{\"@type\":\"WebSite\",\"@id\":\"https:\\\/\\\/quehacerpolitico.mx\\\/#website\",\"url\":\"https:\\\/\\\/quehacerpolitico.mx\\\/\",\"name\":\"\",\"description\":\"\",\"potentialAction\":[{\"@type\":\"SearchAction\",\"target\":{\"@type\":\"EntryPoint\",\"urlTemplate\":\"https:\\\/\\\/quehacerpolitico.mx\\\/?s={search_term_string}\"},\"query-input\":{\"@type\":\"PropertyValueSpecification\",\"valueRequired\":true,\"valueName\":\"search_term_string\"}}],\"inLanguage\":\"es\"},{\"@type\":\"Person\",\"@id\":\"https:\\\/\\\/quehacerpolitico.mx\\\/#\\\/schema\\\/person\\\/496d8ad2d1d3f8036101dca7ee39e585\",\"name\":\"Redacci\u00f3n QP\",\"image\":{\"@type\":\"ImageObject\",\"inLanguage\":\"es\",\"@id\":\"https:\\\/\\\/secure.gravatar.com\\\/avatar\\\/c7164ed6fdec453195284ad24a5ae5b6e1eed2b848477fa2a4787ba9adf39a41?s=96&d=mm&r=g\",\"url\":\"https:\\\/\\\/secure.gravatar.com\\\/avatar\\\/c7164ed6fdec453195284ad24a5ae5b6e1eed2b848477fa2a4787ba9adf39a41?s=96&d=mm&r=g\",\"contentUrl\":\"https:\\\/\\\/secure.gravatar.com\\\/avatar\\\/c7164ed6fdec453195284ad24a5ae5b6e1eed2b848477fa2a4787ba9adf39a41?s=96&d=mm&r=g\",\"caption\":\"Redacci\u00f3n QP\"},\"url\":\"https:\\\/\\\/quehacerpolitico.mx\\\/?author=2\"}]}<\/script>\n<!-- \/ Yoast SEO plugin. -->","yoast_head_json":{"title":"ARRIBISTAS! -","robots":{"index":"index","follow":"follow","max-snippet":"max-snippet:-1","max-image-preview":"max-image-preview:large","max-video-preview":"max-video-preview:-1"},"canonical":"https:\/\/quehacerpolitico.mx\/?p=14249","og_locale":"es_MX","og_type":"article","og_title":"ARRIBISTAS! -","og_description":"ARRIBISTAS! Por Redacci\u00f3n QP","og_url":"https:\/\/quehacerpolitico.mx\/?p=14249","article_published_time":"2019-01-14T18:17:46+00:00","author":"Redacci\u00f3n QP","twitter_card":"summary_large_image","twitter_misc":{"Escrito por":"Redacci\u00f3n QP","Tiempo de lectura":"19 minutos"},"schema":{"@context":"https:\/\/schema.org","@graph":[{"@type":"Article","@id":"https:\/\/quehacerpolitico.mx\/?p=14249#article","isPartOf":{"@id":"https:\/\/quehacerpolitico.mx\/?p=14249"},"author":{"name":"Redacci\u00f3n QP","@id":"https:\/\/quehacerpolitico.mx\/#\/schema\/person\/496d8ad2d1d3f8036101dca7ee39e585"},"headline":"ARRIBISTAS!","datePublished":"2019-01-14T18:17:46+00:00","mainEntityOfPage":{"@id":"https:\/\/quehacerpolitico.mx\/?p=14249"},"wordCount":3846,"commentCount":0,"image":{"@id":"https:\/\/quehacerpolitico.mx\/?p=14249#primaryimage"},"thumbnailUrl":"","articleSection":["Noticias"],"inLanguage":"es","potentialAction":[{"@type":"CommentAction","name":"Comment","target":["https:\/\/quehacerpolitico.mx\/?p=14249#respond"]}]},{"@type":"WebPage","@id":"https:\/\/quehacerpolitico.mx\/?p=14249","url":"https:\/\/quehacerpolitico.mx\/?p=14249","name":"ARRIBISTAS! -","isPartOf":{"@id":"https:\/\/quehacerpolitico.mx\/#website"},"primaryImageOfPage":{"@id":"https:\/\/quehacerpolitico.mx\/?p=14249#primaryimage"},"image":{"@id":"https:\/\/quehacerpolitico.mx\/?p=14249#primaryimage"},"thumbnailUrl":"","datePublished":"2019-01-14T18:17:46+00:00","author":{"@id":"https:\/\/quehacerpolitico.mx\/#\/schema\/person\/496d8ad2d1d3f8036101dca7ee39e585"},"breadcrumb":{"@id":"https:\/\/quehacerpolitico.mx\/?p=14249#breadcrumb"},"inLanguage":"es","potentialAction":[{"@type":"ReadAction","target":["https:\/\/quehacerpolitico.mx\/?p=14249"]}]},{"@type":"ImageObject","inLanguage":"es","@id":"https:\/\/quehacerpolitico.mx\/?p=14249#primaryimage","url":"","contentUrl":""},{"@type":"BreadcrumbList","@id":"https:\/\/quehacerpolitico.mx\/?p=14249#breadcrumb","itemListElement":[{"@type":"ListItem","position":1,"name":"Inicio","item":"https:\/\/quehacerpolitico.mx\/"},{"@type":"ListItem","position":2,"name":"ARRIBISTAS!"}]},{"@type":"WebSite","@id":"https:\/\/quehacerpolitico.mx\/#website","url":"https:\/\/quehacerpolitico.mx\/","name":"","description":"","potentialAction":[{"@type":"SearchAction","target":{"@type":"EntryPoint","urlTemplate":"https:\/\/quehacerpolitico.mx\/?s={search_term_string}"},"query-input":{"@type":"PropertyValueSpecification","valueRequired":true,"valueName":"search_term_string"}}],"inLanguage":"es"},{"@type":"Person","@id":"https:\/\/quehacerpolitico.mx\/#\/schema\/person\/496d8ad2d1d3f8036101dca7ee39e585","name":"Redacci\u00f3n QP","image":{"@type":"ImageObject","inLanguage":"es","@id":"https:\/\/secure.gravatar.com\/avatar\/c7164ed6fdec453195284ad24a5ae5b6e1eed2b848477fa2a4787ba9adf39a41?s=96&d=mm&r=g","url":"https:\/\/secure.gravatar.com\/avatar\/c7164ed6fdec453195284ad24a5ae5b6e1eed2b848477fa2a4787ba9adf39a41?s=96&d=mm&r=g","contentUrl":"https:\/\/secure.gravatar.com\/avatar\/c7164ed6fdec453195284ad24a5ae5b6e1eed2b848477fa2a4787ba9adf39a41?s=96&d=mm&r=g","caption":"Redacci\u00f3n QP"},"url":"https:\/\/quehacerpolitico.mx\/?author=2"}]}},"featured_image_urls":{"full":"","thumbnail":"","medium":"","medium_large":"","large":"","1536x1536":"","2048x2048":"","covernews-featured":"","covernews-medium":""},"author_info":{"display_name":"Redacci\u00f3n QP","author_link":"https:\/\/quehacerpolitico.mx\/?author=2"},"category_info":"<a href=\"https:\/\/quehacerpolitico.mx\/?cat=2\" rel=\"category\">Noticias<\/a>","tag_info":"Noticias","comment_count":"0","_links":{"self":[{"href":"https:\/\/quehacerpolitico.mx\/index.php?rest_route=\/wp\/v2\/posts\/14249","targetHints":{"allow":["GET"]}}],"collection":[{"href":"https:\/\/quehacerpolitico.mx\/index.php?rest_route=\/wp\/v2\/posts"}],"about":[{"href":"https:\/\/quehacerpolitico.mx\/index.php?rest_route=\/wp\/v2\/types\/post"}],"author":[{"embeddable":true,"href":"https:\/\/quehacerpolitico.mx\/index.php?rest_route=\/wp\/v2\/users\/2"}],"replies":[{"embeddable":true,"href":"https:\/\/quehacerpolitico.mx\/index.php?rest_route=%2Fwp%2Fv2%2Fcomments&post=14249"}],"version-history":[{"count":0,"href":"https:\/\/quehacerpolitico.mx\/index.php?rest_route=\/wp\/v2\/posts\/14249\/revisions"}],"wp:featuredmedia":[{"embeddable":true,"href":"https:\/\/quehacerpolitico.mx\/index.php?rest_route=\/"}],"wp:attachment":[{"href":"https:\/\/quehacerpolitico.mx\/index.php?rest_route=%2Fwp%2Fv2%2Fmedia&parent=14249"}],"wp:term":[{"taxonomy":"category","embeddable":true,"href":"https:\/\/quehacerpolitico.mx\/index.php?rest_route=%2Fwp%2Fv2%2Fcategories&post=14249"},{"taxonomy":"post_tag","embeddable":true,"href":"https:\/\/quehacerpolitico.mx\/index.php?rest_route=%2Fwp%2Fv2%2Ftags&post=14249"}],"curies":[{"name":"wp","href":"https:\/\/api.w.org\/{rel}","templated":true}]}}