{"id":14189,"date":"2019-01-14T15:48:19","date_gmt":"2019-01-14T15:48:19","guid":{"rendered":"http:\/\/quehacerpolitico.mx\/cdmx-rehabilitara-trenes-del-metro-rtp-y-trolebus\/"},"modified":"2019-01-14T15:48:19","modified_gmt":"2019-01-14T15:48:19","slug":"cdmx-rehabilitara-trenes-del-metro-rtp-y-trolebus","status":"publish","type":"post","link":"https:\/\/quehacerpolitico.mx\/?p=14189","title":{"rendered":"CDMX rehabilitar\u00e1 trenes del Metro, RTP y Troleb\u00fas"},"content":{"rendered":"<h1 class=\"amp-wp-title\">CDMX rehabilitar\u00e1 trenes del Metro, RTP y Troleb\u00fas<\/h1>\n<p>Por Redacci\u00f3n QP<\/p>\n<p>La jefa de Gobierno de la Ciudad de M\u00e9xico, <strong>Claudia Sheinbaum,<\/strong> y el titular de la<strong> Secretar\u00eda de Movilidad,<\/strong> Andr\u00e9s Lajous Loaeza, informaron la rehabilitaci\u00f3n de diferentes sistemas de transporte en la <strong>CDMX. <\/strong><\/p>\n<p>De acuerdo con los funcionarios, en <strong>35 d\u00edas de trabajo<\/strong> se reincorporaron <strong>75 unidades<\/strong> de la Red de Transporte de Pasajeros (<strong>RTP<\/strong>), lo que beneficiar\u00e1 a <strong>35 mil usuarios al d\u00eda. <\/strong><\/p>\n<p>Las unidades recuperadas se <strong>incorporaron<\/strong> en los m\u00f3dulos:<\/p>\n<ul>\n<li><strong>Cuajimalpa<\/strong> \u2013 3 unidades<\/li>\n<\/ul>\n<ul>\n<li><strong>Xochimilco<\/strong> \u2013 21 unidades<\/li>\n<\/ul>\n<ul>\n<li><strong>Xochimilco<\/strong> (Tulyehualco) \u2013 13 unidades<\/li>\n<li><strong>Iztapalapa<\/strong> \u2013 6 unidades<\/li>\n<li><strong>Gustavo A. Madero<\/strong> (Nueva Atzacoalco) \u2013 13 unidades<\/li>\n<li><strong>Gustavo A. Madero<\/strong> (Cuautepec) \u2013 9 unidades<\/li>\n<li><strong>Azcapotzalco<\/strong> \u2013 10 unidades<\/li>\n<\/ul>\n<p>Asimismo, rehabilitaron 10 trenes del <b>Metro<\/b> y puestos en circulaci\u00f3n en las<strong> L\u00edneas A, B, 7, 8 y 12<\/strong>.<\/p>\n<p><b>Florencia Serran\u00eda Soto<\/b>, directora del Metro, detall\u00f3 que ante la afluencia de usuarios en este transporte iniciaron el programa \u201c<b>Cero Incidentes<\/b>\u201d, que cuenta con equipos especializados, sobre todo, en las l\u00edneas colindantes con el <b>Estado de M\u00e9xico<\/b>.<\/p>\n<blockquote>\n<p>\u201cEstamos tratando de que los trenes que salgan sean los m\u00e1s <strong>robustos<\/strong>, que aguanten la operaci\u00f3n m\u00e1s fuerte, que es por la <strong>ma\u00f1ana<\/strong>\u201d, dijo.<\/p>\n<\/blockquote>\n<p>En tanto, para el <b>Sistema de Transportes El\u00e9ctricos <\/b>(<b>STE<\/b>)\u00a0incorporaron 10 trolebuses a la flota operativa sumando as\u00ed un total de 150 unidades disponibles. Las 10 unidades reactivadas circulan en los <b>Corredores Cero Emisiones de Eje Central y Eje 2<\/b>. Adem\u00e1s se adicion\u00f3 un tren ligero alcanzado una flota de 13 trenes.<\/p>\n<blockquote>\n<p>\u201cLa idea es que, en pr\u00e1cticamente en todos (los sistema de <strong>transportes<\/strong>) podamos duplicarlo en los primeros <strong>100 d\u00edas<\/strong> sin ning\u00fan recurso adicional, sino <strong>sencillamente<\/strong> haciendo el trabajo que se tiene que hacer\u201d, coment\u00f3.<\/p>\n<\/blockquote>\n","protected":false},"excerpt":{"rendered":"<p>CDMX rehabilitar\u00e1 trenes del Metro, RTP y Troleb\u00fas<br \/>\nPor Redacci\u00f3n QP<\/p>\n","protected":false},"author":2,"featured_media":14188,"comment_status":"open","ping_status":"open","sticky":false,"template":"","format":"standard","meta":{"_monsterinsights_skip_tracking":false,"_monsterinsights_sitenote_active":false,"_monsterinsights_sitenote_note":"","_monsterinsights_sitenote_category":0,"footnotes":""},"categories":[55],"tags":[],"class_list":["post-14189","post","type-post","status-publish","format-standard","has-post-thumbnail","hentry","category-cdmx"],"yoast_head":"<!-- This site is optimized with the Yoast SEO plugin v27.3 - https:\/\/yoast.com\/product\/yoast-seo-wordpress\/ -->\n<title>CDMX rehabilitar\u00e1 trenes del Metro, RTP y Troleb\u00fas -<\/title>\n<meta name=\"robots\" content=\"index, follow, max-snippet:-1, max-image-preview:large, max-video-preview:-1\" \/>\n<link rel=\"canonical\" href=\"https:\/\/quehacerpolitico.mx\/?p=14189\" \/>\n<meta property=\"og:locale\" content=\"es_MX\" \/>\n<meta property=\"og:type\" content=\"article\" \/>\n<meta property=\"og:title\" content=\"CDMX rehabilitar\u00e1 trenes del Metro, RTP y Troleb\u00fas -\" \/>\n<meta property=\"og:description\" content=\"CDMX rehabilitar\u00e1 trenes del Metro, RTP y Troleb\u00fas Por Redacci\u00f3n QP\" \/>\n<meta property=\"og:url\" content=\"https:\/\/quehacerpolitico.mx\/?p=14189\" \/>\n<meta property=\"article:published_time\" content=\"2019-01-14T15:48:19+00:00\" \/>\n<meta name=\"author\" content=\"Redacci\u00f3n QP\" \/>\n<meta name=\"twitter:card\" content=\"summary_large_image\" \/>\n<meta name=\"twitter:label1\" content=\"Escrito por\" \/>\n\t<meta name=\"twitter:data1\" content=\"Redacci\u00f3n QP\" \/>\n\t<meta name=\"twitter:label2\" content=\"Tiempo de lectura\" \/>\n\t<meta name=\"twitter:data2\" content=\"1 minuto\" \/>\n<script type=\"application\/ld+json\" class=\"yoast-schema-graph\">{\"@context\":\"https:\\\/\\\/schema.org\",\"@graph\":[{\"@type\":\"Article\",\"@id\":\"https:\\\/\\\/quehacerpolitico.mx\\\/?p=14189#article\",\"isPartOf\":{\"@id\":\"https:\\\/\\\/quehacerpolitico.mx\\\/?p=14189\"},\"author\":{\"name\":\"Redacci\u00f3n QP\",\"@id\":\"https:\\\/\\\/quehacerpolitico.mx\\\/#\\\/schema\\\/person\\\/496d8ad2d1d3f8036101dca7ee39e585\"},\"headline\":\"CDMX rehabilitar\u00e1 trenes del Metro, RTP y Troleb\u00fas\",\"datePublished\":\"2019-01-14T15:48:19+00:00\",\"mainEntityOfPage\":{\"@id\":\"https:\\\/\\\/quehacerpolitico.mx\\\/?p=14189\"},\"wordCount\":290,\"commentCount\":0,\"image\":{\"@id\":\"https:\\\/\\\/quehacerpolitico.mx\\\/?p=14189#primaryimage\"},\"thumbnailUrl\":\"\",\"articleSection\":[\"CDMX\"],\"inLanguage\":\"es\",\"potentialAction\":[{\"@type\":\"CommentAction\",\"name\":\"Comment\",\"target\":[\"https:\\\/\\\/quehacerpolitico.mx\\\/?p=14189#respond\"]}]},{\"@type\":\"WebPage\",\"@id\":\"https:\\\/\\\/quehacerpolitico.mx\\\/?p=14189\",\"url\":\"https:\\\/\\\/quehacerpolitico.mx\\\/?p=14189\",\"name\":\"CDMX rehabilitar\u00e1 trenes del Metro, RTP y Troleb\u00fas -\",\"isPartOf\":{\"@id\":\"https:\\\/\\\/quehacerpolitico.mx\\\/#website\"},\"primaryImageOfPage\":{\"@id\":\"https:\\\/\\\/quehacerpolitico.mx\\\/?p=14189#primaryimage\"},\"image\":{\"@id\":\"https:\\\/\\\/quehacerpolitico.mx\\\/?p=14189#primaryimage\"},\"thumbnailUrl\":\"\",\"datePublished\":\"2019-01-14T15:48:19+00:00\",\"author\":{\"@id\":\"https:\\\/\\\/quehacerpolitico.mx\\\/#\\\/schema\\\/person\\\/496d8ad2d1d3f8036101dca7ee39e585\"},\"breadcrumb\":{\"@id\":\"https:\\\/\\\/quehacerpolitico.mx\\\/?p=14189#breadcrumb\"},\"inLanguage\":\"es\",\"potentialAction\":[{\"@type\":\"ReadAction\",\"target\":[\"https:\\\/\\\/quehacerpolitico.mx\\\/?p=14189\"]}]},{\"@type\":\"ImageObject\",\"inLanguage\":\"es\",\"@id\":\"https:\\\/\\\/quehacerpolitico.mx\\\/?p=14189#primaryimage\",\"url\":\"\",\"contentUrl\":\"\"},{\"@type\":\"BreadcrumbList\",\"@id\":\"https:\\\/\\\/quehacerpolitico.mx\\\/?p=14189#breadcrumb\",\"itemListElement\":[{\"@type\":\"ListItem\",\"position\":1,\"name\":\"Inicio\",\"item\":\"https:\\\/\\\/quehacerpolitico.mx\\\/\"},{\"@type\":\"ListItem\",\"position\":2,\"name\":\"CDMX rehabilitar\u00e1 trenes del Metro, RTP y Troleb\u00fas\"}]},{\"@type\":\"WebSite\",\"@id\":\"https:\\\/\\\/quehacerpolitico.mx\\\/#website\",\"url\":\"https:\\\/\\\/quehacerpolitico.mx\\\/\",\"name\":\"\",\"description\":\"\",\"potentialAction\":[{\"@type\":\"SearchAction\",\"target\":{\"@type\":\"EntryPoint\",\"urlTemplate\":\"https:\\\/\\\/quehacerpolitico.mx\\\/?s={search_term_string}\"},\"query-input\":{\"@type\":\"PropertyValueSpecification\",\"valueRequired\":true,\"valueName\":\"search_term_string\"}}],\"inLanguage\":\"es\"},{\"@type\":\"Person\",\"@id\":\"https:\\\/\\\/quehacerpolitico.mx\\\/#\\\/schema\\\/person\\\/496d8ad2d1d3f8036101dca7ee39e585\",\"name\":\"Redacci\u00f3n QP\",\"image\":{\"@type\":\"ImageObject\",\"inLanguage\":\"es\",\"@id\":\"https:\\\/\\\/secure.gravatar.com\\\/avatar\\\/c7164ed6fdec453195284ad24a5ae5b6e1eed2b848477fa2a4787ba9adf39a41?s=96&d=mm&r=g\",\"url\":\"https:\\\/\\\/secure.gravatar.com\\\/avatar\\\/c7164ed6fdec453195284ad24a5ae5b6e1eed2b848477fa2a4787ba9adf39a41?s=96&d=mm&r=g\",\"contentUrl\":\"https:\\\/\\\/secure.gravatar.com\\\/avatar\\\/c7164ed6fdec453195284ad24a5ae5b6e1eed2b848477fa2a4787ba9adf39a41?s=96&d=mm&r=g\",\"caption\":\"Redacci\u00f3n QP\"},\"url\":\"https:\\\/\\\/quehacerpolitico.mx\\\/?author=2\"}]}<\/script>\n<!-- \/ Yoast SEO plugin. -->","yoast_head_json":{"title":"CDMX rehabilitar\u00e1 trenes del Metro, RTP y Troleb\u00fas -","robots":{"index":"index","follow":"follow","max-snippet":"max-snippet:-1","max-image-preview":"max-image-preview:large","max-video-preview":"max-video-preview:-1"},"canonical":"https:\/\/quehacerpolitico.mx\/?p=14189","og_locale":"es_MX","og_type":"article","og_title":"CDMX rehabilitar\u00e1 trenes del Metro, RTP y Troleb\u00fas -","og_description":"CDMX rehabilitar\u00e1 trenes del Metro, RTP y Troleb\u00fas Por Redacci\u00f3n QP","og_url":"https:\/\/quehacerpolitico.mx\/?p=14189","article_published_time":"2019-01-14T15:48:19+00:00","author":"Redacci\u00f3n QP","twitter_card":"summary_large_image","twitter_misc":{"Escrito por":"Redacci\u00f3n QP","Tiempo de lectura":"1 minuto"},"schema":{"@context":"https:\/\/schema.org","@graph":[{"@type":"Article","@id":"https:\/\/quehacerpolitico.mx\/?p=14189#article","isPartOf":{"@id":"https:\/\/quehacerpolitico.mx\/?p=14189"},"author":{"name":"Redacci\u00f3n QP","@id":"https:\/\/quehacerpolitico.mx\/#\/schema\/person\/496d8ad2d1d3f8036101dca7ee39e585"},"headline":"CDMX rehabilitar\u00e1 trenes del Metro, RTP y Troleb\u00fas","datePublished":"2019-01-14T15:48:19+00:00","mainEntityOfPage":{"@id":"https:\/\/quehacerpolitico.mx\/?p=14189"},"wordCount":290,"commentCount":0,"image":{"@id":"https:\/\/quehacerpolitico.mx\/?p=14189#primaryimage"},"thumbnailUrl":"","articleSection":["CDMX"],"inLanguage":"es","potentialAction":[{"@type":"CommentAction","name":"Comment","target":["https:\/\/quehacerpolitico.mx\/?p=14189#respond"]}]},{"@type":"WebPage","@id":"https:\/\/quehacerpolitico.mx\/?p=14189","url":"https:\/\/quehacerpolitico.mx\/?p=14189","name":"CDMX rehabilitar\u00e1 trenes del Metro, RTP y Troleb\u00fas -","isPartOf":{"@id":"https:\/\/quehacerpolitico.mx\/#website"},"primaryImageOfPage":{"@id":"https:\/\/quehacerpolitico.mx\/?p=14189#primaryimage"},"image":{"@id":"https:\/\/quehacerpolitico.mx\/?p=14189#primaryimage"},"thumbnailUrl":"","datePublished":"2019-01-14T15:48:19+00:00","author":{"@id":"https:\/\/quehacerpolitico.mx\/#\/schema\/person\/496d8ad2d1d3f8036101dca7ee39e585"},"breadcrumb":{"@id":"https:\/\/quehacerpolitico.mx\/?p=14189#breadcrumb"},"inLanguage":"es","potentialAction":[{"@type":"ReadAction","target":["https:\/\/quehacerpolitico.mx\/?p=14189"]}]},{"@type":"ImageObject","inLanguage":"es","@id":"https:\/\/quehacerpolitico.mx\/?p=14189#primaryimage","url":"","contentUrl":""},{"@type":"BreadcrumbList","@id":"https:\/\/quehacerpolitico.mx\/?p=14189#breadcrumb","itemListElement":[{"@type":"ListItem","position":1,"name":"Inicio","item":"https:\/\/quehacerpolitico.mx\/"},{"@type":"ListItem","position":2,"name":"CDMX rehabilitar\u00e1 trenes del Metro, RTP y Troleb\u00fas"}]},{"@type":"WebSite","@id":"https:\/\/quehacerpolitico.mx\/#website","url":"https:\/\/quehacerpolitico.mx\/","name":"","description":"","potentialAction":[{"@type":"SearchAction","target":{"@type":"EntryPoint","urlTemplate":"https:\/\/quehacerpolitico.mx\/?s={search_term_string}"},"query-input":{"@type":"PropertyValueSpecification","valueRequired":true,"valueName":"search_term_string"}}],"inLanguage":"es"},{"@type":"Person","@id":"https:\/\/quehacerpolitico.mx\/#\/schema\/person\/496d8ad2d1d3f8036101dca7ee39e585","name":"Redacci\u00f3n QP","image":{"@type":"ImageObject","inLanguage":"es","@id":"https:\/\/secure.gravatar.com\/avatar\/c7164ed6fdec453195284ad24a5ae5b6e1eed2b848477fa2a4787ba9adf39a41?s=96&d=mm&r=g","url":"https:\/\/secure.gravatar.com\/avatar\/c7164ed6fdec453195284ad24a5ae5b6e1eed2b848477fa2a4787ba9adf39a41?s=96&d=mm&r=g","contentUrl":"https:\/\/secure.gravatar.com\/avatar\/c7164ed6fdec453195284ad24a5ae5b6e1eed2b848477fa2a4787ba9adf39a41?s=96&d=mm&r=g","caption":"Redacci\u00f3n QP"},"url":"https:\/\/quehacerpolitico.mx\/?author=2"}]}},"featured_image_urls":{"full":"","thumbnail":"","medium":"","medium_large":"","large":"","1536x1536":"","2048x2048":"","covernews-featured":"","covernews-medium":""},"author_info":{"display_name":"Redacci\u00f3n QP","author_link":"https:\/\/quehacerpolitico.mx\/?author=2"},"category_info":"<a href=\"https:\/\/quehacerpolitico.mx\/?cat=55\" rel=\"category\">CDMX<\/a>","tag_info":"CDMX","comment_count":"0","_links":{"self":[{"href":"https:\/\/quehacerpolitico.mx\/index.php?rest_route=\/wp\/v2\/posts\/14189","targetHints":{"allow":["GET"]}}],"collection":[{"href":"https:\/\/quehacerpolitico.mx\/index.php?rest_route=\/wp\/v2\/posts"}],"about":[{"href":"https:\/\/quehacerpolitico.mx\/index.php?rest_route=\/wp\/v2\/types\/post"}],"author":[{"embeddable":true,"href":"https:\/\/quehacerpolitico.mx\/index.php?rest_route=\/wp\/v2\/users\/2"}],"replies":[{"embeddable":true,"href":"https:\/\/quehacerpolitico.mx\/index.php?rest_route=%2Fwp%2Fv2%2Fcomments&post=14189"}],"version-history":[{"count":0,"href":"https:\/\/quehacerpolitico.mx\/index.php?rest_route=\/wp\/v2\/posts\/14189\/revisions"}],"wp:featuredmedia":[{"embeddable":true,"href":"https:\/\/quehacerpolitico.mx\/index.php?rest_route=\/"}],"wp:attachment":[{"href":"https:\/\/quehacerpolitico.mx\/index.php?rest_route=%2Fwp%2Fv2%2Fmedia&parent=14189"}],"wp:term":[{"taxonomy":"category","embeddable":true,"href":"https:\/\/quehacerpolitico.mx\/index.php?rest_route=%2Fwp%2Fv2%2Fcategories&post=14189"},{"taxonomy":"post_tag","embeddable":true,"href":"https:\/\/quehacerpolitico.mx\/index.php?rest_route=%2Fwp%2Fv2%2Ftags&post=14189"}],"curies":[{"name":"wp","href":"https:\/\/api.w.org\/{rel}","templated":true}]}}