{"id":14181,"date":"2019-01-14T15:14:19","date_gmt":"2019-01-14T15:14:19","guid":{"rendered":"http:\/\/quehacerpolitico.mx\/amlo-mil-agentes-que-servian-de-guaruras-de-politicos-iran-ahora-a-la-lucha-contra-el-huachicol\/"},"modified":"2019-01-14T15:14:19","modified_gmt":"2019-01-14T15:14:19","slug":"amlo-mil-agentes-que-servian-de-guaruras-de-politicos-iran-ahora-a-la-lucha-contra-el-huachicol","status":"publish","type":"post","link":"https:\/\/quehacerpolitico.mx\/?p=14181","title":{"rendered":"AMLO: Mil agentes que serv\u00edan de guaruras de pol\u00edticos ir\u00e1n ahora a la lucha contra el huachicol"},"content":{"rendered":"<h1>AMLO: Mil agentes que serv\u00edan de guaruras de pol\u00edticos ir\u00e1n ahora a la lucha contra el huachicol<\/h1>\n<p>Por Redacci\u00f3n QP<\/p>\n<p><strong>Alejandro Gertz Manero<\/strong>, encargado del despacho de la Procuradur\u00eda General de la Rep\u00fablica (<strong>PGR<\/strong>), inform\u00f3 que <strong>mil agentes de la Polic\u00eda Federal y Ministerial<\/strong>, que desempe\u00f1aban funciones de custodia durante la administraci\u00f3n anterior, van a pasar al manejo de todas las carpetas y los procesos.<\/p>\n<p>El Presidente <strong>Andr\u00e9s Manuel L\u00f3pez Obrador<\/strong>precis\u00f3 que los mil custodios estaban al servicio de particulares, como <strong>guardaespaldas<\/strong>, y ahora ser\u00e1n incluidos en el plan contra el robo de combustible.<\/p>\n<blockquote>\n<p>\u201cAs\u00ed como exist\u00eda el Estado Mayor Presidencial, exist\u00edan custodios de la Procuradur\u00eda para dar protecci\u00f3n a funcionarios y a personas particulares\u201d, dijo.<\/p>\n<p>El mandatario expres\u00f3 su confianza porque este semana se apruebe la creaci\u00f3n de la Guardia Nacional.<\/p>\n<blockquote>\n<p>\u201cEspero que esta semana se apruebe la reforma para la creaci\u00f3n de la Guardia Nacional porque vamos a contratar m\u00e1s elementos, se va a reclutar m\u00e1s elementos para fortalecer todo lo que tienen que ver con la protecci\u00f3n de los bienes de la naci\u00f3n y la seguridad p\u00fablica\u201d.<\/p>\n<\/blockquote>\n<p><strong>El General Arturo Vel\u00e1zquez<\/strong>, el encargado del operativo contra el robo de combustible, explic\u00f3 que en respuesta a las grandes p\u00e9rdidas de combustible que se estaban dando, 80 mil barriles en promedio en noviembre, el Presidente orden\u00f3 diversas medidas de seguridad para atender la problem\u00e1tica.<\/p>\n<p>Explic\u00f3 que el operativo incluye el refuerzo de la seguridad de instalaciones de Pemex; la custodia de pipas y proporcionar seguridad a los ductos.<\/p>\n<p>El General indic\u00f3 que en M\u00e9xico, existen alrededor de 56 mil kil\u00f3metros de ductos, de los cuales, 13 mil son considerados problem\u00e1ticos y 6 cr\u00edticos.<\/p>\n<p>Vel\u00e1zquez indic\u00f3 que desde el pasado 5 de enero se inici\u00f3 un operativo de seguridad para garantizar la seguridad de los ductos, en el que participan 5 mil 92 elementos del Ej\u00e9rcito, de Marina y de la Secretar\u00eda de Seguridad P\u00fablica Federal.<\/p>\n<p>Despu\u00e9s de algunas acciones, inform\u00f3, se disminuy\u00f3 el robo de barriles a 40 mil, luego a 30 mil barriles robados en promedio, y ha llegado a cifras hist\u00f3ricas de 2 mil 500 en promedio.<\/p>\n<p>\u201cNo todo ha sido miel sobre hojuelas, para avanzar hay que sufrir a veces. Esta seguridad a los ductos ha sido eficiente\u201d, dijo.<\/p>\n<p>El General Arturo Vel\u00e1zquez indic\u00f3 que el Presidente dio la autorizaci\u00f3n de agregar seguridad a cinco sistemas m\u00e1s: el Tuxpan-Tula, Bronwswile-Cadereyta, Madero-Cadereyta, San Mart\u00edn Texmelucan-Valle de M\u00e9xico y el Tula-Azcapotzalco.<\/p>\n<\/blockquote>\n","protected":false},"excerpt":{"rendered":"<p>AMLO: Mil agentes que serv\u00edan de guaruras de pol\u00edticos ir\u00e1n ahora a la lucha contra el huachicol<br \/>\nPor Redacci\u00f3n QP<\/p>\n","protected":false},"author":2,"featured_media":14180,"comment_status":"open","ping_status":"open","sticky":false,"template":"","format":"standard","meta":{"_monsterinsights_skip_tracking":false,"_monsterinsights_sitenote_active":false,"_monsterinsights_sitenote_note":"","_monsterinsights_sitenote_category":0,"footnotes":""},"categories":[2],"tags":[],"class_list":["post-14181","post","type-post","status-publish","format-standard","has-post-thumbnail","hentry","category-noticias"],"yoast_head":"<!-- This site is optimized with the Yoast SEO plugin v27.3 - https:\/\/yoast.com\/product\/yoast-seo-wordpress\/ -->\n<title>AMLO: Mil agentes que serv\u00edan de guaruras de pol\u00edticos ir\u00e1n ahora a la lucha contra el huachicol -<\/title>\n<meta name=\"robots\" content=\"index, follow, max-snippet:-1, max-image-preview:large, max-video-preview:-1\" \/>\n<link rel=\"canonical\" href=\"https:\/\/quehacerpolitico.mx\/?p=14181\" \/>\n<meta property=\"og:locale\" content=\"es_MX\" \/>\n<meta property=\"og:type\" content=\"article\" \/>\n<meta property=\"og:title\" content=\"AMLO: Mil agentes que serv\u00edan de guaruras de pol\u00edticos ir\u00e1n ahora a la lucha contra el huachicol -\" \/>\n<meta property=\"og:description\" content=\"AMLO: Mil agentes que serv\u00edan de guaruras de pol\u00edticos ir\u00e1n ahora a la lucha contra el huachicol Por Redacci\u00f3n QP\" \/>\n<meta property=\"og:url\" content=\"https:\/\/quehacerpolitico.mx\/?p=14181\" \/>\n<meta property=\"article:published_time\" content=\"2019-01-14T15:14:19+00:00\" \/>\n<meta name=\"author\" content=\"Redacci\u00f3n QP\" \/>\n<meta name=\"twitter:card\" content=\"summary_large_image\" \/>\n<meta name=\"twitter:label1\" content=\"Escrito por\" \/>\n\t<meta name=\"twitter:data1\" content=\"Redacci\u00f3n QP\" \/>\n\t<meta name=\"twitter:label2\" content=\"Tiempo de lectura\" \/>\n\t<meta name=\"twitter:data2\" content=\"2 minutos\" \/>\n<script type=\"application\/ld+json\" class=\"yoast-schema-graph\">{\"@context\":\"https:\\\/\\\/schema.org\",\"@graph\":[{\"@type\":\"Article\",\"@id\":\"https:\\\/\\\/quehacerpolitico.mx\\\/?p=14181#article\",\"isPartOf\":{\"@id\":\"https:\\\/\\\/quehacerpolitico.mx\\\/?p=14181\"},\"author\":{\"name\":\"Redacci\u00f3n QP\",\"@id\":\"https:\\\/\\\/quehacerpolitico.mx\\\/#\\\/schema\\\/person\\\/496d8ad2d1d3f8036101dca7ee39e585\"},\"headline\":\"AMLO: Mil agentes que serv\u00edan de guaruras de pol\u00edticos ir\u00e1n ahora a la lucha contra el huachicol\",\"datePublished\":\"2019-01-14T15:14:19+00:00\",\"mainEntityOfPage\":{\"@id\":\"https:\\\/\\\/quehacerpolitico.mx\\\/?p=14181\"},\"wordCount\":453,\"commentCount\":0,\"image\":{\"@id\":\"https:\\\/\\\/quehacerpolitico.mx\\\/?p=14181#primaryimage\"},\"thumbnailUrl\":\"\",\"articleSection\":[\"Noticias\"],\"inLanguage\":\"es\",\"potentialAction\":[{\"@type\":\"CommentAction\",\"name\":\"Comment\",\"target\":[\"https:\\\/\\\/quehacerpolitico.mx\\\/?p=14181#respond\"]}]},{\"@type\":\"WebPage\",\"@id\":\"https:\\\/\\\/quehacerpolitico.mx\\\/?p=14181\",\"url\":\"https:\\\/\\\/quehacerpolitico.mx\\\/?p=14181\",\"name\":\"AMLO: Mil agentes que serv\u00edan de guaruras de pol\u00edticos ir\u00e1n ahora a la lucha contra el huachicol -\",\"isPartOf\":{\"@id\":\"https:\\\/\\\/quehacerpolitico.mx\\\/#website\"},\"primaryImageOfPage\":{\"@id\":\"https:\\\/\\\/quehacerpolitico.mx\\\/?p=14181#primaryimage\"},\"image\":{\"@id\":\"https:\\\/\\\/quehacerpolitico.mx\\\/?p=14181#primaryimage\"},\"thumbnailUrl\":\"\",\"datePublished\":\"2019-01-14T15:14:19+00:00\",\"author\":{\"@id\":\"https:\\\/\\\/quehacerpolitico.mx\\\/#\\\/schema\\\/person\\\/496d8ad2d1d3f8036101dca7ee39e585\"},\"breadcrumb\":{\"@id\":\"https:\\\/\\\/quehacerpolitico.mx\\\/?p=14181#breadcrumb\"},\"inLanguage\":\"es\",\"potentialAction\":[{\"@type\":\"ReadAction\",\"target\":[\"https:\\\/\\\/quehacerpolitico.mx\\\/?p=14181\"]}]},{\"@type\":\"ImageObject\",\"inLanguage\":\"es\",\"@id\":\"https:\\\/\\\/quehacerpolitico.mx\\\/?p=14181#primaryimage\",\"url\":\"\",\"contentUrl\":\"\"},{\"@type\":\"BreadcrumbList\",\"@id\":\"https:\\\/\\\/quehacerpolitico.mx\\\/?p=14181#breadcrumb\",\"itemListElement\":[{\"@type\":\"ListItem\",\"position\":1,\"name\":\"Inicio\",\"item\":\"https:\\\/\\\/quehacerpolitico.mx\\\/\"},{\"@type\":\"ListItem\",\"position\":2,\"name\":\"AMLO: Mil agentes que serv\u00edan de guaruras de pol\u00edticos ir\u00e1n ahora a la lucha contra el huachicol\"}]},{\"@type\":\"WebSite\",\"@id\":\"https:\\\/\\\/quehacerpolitico.mx\\\/#website\",\"url\":\"https:\\\/\\\/quehacerpolitico.mx\\\/\",\"name\":\"\",\"description\":\"\",\"potentialAction\":[{\"@type\":\"SearchAction\",\"target\":{\"@type\":\"EntryPoint\",\"urlTemplate\":\"https:\\\/\\\/quehacerpolitico.mx\\\/?s={search_term_string}\"},\"query-input\":{\"@type\":\"PropertyValueSpecification\",\"valueRequired\":true,\"valueName\":\"search_term_string\"}}],\"inLanguage\":\"es\"},{\"@type\":\"Person\",\"@id\":\"https:\\\/\\\/quehacerpolitico.mx\\\/#\\\/schema\\\/person\\\/496d8ad2d1d3f8036101dca7ee39e585\",\"name\":\"Redacci\u00f3n QP\",\"image\":{\"@type\":\"ImageObject\",\"inLanguage\":\"es\",\"@id\":\"https:\\\/\\\/secure.gravatar.com\\\/avatar\\\/c7164ed6fdec453195284ad24a5ae5b6e1eed2b848477fa2a4787ba9adf39a41?s=96&d=mm&r=g\",\"url\":\"https:\\\/\\\/secure.gravatar.com\\\/avatar\\\/c7164ed6fdec453195284ad24a5ae5b6e1eed2b848477fa2a4787ba9adf39a41?s=96&d=mm&r=g\",\"contentUrl\":\"https:\\\/\\\/secure.gravatar.com\\\/avatar\\\/c7164ed6fdec453195284ad24a5ae5b6e1eed2b848477fa2a4787ba9adf39a41?s=96&d=mm&r=g\",\"caption\":\"Redacci\u00f3n QP\"},\"url\":\"https:\\\/\\\/quehacerpolitico.mx\\\/?author=2\"}]}<\/script>\n<!-- \/ Yoast SEO plugin. -->","yoast_head_json":{"title":"AMLO: Mil agentes que serv\u00edan de guaruras de pol\u00edticos ir\u00e1n ahora a la lucha contra el huachicol -","robots":{"index":"index","follow":"follow","max-snippet":"max-snippet:-1","max-image-preview":"max-image-preview:large","max-video-preview":"max-video-preview:-1"},"canonical":"https:\/\/quehacerpolitico.mx\/?p=14181","og_locale":"es_MX","og_type":"article","og_title":"AMLO: Mil agentes que serv\u00edan de guaruras de pol\u00edticos ir\u00e1n ahora a la lucha contra el huachicol -","og_description":"AMLO: Mil agentes que serv\u00edan de guaruras de pol\u00edticos ir\u00e1n ahora a la lucha contra el huachicol Por Redacci\u00f3n QP","og_url":"https:\/\/quehacerpolitico.mx\/?p=14181","article_published_time":"2019-01-14T15:14:19+00:00","author":"Redacci\u00f3n QP","twitter_card":"summary_large_image","twitter_misc":{"Escrito por":"Redacci\u00f3n QP","Tiempo de lectura":"2 minutos"},"schema":{"@context":"https:\/\/schema.org","@graph":[{"@type":"Article","@id":"https:\/\/quehacerpolitico.mx\/?p=14181#article","isPartOf":{"@id":"https:\/\/quehacerpolitico.mx\/?p=14181"},"author":{"name":"Redacci\u00f3n QP","@id":"https:\/\/quehacerpolitico.mx\/#\/schema\/person\/496d8ad2d1d3f8036101dca7ee39e585"},"headline":"AMLO: Mil agentes que serv\u00edan de guaruras de pol\u00edticos ir\u00e1n ahora a la lucha contra el huachicol","datePublished":"2019-01-14T15:14:19+00:00","mainEntityOfPage":{"@id":"https:\/\/quehacerpolitico.mx\/?p=14181"},"wordCount":453,"commentCount":0,"image":{"@id":"https:\/\/quehacerpolitico.mx\/?p=14181#primaryimage"},"thumbnailUrl":"","articleSection":["Noticias"],"inLanguage":"es","potentialAction":[{"@type":"CommentAction","name":"Comment","target":["https:\/\/quehacerpolitico.mx\/?p=14181#respond"]}]},{"@type":"WebPage","@id":"https:\/\/quehacerpolitico.mx\/?p=14181","url":"https:\/\/quehacerpolitico.mx\/?p=14181","name":"AMLO: Mil agentes que serv\u00edan de guaruras de pol\u00edticos ir\u00e1n ahora a la lucha contra el huachicol -","isPartOf":{"@id":"https:\/\/quehacerpolitico.mx\/#website"},"primaryImageOfPage":{"@id":"https:\/\/quehacerpolitico.mx\/?p=14181#primaryimage"},"image":{"@id":"https:\/\/quehacerpolitico.mx\/?p=14181#primaryimage"},"thumbnailUrl":"","datePublished":"2019-01-14T15:14:19+00:00","author":{"@id":"https:\/\/quehacerpolitico.mx\/#\/schema\/person\/496d8ad2d1d3f8036101dca7ee39e585"},"breadcrumb":{"@id":"https:\/\/quehacerpolitico.mx\/?p=14181#breadcrumb"},"inLanguage":"es","potentialAction":[{"@type":"ReadAction","target":["https:\/\/quehacerpolitico.mx\/?p=14181"]}]},{"@type":"ImageObject","inLanguage":"es","@id":"https:\/\/quehacerpolitico.mx\/?p=14181#primaryimage","url":"","contentUrl":""},{"@type":"BreadcrumbList","@id":"https:\/\/quehacerpolitico.mx\/?p=14181#breadcrumb","itemListElement":[{"@type":"ListItem","position":1,"name":"Inicio","item":"https:\/\/quehacerpolitico.mx\/"},{"@type":"ListItem","position":2,"name":"AMLO: Mil agentes que serv\u00edan de guaruras de pol\u00edticos ir\u00e1n ahora a la lucha contra el huachicol"}]},{"@type":"WebSite","@id":"https:\/\/quehacerpolitico.mx\/#website","url":"https:\/\/quehacerpolitico.mx\/","name":"","description":"","potentialAction":[{"@type":"SearchAction","target":{"@type":"EntryPoint","urlTemplate":"https:\/\/quehacerpolitico.mx\/?s={search_term_string}"},"query-input":{"@type":"PropertyValueSpecification","valueRequired":true,"valueName":"search_term_string"}}],"inLanguage":"es"},{"@type":"Person","@id":"https:\/\/quehacerpolitico.mx\/#\/schema\/person\/496d8ad2d1d3f8036101dca7ee39e585","name":"Redacci\u00f3n QP","image":{"@type":"ImageObject","inLanguage":"es","@id":"https:\/\/secure.gravatar.com\/avatar\/c7164ed6fdec453195284ad24a5ae5b6e1eed2b848477fa2a4787ba9adf39a41?s=96&d=mm&r=g","url":"https:\/\/secure.gravatar.com\/avatar\/c7164ed6fdec453195284ad24a5ae5b6e1eed2b848477fa2a4787ba9adf39a41?s=96&d=mm&r=g","contentUrl":"https:\/\/secure.gravatar.com\/avatar\/c7164ed6fdec453195284ad24a5ae5b6e1eed2b848477fa2a4787ba9adf39a41?s=96&d=mm&r=g","caption":"Redacci\u00f3n QP"},"url":"https:\/\/quehacerpolitico.mx\/?author=2"}]}},"featured_image_urls":{"full":"","thumbnail":"","medium":"","medium_large":"","large":"","1536x1536":"","2048x2048":"","covernews-featured":"","covernews-medium":""},"author_info":{"display_name":"Redacci\u00f3n QP","author_link":"https:\/\/quehacerpolitico.mx\/?author=2"},"category_info":"<a href=\"https:\/\/quehacerpolitico.mx\/?cat=2\" rel=\"category\">Noticias<\/a>","tag_info":"Noticias","comment_count":"0","_links":{"self":[{"href":"https:\/\/quehacerpolitico.mx\/index.php?rest_route=\/wp\/v2\/posts\/14181","targetHints":{"allow":["GET"]}}],"collection":[{"href":"https:\/\/quehacerpolitico.mx\/index.php?rest_route=\/wp\/v2\/posts"}],"about":[{"href":"https:\/\/quehacerpolitico.mx\/index.php?rest_route=\/wp\/v2\/types\/post"}],"author":[{"embeddable":true,"href":"https:\/\/quehacerpolitico.mx\/index.php?rest_route=\/wp\/v2\/users\/2"}],"replies":[{"embeddable":true,"href":"https:\/\/quehacerpolitico.mx\/index.php?rest_route=%2Fwp%2Fv2%2Fcomments&post=14181"}],"version-history":[{"count":0,"href":"https:\/\/quehacerpolitico.mx\/index.php?rest_route=\/wp\/v2\/posts\/14181\/revisions"}],"wp:featuredmedia":[{"embeddable":true,"href":"https:\/\/quehacerpolitico.mx\/index.php?rest_route=\/"}],"wp:attachment":[{"href":"https:\/\/quehacerpolitico.mx\/index.php?rest_route=%2Fwp%2Fv2%2Fmedia&parent=14181"}],"wp:term":[{"taxonomy":"category","embeddable":true,"href":"https:\/\/quehacerpolitico.mx\/index.php?rest_route=%2Fwp%2Fv2%2Fcategories&post=14181"},{"taxonomy":"post_tag","embeddable":true,"href":"https:\/\/quehacerpolitico.mx\/index.php?rest_route=%2Fwp%2Fv2%2Ftags&post=14181"}],"curies":[{"name":"wp","href":"https:\/\/api.w.org\/{rel}","templated":true}]}}