{"id":14159,"date":"2019-01-14T03:57:46","date_gmt":"2019-01-14T03:57:46","guid":{"rendered":"http:\/\/quehacerpolitico.mx\/astudillo-tambien-revira-a-quadri-por-su-ofensa-a-pueblos-del-sur-le-copia-documentos-historicos\/"},"modified":"2019-01-14T03:57:46","modified_gmt":"2019-01-14T03:57:46","slug":"astudillo-tambien-revira-a-quadri-por-su-ofensa-a-pueblos-del-sur-le-copia-documentos-historicos","status":"publish","type":"post","link":"https:\/\/quehacerpolitico.mx\/?p=14159","title":{"rendered":"Astudillo tambi\u00e9n revira a Quadri por su ofensa a pueblos del sur; le copia documentos hist\u00f3ricos"},"content":{"rendered":"<h1>Astudillo tambi\u00e9n revira a Quadri por su ofensa a pueblos del sur; le copia documentos hist\u00f3ricos<\/h1>\n<h1>Por Redacci\u00f3n QP<\/h1>\n<p><strong>H\u00e9ctor Astudillo<\/strong>, Gobernador de Guerrero, revir\u00f3 a <strong>Gabriel Quadri<\/strong>,\u00a0ex candidato a la Presidencia de M\u00e9xico, por asegurar que\u00a0si M\u00e9xico \u201cno tuviera que cargar\u201d con\u00a0Guerrero, Oaxaca\u00a0y\u00a0Chiapas, ser\u00eda un pa\u00eds de desarrollo medio y una\u00a0potencia emergente.<\/p>\n<blockquote>\n<p>\u201c.@g_quadri he instruido enviar a usted facs\u00edmiles de Los Sentimientos de la Naci\u00f3n, del Acta de Independencia y de la Abolici\u00f3n de la Esclavitud en M\u00e9xico firmadas Chilpancingo, <strong>documentos<\/strong> que muestran la gran aportaci\u00f3n de Guerrero a nuestro pa\u00eds\u201d, inform\u00f3 el mandatario de la entidad a trav\u00e9s de su cuenta de Twitter.<\/p>\n<\/blockquote>\n<p>Adem\u00e1s de los <strong>documentos hist\u00f3ricos<\/strong>, adjunt\u00f3 fotograf\u00edas sobre los diversos destinos tur\u00edsticos que existen en el estado, en los que se aprecia un n\u00famero considerable de visitantes. Tambi\u00e9n incluy\u00f3 una imagen del asta bandera que se encuentra en Iguala, \u201cmunicipio donde naci\u00f3 este s\u00edmbolo patrio\u201d.<\/p>\n<blockquote class=\"twitter-tweet\" data-width=\"550\" data-dnt=\"true\">\n<p lang=\"es\" dir=\"ltr\">.<a href=\"https:\/\/twitter.com\/g_quadri?ref_src=twsrc%5Etfw\">@g_quadri<\/a> he instruido enviar a usted facs\u00edmiles de Los Sentimientos de la Naci\u00f3n, del Acta de Independencia y de la Abolici\u00f3n de la Esclavitud en M\u00e9xico firmadas Chilpancingo, documentos que muestran la gran aportaci\u00f3n de Guerrero a nuestro pa\u00eds. <a href=\"https:\/\/t.co\/G8AqBYQwAr\">pic.twitter.com\/G8AqBYQwAr<\/a><\/p>\n<p>&mdash; HectorAstudillo (@HectorAstudillo) <a href=\"https:\/\/twitter.com\/HectorAstudillo\/status\/1084519059507552256?ref_src=twsrc%5Etfw\">January 13, 2019<\/a><\/p><\/blockquote>\n<p><script async src=\"https:\/\/platform.twitter.com\/widgets.js\" charset=\"utf-8\"><\/script><\/p>\n<p><strong>Astudillo Flores<\/strong> destac\u00f3 que mand\u00f3 a <strong>Quadri<\/strong>de la Torre una foto de la bandera nacional, la cual consider\u00f3 como una de las m\u00e1s hermosas del mundo y cuya cuna, reiter\u00f3, es Iguala.<\/p>\n<blockquote class=\"twitter-tweet\" data-width=\"550\" data-dnt=\"true\">\n<p lang=\"es\" dir=\"ltr\">He enviado tambi\u00e9n a <a href=\"https:\/\/twitter.com\/g_quadri?ref_src=twsrc%5Etfw\">@g_quadri<\/a> una foto de la bandera nacional, una de las m\u00e1s hermosas del mundo y de la cual su cuna es Iguala de la Independencia. <a href=\"https:\/\/t.co\/HDpRs1gSqk\">pic.twitter.com\/HDpRs1gSqk<\/a><\/p>\n<p>&mdash; HectorAstudillo (@HectorAstudillo) <a href=\"https:\/\/twitter.com\/HectorAstudillo\/status\/1084523762802978816?ref_src=twsrc%5Etfw\">January 13, 2019<\/a><\/p><\/blockquote>\n<p><script async src=\"https:\/\/platform.twitter.com\/widgets.js\" charset=\"utf-8\"><\/script><\/p>\n<p>Posteriormente, el abanderado de Nueva Alianza a la Presidencia en 2012 insisti\u00f3 en la necesidad de explicar por qu\u00e9 Guerrero es una de las entidades m\u00e1s pobres y atrasados del pa\u00eds, en comparaci\u00f3n con \u201cestados exitosos y pujantes\u201d como Aguascalientes, Quer\u00e9taro, Nuevo Le\u00f3n y Guanajuato.<\/p>\n<blockquote>\n<p>\u201cSi nos negamos a saberlo es imposible construir una pol\u00edtica social eficaz\u201d, respondi\u00f3 a <strong>H\u00e9ctor Astudillo<\/strong> en un tuit la tarde de este domingo.<\/p>\n<blockquote class=\"twitter-tweet\" data-width=\"550\" data-dnt=\"true\">\n<p lang=\"es\" dir=\"ltr\">Todo eso Ok. S\u00f3lo hay que explicar por qu\u00e9 Guerrero es uno de los estados m\u00e1s pobres y atrasados del pa\u00eds, frente a estados exitosos y pujantes como Aguascalientes, Quer\u00e9taro, Nuevo Le\u00f3n y Guanajuato. Si nos negamos a saberlo es imposible construir una pol\u00edtica social eficaz&#8230; <a href=\"https:\/\/t.co\/Fh2ilL5urR\">https:\/\/t.co\/Fh2ilL5urR<\/a><\/p>\n<p>&mdash; Gabriel Quadri (@g_quadri) <a href=\"https:\/\/twitter.com\/g_quadri\/status\/1084604537313419264?ref_src=twsrc%5Etfw\">January 14, 2019<\/a><\/p><\/blockquote>\n<p><script async src=\"https:\/\/platform.twitter.com\/widgets.js\" charset=\"utf-8\"><\/script><\/p>\n<p>Asimismo, consider\u00f3 curioso que no se quieran\u00a0identificar las causas y responsabilidades de la pobreza y el atraso de Guerrero, Oaxaca y Chiapas, \u201cy que s\u00f3lo se lance una campa\u00f1a de linchamiento contra el mensajero. Sintom\u00e1tico y ominoso; \u00fanicamente augura la perpetuaci\u00f3n del problema\u2026\u201d.<\/p>\n<p>Desde hace dos d\u00edas, la aseveraci\u00f3n de\u00a0<strong>Gabriel Quadri<\/strong> ha generado decenas de reacciones de mandatarios, periodistas, defensores de derechos humanos y usuarios de redes sociales, quienes le exigen una\u00a0<strong>disculpa<\/strong>\u00a0y lo califican de segregacionista.<\/p>\n<blockquote>\n<p>\u201cSi M\u00e9xico no tuviera que cargar con\u00a0<strong>Guerrero, Oaxaca y Chiapas<\/strong>, ser\u00eda un pa\u00eds de desarrollo medio y potencia emergente\u201d,\u00a0escribi\u00f3 en su cuenta de Twitter el acad\u00e9mico de la Universidad Iberoamericana.<\/p>\n<blockquote class=\"twitter-tweet\" data-width=\"550\" data-dnt=\"true\">\n<p lang=\"es\" dir=\"ltr\">Si M\u00e9xico no tuviera que cargar con Guerrero, Oaxaca y Chiapas, ser\u00eda un pa\u00eds de desarrollo medio y potencia emergente&#8230;<\/p>\n<p>&mdash; Gabriel Quadri (@g_quadri) <a href=\"https:\/\/twitter.com\/g_quadri\/status\/1083910552177512449?ref_src=twsrc%5Etfw\">January 12, 2019<\/a><\/p><\/blockquote>\n<p><script async src=\"https:\/\/platform.twitter.com\/widgets.js\" charset=\"utf-8\"><\/script><\/p>\n<p>El Gobernador de Oaxaca, Alejandro Murat, le exigi\u00f3 al ex pol\u00edtico afiliado a Nueva Alianza una disculpa p\u00fablica para todas y todos los oaxaque\u00f1os;\u00a0en la red social opin\u00f3 que su comentario fue \u201cinaceptable y ofensivo\u201d para la entidad.<\/p>\n<blockquote class=\"twitter-tweet\" data-width=\"550\" data-dnt=\"true\">\n<p lang=\"es\" dir=\"ltr\">Inaceptable y ofensivo su comentario para Oaxaca. Le exijo una disculpa p\u00fablica a todas y todos los oaxaque\u00f1os.<a href=\"https:\/\/twitter.com\/g_quadri?ref_src=twsrc%5Etfw\">@g_quadri<\/a><\/p>\n<p>&mdash; Alejandro Murat (@alejandromurat) <a href=\"https:\/\/twitter.com\/alejandromurat\/status\/1083954031591079936?ref_src=twsrc%5Etfw\">January 12, 2019<\/a><\/p><\/blockquote>\n<p><script async src=\"https:\/\/platform.twitter.com\/widgets.js\" charset=\"utf-8\"><\/script><\/p>\n<p>M\u00e1s tarde, Quadri\u00a0asegur\u00f3 que los \u201cmalos\u00a0gobiernos\u201d y los responsables de las \u201cinstituciones improductivas\u201d son quienes deben pedir una\u00a0disculpa\u00a0y no \u00e9l porque, seg\u00fan dijo, son quienes han convertido a dichas entidades en las m\u00e1s pobres y atrasadas de la Rep\u00fablica.<\/p>\n<blockquote class=\"twitter-tweet\" data-width=\"550\" data-dnt=\"true\">\n<p lang=\"es\" dir=\"ltr\">Perd\u00f3n, pero la disculpa deben de darla malos gobiernos y los responsables de  instituciones improductivas que han hecho de Guerrero, Oaxaca y Chiapas los estados m\u00e1s pobres y atrasados de M\u00e9xico&#8230; <a href=\"https:\/\/t.co\/mgSQ4m6PYW\">https:\/\/t.co\/mgSQ4m6PYW<\/a><\/p>\n<p>&mdash; Gabriel Quadri (@g_quadri) <a href=\"https:\/\/twitter.com\/g_quadri\/status\/1084154290787229702?ref_src=twsrc%5Etfw\">January 12, 2019<\/a><\/p><\/blockquote>\n<p><script async src=\"https:\/\/platform.twitter.com\/widgets.js\" charset=\"utf-8\"><\/script><\/p>\n<p><strong>QUADRI, CENTRO DE CR\u00cdTICAS<\/strong><\/p>\n<p>El periodista Julio Hern\u00e1ndez L\u00f3pez, conocido como Julio Astillero, tambi\u00e9n pidi\u00f3 una disculpa con el hashtag\u00a0#QueSeDisculpeQuadri. \u201cSi M\u00e9xico no tuviera que cargar con politicastros como\u00a0<strong>Quadri<\/strong>\u00a0ser\u00eda un mejor pa\u00eds\u201d, expuso.<\/p>\n<blockquote class=\"twitter-tweet\" data-width=\"550\" data-dnt=\"true\">\n<p lang=\"es\" dir=\"ltr\">Si M\u00e9xico no tuviera que cargar con politicastros como <a href=\"https:\/\/twitter.com\/g_quadri?ref_src=twsrc%5Etfw\">@g_quadri<\/a> ser\u00eda un mejor pa\u00eds. <a href=\"https:\/\/twitter.com\/hashtag\/QueSeDisculpeQuadri?src=hash&amp;ref_src=twsrc%5Etfw\">#QueSeDisculpeQuadri<\/a> <a href=\"https:\/\/t.co\/OlYGq7uvtv\">https:\/\/t.co\/OlYGq7uvtv<\/a><\/p>\n<p>&mdash; Julio Astillero (@julioastillero) <a href=\"https:\/\/twitter.com\/julioastillero\/status\/1084079537330241538?ref_src=twsrc%5Etfw\">January 12, 2019<\/a><\/p><\/blockquote>\n<p><script async src=\"https:\/\/platform.twitter.com\/widgets.js\" charset=\"utf-8\"><\/script><\/p>\n<p>El ex Senador\u00a0Javier Lozano Alarc\u00f3n\u00a0dijo estar decepcionado, pues consideraba a\u00a0Quadri\u00a0como alguien\u00a0inteligente y respetable, adem\u00e1s, critic\u00f3 su falta de solidaridad.<\/p>\n<blockquote class=\"twitter-tweet\" data-width=\"550\" data-dnt=\"true\">\n<p lang=\"es\" dir=\"ltr\">No puedo creer este comentario. Sobre todo viniendo de alguien a quien considero inteligente y respetable. No hay nada m\u00e1s miserable que la falta de solidaridad para quienes menos tienen y que, con mucho esfuerzo, tratan de salir adelante. Ojal\u00e1 te disculpes pronto, Quadri. <a href=\"https:\/\/t.co\/miZwx9Extc\">https:\/\/t.co\/miZwx9Extc<\/a><\/p>\n<p>&mdash; \ud835\udc09\ud835\udc1a\ud835\udc2f\ud835\udc22\ud835\udc1e\ud835\udc2b \ud835\udc0b\ud835\udc28\ud835\udc33\ud835\udc1a\ud835\udc27\ud835\udc28 \ud835\udc00. (@JLozanoA) <a href=\"https:\/\/twitter.com\/JLozanoA\/status\/1083925994052947974?ref_src=twsrc%5Etfw\">January 12, 2019<\/a><\/p><\/blockquote>\n<p><script async src=\"https:\/\/platform.twitter.com\/widgets.js\" charset=\"utf-8\"><\/script><\/p>\n<p>\u201cNo puedo creer este comentario. Sobre todo viniendo de alguien a quien considero inteligente y respetable. No hay nada m\u00e1s miserable que la falta de solidaridad para quienes menos tienen y que, con mucho esfuerzo, tratan de salir adelante. Ojal\u00e1 te disculpes pronto,\u00a0Quadri\u201d, se\u00f1al\u00f3.<\/p>\n<blockquote class=\"twitter-tweet\" data-width=\"550\" data-dnt=\"true\">\n<p lang=\"es\" dir=\"ltr\">Me sumo al llamado del Gobernador <a href=\"https:\/\/twitter.com\/alejandromurat?ref_src=twsrc%5Etfw\">@alejandromurat<\/a>, los oaxaque\u00f1os as\u00ed como nuestros hermanos de <a href=\"https:\/\/twitter.com\/hashtag\/Chiapas?src=hash&amp;ref_src=twsrc%5Etfw\">#Chiapas<\/a> y <a href=\"https:\/\/twitter.com\/hashtag\/Guerrero?src=hash&amp;ref_src=twsrc%5Etfw\">#Guerrero<\/a> exigimos una disculpa p\u00fablica. Su irresponsable comentario solamente refleja un inmenso desconocimiento de la grandeza de nuestra patria. <a href=\"https:\/\/t.co\/egCLooxTmV\">https:\/\/t.co\/egCLooxTmV<\/a><\/p>\n<p>&mdash; Ra\u00fal Bola\u00f1os-Cacho Cu\u00e9 (@RaulBCCue) <a href=\"https:\/\/twitter.com\/RaulBCCue\/status\/1084079042603765761?ref_src=twsrc%5Etfw\">January 12, 2019<\/a><\/p><\/blockquote>\n<p><script async src=\"https:\/\/platform.twitter.com\/widgets.js\" charset=\"utf-8\"><\/script><\/p>\n<p>El Senador por Oaxaca y Coordinador del Grupo Parlamentario del Partido Verde Ecologista de M\u00e9xico,\u00a0Ra\u00fal Bola\u00f1os-Cacho Cu\u00e9, se sum\u00f3 al llamado del Gobernador Murat, extern\u00f3 su apoyo a la ciudadan\u00eda de Chiapas y Guerrero y asegur\u00f3 que el comentario de\u00a0Gabriel Quadri \u201csolamente refleja un inmenso desconocimiento de la grandeza de nuestra patria\u201d.<\/p>\n<blockquote class=\"twitter-tweet\" data-width=\"550\" data-dnt=\"true\">\n<p lang=\"es\" dir=\"ltr\">\u00a1Con nuestra patria no! <a href=\"https:\/\/twitter.com\/g_quadri?ref_src=twsrc%5Etfw\">@g_quadri<\/a> <a href=\"https:\/\/t.co\/LiAPCxgEb9\">pic.twitter.com\/LiAPCxgEb9<\/a><\/p>\n<p>&mdash; MTRO. GERM\u00c1N SIMANCAS (@German_Simancas) <a href=\"https:\/\/twitter.com\/German_Simancas\/status\/1084092390787477505?ref_src=twsrc%5Etfw\">January 12, 2019<\/a><\/p><\/blockquote>\n<p><script async src=\"https:\/\/platform.twitter.com\/widgets.js\" charset=\"utf-8\"><\/script><\/p>\n<p>En ese sentido tambi\u00e9n se pronunci\u00f3 el\u00a0coordinador de la Red de J\u00f3venes del Partido Revolucionario Institucional (PRI) en Oaxaca, Germ\u00e1n Simancas, quien destac\u00f3 la amabilidad de las y los oaxaque\u00f1os y pidi\u00f3 no confundir ese y otros atributos con debilidad. \u201cLos oaxaque\u00f1os somos amables, hospitalarios, alegres, respetuoso y con un enero sentido de pertenencia, NO confundan eso nunca con debilidad, si tocan a nuestra tierra, \u00a1Nos tocan a todos!\u201d, dijo.<\/p>\n<blockquote class=\"twitter-tweet\" data-width=\"550\" data-dnt=\"true\">\n<p lang=\"es\" dir=\"ltr\">Es obvio que los contratos de consultoria a los amigos eran una carga que le imped\u00eda al Gobierno ser mejor Gobierno.<\/p>\n<p>Tambi\u00e9n es obvio que sin los Estados que dices M\u00e9xico no ser\u00eda M\u00e9xico.<\/p>\n<p>Yo no apoyar\u00eda la idea de dejar de &#39;cargar&#39; a nadie, aunque todos los d\u00edas hagan m\u00e9ritos.<\/p>\n<p>&mdash; Jes\u00fas Robles Maloof (@roblesmaloof) <a href=\"https:\/\/twitter.com\/roblesmaloof\/status\/1083963396234436609?ref_src=twsrc%5Etfw\">January 12, 2019<\/a><\/p><\/blockquote>\n<p><script async src=\"https:\/\/platform.twitter.com\/widgets.js\" charset=\"utf-8\"><\/script><\/p>\n<p>Por su parte, el defensor de los derechos humanos Jes\u00fas Robles Maloof recalc\u00f3 que sin\u00a0Guerrero, Oaxaca y Chiapas, \u201cM\u00e9xico no ser\u00eda M\u00e9xico\u201d.<\/p>\n<p>Robles Maloof escribi\u00f3 en Twitter: \u201cEs obvio que los contratos de consultor\u00eda a los amigos eran una carga que le imped\u00eda al Gobierno ser mejor Gobierno. Tambi\u00e9n es obvio que sin los Estados que dices M\u00e9xico no ser\u00eda M\u00e9xico. Yo no apoyar\u00eda la idea de dejar de \u2018cargar\u2019 a nadie, aunque todos los d\u00edas hagan m\u00e9ritos\u201d.<\/p>\n<blockquote class=\"twitter-tweet\" data-width=\"550\" data-dnt=\"true\">\n<p lang=\"es\" dir=\"ltr\">M\u00e9xico no deber\u00eda cargar con mentalidades tan  estupidas como la de <a href=\"https:\/\/twitter.com\/g_quadri?ref_src=twsrc%5Etfw\">@g_quadri<\/a><\/p>\n<p>&mdash; Iv\u00e1n Terrazas (@elivanterrazas) <a href=\"https:\/\/twitter.com\/elivanterrazas\/status\/1083963779086467072?ref_src=twsrc%5Etfw\">January 12, 2019<\/a><\/p><\/blockquote>\n<p><script async src=\"https:\/\/platform.twitter.com\/widgets.js\" charset=\"utf-8\"><\/script><\/p>\n<p><span class=\"s1\">\u201cM\u00e9xico<\/span><span class=\"s2\">\u00a0no deber\u00eda cargar con mentalidades tan est\u00fapidas como la de Quadri\u201d, consider\u00f3 el\u00a0<\/span><span class=\"s3\">Jugador de B\u00e9isbol Profesional\u00a0de los Diablos Rojos Iv\u00e1n Terrazas.<\/span><\/p>\n<blockquote class=\"twitter-tweet\" data-width=\"550\" data-dnt=\"true\">\n<p lang=\"es\" dir=\"ltr\">Si Gabriel no tuviera que cargar con Quadri, ser\u00eda un cerebro en desarrollo medio. <a href=\"https:\/\/t.co\/HtkjiZVLhZ\">https:\/\/t.co\/HtkjiZVLhZ<\/a><\/p>\n<p>&mdash; \ud835\udd17\ud835\udd2f\ud835\udd36\ud835\udd2b\ud835\udd2c \ud835\udd10\ud835\udd1e\ud835\udd29\ud835\udd21\ud835\udd2c\ud835\udd2b\ud835\udd1e\ud835\udd21\ud835\udd2c (@tryno) <a href=\"https:\/\/twitter.com\/tryno\/status\/1083952406084313094?ref_src=twsrc%5Etfw\">January 12, 2019<\/a><\/p><\/blockquote>\n<p><script async src=\"https:\/\/platform.twitter.com\/widgets.js\" charset=\"utf-8\"><\/script><\/p>\n<p>El escritor\u00a0Tryno Maldonado cuestion\u00f3 la inteligencia de<strong>\u00a0Quadri de la Torre:<\/strong>\u201cSi Gabriel no tuviera que cargar con Quadri, ser\u00eda un cerebro en desarrollo medio\u201d.<\/p>\n<blockquote class=\"twitter-tweet\" data-width=\"550\" data-dnt=\"true\">\n<p lang=\"es\" dir=\"ltr\">A <a href=\"https:\/\/twitter.com\/g_quadri?ref_src=twsrc%5Etfw\">@g_quadri<\/a> le gusta llamar la atenci\u00f3n y ser tema p\u00fablico le tiene contento. Tiene una ventaja: la desgracia de su comentario no puede pasarse por alto porque refleja con toda claridad parte de nuestras limitaciones como pa\u00eds. <a href=\"https:\/\/t.co\/7p86T5KsKq\">https:\/\/t.co\/7p86T5KsKq<\/a><\/p>\n<p>&mdash; Marco Levario Turcott (@Arouet_V) <a href=\"https:\/\/twitter.com\/Arouet_V\/status\/1084078235166670849?ref_src=twsrc%5Etfw\">January 12, 2019<\/a><\/p><\/blockquote>\n<p><script async src=\"https:\/\/platform.twitter.com\/widgets.js\" charset=\"utf-8\"><\/script><\/p>\n<p>Mientras que\u00a0Marco Levario Turcott, director de la revista\u00a0<em>Etc\u00e9tera<\/em>\u00a0asegur\u00f3 que al tambi\u00e9n ingeniero civil \u201cle gusta llamar la atenci\u00f3n\u201d y opin\u00f3 que tiene una ventaja: \u201cla desgracia de su comentario no puede pasarse por alto porque refleja con toda claridad parte de nuestras limitaciones como pa\u00eds\u201d.<\/p>\n<div id=\"attachment_3522220\" class=\"wp-caption alignnone\"><img loading=\"lazy\" decoding=\"async\" class=\"size-full wp-image-3522220\" src=\"https:\/\/www.sinembargo.mx\/wp-content\/uploads\/2019\/01\/infonavit_politica_urbana-1.jpg\" sizes=\"auto, (max-width: 700px) 100vw, 700px\" srcset=\"https:\/\/www.sinembargo.mx\/wp-content\/uploads\/2019\/01\/infonavit_politica_urbana-1.jpg 700w, https:\/\/www.sinembargo.mx\/wp-content\/uploads\/2019\/01\/infonavit_politica_urbana-1-300x200.jpg 300w\" alt=\"\" width=\"700\" height=\"467\" \/><\/p>\n<p class=\"wp-caption-text\">En 2015, Gabriel Quadri, ex candidato presidencial, durante la presentaci\u00f3n del estudio \u201cResultados del estudio de Pol\u00edtica Urbana nacional de la OCDE\u201d en el auditorio del Infonavit. Foto: Mois\u00e9s Pablo, Cuartoscuro<\/p>\n<\/div>\n<p><strong>EN REDES, PIDEN A LA IBERO LA EXPULSI\u00d3N DE QUADRI\u00a0<\/strong><\/p>\n<div>\n<p>Usuarios de redes sociales env\u00edan mensajes a la\u00a0Universidad Iberoamericana\u00a0para pedir\u00a0la expulsi\u00f3n de Gabriel Quadri de la Torre\u00a0de su lista de maestros.<\/p>\n<blockquote>\n<p>\u201c\u00bfCon est\u00e1 mentalidad es profesor en la Ibero?\u00a0Abusados los que toman\u00a0clase con este, carajo\u201d, escribi\u00f3 un egresado de la\u00a0Universidad Nacional Aut\u00f3noma de M\u00e9xico (UNAM).<\/p>\n<\/blockquote>\n<p>\u201cUn representante de uno de los peores flagelos de este pa\u00eds corrupci\u00f3n, \u00bfen esa instituci\u00f3n?\u201d, cuestion\u00f3 otro.<\/p>\n<p>Entre los mensajes, el ex candidato a la Presidencia de M\u00e9xico fue calificado como \u201cfascista\u201d y \u201cbalcanizador\u201d.<\/p>\n<blockquote>\n<p>\u201cSoliciten respetuosamente la expulsi\u00f3n de Quadri por sus declaraciones ofensivas, repugnantes y balcanizadoras\u201d, a\u00f1adi\u00f3 otro usuario en Twitter.<\/p>\n<\/blockquote>\n<p>\u201cTodo acad\u00e9mico tiene el deber de impulsar la cultura y el conocimiento conforme a valores nacionales e internacionales, favoreciendo el bien com\u00fan y el progreso de la humanidad. Ninguna universidad debe permitir ese tipo de acad\u00e9micos mezquinos\u201d, escribi\u00f3 uno m\u00e1s.<\/p>\n<p>Quadri contest\u00f3 a los mensajes que se difundieron en redes:<\/p>\n<blockquote>\n<p>\u201cLo importante de esta peque\u00f1a tormenta tuitera ser\u00eda analizar y discutir las causas institucionales, pol\u00edticas y culturales de la pobreza y el atraso de Guerrero, Oaxaca y Chiapas; as\u00ed como el contraste con estados exitosos como Quer\u00e9taro, Aguascalientes, Nuevo Le\u00f3n y Guanajuato\u201d.<\/p>\n<\/blockquote>\n<div id=\"attachment_3522221\" class=\"wp-caption alignnone\"><img loading=\"lazy\" decoding=\"async\" class=\"size-full wp-image-3522221\" src=\"https:\/\/www.sinembargo.mx\/wp-content\/uploads\/2019\/01\/conferencia_beisbol-2.jpg\" sizes=\"auto, (max-width: 700px) 100vw, 700px\" srcset=\"https:\/\/www.sinembargo.mx\/wp-content\/uploads\/2019\/01\/conferencia_beisbol-2.jpg 700w, https:\/\/www.sinembargo.mx\/wp-content\/uploads\/2019\/01\/conferencia_beisbol-2-300x199.jpg 300w\" alt=\"\" width=\"700\" height=\"465\" \/><\/p>\n<p class=\"wp-caption-text\">El empresario Alfredo Harp Hel\u00fa durante una conferencia de prensa en 2016. Foto: Diego Sim\u00f3n Sanchez, Cuartoscuro<\/p>\n<\/div>\n<p><strong>ALFREDO HARP RECLAMA A QUADRI<\/strong><\/p>\n<p>El empresario\u00a0Alfredo Harpdijo que\u00a0Gabriel Quadri de la Torre,\u00a0ex candidato a la Presidencia de M\u00e9xico, no tiene idea de lo que\u00a0son Guerrero, Chiapas y Oaxaca.<\/p>\n<p>\u201cNo tiene idea\u00a0del potencial humano, cultural y natural de\u00a0Oaxaca, Guerrero y Chiapas. Engrandecen a\u00a0M\u00e9xico y a la humanidad\u201d, escribi\u00f3 en Twitter.<\/p>\n<blockquote>\n<p>\u201cApreciado Alfredo: nadie pone en duda la riqueza cultural y natural de Oaxaca, Guerrero y Chiapas. Pero debe discutirse con seriedad el contexto institucional y pol\u00edtico que explica la pobreza y el atraso. M\u00e1s all\u00e1 de tab\u00faes y de in\u00fatil correcci\u00f3n pol\u00edtica\u2026\u201d, contest\u00f3 Gabriel Quadri.<\/p>\n<div>\n<p>Ind\u00edgenas del sur del pa\u00eds exigieron que Gabriel Quadri se disculpe de rodillas por el acto de discriminaci\u00f3n que protagoniz\u00f3.<\/p>\n<p>\u201cQueremos mandar este mensaje al se\u00f1or Gabriel Quadri, un persona que dice ser conocedor de muchas cosas, pero desafortunadamente es un personaje de pocos valores\u201d, dijo\u00a0Gabriel, de Chiapas.<\/p>\n<blockquote>\n<p>\u201cLos pueblos del estado de Guerrero, Oaxaca y Chiapas estamos indignados ante este mensaje de este se\u00f1or, Gabriel Quadri. Como defensores comunitarios, estamos analizando las estrategias jur\u00eddicas para proceder en contra del mensaje que dio contra los estados. La discriminaci\u00f3n persiste. En los pr\u00f3ximos d\u00edas presentaremos recursos en los que denunciaremos la discriminaci\u00f3n\u201d, se\u00f1al\u00f3\u00a0Manuel, de Guerrero.<\/p>\n<\/blockquote>\n<p>\u201cHemos amanecido con una noticia discriminatoria. Quadri insulta a M\u00e9xico. Nos sentimos ofendidos porque nuestra naci\u00f3n no puede entenderse sin las aportaciones de Oaxaca, Guerrero y Chiapas\u201d, a\u00f1adi\u00f3 otro hombre, quien se identific\u00f3 como Marcos Mat\u00edas.<\/p>\n<div id=\"attachment_3522222\" class=\"wp-caption alignnone\"><img loading=\"lazy\" decoding=\"async\" class=\"size-full wp-image-3522222\" src=\"https:\/\/www.sinembargo.mx\/wp-content\/uploads\/2019\/01\/reunio769n_diputados_morena-12.jpg\" sizes=\"auto, (max-width: 700px) 100vw, 700px\" srcset=\"https:\/\/www.sinembargo.mx\/wp-content\/uploads\/2019\/01\/reunio769n_diputados_morena-12.jpg 700w, https:\/\/www.sinembargo.mx\/wp-content\/uploads\/2019\/01\/reunio769n_diputados_morena-12-300x200.jpg 300w\" alt=\"\" width=\"700\" height=\"467\" \/><\/p>\n<p class=\"wp-caption-text\">Yeidckol Polevnsky, dirigente nacional de Morena. Foto: Galo Ca\u00f1as, Cuartoscuro<\/p>\n<\/div>\n<\/div>\n<p><strong>YEIDCKOL POLEVNSKY ARREMETE CONTRA QUADRI<\/strong><\/p>\n<p>La presidenta nacional de Movimiento de Regeneraci\u00f3n Nacional (Morena),\u00a0Yeidckol Polevnsky, asegur\u00f3 que el ex candidato presidencial por Nueva Alianza,\u00a0Gabriel Quadri, es un \u201cambicioso, vulgar, corrupto y farsante\u201d, y que sin gente como \u00e9l, M\u00e9xico \u201cser\u00eda mucho mejor\u201d.<\/p>\n<p>Lo anterior en respuesta de las declaraciones que Quadri public\u00f3 en su cuenta de Twitter donde asegur\u00f3 que si M\u00e9xico no tuviera que \u201ccargar\u201d con Guerrero, Oaxaca y Chiapas, el pa\u00eds tendr\u00eda mayor desarrollo y alcanzar\u00eda a ser una potencia emergente.<\/p>\n<blockquote>\n<p>\u201cUn personaje de tan baja calamidad que puede decir las estupideces que pueda decir, Quadri no me merece mi atenci\u00f3n para perder el tiempo con \u00e9l. Este pa\u00eds ser\u00eda mucho m\u00e1s rico sin gente descerebrada como \u00e9l, ambicioso, vulgar y corrupto\u201d, declar\u00f3 a pregunta expresa de una periodista durante un evento p\u00fablico.<\/p>\n<\/blockquote>\n<p>Polevnsky asegur\u00f3 que Quadri de la Torre fue un \u201cfarsante\u201d cuando contend\u00eda a la Presidencia de la Rep\u00fablica, pues dijo que se transportaba en coches de lujo y cuando llegaba la elecci\u00f3n se sub\u00eda a una combi \u201cpara enga\u00f1ar a la gente\u201d.<\/p>\n<\/blockquote>\n<\/div>\n<\/blockquote>\n<\/blockquote>\n","protected":false},"excerpt":{"rendered":"<p>Astudillo tambi\u00e9n revira a Quadri por su ofensa a pueblos del sur; le copia documentos hist\u00f3ricos<br \/>\nPor Redacci\u00f3n QP<\/p>\n","protected":false},"author":2,"featured_media":14158,"comment_status":"open","ping_status":"open","sticky":false,"template":"","format":"standard","meta":{"_monsterinsights_skip_tracking":false,"_monsterinsights_sitenote_active":false,"_monsterinsights_sitenote_note":"","_monsterinsights_sitenote_category":0,"footnotes":""},"categories":[2],"tags":[],"class_list":["post-14159","post","type-post","status-publish","format-standard","has-post-thumbnail","hentry","category-noticias"],"yoast_head":"<!-- This site is optimized with the Yoast SEO plugin v27.3 - https:\/\/yoast.com\/product\/yoast-seo-wordpress\/ -->\n<title>Astudillo tambi\u00e9n revira a Quadri por su ofensa a pueblos del sur; le copia documentos hist\u00f3ricos -<\/title>\n<meta name=\"robots\" content=\"index, follow, max-snippet:-1, max-image-preview:large, max-video-preview:-1\" \/>\n<link rel=\"canonical\" href=\"https:\/\/quehacerpolitico.mx\/?p=14159\" \/>\n<meta property=\"og:locale\" content=\"es_MX\" \/>\n<meta property=\"og:type\" content=\"article\" \/>\n<meta property=\"og:title\" content=\"Astudillo tambi\u00e9n revira a Quadri por su ofensa a pueblos del sur; le copia documentos hist\u00f3ricos -\" \/>\n<meta property=\"og:description\" content=\"Astudillo tambi\u00e9n revira a Quadri por su ofensa a pueblos del sur; le copia documentos hist\u00f3ricos Por Redacci\u00f3n QP\" \/>\n<meta property=\"og:url\" content=\"https:\/\/quehacerpolitico.mx\/?p=14159\" \/>\n<meta property=\"article:published_time\" content=\"2019-01-14T03:57:46+00:00\" \/>\n<meta name=\"author\" content=\"Redacci\u00f3n QP\" \/>\n<meta name=\"twitter:card\" content=\"summary_large_image\" \/>\n<meta name=\"twitter:label1\" content=\"Escrito por\" \/>\n\t<meta name=\"twitter:data1\" content=\"Redacci\u00f3n QP\" \/>\n\t<meta name=\"twitter:label2\" content=\"Tiempo de lectura\" \/>\n\t<meta name=\"twitter:data2\" content=\"9 minutos\" \/>\n<script type=\"application\/ld+json\" class=\"yoast-schema-graph\">{\"@context\":\"https:\\\/\\\/schema.org\",\"@graph\":[{\"@type\":\"Article\",\"@id\":\"https:\\\/\\\/quehacerpolitico.mx\\\/?p=14159#article\",\"isPartOf\":{\"@id\":\"https:\\\/\\\/quehacerpolitico.mx\\\/?p=14159\"},\"author\":{\"name\":\"Redacci\u00f3n QP\",\"@id\":\"https:\\\/\\\/quehacerpolitico.mx\\\/#\\\/schema\\\/person\\\/496d8ad2d1d3f8036101dca7ee39e585\"},\"headline\":\"Astudillo tambi\u00e9n revira a Quadri por su ofensa a pueblos del sur; le copia documentos hist\u00f3ricos\",\"datePublished\":\"2019-01-14T03:57:46+00:00\",\"mainEntityOfPage\":{\"@id\":\"https:\\\/\\\/quehacerpolitico.mx\\\/?p=14159\"},\"wordCount\":1804,\"commentCount\":0,\"image\":{\"@id\":\"https:\\\/\\\/quehacerpolitico.mx\\\/?p=14159#primaryimage\"},\"thumbnailUrl\":\"\",\"articleSection\":[\"Noticias\"],\"inLanguage\":\"es\",\"potentialAction\":[{\"@type\":\"CommentAction\",\"name\":\"Comment\",\"target\":[\"https:\\\/\\\/quehacerpolitico.mx\\\/?p=14159#respond\"]}]},{\"@type\":\"WebPage\",\"@id\":\"https:\\\/\\\/quehacerpolitico.mx\\\/?p=14159\",\"url\":\"https:\\\/\\\/quehacerpolitico.mx\\\/?p=14159\",\"name\":\"Astudillo tambi\u00e9n revira a Quadri por su ofensa a pueblos del sur; le copia documentos hist\u00f3ricos -\",\"isPartOf\":{\"@id\":\"https:\\\/\\\/quehacerpolitico.mx\\\/#website\"},\"primaryImageOfPage\":{\"@id\":\"https:\\\/\\\/quehacerpolitico.mx\\\/?p=14159#primaryimage\"},\"image\":{\"@id\":\"https:\\\/\\\/quehacerpolitico.mx\\\/?p=14159#primaryimage\"},\"thumbnailUrl\":\"\",\"datePublished\":\"2019-01-14T03:57:46+00:00\",\"author\":{\"@id\":\"https:\\\/\\\/quehacerpolitico.mx\\\/#\\\/schema\\\/person\\\/496d8ad2d1d3f8036101dca7ee39e585\"},\"breadcrumb\":{\"@id\":\"https:\\\/\\\/quehacerpolitico.mx\\\/?p=14159#breadcrumb\"},\"inLanguage\":\"es\",\"potentialAction\":[{\"@type\":\"ReadAction\",\"target\":[\"https:\\\/\\\/quehacerpolitico.mx\\\/?p=14159\"]}]},{\"@type\":\"ImageObject\",\"inLanguage\":\"es\",\"@id\":\"https:\\\/\\\/quehacerpolitico.mx\\\/?p=14159#primaryimage\",\"url\":\"\",\"contentUrl\":\"\"},{\"@type\":\"BreadcrumbList\",\"@id\":\"https:\\\/\\\/quehacerpolitico.mx\\\/?p=14159#breadcrumb\",\"itemListElement\":[{\"@type\":\"ListItem\",\"position\":1,\"name\":\"Inicio\",\"item\":\"https:\\\/\\\/quehacerpolitico.mx\\\/\"},{\"@type\":\"ListItem\",\"position\":2,\"name\":\"Astudillo tambi\u00e9n revira a Quadri por su ofensa a pueblos del sur; le copia documentos hist\u00f3ricos\"}]},{\"@type\":\"WebSite\",\"@id\":\"https:\\\/\\\/quehacerpolitico.mx\\\/#website\",\"url\":\"https:\\\/\\\/quehacerpolitico.mx\\\/\",\"name\":\"\",\"description\":\"\",\"potentialAction\":[{\"@type\":\"SearchAction\",\"target\":{\"@type\":\"EntryPoint\",\"urlTemplate\":\"https:\\\/\\\/quehacerpolitico.mx\\\/?s={search_term_string}\"},\"query-input\":{\"@type\":\"PropertyValueSpecification\",\"valueRequired\":true,\"valueName\":\"search_term_string\"}}],\"inLanguage\":\"es\"},{\"@type\":\"Person\",\"@id\":\"https:\\\/\\\/quehacerpolitico.mx\\\/#\\\/schema\\\/person\\\/496d8ad2d1d3f8036101dca7ee39e585\",\"name\":\"Redacci\u00f3n QP\",\"image\":{\"@type\":\"ImageObject\",\"inLanguage\":\"es\",\"@id\":\"https:\\\/\\\/secure.gravatar.com\\\/avatar\\\/c7164ed6fdec453195284ad24a5ae5b6e1eed2b848477fa2a4787ba9adf39a41?s=96&d=mm&r=g\",\"url\":\"https:\\\/\\\/secure.gravatar.com\\\/avatar\\\/c7164ed6fdec453195284ad24a5ae5b6e1eed2b848477fa2a4787ba9adf39a41?s=96&d=mm&r=g\",\"contentUrl\":\"https:\\\/\\\/secure.gravatar.com\\\/avatar\\\/c7164ed6fdec453195284ad24a5ae5b6e1eed2b848477fa2a4787ba9adf39a41?s=96&d=mm&r=g\",\"caption\":\"Redacci\u00f3n QP\"},\"url\":\"https:\\\/\\\/quehacerpolitico.mx\\\/?author=2\"}]}<\/script>\n<!-- \/ Yoast SEO plugin. -->","yoast_head_json":{"title":"Astudillo tambi\u00e9n revira a Quadri por su ofensa a pueblos del sur; le copia documentos hist\u00f3ricos -","robots":{"index":"index","follow":"follow","max-snippet":"max-snippet:-1","max-image-preview":"max-image-preview:large","max-video-preview":"max-video-preview:-1"},"canonical":"https:\/\/quehacerpolitico.mx\/?p=14159","og_locale":"es_MX","og_type":"article","og_title":"Astudillo tambi\u00e9n revira a Quadri por su ofensa a pueblos del sur; le copia documentos hist\u00f3ricos -","og_description":"Astudillo tambi\u00e9n revira a Quadri por su ofensa a pueblos del sur; le copia documentos hist\u00f3ricos Por Redacci\u00f3n QP","og_url":"https:\/\/quehacerpolitico.mx\/?p=14159","article_published_time":"2019-01-14T03:57:46+00:00","author":"Redacci\u00f3n QP","twitter_card":"summary_large_image","twitter_misc":{"Escrito por":"Redacci\u00f3n QP","Tiempo de lectura":"9 minutos"},"schema":{"@context":"https:\/\/schema.org","@graph":[{"@type":"Article","@id":"https:\/\/quehacerpolitico.mx\/?p=14159#article","isPartOf":{"@id":"https:\/\/quehacerpolitico.mx\/?p=14159"},"author":{"name":"Redacci\u00f3n QP","@id":"https:\/\/quehacerpolitico.mx\/#\/schema\/person\/496d8ad2d1d3f8036101dca7ee39e585"},"headline":"Astudillo tambi\u00e9n revira a Quadri por su ofensa a pueblos del sur; le copia documentos hist\u00f3ricos","datePublished":"2019-01-14T03:57:46+00:00","mainEntityOfPage":{"@id":"https:\/\/quehacerpolitico.mx\/?p=14159"},"wordCount":1804,"commentCount":0,"image":{"@id":"https:\/\/quehacerpolitico.mx\/?p=14159#primaryimage"},"thumbnailUrl":"","articleSection":["Noticias"],"inLanguage":"es","potentialAction":[{"@type":"CommentAction","name":"Comment","target":["https:\/\/quehacerpolitico.mx\/?p=14159#respond"]}]},{"@type":"WebPage","@id":"https:\/\/quehacerpolitico.mx\/?p=14159","url":"https:\/\/quehacerpolitico.mx\/?p=14159","name":"Astudillo tambi\u00e9n revira a Quadri por su ofensa a pueblos del sur; le copia documentos hist\u00f3ricos -","isPartOf":{"@id":"https:\/\/quehacerpolitico.mx\/#website"},"primaryImageOfPage":{"@id":"https:\/\/quehacerpolitico.mx\/?p=14159#primaryimage"},"image":{"@id":"https:\/\/quehacerpolitico.mx\/?p=14159#primaryimage"},"thumbnailUrl":"","datePublished":"2019-01-14T03:57:46+00:00","author":{"@id":"https:\/\/quehacerpolitico.mx\/#\/schema\/person\/496d8ad2d1d3f8036101dca7ee39e585"},"breadcrumb":{"@id":"https:\/\/quehacerpolitico.mx\/?p=14159#breadcrumb"},"inLanguage":"es","potentialAction":[{"@type":"ReadAction","target":["https:\/\/quehacerpolitico.mx\/?p=14159"]}]},{"@type":"ImageObject","inLanguage":"es","@id":"https:\/\/quehacerpolitico.mx\/?p=14159#primaryimage","url":"","contentUrl":""},{"@type":"BreadcrumbList","@id":"https:\/\/quehacerpolitico.mx\/?p=14159#breadcrumb","itemListElement":[{"@type":"ListItem","position":1,"name":"Inicio","item":"https:\/\/quehacerpolitico.mx\/"},{"@type":"ListItem","position":2,"name":"Astudillo tambi\u00e9n revira a Quadri por su ofensa a pueblos del sur; le copia documentos hist\u00f3ricos"}]},{"@type":"WebSite","@id":"https:\/\/quehacerpolitico.mx\/#website","url":"https:\/\/quehacerpolitico.mx\/","name":"","description":"","potentialAction":[{"@type":"SearchAction","target":{"@type":"EntryPoint","urlTemplate":"https:\/\/quehacerpolitico.mx\/?s={search_term_string}"},"query-input":{"@type":"PropertyValueSpecification","valueRequired":true,"valueName":"search_term_string"}}],"inLanguage":"es"},{"@type":"Person","@id":"https:\/\/quehacerpolitico.mx\/#\/schema\/person\/496d8ad2d1d3f8036101dca7ee39e585","name":"Redacci\u00f3n QP","image":{"@type":"ImageObject","inLanguage":"es","@id":"https:\/\/secure.gravatar.com\/avatar\/c7164ed6fdec453195284ad24a5ae5b6e1eed2b848477fa2a4787ba9adf39a41?s=96&d=mm&r=g","url":"https:\/\/secure.gravatar.com\/avatar\/c7164ed6fdec453195284ad24a5ae5b6e1eed2b848477fa2a4787ba9adf39a41?s=96&d=mm&r=g","contentUrl":"https:\/\/secure.gravatar.com\/avatar\/c7164ed6fdec453195284ad24a5ae5b6e1eed2b848477fa2a4787ba9adf39a41?s=96&d=mm&r=g","caption":"Redacci\u00f3n QP"},"url":"https:\/\/quehacerpolitico.mx\/?author=2"}]}},"featured_image_urls":{"full":"","thumbnail":"","medium":"","medium_large":"","large":"","1536x1536":"","2048x2048":"","covernews-featured":"","covernews-medium":""},"author_info":{"display_name":"Redacci\u00f3n QP","author_link":"https:\/\/quehacerpolitico.mx\/?author=2"},"category_info":"<a href=\"https:\/\/quehacerpolitico.mx\/?cat=2\" rel=\"category\">Noticias<\/a>","tag_info":"Noticias","comment_count":"0","_links":{"self":[{"href":"https:\/\/quehacerpolitico.mx\/index.php?rest_route=\/wp\/v2\/posts\/14159","targetHints":{"allow":["GET"]}}],"collection":[{"href":"https:\/\/quehacerpolitico.mx\/index.php?rest_route=\/wp\/v2\/posts"}],"about":[{"href":"https:\/\/quehacerpolitico.mx\/index.php?rest_route=\/wp\/v2\/types\/post"}],"author":[{"embeddable":true,"href":"https:\/\/quehacerpolitico.mx\/index.php?rest_route=\/wp\/v2\/users\/2"}],"replies":[{"embeddable":true,"href":"https:\/\/quehacerpolitico.mx\/index.php?rest_route=%2Fwp%2Fv2%2Fcomments&post=14159"}],"version-history":[{"count":0,"href":"https:\/\/quehacerpolitico.mx\/index.php?rest_route=\/wp\/v2\/posts\/14159\/revisions"}],"wp:featuredmedia":[{"embeddable":true,"href":"https:\/\/quehacerpolitico.mx\/index.php?rest_route=\/"}],"wp:attachment":[{"href":"https:\/\/quehacerpolitico.mx\/index.php?rest_route=%2Fwp%2Fv2%2Fmedia&parent=14159"}],"wp:term":[{"taxonomy":"category","embeddable":true,"href":"https:\/\/quehacerpolitico.mx\/index.php?rest_route=%2Fwp%2Fv2%2Fcategories&post=14159"},{"taxonomy":"post_tag","embeddable":true,"href":"https:\/\/quehacerpolitico.mx\/index.php?rest_route=%2Fwp%2Fv2%2Ftags&post=14159"}],"curies":[{"name":"wp","href":"https:\/\/api.w.org\/{rel}","templated":true}]}}