{"id":14157,"date":"2019-01-14T03:38:16","date_gmt":"2019-01-14T03:38:16","guid":{"rendered":"http:\/\/quehacerpolitico.mx\/el-nombre-de-luis-videgaray-sale-en-una-audiencia-sobre-desvio-de-recursos-publicos-en-chihuahua\/"},"modified":"2019-01-14T03:38:16","modified_gmt":"2019-01-14T03:38:16","slug":"el-nombre-de-luis-videgaray-sale-en-una-audiencia-sobre-desvio-de-recursos-publicos-en-chihuahua","status":"publish","type":"post","link":"https:\/\/quehacerpolitico.mx\/?p=14157","title":{"rendered":"El nombre de Luis Videgaray sale en una audiencia sobre desv\u00edo de recursos p\u00fablicos en Chihuahua"},"content":{"rendered":"<h1>El nombre de Luis Videgaray sale en una audiencia sobre desv\u00edo de recursos p\u00fablicos en Chihuahua<\/h1>\n<p>Por Redacci\u00f3n QP<\/p>\n<p>El ex Secretario de Hacienda y Cr\u00e9dito P\u00fablico, <strong>Luis Videgaray<\/strong>, fue acusado por <strong>desv\u00edos de recursos<\/strong> en <strong>Chihuahua<\/strong> durante el Gobierno de<strong> C\u00e9sar Duarte J\u00e1quez<\/strong>.<\/p>\n<p>Las acusaciones fueron se\u00f1aladas por un testigo de identidad reservada que habl\u00f3 en la audiencia de vinculaci\u00f3n a proceso por peculado agravado de<strong> Marcelo Gonz\u00e1lez Tachiqu\u00edn<\/strong>, Secretario de Educaci\u00f3n, Cultura y Deporte (SECyD) durante el\u00a0Gobierno de Duarte, el testigo fue descrito como un trabajador cercano al ex mandatario, de acuerdo con informaci\u00f3n publicada en <em>El Diario de Ju\u00e1rez<\/em> y <em>Reforma.<\/em><\/p>\n<p>El testigo expuso que, en diciembre de 2012, Luis Videgaray, C\u00e9sar Duarte y funcionarios de su gabinete tuvieron una reuni\u00f3n en la Ciudad de M\u00e9xico donde el ex Gobernador explic\u00f3 que la entidad necesitaba dinero. Al concluir el encuentro, Duarte y Videgaray se habr\u00edan quedado solos y al terminar de conversar C\u00e9sar Duarte le dijo al testigo que deb\u00edan contratar una empresa para realizar un diagn\u00f3stico de la situaci\u00f3n financiera de la entidad.<\/p>\n<p>Los diarios reportaron que la Fiscal\u00eda local argument\u00f3 que <strong>Gonz\u00e1lez Tachiqu\u00edn<\/strong> y otros servidores p\u00fablicos estar\u00edan relacionados con el desv\u00edo de 23 millones 200 mil pesos para al sector educativo.<\/p>\n<p>De acuerdo con la Fiscal\u00eda, funcionarios habr\u00edan simulado la contrataci\u00f3n de servicios como asesor\u00eda t\u00e9cnica y financiera con la empresa Explocean, pero que nunca fueron prestados.<\/p>\n<p>Esta semana, Marcelo Gonz\u00e1lez Tachiqu\u00edn fue acusado por desviar m\u00e1s de\u00a020 millones de pesos.<\/p>\n<p>El ex funcionario fue aprehendido el martes 8 de enero en la capital de Chihuahua. La Fiscal\u00eda estatal lo se\u00f1al\u00f3, ante un Juez de Control, por el delito de peculado agravado.<\/p>\n<p>El desv\u00edo de recursos habr\u00eda ocurrido cuando\u00a0Gonz\u00e1lez Tachiqu\u00edn era titular de la\u00a0SECyD, en el a\u00f1o 2015.<\/p>\n<p>El hombre habr\u00eda simulado un procedimiento administrativo de contrataci\u00f3n de servicios profesionales con una empresa for\u00e1nea, de acuerdo con informaci\u00f3n del diario\u00a0<em>Reforma.<\/em><\/p>\n<p>Los presuntos desv\u00edos ocurrieron en dos partes. En la primera se movi\u00f3 la cantidad de 23 millones 200 mil pesos; en la segunda,\u00a01 mill\u00f3n 700 mil pesos.<\/p>\n","protected":false},"excerpt":{"rendered":"<p>El nombre de Luis Videgaray sale en una audiencia sobre desv\u00edo de recursos p\u00fablicos en Chihuahua<br \/>\nPor Redacci\u00f3n QP<\/p>\n","protected":false},"author":2,"featured_media":14156,"comment_status":"open","ping_status":"open","sticky":false,"template":"","format":"standard","meta":{"_monsterinsights_skip_tracking":false,"_monsterinsights_sitenote_active":false,"_monsterinsights_sitenote_note":"","_monsterinsights_sitenote_category":0,"footnotes":""},"categories":[2],"tags":[],"class_list":["post-14157","post","type-post","status-publish","format-standard","has-post-thumbnail","hentry","category-noticias"],"yoast_head":"<!-- This site is optimized with the Yoast SEO plugin v27.3 - https:\/\/yoast.com\/product\/yoast-seo-wordpress\/ -->\n<title>El nombre de Luis Videgaray sale en una audiencia sobre desv\u00edo de recursos p\u00fablicos en Chihuahua -<\/title>\n<meta name=\"robots\" content=\"index, follow, max-snippet:-1, max-image-preview:large, max-video-preview:-1\" \/>\n<link rel=\"canonical\" href=\"https:\/\/quehacerpolitico.mx\/?p=14157\" \/>\n<meta property=\"og:locale\" content=\"es_MX\" \/>\n<meta property=\"og:type\" content=\"article\" \/>\n<meta property=\"og:title\" content=\"El nombre de Luis Videgaray sale en una audiencia sobre desv\u00edo de recursos p\u00fablicos en Chihuahua -\" \/>\n<meta property=\"og:description\" content=\"El nombre de Luis Videgaray sale en una audiencia sobre desv\u00edo de recursos p\u00fablicos en Chihuahua Por Redacci\u00f3n QP\" \/>\n<meta property=\"og:url\" content=\"https:\/\/quehacerpolitico.mx\/?p=14157\" \/>\n<meta property=\"article:published_time\" content=\"2019-01-14T03:38:16+00:00\" \/>\n<meta name=\"author\" content=\"Redacci\u00f3n QP\" \/>\n<meta name=\"twitter:card\" content=\"summary_large_image\" \/>\n<meta name=\"twitter:label1\" content=\"Escrito por\" \/>\n\t<meta name=\"twitter:data1\" content=\"Redacci\u00f3n QP\" \/>\n\t<meta name=\"twitter:label2\" content=\"Tiempo de lectura\" \/>\n\t<meta name=\"twitter:data2\" content=\"2 minutos\" \/>\n<script type=\"application\/ld+json\" class=\"yoast-schema-graph\">{\"@context\":\"https:\\\/\\\/schema.org\",\"@graph\":[{\"@type\":\"Article\",\"@id\":\"https:\\\/\\\/quehacerpolitico.mx\\\/?p=14157#article\",\"isPartOf\":{\"@id\":\"https:\\\/\\\/quehacerpolitico.mx\\\/?p=14157\"},\"author\":{\"name\":\"Redacci\u00f3n QP\",\"@id\":\"https:\\\/\\\/quehacerpolitico.mx\\\/#\\\/schema\\\/person\\\/496d8ad2d1d3f8036101dca7ee39e585\"},\"headline\":\"El nombre de Luis Videgaray sale en una audiencia sobre desv\u00edo de recursos p\u00fablicos en Chihuahua\",\"datePublished\":\"2019-01-14T03:38:16+00:00\",\"mainEntityOfPage\":{\"@id\":\"https:\\\/\\\/quehacerpolitico.mx\\\/?p=14157\"},\"wordCount\":407,\"commentCount\":0,\"image\":{\"@id\":\"https:\\\/\\\/quehacerpolitico.mx\\\/?p=14157#primaryimage\"},\"thumbnailUrl\":\"\",\"articleSection\":[\"Noticias\"],\"inLanguage\":\"es\",\"potentialAction\":[{\"@type\":\"CommentAction\",\"name\":\"Comment\",\"target\":[\"https:\\\/\\\/quehacerpolitico.mx\\\/?p=14157#respond\"]}]},{\"@type\":\"WebPage\",\"@id\":\"https:\\\/\\\/quehacerpolitico.mx\\\/?p=14157\",\"url\":\"https:\\\/\\\/quehacerpolitico.mx\\\/?p=14157\",\"name\":\"El nombre de Luis Videgaray sale en una audiencia sobre desv\u00edo de recursos p\u00fablicos en Chihuahua -\",\"isPartOf\":{\"@id\":\"https:\\\/\\\/quehacerpolitico.mx\\\/#website\"},\"primaryImageOfPage\":{\"@id\":\"https:\\\/\\\/quehacerpolitico.mx\\\/?p=14157#primaryimage\"},\"image\":{\"@id\":\"https:\\\/\\\/quehacerpolitico.mx\\\/?p=14157#primaryimage\"},\"thumbnailUrl\":\"\",\"datePublished\":\"2019-01-14T03:38:16+00:00\",\"author\":{\"@id\":\"https:\\\/\\\/quehacerpolitico.mx\\\/#\\\/schema\\\/person\\\/496d8ad2d1d3f8036101dca7ee39e585\"},\"breadcrumb\":{\"@id\":\"https:\\\/\\\/quehacerpolitico.mx\\\/?p=14157#breadcrumb\"},\"inLanguage\":\"es\",\"potentialAction\":[{\"@type\":\"ReadAction\",\"target\":[\"https:\\\/\\\/quehacerpolitico.mx\\\/?p=14157\"]}]},{\"@type\":\"ImageObject\",\"inLanguage\":\"es\",\"@id\":\"https:\\\/\\\/quehacerpolitico.mx\\\/?p=14157#primaryimage\",\"url\":\"\",\"contentUrl\":\"\"},{\"@type\":\"BreadcrumbList\",\"@id\":\"https:\\\/\\\/quehacerpolitico.mx\\\/?p=14157#breadcrumb\",\"itemListElement\":[{\"@type\":\"ListItem\",\"position\":1,\"name\":\"Inicio\",\"item\":\"https:\\\/\\\/quehacerpolitico.mx\\\/\"},{\"@type\":\"ListItem\",\"position\":2,\"name\":\"El nombre de Luis Videgaray sale en una audiencia sobre desv\u00edo de recursos p\u00fablicos en Chihuahua\"}]},{\"@type\":\"WebSite\",\"@id\":\"https:\\\/\\\/quehacerpolitico.mx\\\/#website\",\"url\":\"https:\\\/\\\/quehacerpolitico.mx\\\/\",\"name\":\"\",\"description\":\"\",\"potentialAction\":[{\"@type\":\"SearchAction\",\"target\":{\"@type\":\"EntryPoint\",\"urlTemplate\":\"https:\\\/\\\/quehacerpolitico.mx\\\/?s={search_term_string}\"},\"query-input\":{\"@type\":\"PropertyValueSpecification\",\"valueRequired\":true,\"valueName\":\"search_term_string\"}}],\"inLanguage\":\"es\"},{\"@type\":\"Person\",\"@id\":\"https:\\\/\\\/quehacerpolitico.mx\\\/#\\\/schema\\\/person\\\/496d8ad2d1d3f8036101dca7ee39e585\",\"name\":\"Redacci\u00f3n QP\",\"image\":{\"@type\":\"ImageObject\",\"inLanguage\":\"es\",\"@id\":\"https:\\\/\\\/secure.gravatar.com\\\/avatar\\\/c7164ed6fdec453195284ad24a5ae5b6e1eed2b848477fa2a4787ba9adf39a41?s=96&d=mm&r=g\",\"url\":\"https:\\\/\\\/secure.gravatar.com\\\/avatar\\\/c7164ed6fdec453195284ad24a5ae5b6e1eed2b848477fa2a4787ba9adf39a41?s=96&d=mm&r=g\",\"contentUrl\":\"https:\\\/\\\/secure.gravatar.com\\\/avatar\\\/c7164ed6fdec453195284ad24a5ae5b6e1eed2b848477fa2a4787ba9adf39a41?s=96&d=mm&r=g\",\"caption\":\"Redacci\u00f3n QP\"},\"url\":\"https:\\\/\\\/quehacerpolitico.mx\\\/?author=2\"}]}<\/script>\n<!-- \/ Yoast SEO plugin. -->","yoast_head_json":{"title":"El nombre de Luis Videgaray sale en una audiencia sobre desv\u00edo de recursos p\u00fablicos en Chihuahua -","robots":{"index":"index","follow":"follow","max-snippet":"max-snippet:-1","max-image-preview":"max-image-preview:large","max-video-preview":"max-video-preview:-1"},"canonical":"https:\/\/quehacerpolitico.mx\/?p=14157","og_locale":"es_MX","og_type":"article","og_title":"El nombre de Luis Videgaray sale en una audiencia sobre desv\u00edo de recursos p\u00fablicos en Chihuahua -","og_description":"El nombre de Luis Videgaray sale en una audiencia sobre desv\u00edo de recursos p\u00fablicos en Chihuahua Por Redacci\u00f3n QP","og_url":"https:\/\/quehacerpolitico.mx\/?p=14157","article_published_time":"2019-01-14T03:38:16+00:00","author":"Redacci\u00f3n QP","twitter_card":"summary_large_image","twitter_misc":{"Escrito por":"Redacci\u00f3n QP","Tiempo de lectura":"2 minutos"},"schema":{"@context":"https:\/\/schema.org","@graph":[{"@type":"Article","@id":"https:\/\/quehacerpolitico.mx\/?p=14157#article","isPartOf":{"@id":"https:\/\/quehacerpolitico.mx\/?p=14157"},"author":{"name":"Redacci\u00f3n QP","@id":"https:\/\/quehacerpolitico.mx\/#\/schema\/person\/496d8ad2d1d3f8036101dca7ee39e585"},"headline":"El nombre de Luis Videgaray sale en una audiencia sobre desv\u00edo de recursos p\u00fablicos en Chihuahua","datePublished":"2019-01-14T03:38:16+00:00","mainEntityOfPage":{"@id":"https:\/\/quehacerpolitico.mx\/?p=14157"},"wordCount":407,"commentCount":0,"image":{"@id":"https:\/\/quehacerpolitico.mx\/?p=14157#primaryimage"},"thumbnailUrl":"","articleSection":["Noticias"],"inLanguage":"es","potentialAction":[{"@type":"CommentAction","name":"Comment","target":["https:\/\/quehacerpolitico.mx\/?p=14157#respond"]}]},{"@type":"WebPage","@id":"https:\/\/quehacerpolitico.mx\/?p=14157","url":"https:\/\/quehacerpolitico.mx\/?p=14157","name":"El nombre de Luis Videgaray sale en una audiencia sobre desv\u00edo de recursos p\u00fablicos en Chihuahua -","isPartOf":{"@id":"https:\/\/quehacerpolitico.mx\/#website"},"primaryImageOfPage":{"@id":"https:\/\/quehacerpolitico.mx\/?p=14157#primaryimage"},"image":{"@id":"https:\/\/quehacerpolitico.mx\/?p=14157#primaryimage"},"thumbnailUrl":"","datePublished":"2019-01-14T03:38:16+00:00","author":{"@id":"https:\/\/quehacerpolitico.mx\/#\/schema\/person\/496d8ad2d1d3f8036101dca7ee39e585"},"breadcrumb":{"@id":"https:\/\/quehacerpolitico.mx\/?p=14157#breadcrumb"},"inLanguage":"es","potentialAction":[{"@type":"ReadAction","target":["https:\/\/quehacerpolitico.mx\/?p=14157"]}]},{"@type":"ImageObject","inLanguage":"es","@id":"https:\/\/quehacerpolitico.mx\/?p=14157#primaryimage","url":"","contentUrl":""},{"@type":"BreadcrumbList","@id":"https:\/\/quehacerpolitico.mx\/?p=14157#breadcrumb","itemListElement":[{"@type":"ListItem","position":1,"name":"Inicio","item":"https:\/\/quehacerpolitico.mx\/"},{"@type":"ListItem","position":2,"name":"El nombre de Luis Videgaray sale en una audiencia sobre desv\u00edo de recursos p\u00fablicos en Chihuahua"}]},{"@type":"WebSite","@id":"https:\/\/quehacerpolitico.mx\/#website","url":"https:\/\/quehacerpolitico.mx\/","name":"","description":"","potentialAction":[{"@type":"SearchAction","target":{"@type":"EntryPoint","urlTemplate":"https:\/\/quehacerpolitico.mx\/?s={search_term_string}"},"query-input":{"@type":"PropertyValueSpecification","valueRequired":true,"valueName":"search_term_string"}}],"inLanguage":"es"},{"@type":"Person","@id":"https:\/\/quehacerpolitico.mx\/#\/schema\/person\/496d8ad2d1d3f8036101dca7ee39e585","name":"Redacci\u00f3n QP","image":{"@type":"ImageObject","inLanguage":"es","@id":"https:\/\/secure.gravatar.com\/avatar\/c7164ed6fdec453195284ad24a5ae5b6e1eed2b848477fa2a4787ba9adf39a41?s=96&d=mm&r=g","url":"https:\/\/secure.gravatar.com\/avatar\/c7164ed6fdec453195284ad24a5ae5b6e1eed2b848477fa2a4787ba9adf39a41?s=96&d=mm&r=g","contentUrl":"https:\/\/secure.gravatar.com\/avatar\/c7164ed6fdec453195284ad24a5ae5b6e1eed2b848477fa2a4787ba9adf39a41?s=96&d=mm&r=g","caption":"Redacci\u00f3n QP"},"url":"https:\/\/quehacerpolitico.mx\/?author=2"}]}},"featured_image_urls":{"full":"","thumbnail":"","medium":"","medium_large":"","large":"","1536x1536":"","2048x2048":"","covernews-featured":"","covernews-medium":""},"author_info":{"display_name":"Redacci\u00f3n QP","author_link":"https:\/\/quehacerpolitico.mx\/?author=2"},"category_info":"<a href=\"https:\/\/quehacerpolitico.mx\/?cat=2\" rel=\"category\">Noticias<\/a>","tag_info":"Noticias","comment_count":"0","_links":{"self":[{"href":"https:\/\/quehacerpolitico.mx\/index.php?rest_route=\/wp\/v2\/posts\/14157","targetHints":{"allow":["GET"]}}],"collection":[{"href":"https:\/\/quehacerpolitico.mx\/index.php?rest_route=\/wp\/v2\/posts"}],"about":[{"href":"https:\/\/quehacerpolitico.mx\/index.php?rest_route=\/wp\/v2\/types\/post"}],"author":[{"embeddable":true,"href":"https:\/\/quehacerpolitico.mx\/index.php?rest_route=\/wp\/v2\/users\/2"}],"replies":[{"embeddable":true,"href":"https:\/\/quehacerpolitico.mx\/index.php?rest_route=%2Fwp%2Fv2%2Fcomments&post=14157"}],"version-history":[{"count":0,"href":"https:\/\/quehacerpolitico.mx\/index.php?rest_route=\/wp\/v2\/posts\/14157\/revisions"}],"wp:featuredmedia":[{"embeddable":true,"href":"https:\/\/quehacerpolitico.mx\/index.php?rest_route=\/"}],"wp:attachment":[{"href":"https:\/\/quehacerpolitico.mx\/index.php?rest_route=%2Fwp%2Fv2%2Fmedia&parent=14157"}],"wp:term":[{"taxonomy":"category","embeddable":true,"href":"https:\/\/quehacerpolitico.mx\/index.php?rest_route=%2Fwp%2Fv2%2Fcategories&post=14157"},{"taxonomy":"post_tag","embeddable":true,"href":"https:\/\/quehacerpolitico.mx\/index.php?rest_route=%2Fwp%2Fv2%2Ftags&post=14157"}],"curies":[{"name":"wp","href":"https:\/\/api.w.org\/{rel}","templated":true}]}}