{"id":14118,"date":"2019-01-13T16:37:50","date_gmt":"2019-01-13T16:37:50","guid":{"rendered":"http:\/\/quehacerpolitico.mx\/internacionales-carolina-alonso-romei-apagon-del-gobierno-de-donald-trump-el-mas-largo-de-la-historia\/"},"modified":"2019-01-13T16:37:50","modified_gmt":"2019-01-13T16:37:50","slug":"internacionales-carolina-alonso-romei-apagon-del-gobierno-de-donald-trump-el-mas-largo-de-la-historia","status":"publish","type":"post","link":"https:\/\/quehacerpolitico.mx\/?p=14118","title":{"rendered":"Internacionales\/\/\/Carolina Alonso Romei\/\/\/\u201cApag\u00f3n\u201d del Gobierno de Donald Trump, el m\u00e1s largo de la historia"},"content":{"rendered":"<h1 class=\"news-title\">\u201cApag\u00f3n\u201d del Gobierno de Donald Trump, el m\u00e1s largo de la historia<\/h1>\n<p>Por Carolina Alonso Romei\u00a0<\/p>\n<p>Internacionalista<\/p>\n<header class=\"news-header\">\n<div class=\"news-subtitle\">\n<p>Los cierres de gobierno suelen ser un evento raro en la pol\u00edtica estadounidense; sin embargo, se han vuelto uno de los sellos de la era trumpiana<\/p>\n<\/div>\n<\/header>\n<div class=\"news-content\">\n<div class=\"news-body row\">\n<p>El cierre parcial del Gobierno federal de Estados Unidos (EU), que ha dejado a unos 800 mil funcionarios sin paga por el enfrentamiento entre el presidente Donald Trump y la oposici\u00f3n sobre un muro en la frontera con M\u00e9xico, se convirti\u00f3 ayer en el m\u00e1s largo de la historia de esa naci\u00f3n.<\/p>\n<p>El presente cierre gubernamental, ocasionado por la falta de acuerdo de Trump con el Congreso sobre los recursos destinados para el muro que quiere el presidente en la frontera, <strong>super\u00f3 los 21 d\u00edas de otro shutdown (apag\u00f3n) que se dio entre 1995 y 1996 bajo el mandato de BillClinton. En aquella ocasi\u00f3n, hab\u00eda una disputa presupuestaria en cuestiones de sanidad, educaci\u00f3n y medio ambiente.<\/strong><\/p>\n<p>En el pleito actual, ni el mandatario, quien exige destinar cinco mil 700 millones de d\u00f3lares para cumplir su promesa de campa\u00f1a, ni la oposici\u00f3n dem\u00f3crata en la C\u00e1mara de Representantes, que se niega a liberar esos fondos para financiar la valla que considera \u201cinmoral\u201d, caro e ineficaz para combatir la inmigraci\u00f3n ilegal, dan su brazo a torcer.<\/p>\n<p>Y en medio est\u00e1n los trabajadores gubernamentales.<strong> Cerca de 800 mil funcionarios federales, desde agentes del FBI a controladores a\u00e9reos y trabajadores en museos, no recibieron por primera vez sus salarios el viernes. La mayor\u00eda de ellos cobra cada quincena y recibi\u00f3 su \u00faltima paga a finales de diciembre.<\/strong><\/p>\n<p>Trump tambi\u00e9n igual\u00f3 a Clinton en cantidad, pues acumula dos clausuras administrativas: la actual y otra de tres d\u00edas en 2018.<br \/>Anteriormente, Barack Obama (2009-2017) vivi\u00f3 un \u00fanico cierre similar durante su doble mandato, de 16 d\u00edas.<\/p>\n<h3>Cierre del Gobierno puede resolverse en 15 minutos: Trump<\/h3>\n<div>\n<figure class=\"image\"><img decoding=\"async\" title=\"\" src=\"https:\/\/www.informador.mx\/export\/sites\/elinformador\/img\/2019\/01\/13\/imagen_usa_ap.jpg_401908883.jpg\" alt=\"\" hspace=\"5\" vspace=\"5\" data-height=\"449\" data-size=\"w:2697,h:1732\" data-width=\"700\" \/><figcaption>El sector de la aviaci\u00f3n es otro de los golpeados por el cierre parcial del Gobierno. ARCHIVO \/ AP<\/figcaption><\/figure>\n<\/div>\n<p>El presidente Donald Trump asegur\u00f3 que el cierre que paraliza parcialmente el Gobierno federal de Estados Unidos desde hace tres semanas, y que se ha convertido en el m\u00e1s largo de su historia, podr\u00eda resolverse \u201cen 15 minutos\u201d.<\/p>\n<p><strong>Esta par\u00e1lisis bati\u00f3 el r\u00e9cord tras superar los 21 d\u00edas de otro shutdown entre 1995 y 1996, bajo el mandato de Bill Clinton.<\/strong><\/p>\n<p>El motivo de la par\u00e1lisis es la falta de acuerdo entre Trump, quien exige destinar cinco mil 700 millones de d\u00f3lares para construir un muro en la frontera con M\u00e9xico (una de sus promesas de campa\u00f1a) y la oposici\u00f3n dem\u00f3crata en el Congreso, que se niega a liberar esos fondos para un fin que considera \u201cinmoral\u201d, caro e ineficaz contra la inmigraci\u00f3n.<\/p>\n<p>\u201c\u00a1Los dem\u00f3cratas podr\u00edan resolver el cierre en 15 minutos! \u00a1Llame a su senador o representante dem\u00f3crata, d\u00edgales que hagan su trabajo!\u201d, escribi\u00f3 en Twitter.<\/p>\n<p><strong>\u201cTenemos una crisis humanitaria masiva en nuestra frontera Sur. Estaremos as\u00ed mucho tiempo a menos que los dem\u00f3cratas regresen de sus \u2018vacaciones\u2019 y vuelvan al trabajo. \u00a1Estoy en la Casa Blanca listo para firmar!\u201d.<\/strong><\/p>\n<p>Mencion\u00f3 las cr\u00edticas en el diario The Washington Post sobre la falta de una estrategia para reactivar el Gobierno. \u201cDe hecho, casi no hay nadie en la Casa Blanca, excepto yo, y tengo un plan para el cierre\u201d, tuite\u00f3.<\/p>\n<p>El viernes, Trump retrocedi\u00f3 en sus amenazas de acabar con el punto muerto en las negociaciones declarando una emergencia nacional e intentando procurar fondos salt\u00e1ndose el Congreso, una medida que hundir\u00eda al pa\u00eds pol\u00edticamente y augurar\u00eda una batalla en las cortes por extralimitaci\u00f3n de los poderes presidenciales. \u00a0 \u00a0 \u00a0 \u00a0 \u00a0 \u00a0 \u00a0 \u00a0 \u00a0\u00a0<\/p>\n<\/div>\n<\/div>\n","protected":false},"excerpt":{"rendered":"<p>\u201cApag\u00f3n\u201d del Gobierno de Donald Trump, el m\u00e1s largo de la historia<br \/>\nPor Carolina Alonso Romei<br \/>\nInternacionalista<\/p>\n","protected":false},"author":2,"featured_media":14117,"comment_status":"open","ping_status":"open","sticky":false,"template":"","format":"standard","meta":{"_monsterinsights_skip_tracking":false,"_monsterinsights_sitenote_active":false,"_monsterinsights_sitenote_note":"","_monsterinsights_sitenote_category":0,"footnotes":""},"categories":[1],"tags":[],"class_list":["post-14118","post","type-post","status-publish","format-standard","has-post-thumbnail","hentry","category-sin-categoria"],"yoast_head":"<!-- This site is optimized with the Yoast SEO plugin v27.3 - https:\/\/yoast.com\/product\/yoast-seo-wordpress\/ -->\n<title>Internacionales\/\/\/Carolina Alonso Romei\/\/\/\u201cApag\u00f3n\u201d del Gobierno de Donald Trump, el m\u00e1s largo de la historia -<\/title>\n<meta name=\"robots\" content=\"index, follow, max-snippet:-1, max-image-preview:large, max-video-preview:-1\" \/>\n<link rel=\"canonical\" href=\"https:\/\/quehacerpolitico.mx\/?p=14118\" \/>\n<meta property=\"og:locale\" content=\"es_MX\" \/>\n<meta property=\"og:type\" content=\"article\" \/>\n<meta property=\"og:title\" content=\"Internacionales\/\/\/Carolina Alonso Romei\/\/\/\u201cApag\u00f3n\u201d del Gobierno de Donald Trump, el m\u00e1s largo de la historia -\" \/>\n<meta property=\"og:description\" content=\"\u201cApag\u00f3n\u201d del Gobierno de Donald Trump, el m\u00e1s largo de la historia Por Carolina Alonso Romei Internacionalista\" \/>\n<meta property=\"og:url\" content=\"https:\/\/quehacerpolitico.mx\/?p=14118\" \/>\n<meta property=\"article:published_time\" content=\"2019-01-13T16:37:50+00:00\" \/>\n<meta name=\"author\" content=\"Redacci\u00f3n QP\" \/>\n<meta name=\"twitter:card\" content=\"summary_large_image\" \/>\n<meta name=\"twitter:label1\" content=\"Escrito por\" \/>\n\t<meta name=\"twitter:data1\" content=\"Redacci\u00f3n QP\" \/>\n\t<meta name=\"twitter:label2\" content=\"Tiempo de lectura\" \/>\n\t<meta name=\"twitter:data2\" content=\"3 minutos\" \/>\n<script type=\"application\/ld+json\" class=\"yoast-schema-graph\">{\"@context\":\"https:\\\/\\\/schema.org\",\"@graph\":[{\"@type\":\"Article\",\"@id\":\"https:\\\/\\\/quehacerpolitico.mx\\\/?p=14118#article\",\"isPartOf\":{\"@id\":\"https:\\\/\\\/quehacerpolitico.mx\\\/?p=14118\"},\"author\":{\"name\":\"Redacci\u00f3n QP\",\"@id\":\"https:\\\/\\\/quehacerpolitico.mx\\\/#\\\/schema\\\/person\\\/496d8ad2d1d3f8036101dca7ee39e585\"},\"headline\":\"Internacionales\\\/\\\/\\\/Carolina Alonso Romei\\\/\\\/\\\/\u201cApag\u00f3n\u201d del Gobierno de Donald Trump, el m\u00e1s largo de la historia\",\"datePublished\":\"2019-01-13T16:37:50+00:00\",\"mainEntityOfPage\":{\"@id\":\"https:\\\/\\\/quehacerpolitico.mx\\\/?p=14118\"},\"wordCount\":649,\"commentCount\":0,\"image\":{\"@id\":\"https:\\\/\\\/quehacerpolitico.mx\\\/?p=14118#primaryimage\"},\"thumbnailUrl\":\"\",\"articleSection\":[\"Internacionales\"],\"inLanguage\":\"es\",\"potentialAction\":[{\"@type\":\"CommentAction\",\"name\":\"Comment\",\"target\":[\"https:\\\/\\\/quehacerpolitico.mx\\\/?p=14118#respond\"]}]},{\"@type\":\"WebPage\",\"@id\":\"https:\\\/\\\/quehacerpolitico.mx\\\/?p=14118\",\"url\":\"https:\\\/\\\/quehacerpolitico.mx\\\/?p=14118\",\"name\":\"Internacionales\\\/\\\/\\\/Carolina Alonso Romei\\\/\\\/\\\/\u201cApag\u00f3n\u201d del Gobierno de Donald Trump, el m\u00e1s largo de la historia -\",\"isPartOf\":{\"@id\":\"https:\\\/\\\/quehacerpolitico.mx\\\/#website\"},\"primaryImageOfPage\":{\"@id\":\"https:\\\/\\\/quehacerpolitico.mx\\\/?p=14118#primaryimage\"},\"image\":{\"@id\":\"https:\\\/\\\/quehacerpolitico.mx\\\/?p=14118#primaryimage\"},\"thumbnailUrl\":\"\",\"datePublished\":\"2019-01-13T16:37:50+00:00\",\"author\":{\"@id\":\"https:\\\/\\\/quehacerpolitico.mx\\\/#\\\/schema\\\/person\\\/496d8ad2d1d3f8036101dca7ee39e585\"},\"breadcrumb\":{\"@id\":\"https:\\\/\\\/quehacerpolitico.mx\\\/?p=14118#breadcrumb\"},\"inLanguage\":\"es\",\"potentialAction\":[{\"@type\":\"ReadAction\",\"target\":[\"https:\\\/\\\/quehacerpolitico.mx\\\/?p=14118\"]}]},{\"@type\":\"ImageObject\",\"inLanguage\":\"es\",\"@id\":\"https:\\\/\\\/quehacerpolitico.mx\\\/?p=14118#primaryimage\",\"url\":\"\",\"contentUrl\":\"\"},{\"@type\":\"BreadcrumbList\",\"@id\":\"https:\\\/\\\/quehacerpolitico.mx\\\/?p=14118#breadcrumb\",\"itemListElement\":[{\"@type\":\"ListItem\",\"position\":1,\"name\":\"Inicio\",\"item\":\"https:\\\/\\\/quehacerpolitico.mx\\\/\"},{\"@type\":\"ListItem\",\"position\":2,\"name\":\"Internacionales\\\/\\\/\\\/Carolina Alonso Romei\\\/\\\/\\\/\u201cApag\u00f3n\u201d del Gobierno de Donald Trump, el m\u00e1s largo de la historia\"}]},{\"@type\":\"WebSite\",\"@id\":\"https:\\\/\\\/quehacerpolitico.mx\\\/#website\",\"url\":\"https:\\\/\\\/quehacerpolitico.mx\\\/\",\"name\":\"\",\"description\":\"\",\"potentialAction\":[{\"@type\":\"SearchAction\",\"target\":{\"@type\":\"EntryPoint\",\"urlTemplate\":\"https:\\\/\\\/quehacerpolitico.mx\\\/?s={search_term_string}\"},\"query-input\":{\"@type\":\"PropertyValueSpecification\",\"valueRequired\":true,\"valueName\":\"search_term_string\"}}],\"inLanguage\":\"es\"},{\"@type\":\"Person\",\"@id\":\"https:\\\/\\\/quehacerpolitico.mx\\\/#\\\/schema\\\/person\\\/496d8ad2d1d3f8036101dca7ee39e585\",\"name\":\"Redacci\u00f3n QP\",\"image\":{\"@type\":\"ImageObject\",\"inLanguage\":\"es\",\"@id\":\"https:\\\/\\\/secure.gravatar.com\\\/avatar\\\/c7164ed6fdec453195284ad24a5ae5b6e1eed2b848477fa2a4787ba9adf39a41?s=96&d=mm&r=g\",\"url\":\"https:\\\/\\\/secure.gravatar.com\\\/avatar\\\/c7164ed6fdec453195284ad24a5ae5b6e1eed2b848477fa2a4787ba9adf39a41?s=96&d=mm&r=g\",\"contentUrl\":\"https:\\\/\\\/secure.gravatar.com\\\/avatar\\\/c7164ed6fdec453195284ad24a5ae5b6e1eed2b848477fa2a4787ba9adf39a41?s=96&d=mm&r=g\",\"caption\":\"Redacci\u00f3n QP\"},\"url\":\"https:\\\/\\\/quehacerpolitico.mx\\\/?author=2\"}]}<\/script>\n<!-- \/ Yoast SEO plugin. -->","yoast_head_json":{"title":"Internacionales\/\/\/Carolina Alonso Romei\/\/\/\u201cApag\u00f3n\u201d del Gobierno de Donald Trump, el m\u00e1s largo de la historia -","robots":{"index":"index","follow":"follow","max-snippet":"max-snippet:-1","max-image-preview":"max-image-preview:large","max-video-preview":"max-video-preview:-1"},"canonical":"https:\/\/quehacerpolitico.mx\/?p=14118","og_locale":"es_MX","og_type":"article","og_title":"Internacionales\/\/\/Carolina Alonso Romei\/\/\/\u201cApag\u00f3n\u201d del Gobierno de Donald Trump, el m\u00e1s largo de la historia -","og_description":"\u201cApag\u00f3n\u201d del Gobierno de Donald Trump, el m\u00e1s largo de la historia Por Carolina Alonso Romei Internacionalista","og_url":"https:\/\/quehacerpolitico.mx\/?p=14118","article_published_time":"2019-01-13T16:37:50+00:00","author":"Redacci\u00f3n QP","twitter_card":"summary_large_image","twitter_misc":{"Escrito por":"Redacci\u00f3n QP","Tiempo de lectura":"3 minutos"},"schema":{"@context":"https:\/\/schema.org","@graph":[{"@type":"Article","@id":"https:\/\/quehacerpolitico.mx\/?p=14118#article","isPartOf":{"@id":"https:\/\/quehacerpolitico.mx\/?p=14118"},"author":{"name":"Redacci\u00f3n QP","@id":"https:\/\/quehacerpolitico.mx\/#\/schema\/person\/496d8ad2d1d3f8036101dca7ee39e585"},"headline":"Internacionales\/\/\/Carolina Alonso Romei\/\/\/\u201cApag\u00f3n\u201d del Gobierno de Donald Trump, el m\u00e1s largo de la historia","datePublished":"2019-01-13T16:37:50+00:00","mainEntityOfPage":{"@id":"https:\/\/quehacerpolitico.mx\/?p=14118"},"wordCount":649,"commentCount":0,"image":{"@id":"https:\/\/quehacerpolitico.mx\/?p=14118#primaryimage"},"thumbnailUrl":"","articleSection":["Internacionales"],"inLanguage":"es","potentialAction":[{"@type":"CommentAction","name":"Comment","target":["https:\/\/quehacerpolitico.mx\/?p=14118#respond"]}]},{"@type":"WebPage","@id":"https:\/\/quehacerpolitico.mx\/?p=14118","url":"https:\/\/quehacerpolitico.mx\/?p=14118","name":"Internacionales\/\/\/Carolina Alonso Romei\/\/\/\u201cApag\u00f3n\u201d del Gobierno de Donald Trump, el m\u00e1s largo de la historia -","isPartOf":{"@id":"https:\/\/quehacerpolitico.mx\/#website"},"primaryImageOfPage":{"@id":"https:\/\/quehacerpolitico.mx\/?p=14118#primaryimage"},"image":{"@id":"https:\/\/quehacerpolitico.mx\/?p=14118#primaryimage"},"thumbnailUrl":"","datePublished":"2019-01-13T16:37:50+00:00","author":{"@id":"https:\/\/quehacerpolitico.mx\/#\/schema\/person\/496d8ad2d1d3f8036101dca7ee39e585"},"breadcrumb":{"@id":"https:\/\/quehacerpolitico.mx\/?p=14118#breadcrumb"},"inLanguage":"es","potentialAction":[{"@type":"ReadAction","target":["https:\/\/quehacerpolitico.mx\/?p=14118"]}]},{"@type":"ImageObject","inLanguage":"es","@id":"https:\/\/quehacerpolitico.mx\/?p=14118#primaryimage","url":"","contentUrl":""},{"@type":"BreadcrumbList","@id":"https:\/\/quehacerpolitico.mx\/?p=14118#breadcrumb","itemListElement":[{"@type":"ListItem","position":1,"name":"Inicio","item":"https:\/\/quehacerpolitico.mx\/"},{"@type":"ListItem","position":2,"name":"Internacionales\/\/\/Carolina Alonso Romei\/\/\/\u201cApag\u00f3n\u201d del Gobierno de Donald Trump, el m\u00e1s largo de la historia"}]},{"@type":"WebSite","@id":"https:\/\/quehacerpolitico.mx\/#website","url":"https:\/\/quehacerpolitico.mx\/","name":"","description":"","potentialAction":[{"@type":"SearchAction","target":{"@type":"EntryPoint","urlTemplate":"https:\/\/quehacerpolitico.mx\/?s={search_term_string}"},"query-input":{"@type":"PropertyValueSpecification","valueRequired":true,"valueName":"search_term_string"}}],"inLanguage":"es"},{"@type":"Person","@id":"https:\/\/quehacerpolitico.mx\/#\/schema\/person\/496d8ad2d1d3f8036101dca7ee39e585","name":"Redacci\u00f3n QP","image":{"@type":"ImageObject","inLanguage":"es","@id":"https:\/\/secure.gravatar.com\/avatar\/c7164ed6fdec453195284ad24a5ae5b6e1eed2b848477fa2a4787ba9adf39a41?s=96&d=mm&r=g","url":"https:\/\/secure.gravatar.com\/avatar\/c7164ed6fdec453195284ad24a5ae5b6e1eed2b848477fa2a4787ba9adf39a41?s=96&d=mm&r=g","contentUrl":"https:\/\/secure.gravatar.com\/avatar\/c7164ed6fdec453195284ad24a5ae5b6e1eed2b848477fa2a4787ba9adf39a41?s=96&d=mm&r=g","caption":"Redacci\u00f3n QP"},"url":"https:\/\/quehacerpolitico.mx\/?author=2"}]}},"featured_image_urls":{"full":"","thumbnail":"","medium":"","medium_large":"","large":"","1536x1536":"","2048x2048":"","covernews-featured":"","covernews-medium":""},"author_info":{"display_name":"Redacci\u00f3n QP","author_link":"https:\/\/quehacerpolitico.mx\/?author=2"},"category_info":"<a href=\"https:\/\/quehacerpolitico.mx\/?cat=1\" rel=\"category\">Internacionales<\/a>","tag_info":"Internacionales","comment_count":"0","_links":{"self":[{"href":"https:\/\/quehacerpolitico.mx\/index.php?rest_route=\/wp\/v2\/posts\/14118","targetHints":{"allow":["GET"]}}],"collection":[{"href":"https:\/\/quehacerpolitico.mx\/index.php?rest_route=\/wp\/v2\/posts"}],"about":[{"href":"https:\/\/quehacerpolitico.mx\/index.php?rest_route=\/wp\/v2\/types\/post"}],"author":[{"embeddable":true,"href":"https:\/\/quehacerpolitico.mx\/index.php?rest_route=\/wp\/v2\/users\/2"}],"replies":[{"embeddable":true,"href":"https:\/\/quehacerpolitico.mx\/index.php?rest_route=%2Fwp%2Fv2%2Fcomments&post=14118"}],"version-history":[{"count":0,"href":"https:\/\/quehacerpolitico.mx\/index.php?rest_route=\/wp\/v2\/posts\/14118\/revisions"}],"wp:featuredmedia":[{"embeddable":true,"href":"https:\/\/quehacerpolitico.mx\/index.php?rest_route=\/"}],"wp:attachment":[{"href":"https:\/\/quehacerpolitico.mx\/index.php?rest_route=%2Fwp%2Fv2%2Fmedia&parent=14118"}],"wp:term":[{"taxonomy":"category","embeddable":true,"href":"https:\/\/quehacerpolitico.mx\/index.php?rest_route=%2Fwp%2Fv2%2Fcategories&post=14118"},{"taxonomy":"post_tag","embeddable":true,"href":"https:\/\/quehacerpolitico.mx\/index.php?rest_route=%2Fwp%2Fv2%2Ftags&post=14118"}],"curies":[{"name":"wp","href":"https:\/\/api.w.org\/{rel}","templated":true}]}}