{"id":14066,"date":"2019-01-12T19:32:09","date_gmt":"2019-01-12T19:32:09","guid":{"rendered":"http:\/\/quehacerpolitico.mx\/quadri-no-se-disculpa-dice-en-respuesta-a-murat-que-los-malos-gobiernos-deben-darla\/"},"modified":"2019-01-12T19:32:09","modified_gmt":"2019-01-12T19:32:09","slug":"quadri-no-se-disculpa-dice-en-respuesta-a-murat-que-los-malos-gobiernos-deben-darla","status":"publish","type":"post","link":"https:\/\/quehacerpolitico.mx\/?p=14066","title":{"rendered":"Quadri no se disculpa: dice, en respuesta a Murat, que los \u201cmalos gobiernos\u201d deben darla"},"content":{"rendered":"<h1>Quadri no se disculpa: dice, en respuesta a Murat, que los \u201cmalos gobiernos\u201d deben darla<\/h1>\n<p>Por Redacci\u00f3n QP<\/p>\n<p><strong>Gabriel Quadri<\/strong> de la Torre, ex candidato a la Presidencia de M\u00e9xico, asegur\u00f3 que los \u201cmalos <strong>gobiernos<\/strong>\u201d y los responsables de las \u201cinstituciones improductivas\u201d son quienes deben pedir una <strong>disculpa<\/strong> y no \u00e9l, luego de haber afirmado que\u00a0si M\u00e9xico \u201cno tuviera que cargar\u201d con\u00a0<strong>Guerrero, Oaxaca<\/strong>\u00a0y\u00a0<strong>Chiapas,\u00a0<\/strong>ser\u00eda un pa\u00eds de desarrollo medio y una\u00a0potencia emergente.<\/p>\n<blockquote>\n<p>\u201cPerd\u00f3n, pero la <strong>disculpa<\/strong> deben de darla malos <strong>gobiernos<\/strong> y los responsables de instituciones improductivas que han hecho de Guerrero, Oaxaca y Chiapas los estados m\u00e1s pobres y atrasados de M\u00e9xico\u2026\u201d, contest\u00f3 a trav\u00e9s de su cuenta de Twitter a Alejandro Murat, Gobernador de Oaxaca, quien le exigi\u00f3 una <strong>disculpa<\/strong>p\u00fablica por su comentario.<\/p>\n<\/blockquote>\n<p>Desde ayer por la noche, el tambi\u00e9n economista se convirti\u00f3 en el centro de cr\u00edticas en las redes sociales despu\u00e9s de publicar el mensaje.\u00a0La aseveraci\u00f3n ha generado decenas de reacciones de mandatarios estatales, periodistas, defensores de derechos humanos y usuarios de redes sociales. Todos solicitaron una\u00a0<strong>disculpa<\/strong>\u00a0y lo calificaron de segregacionista.<\/p>\n<blockquote class=\"twitter-tweet\" data-width=\"550\" data-dnt=\"true\">\n<p lang=\"es\" dir=\"ltr\">Perd\u00f3n, pero la disculpa deben de darla malos gobiernos y los responsables de  instituciones improductivas que han hecho de Guerrero, Oaxaca y Chiapas los estados m\u00e1s pobres y atrasados de M\u00e9xico&#8230; <a href=\"https:\/\/t.co\/mgSQ4m6PYW\">https:\/\/t.co\/mgSQ4m6PYW<\/a><\/p>\n<p>&mdash; Gabriel Quadri (@g_quadri) <a href=\"https:\/\/twitter.com\/g_quadri\/status\/1084154290787229702?ref_src=twsrc%5Etfw\">January 12, 2019<\/a><\/p><\/blockquote>\n<p><script async src=\"https:\/\/platform.twitter.com\/widgets.js\" charset=\"utf-8\"><\/script><\/p>\n<p>El Gobernador de Oaxaca, Alejandro Murat, le exigi\u00f3 al ex pol\u00edtico afiliado a Nueva Alianza una disculpa p\u00fablica para todas y todos los oaxaque\u00f1os;\u00a0en la red social opin\u00f3 que su comentario fue \u201cinaceptable y ofensivo\u201d para la entidad.<\/p>\n<blockquote class=\"twitter-tweet\" data-width=\"550\" data-dnt=\"true\">\n<p lang=\"es\" dir=\"ltr\">Si M\u00e9xico no tuviera que cargar con Guerrero, Oaxaca y Chiapas, ser\u00eda un pa\u00eds de desarrollo medio y potencia emergente&#8230;<\/p>\n<p>&mdash; Gabriel Quadri (@g_quadri) <a href=\"https:\/\/twitter.com\/g_quadri\/status\/1083910552177512449?ref_src=twsrc%5Etfw\">January 12, 2019<\/a><\/p><\/blockquote>\n<p><script async src=\"https:\/\/platform.twitter.com\/widgets.js\" charset=\"utf-8\"><\/script><\/p>\n<p>El periodista Julio Hern\u00e1ndez L\u00f3pez, conocido como Julio Astillero, tambi\u00e9n pidi\u00f3 una disculpa con el hashtag\u00a0#QueSeDisculpeQuadri. \u201cSi M\u00e9xico no tuviera que cargar con politicastros como <strong>Quadri<\/strong> ser\u00eda un mejor pa\u00eds\u201d, expuso.<\/p>\n<blockquote class=\"twitter-tweet\" data-width=\"550\" data-dnt=\"true\">\n<p lang=\"es\" dir=\"ltr\">Inaceptable y ofensivo su comentario para Oaxaca. Le exijo una disculpa p\u00fablica a todas y todos los oaxaque\u00f1os.<a href=\"https:\/\/twitter.com\/g_quadri?ref_src=twsrc%5Etfw\">@g_quadri<\/a><\/p>\n<p>&mdash; Alejandro Murat (@alejandromurat) <a href=\"https:\/\/twitter.com\/alejandromurat\/status\/1083954031591079936?ref_src=twsrc%5Etfw\">January 12, 2019<\/a><\/p><\/blockquote>\n<p><script async src=\"https:\/\/platform.twitter.com\/widgets.js\" charset=\"utf-8\"><\/script><\/p>\n<p>El ex Senador\u00a0Javier Lozano Alarc\u00f3n\u00a0dijo estar decepcionado, pues consideraba a\u00a0<strong>Quadri<\/strong>\u00a0como alguien\u00a0inteligente y respetable, adem\u00e1s, critic\u00f3 su falta de solidaridad.<\/p>\n<blockquote class=\"twitter-tweet\" data-width=\"550\" data-dnt=\"true\">\n<p lang=\"es\" dir=\"ltr\">Si M\u00e9xico no tuviera que cargar con politicastros como <a href=\"https:\/\/twitter.com\/g_quadri?ref_src=twsrc%5Etfw\">@g_quadri<\/a> ser\u00eda un mejor pa\u00eds. <a href=\"https:\/\/twitter.com\/hashtag\/QueSeDisculpeQuadri?src=hash&amp;ref_src=twsrc%5Etfw\">#QueSeDisculpeQuadri<\/a> <a href=\"https:\/\/t.co\/OlYGq7uvtv\">https:\/\/t.co\/OlYGq7uvtv<\/a><\/p>\n<p>&mdash; Julio Astillero (@julioastillero) <a href=\"https:\/\/twitter.com\/julioastillero\/status\/1084079537330241538?ref_src=twsrc%5Etfw\">January 12, 2019<\/a><\/p><\/blockquote>\n<p><script async src=\"https:\/\/platform.twitter.com\/widgets.js\" charset=\"utf-8\"><\/script><\/p>\n<p>\u201cNo puedo creer este comentario. Sobre todo viniendo de alguien a quien considero inteligente y respetable. No hay nada m\u00e1s miserable que la falta de solidaridad para quienes menos tienen y que, con mucho esfuerzo, tratan de salir adelante. Ojal\u00e1 te disculpes pronto, <strong>Quadri<\/strong>\u201d, se\u00f1al\u00f3.<\/p>\n<blockquote class=\"twitter-tweet\" data-width=\"550\" data-dnt=\"true\">\n<p lang=\"es\" dir=\"ltr\">No puedo creer este comentario. Sobre todo viniendo de alguien a quien considero inteligente y respetable. No hay nada m\u00e1s miserable que la falta de solidaridad para quienes menos tienen y que, con mucho esfuerzo, tratan de salir adelante. Ojal\u00e1 te disculpes pronto, Quadri. <a href=\"https:\/\/t.co\/miZwx9Extc\">https:\/\/t.co\/miZwx9Extc<\/a><\/p>\n<p>&mdash; \ud835\udc09\ud835\udc1a\ud835\udc2f\ud835\udc22\ud835\udc1e\ud835\udc2b \ud835\udc0b\ud835\udc28\ud835\udc33\ud835\udc1a\ud835\udc27\ud835\udc28 \ud835\udc00. (@JLozanoA) <a href=\"https:\/\/twitter.com\/JLozanoA\/status\/1083925994052947974?ref_src=twsrc%5Etfw\">January 12, 2019<\/a><\/p><\/blockquote>\n<p><script async src=\"https:\/\/platform.twitter.com\/widgets.js\" charset=\"utf-8\"><\/script><\/p>\n<p>El Senador por Oaxaca y Coordinador del Grupo Parlamentario del Partido Verde Ecologista de M\u00e9xico,\u00a0Ra\u00fal Bola\u00f1os-Cacho Cu\u00e9, se sum\u00f3 al llamado del Gobernador Murat, extern\u00f3 su apoyo a la ciudadan\u00eda de Chiapas y Guerrero y asegur\u00f3 que el comentario de\u00a0Gabriel Quadri \u201csolamente refleja un inmenso desconocimiento de la grandeza de nuestra patria\u201d.<\/p>\n<blockquote class=\"twitter-tweet\" data-width=\"550\" data-dnt=\"true\">\n<p lang=\"es\" dir=\"ltr\">Me sumo al llamado del Gobernador <a href=\"https:\/\/twitter.com\/alejandromurat?ref_src=twsrc%5Etfw\">@alejandromurat<\/a>, los oaxaque\u00f1os as\u00ed como nuestros hermanos de <a href=\"https:\/\/twitter.com\/hashtag\/Chiapas?src=hash&amp;ref_src=twsrc%5Etfw\">#Chiapas<\/a> y <a href=\"https:\/\/twitter.com\/hashtag\/Guerrero?src=hash&amp;ref_src=twsrc%5Etfw\">#Guerrero<\/a> exigimos una disculpa p\u00fablica. Su irresponsable comentario solamente refleja un inmenso desconocimiento de la grandeza de nuestra patria. <a href=\"https:\/\/t.co\/egCLooxTmV\">https:\/\/t.co\/egCLooxTmV<\/a><\/p>\n<p>&mdash; Ra\u00fal Bola\u00f1os-Cacho Cu\u00e9 (@RaulBCCue) <a href=\"https:\/\/twitter.com\/RaulBCCue\/status\/1084079042603765761?ref_src=twsrc%5Etfw\">January 12, 2019<\/a><\/p><\/blockquote>\n<p><script async src=\"https:\/\/platform.twitter.com\/widgets.js\" charset=\"utf-8\"><\/script><\/p>\n<p>En ese sentido tambi\u00e9n se pronunci\u00f3 el\u00a0coordinador de la Red de J\u00f3venes del Partido Revolucionario Institucional (PRI) en Oaxaca, Germ\u00e1n Simancas, quien destac\u00f3 la amabilidad de las y los oaxaque\u00f1os y pidi\u00f3 no confundir ese y otros atributos con debilidad. \u201cLos oaxaque\u00f1os somos amables, hospitalarios, alegres, respetuoso y con un enero sentido de pertenencia, NO confundan eso nunca con debilidad, si tocan a nuestra tierra, \u00a1Nos tocan a todos!\u201d, dijo.<\/p>\n<blockquote class=\"twitter-tweet\" data-width=\"550\" data-dnt=\"true\">\n<p lang=\"es\" dir=\"ltr\">\u00a1Con nuestra patria no! <a href=\"https:\/\/twitter.com\/g_quadri?ref_src=twsrc%5Etfw\">@g_quadri<\/a> <a href=\"https:\/\/t.co\/LiAPCxgEb9\">pic.twitter.com\/LiAPCxgEb9<\/a><\/p>\n<p>&mdash; MTRO. GERM\u00c1N SIMANCAS (@German_Simancas) <a href=\"https:\/\/twitter.com\/German_Simancas\/status\/1084092390787477505?ref_src=twsrc%5Etfw\">January 12, 2019<\/a><\/p><\/blockquote>\n<p><script async src=\"https:\/\/platform.twitter.com\/widgets.js\" charset=\"utf-8\"><\/script><\/p>\n<p>Por su parte, el defensor de los derechos humanos Jes\u00fas Robles Maloof recalc\u00f3 que sin\u00a0Guerrero, Oaxaca y Chiapas, \u201cM\u00e9xico no ser\u00eda M\u00e9xico\u201d.<\/p>\n<blockquote class=\"twitter-tweet\" data-width=\"550\" data-dnt=\"true\">\n<p lang=\"es\" dir=\"ltr\">Es obvio que los contratos de consultoria a los amigos eran una carga que le imped\u00eda al Gobierno ser mejor Gobierno.<\/p>\n<p>Tambi\u00e9n es obvio que sin los Estados que dices M\u00e9xico no ser\u00eda M\u00e9xico.<\/p>\n<p>Yo no apoyar\u00eda la idea de dejar de &#39;cargar&#39; a nadie, aunque todos los d\u00edas hagan m\u00e9ritos.<\/p>\n<p>&mdash; Jes\u00fas Robles Maloof (@roblesmaloof) <a href=\"https:\/\/twitter.com\/roblesmaloof\/status\/1083963396234436609?ref_src=twsrc%5Etfw\">January 12, 2019<\/a><\/p><\/blockquote>\n<p><script async src=\"https:\/\/platform.twitter.com\/widgets.js\" charset=\"utf-8\"><\/script><\/p>\n<p>Robles Maloof escribi\u00f3 en Twitter: \u201cEs obvio que los contratos de consultor\u00eda a los amigos eran una carga que le imped\u00eda al Gobierno ser mejor Gobierno. Tambi\u00e9n es obvio que sin los Estados que dices M\u00e9xico no ser\u00eda M\u00e9xico. Yo no apoyar\u00eda la idea de dejar de \u2018cargar\u2019 a nadie, aunque todos los d\u00edas hagan m\u00e9ritos\u201d.<\/p>\n<blockquote class=\"twitter-tweet\" data-width=\"550\" data-dnt=\"true\">\n<p lang=\"es\" dir=\"ltr\">M\u00e9xico no deber\u00eda cargar con mentalidades tan  estupidas como la de <a href=\"https:\/\/twitter.com\/g_quadri?ref_src=twsrc%5Etfw\">@g_quadri<\/a><\/p>\n<p>&mdash; Iv\u00e1n Terrazas (@elivanterrazas) <a href=\"https:\/\/twitter.com\/elivanterrazas\/status\/1083963779086467072?ref_src=twsrc%5Etfw\">January 12, 2019<\/a><\/p><\/blockquote>\n<p><script async src=\"https:\/\/platform.twitter.com\/widgets.js\" charset=\"utf-8\"><\/script><\/p>\n<p><span class=\"s1\">\u201cM\u00e9xico<\/span><span class=\"s2\">\u00a0no deber\u00eda cargar con mentalidades tan<span class=\"Apple-converted-space\">\u00a0\u00a0<\/span>est\u00fapidas como la de Quadri\u201d, consider\u00f3 el\u00a0<\/span><span class=\"s3\">Jugador de B\u00e9isbol Profesional\u00a0de los Diablos Rojos Iv\u00e1n Terrazas.<\/span><\/p>\n<blockquote class=\"twitter-tweet\" data-width=\"550\" data-dnt=\"true\">\n<p lang=\"es\" dir=\"ltr\">Si Gabriel no tuviera que cargar con Quadri, ser\u00eda un cerebro en desarrollo medio. <a href=\"https:\/\/t.co\/HtkjiZVLhZ\">https:\/\/t.co\/HtkjiZVLhZ<\/a><\/p>\n<p>&mdash; \ud835\udd17\ud835\udd2f\ud835\udd36\ud835\udd2b\ud835\udd2c \ud835\udd10\ud835\udd1e\ud835\udd29\ud835\udd21\ud835\udd2c\ud835\udd2b\ud835\udd1e\ud835\udd21\ud835\udd2c (@tryno) <a href=\"https:\/\/twitter.com\/tryno\/status\/1083952406084313094?ref_src=twsrc%5Etfw\">January 12, 2019<\/a><\/p><\/blockquote>\n<p><script async src=\"https:\/\/platform.twitter.com\/widgets.js\" charset=\"utf-8\"><\/script><\/p>\n<p>El escritor\u00a0Tryno Maldonado cuestion\u00f3 la inteligencia de<strong>\u00a0Quadri de la Torre:<\/strong>\u201cSi Gabriel no tuviera que cargar con Quadri, ser\u00eda un cerebro en desarrollo medio\u201d.<\/p>\n<blockquote class=\"twitter-tweet\" data-width=\"550\" data-dnt=\"true\">\n<p lang=\"es\" dir=\"ltr\">A <a href=\"https:\/\/twitter.com\/g_quadri?ref_src=twsrc%5Etfw\">@g_quadri<\/a> le gusta llamar la atenci\u00f3n y ser tema p\u00fablico le tiene contento. Tiene una ventaja: la desgracia de su comentario no puede pasarse por alto porque refleja con toda claridad parte de nuestras limitaciones como pa\u00eds. <a href=\"https:\/\/t.co\/7p86T5KsKq\">https:\/\/t.co\/7p86T5KsKq<\/a><\/p>\n<p>&mdash; Marco Levario Turcott (@Arouet_V) <a href=\"https:\/\/twitter.com\/Arouet_V\/status\/1084078235166670849?ref_src=twsrc%5Etfw\">January 12, 2019<\/a><\/p><\/blockquote>\n<p><script async src=\"https:\/\/platform.twitter.com\/widgets.js\" charset=\"utf-8\"><\/script><\/p>\n<section class=\"post-content\">\n<p>Mientras que\u00a0Marco Levario Turcott, director de la revista\u00a0<em>Etc\u00e9tera<\/em>\u00a0asegur\u00f3 que al tambi\u00e9n ingeniero civil \u201cle gusta llamar la atenci\u00f3n\u201d y opin\u00f3 que tiene una ventaja: \u201cla desgracia de su comentario no puede pasarse por alto porque refleja con toda claridad parte de nuestras limitaciones como pa\u00eds\u201d.<\/p>\n<div class=\"at-below-post addthis_tool\" data-url=\"https:\/\/www.sinembargo.mx\/12-01-2019\/3521760\">\u00a0<\/div>\n<\/section>\n<div class=\"app-share-buttons\">\u00a0<\/div>\n","protected":false},"excerpt":{"rendered":"<p>Quadri no se disculpa: dice, en respuesta a Murat, que los \u201cmalos gobiernos\u201d deben darla<br \/>\nPor Redacci\u00f3n QP<\/p>\n","protected":false},"author":2,"featured_media":14065,"comment_status":"open","ping_status":"open","sticky":false,"template":"","format":"standard","meta":{"_monsterinsights_skip_tracking":false,"_monsterinsights_sitenote_active":false,"_monsterinsights_sitenote_note":"","_monsterinsights_sitenote_category":0,"footnotes":""},"categories":[2],"tags":[],"class_list":["post-14066","post","type-post","status-publish","format-standard","has-post-thumbnail","hentry","category-noticias"],"yoast_head":"<!-- This site is optimized with the Yoast SEO plugin v27.3 - https:\/\/yoast.com\/product\/yoast-seo-wordpress\/ -->\n<title>Quadri no se disculpa: dice, en respuesta a Murat, que los \u201cmalos gobiernos\u201d deben darla -<\/title>\n<meta name=\"robots\" content=\"index, follow, max-snippet:-1, max-image-preview:large, max-video-preview:-1\" \/>\n<link rel=\"canonical\" href=\"https:\/\/quehacerpolitico.mx\/?p=14066\" \/>\n<meta property=\"og:locale\" content=\"es_MX\" \/>\n<meta property=\"og:type\" content=\"article\" \/>\n<meta property=\"og:title\" content=\"Quadri no se disculpa: dice, en respuesta a Murat, que los \u201cmalos gobiernos\u201d deben darla -\" \/>\n<meta property=\"og:description\" content=\"Quadri no se disculpa: dice, en respuesta a Murat, que los \u201cmalos gobiernos\u201d deben darla Por Redacci\u00f3n QP\" \/>\n<meta property=\"og:url\" content=\"https:\/\/quehacerpolitico.mx\/?p=14066\" \/>\n<meta property=\"article:published_time\" content=\"2019-01-12T19:32:09+00:00\" \/>\n<meta name=\"author\" content=\"Redacci\u00f3n QP\" \/>\n<meta name=\"twitter:card\" content=\"summary_large_image\" \/>\n<meta name=\"twitter:label1\" content=\"Escrito por\" \/>\n\t<meta name=\"twitter:data1\" content=\"Redacci\u00f3n QP\" \/>\n\t<meta name=\"twitter:label2\" content=\"Tiempo de lectura\" \/>\n\t<meta name=\"twitter:data2\" content=\"4 minutos\" \/>\n<script type=\"application\/ld+json\" class=\"yoast-schema-graph\">{\"@context\":\"https:\\\/\\\/schema.org\",\"@graph\":[{\"@type\":\"Article\",\"@id\":\"https:\\\/\\\/quehacerpolitico.mx\\\/?p=14066#article\",\"isPartOf\":{\"@id\":\"https:\\\/\\\/quehacerpolitico.mx\\\/?p=14066\"},\"author\":{\"name\":\"Redacci\u00f3n QP\",\"@id\":\"https:\\\/\\\/quehacerpolitico.mx\\\/#\\\/schema\\\/person\\\/496d8ad2d1d3f8036101dca7ee39e585\"},\"headline\":\"Quadri no se disculpa: dice, en respuesta a Murat, que los \u201cmalos gobiernos\u201d deben darla\",\"datePublished\":\"2019-01-12T19:32:09+00:00\",\"mainEntityOfPage\":{\"@id\":\"https:\\\/\\\/quehacerpolitico.mx\\\/?p=14066\"},\"wordCount\":768,\"commentCount\":0,\"image\":{\"@id\":\"https:\\\/\\\/quehacerpolitico.mx\\\/?p=14066#primaryimage\"},\"thumbnailUrl\":\"\",\"articleSection\":[\"Noticias\"],\"inLanguage\":\"es\",\"potentialAction\":[{\"@type\":\"CommentAction\",\"name\":\"Comment\",\"target\":[\"https:\\\/\\\/quehacerpolitico.mx\\\/?p=14066#respond\"]}]},{\"@type\":\"WebPage\",\"@id\":\"https:\\\/\\\/quehacerpolitico.mx\\\/?p=14066\",\"url\":\"https:\\\/\\\/quehacerpolitico.mx\\\/?p=14066\",\"name\":\"Quadri no se disculpa: dice, en respuesta a Murat, que los \u201cmalos gobiernos\u201d deben darla -\",\"isPartOf\":{\"@id\":\"https:\\\/\\\/quehacerpolitico.mx\\\/#website\"},\"primaryImageOfPage\":{\"@id\":\"https:\\\/\\\/quehacerpolitico.mx\\\/?p=14066#primaryimage\"},\"image\":{\"@id\":\"https:\\\/\\\/quehacerpolitico.mx\\\/?p=14066#primaryimage\"},\"thumbnailUrl\":\"\",\"datePublished\":\"2019-01-12T19:32:09+00:00\",\"author\":{\"@id\":\"https:\\\/\\\/quehacerpolitico.mx\\\/#\\\/schema\\\/person\\\/496d8ad2d1d3f8036101dca7ee39e585\"},\"breadcrumb\":{\"@id\":\"https:\\\/\\\/quehacerpolitico.mx\\\/?p=14066#breadcrumb\"},\"inLanguage\":\"es\",\"potentialAction\":[{\"@type\":\"ReadAction\",\"target\":[\"https:\\\/\\\/quehacerpolitico.mx\\\/?p=14066\"]}]},{\"@type\":\"ImageObject\",\"inLanguage\":\"es\",\"@id\":\"https:\\\/\\\/quehacerpolitico.mx\\\/?p=14066#primaryimage\",\"url\":\"\",\"contentUrl\":\"\"},{\"@type\":\"BreadcrumbList\",\"@id\":\"https:\\\/\\\/quehacerpolitico.mx\\\/?p=14066#breadcrumb\",\"itemListElement\":[{\"@type\":\"ListItem\",\"position\":1,\"name\":\"Inicio\",\"item\":\"https:\\\/\\\/quehacerpolitico.mx\\\/\"},{\"@type\":\"ListItem\",\"position\":2,\"name\":\"Quadri no se disculpa: dice, en respuesta a Murat, que los \u201cmalos gobiernos\u201d deben darla\"}]},{\"@type\":\"WebSite\",\"@id\":\"https:\\\/\\\/quehacerpolitico.mx\\\/#website\",\"url\":\"https:\\\/\\\/quehacerpolitico.mx\\\/\",\"name\":\"\",\"description\":\"\",\"potentialAction\":[{\"@type\":\"SearchAction\",\"target\":{\"@type\":\"EntryPoint\",\"urlTemplate\":\"https:\\\/\\\/quehacerpolitico.mx\\\/?s={search_term_string}\"},\"query-input\":{\"@type\":\"PropertyValueSpecification\",\"valueRequired\":true,\"valueName\":\"search_term_string\"}}],\"inLanguage\":\"es\"},{\"@type\":\"Person\",\"@id\":\"https:\\\/\\\/quehacerpolitico.mx\\\/#\\\/schema\\\/person\\\/496d8ad2d1d3f8036101dca7ee39e585\",\"name\":\"Redacci\u00f3n QP\",\"image\":{\"@type\":\"ImageObject\",\"inLanguage\":\"es\",\"@id\":\"https:\\\/\\\/secure.gravatar.com\\\/avatar\\\/c7164ed6fdec453195284ad24a5ae5b6e1eed2b848477fa2a4787ba9adf39a41?s=96&d=mm&r=g\",\"url\":\"https:\\\/\\\/secure.gravatar.com\\\/avatar\\\/c7164ed6fdec453195284ad24a5ae5b6e1eed2b848477fa2a4787ba9adf39a41?s=96&d=mm&r=g\",\"contentUrl\":\"https:\\\/\\\/secure.gravatar.com\\\/avatar\\\/c7164ed6fdec453195284ad24a5ae5b6e1eed2b848477fa2a4787ba9adf39a41?s=96&d=mm&r=g\",\"caption\":\"Redacci\u00f3n QP\"},\"url\":\"https:\\\/\\\/quehacerpolitico.mx\\\/?author=2\"}]}<\/script>\n<!-- \/ Yoast SEO plugin. -->","yoast_head_json":{"title":"Quadri no se disculpa: dice, en respuesta a Murat, que los \u201cmalos gobiernos\u201d deben darla -","robots":{"index":"index","follow":"follow","max-snippet":"max-snippet:-1","max-image-preview":"max-image-preview:large","max-video-preview":"max-video-preview:-1"},"canonical":"https:\/\/quehacerpolitico.mx\/?p=14066","og_locale":"es_MX","og_type":"article","og_title":"Quadri no se disculpa: dice, en respuesta a Murat, que los \u201cmalos gobiernos\u201d deben darla -","og_description":"Quadri no se disculpa: dice, en respuesta a Murat, que los \u201cmalos gobiernos\u201d deben darla Por Redacci\u00f3n QP","og_url":"https:\/\/quehacerpolitico.mx\/?p=14066","article_published_time":"2019-01-12T19:32:09+00:00","author":"Redacci\u00f3n QP","twitter_card":"summary_large_image","twitter_misc":{"Escrito por":"Redacci\u00f3n QP","Tiempo de lectura":"4 minutos"},"schema":{"@context":"https:\/\/schema.org","@graph":[{"@type":"Article","@id":"https:\/\/quehacerpolitico.mx\/?p=14066#article","isPartOf":{"@id":"https:\/\/quehacerpolitico.mx\/?p=14066"},"author":{"name":"Redacci\u00f3n QP","@id":"https:\/\/quehacerpolitico.mx\/#\/schema\/person\/496d8ad2d1d3f8036101dca7ee39e585"},"headline":"Quadri no se disculpa: dice, en respuesta a Murat, que los \u201cmalos gobiernos\u201d deben darla","datePublished":"2019-01-12T19:32:09+00:00","mainEntityOfPage":{"@id":"https:\/\/quehacerpolitico.mx\/?p=14066"},"wordCount":768,"commentCount":0,"image":{"@id":"https:\/\/quehacerpolitico.mx\/?p=14066#primaryimage"},"thumbnailUrl":"","articleSection":["Noticias"],"inLanguage":"es","potentialAction":[{"@type":"CommentAction","name":"Comment","target":["https:\/\/quehacerpolitico.mx\/?p=14066#respond"]}]},{"@type":"WebPage","@id":"https:\/\/quehacerpolitico.mx\/?p=14066","url":"https:\/\/quehacerpolitico.mx\/?p=14066","name":"Quadri no se disculpa: dice, en respuesta a Murat, que los \u201cmalos gobiernos\u201d deben darla -","isPartOf":{"@id":"https:\/\/quehacerpolitico.mx\/#website"},"primaryImageOfPage":{"@id":"https:\/\/quehacerpolitico.mx\/?p=14066#primaryimage"},"image":{"@id":"https:\/\/quehacerpolitico.mx\/?p=14066#primaryimage"},"thumbnailUrl":"","datePublished":"2019-01-12T19:32:09+00:00","author":{"@id":"https:\/\/quehacerpolitico.mx\/#\/schema\/person\/496d8ad2d1d3f8036101dca7ee39e585"},"breadcrumb":{"@id":"https:\/\/quehacerpolitico.mx\/?p=14066#breadcrumb"},"inLanguage":"es","potentialAction":[{"@type":"ReadAction","target":["https:\/\/quehacerpolitico.mx\/?p=14066"]}]},{"@type":"ImageObject","inLanguage":"es","@id":"https:\/\/quehacerpolitico.mx\/?p=14066#primaryimage","url":"","contentUrl":""},{"@type":"BreadcrumbList","@id":"https:\/\/quehacerpolitico.mx\/?p=14066#breadcrumb","itemListElement":[{"@type":"ListItem","position":1,"name":"Inicio","item":"https:\/\/quehacerpolitico.mx\/"},{"@type":"ListItem","position":2,"name":"Quadri no se disculpa: dice, en respuesta a Murat, que los \u201cmalos gobiernos\u201d deben darla"}]},{"@type":"WebSite","@id":"https:\/\/quehacerpolitico.mx\/#website","url":"https:\/\/quehacerpolitico.mx\/","name":"","description":"","potentialAction":[{"@type":"SearchAction","target":{"@type":"EntryPoint","urlTemplate":"https:\/\/quehacerpolitico.mx\/?s={search_term_string}"},"query-input":{"@type":"PropertyValueSpecification","valueRequired":true,"valueName":"search_term_string"}}],"inLanguage":"es"},{"@type":"Person","@id":"https:\/\/quehacerpolitico.mx\/#\/schema\/person\/496d8ad2d1d3f8036101dca7ee39e585","name":"Redacci\u00f3n QP","image":{"@type":"ImageObject","inLanguage":"es","@id":"https:\/\/secure.gravatar.com\/avatar\/c7164ed6fdec453195284ad24a5ae5b6e1eed2b848477fa2a4787ba9adf39a41?s=96&d=mm&r=g","url":"https:\/\/secure.gravatar.com\/avatar\/c7164ed6fdec453195284ad24a5ae5b6e1eed2b848477fa2a4787ba9adf39a41?s=96&d=mm&r=g","contentUrl":"https:\/\/secure.gravatar.com\/avatar\/c7164ed6fdec453195284ad24a5ae5b6e1eed2b848477fa2a4787ba9adf39a41?s=96&d=mm&r=g","caption":"Redacci\u00f3n QP"},"url":"https:\/\/quehacerpolitico.mx\/?author=2"}]}},"featured_image_urls":{"full":"","thumbnail":"","medium":"","medium_large":"","large":"","1536x1536":"","2048x2048":"","covernews-featured":"","covernews-medium":""},"author_info":{"display_name":"Redacci\u00f3n QP","author_link":"https:\/\/quehacerpolitico.mx\/?author=2"},"category_info":"<a href=\"https:\/\/quehacerpolitico.mx\/?cat=2\" rel=\"category\">Noticias<\/a>","tag_info":"Noticias","comment_count":"0","_links":{"self":[{"href":"https:\/\/quehacerpolitico.mx\/index.php?rest_route=\/wp\/v2\/posts\/14066","targetHints":{"allow":["GET"]}}],"collection":[{"href":"https:\/\/quehacerpolitico.mx\/index.php?rest_route=\/wp\/v2\/posts"}],"about":[{"href":"https:\/\/quehacerpolitico.mx\/index.php?rest_route=\/wp\/v2\/types\/post"}],"author":[{"embeddable":true,"href":"https:\/\/quehacerpolitico.mx\/index.php?rest_route=\/wp\/v2\/users\/2"}],"replies":[{"embeddable":true,"href":"https:\/\/quehacerpolitico.mx\/index.php?rest_route=%2Fwp%2Fv2%2Fcomments&post=14066"}],"version-history":[{"count":0,"href":"https:\/\/quehacerpolitico.mx\/index.php?rest_route=\/wp\/v2\/posts\/14066\/revisions"}],"wp:featuredmedia":[{"embeddable":true,"href":"https:\/\/quehacerpolitico.mx\/index.php?rest_route=\/"}],"wp:attachment":[{"href":"https:\/\/quehacerpolitico.mx\/index.php?rest_route=%2Fwp%2Fv2%2Fmedia&parent=14066"}],"wp:term":[{"taxonomy":"category","embeddable":true,"href":"https:\/\/quehacerpolitico.mx\/index.php?rest_route=%2Fwp%2Fv2%2Fcategories&post=14066"},{"taxonomy":"post_tag","embeddable":true,"href":"https:\/\/quehacerpolitico.mx\/index.php?rest_route=%2Fwp%2Fv2%2Ftags&post=14066"}],"curies":[{"name":"wp","href":"https:\/\/api.w.org\/{rel}","templated":true}]}}