{"id":14064,"date":"2019-01-12T18:15:51","date_gmt":"2019-01-12T18:15:51","guid":{"rendered":"http:\/\/quehacerpolitico.mx\/el-gobierno-de-epn-sirvio-para-facilitar-el-saqueo-dice-amlo-en-presentacion-del-ano-de-zapata\/"},"modified":"2019-01-12T18:15:51","modified_gmt":"2019-01-12T18:15:51","slug":"el-gobierno-de-epn-sirvio-para-facilitar-el-saqueo-dice-amlo-en-presentacion-del-ano-de-zapata","status":"publish","type":"post","link":"https:\/\/quehacerpolitico.mx\/?p=14064","title":{"rendered":"El Gobierno de EPN sirvi\u00f3 para facilitar el saqueo, dice AMLO en presentaci\u00f3n del A\u00f1o de Zapata"},"content":{"rendered":"<h1>El Gobierno de EPN sirvi\u00f3 para facilitar el saqueo, dice AMLO en presentaci\u00f3n del A\u00f1o de Zapata<\/h1>\n<p>Por Redacci\u00f3n QP<\/p>\n<p>El Presidente <strong>Andr\u00e9s Manuel L\u00f3pez Obrador<\/strong> asegur\u00f3 este s\u00e1bado que\u00a0el <strong>Gobierno<\/strong> que se fue \u2013encabezado por el priista <strong>Enrique Pe\u00f1a Nieto<\/strong>\u2013, no estaba con el pueblo, \u201cserv\u00eda de facilitador para el <strong>saqueo<\/strong>, para el <strong>robo<\/strong>\u201d.<\/p>\n<blockquote>\n<p>Por eso necesitamos ajustar todo: que no haya <strong>saqueo<\/strong>, que no haya <strong>robo<\/strong>, y todo se destine al bienestar del pueblo, plante\u00f3. Pero esto que se dice f\u00e1cil, no lo es, reconoci\u00f3 desde Ayala, Morelos, en la presentaci\u00f3n oficial de \u201c2019, A\u00f1o del Caudillo del Sur <strong>Emiliano<\/strong> <strong>Zapata<\/strong>Salazar\u201d.<\/p>\n<\/blockquote>\n<p>El Presidente se refiri\u00f3 a la problem\u00e1tica de gobernar y levantar los censos para repartir los apoyos que har\u00e1n a estudiantes y a campesinos de Morelos, con el objeto de que sean apoyos directos y no sean politizados por grupos ajenos.<\/p>\n<p>El problema, a\u00f1adi\u00f3, es que se ech\u00f3 a perder el <strong>Gobierno<\/strong> y en cada paso \u201cmochaban\u201d los apoyos. Por eso, dijo, todo lo que se consiga y se ahorre por no permitir la corrupci\u00f3n se va a bajar a la gente.<\/p>\n<blockquote>\n<p>Por el huachicoleo, por ejemplo, se robaban 60 mil millones de pesos y se fue creando un sistema paralelo de distribuci\u00f3n de gasolina, estaba hasta contabilizado en Pemex. \u201cEsto no lo podemos permitir: se acaba el huachicol arriba y abajo\u201d, afirm\u00f3.<\/p>\n<\/blockquote>\n<p>Hay resistencia, expuso, pero no vamos a dar marcha atr\u00e1s. \u201cNos est\u00e1 apoyando el Ej\u00e9rcito, la Marina y nos est\u00e1 apoyando el pueblo\u201d, confirm\u00f3.<\/p>\n<p>El modelo neoliberal nos llev\u00f3 a la ruina y ahora, lo que nunca hab\u00eda pasado, M\u00e9xico es importador de gasolinas, mencion\u00f3. El principal ducto, el que viene de Tuxpan, lo han usado para robarle a Petr\u00f3leos Mexicanos (Pemex).<\/p>\n<p>Se decidi\u00f3 controlar eso, con vigilancia, y van tres d\u00edas que nos boicotean, que hacen boquetes en el ducto de Tuxpan a Azcapotzalco. Ayer lo hicieron de nuevo, a las 11 de la noche, inform\u00f3.<\/p>\n<p>El ducto est\u00e1 en funcionamiento y \u201cme canso ganso\u201d de que vamos a poner orden, dijo el Presidente.<\/p>\n<blockquote>\n<p>\u201c\u00a1Imag\u00ednense si evitamos que se roben esos 60 mil millones de pesos! Ese dinero es del pueblo y por eso el Presidente de la Rep\u00fablica no va a tolerar nunca la corrupci\u00f3n de nadie. Se acaba la impunidad\u201d, destac\u00f3.<\/p>\n<\/blockquote>\n<p>Por eso me da mucho gusto estar aqu\u00ed y sus peticiones ser\u00e1 atendidas, dijo. Nom\u00e1s que es un proceso, \u201cah\u00ed vamos\u201d, porque el objetivo es la justicia.<\/p>\n<p><strong>TERMO NO, PIDEN EN AYALA<\/strong><\/p>\n<p>En su participaci\u00f3n, el nieto del Caudillo del Sur, Jorge Zapata, dijo a las autoridades estatales y federales que el pueblo de Ayala no permitir\u00e1 la construcci\u00f3n de una termoel\u00e9ctrica ni que empresas extranjeras les roben el agua.<\/p>\n<p>Tambi\u00e9n, a nombre del pueblo y en recuerdo de su abuelo, pidi\u00f3 a <strong>L\u00f3pez Obrador<\/strong> que se comprometa a clausurar el proyecto de la termoel\u00e9ctrica, porque \u201caqu\u00ed no la dejaremos trabajar\u201d.<\/p>\n<blockquote>\n<p>\u201cNo vamos a permitir que gente se venga a adue\u00f1ar de todos los recursos de los ayalenses. [\u2026] Viene una lucha contra la termoel\u00e9ctrica. Se\u00f1or Presidente, le pedimos que se comprometa a cancelar esa termoel\u00e9ctrica. Ya no queremos vivir con la zozobra\u201d, indic\u00f3.<\/p>\n<\/blockquote>\n<p>El Presidente pidi\u00f3 un mes para resolver el conflicto de la termoel\u00e9ctrica en Ayala, porque ser\u00eda irresponsable y demagogia tomar una decisi\u00f3n de momento, como le pidi\u00f3 Jorge Zapata, nieto del Caudillo del Sur.<\/p>\n<p>Necesitamos analizar, dijo, el valor del proyecto, lo que se ha invertido y lo que m\u00e1s conviene, porque es una obra de la Comisi\u00f3n Federal de Electricidad (CFE), y eso es del pueblo. Se debe cuidar, antes que nada el medio ambiente y el agua, que eso est\u00e1 por encima de cualquier inter\u00e9s material. Pero no se puede dejar una obra as\u00ed, y ofrezco que en un mes nos sentamos para resolverlo, aqu\u00ed se va a decidir si va o no va, explic\u00f3.<\/p>\n<p><strong>2019: A\u00d1O DE EMILIANO ZAPATA<\/strong><\/p>\n<p>Por otra parte, el Jefe del Ejecutivo federal dijo que es de justicia que en 2019, cuando se cumplen 100 a\u00f1os del asesinato de <strong>Emiliano Zapata<\/strong> Salazar, el Caudillo del Sur sea homenajeado.<\/p>\n<blockquote>\n<p>\u201cCada quien tiene su interpretaci\u00f3n sobre el pensamiento y la acci\u00f3n del General, cal\u00f3 hondo en M\u00e9xico y como se repite en la consigna: \u2018Zapata vive\u2019, como son eternos todos los luchadores sociales, todos los que en las distintas \u00e9pocas de nuestra historia han ofrendado hasta su vida por la justicia, la libertad y la defensa de la soberan\u00eda\u201d, sostuvo.<\/p>\n<p>Durante la ceremonia, celebrada en el Pabell\u00f3n Zapata, <strong>L\u00f3pez Obrador<\/strong> afirm\u00f3 que \u00e9l tiene su interpretaci\u00f3n sobre la justicia y el no abuso, la cual est\u00e1 basada en el pensamiento de Jos\u00e9 Mar\u00eda Morelos, y que es la protecci\u00f3n del d\u00e9bil frente a los abusos.<\/p>\n<p>Aqu\u00ed en Ayala, a\u00f1adi\u00f3, los due\u00f1os de la Hacienda El Hospital, quienes por su influyentismo en el porfiriato invad\u00edan las tierras de Anenecuilco, hasta que el pueblo comenz\u00f3 a organizarse. La asamblea, agreg\u00f3, se hizo en sigilo para tomar una decisi\u00f3n trascendente: el relevo generacional, una directiva de j\u00f3venes, y ah\u00ed se eligi\u00f3 a un joven <strong>Emiliano Zapata<\/strong>, que fue una o dos veces a hacer gestiones y present\u00f3 escritos, pero se dio cuenta de que no iba a lograr nada.<\/p>\n<blockquote>\n<p>Organiz\u00f3 a los campesinos, dijo AMLO, y comenz\u00f3 a quitar las cercas y restituir las tierras a sus verdaderos due\u00f1os. No fue abuso ni prepotencia, fue justicia, afirm\u00f3 el mandatario. Otra lecci\u00f3n de Emiliano Zapata, expuso, es que un gobernante tiene que contar con el apoyo del pueblo. \u201cSi se divorcia del pueblo, no hace nada, no vale nada\u201d, asever\u00f3. M\u00e1s cuando se surge de un movimiento transformador, abund\u00f3 el Presidente.<\/p>\n<p>https:\/\/twitter.com\/meyerfalcon\/status\/1084133506920280064?s=21<\/p>\n<p>Emiliano Zapata Salazar \u2013quien naci\u00f3 en Anenecuilco, Morelos, el 8 de agosto de 1879 y fue asesinado el 10 de abril de 1919 en la Hacienda de Chinameca, Morelos\u2013 y otro gran General como Francisco Villa no pudieron llegar a un acuerdo, los distanciaron, y no pudieron apoyar al Presidente Francisco I. Madero, quien se qued\u00f3 s\u00f3lo y fue presa f\u00e1cil de \u201clos chacales\u201d, record\u00f3 AMLO.<\/p>\n<p>Esa es la lecci\u00f3n, reiter\u00f3, no distanciarnos del pueblo: \u201cGobierno del pueblo, con el pueblo y para el pueblo\u201d. As\u00ed vamos a enfrentar los grandes problemas nacionales porque como ustedes comprender\u00e1n, nos dejaron un pa\u00eds muy complicado, sentenci\u00f3.<\/p>\n<blockquote class=\"twitter-tweet\" data-width=\"550\" data-dnt=\"true\">\n<p lang=\"es\" dir=\"ltr\">Nos complace recibir al Presidente de M\u00e9xico, <a href=\"https:\/\/twitter.com\/lopezobrador_?ref_src=twsrc%5Etfw\">@lopezobrador_<\/a> en tierra morelense, y nos llena de alegr\u00eda la proclamaci\u00f3n del a\u00f1o 2019 como el A\u00f1o del Caudillo del Sur, Emiliano Zapata Salazar. <a href=\"https:\/\/t.co\/B8Fzx2X4uM\">pic.twitter.com\/B8Fzx2X4uM<\/a><\/p>\n<p>&mdash; Cuauht\u00e9moc Blanco (@cuauhtemocb10) <a href=\"https:\/\/twitter.com\/cuauhtemocb10\/status\/1084135697043374083?ref_src=twsrc%5Etfw\">January 12, 2019<\/a><\/p><\/blockquote>\n<p><script async src=\"https:\/\/platform.twitter.com\/widgets.js\" charset=\"utf-8\"><\/script><\/p>\n<p>Rom\u00e1n Meyer Falc\u00f3n, titular de la Secretar\u00eda de Desarrollo Agrario, Territorial y Urbano (Sedatu), asegur\u00f3 que trabajar\u00e1n para que los n\u00facleos agrarios cuenten con los servicios p\u00fablicos necesarios, as\u00ed como para que sean ellos \u201cquienes den vida a la demanda de Zapata\u201d.<\/p>\n<p>Mientras que\u00a0Cuauht\u00e9moc Blanco, Gobernador de Morelos, se\u00f1al\u00f3 que su\u00a0administraci\u00f3n abraza los principios b\u00e1sicos del l\u00edder campesino. Adem\u00e1s, dio a bienvenida a L\u00f3pez Obrador y ofreci\u00f3 su apoyo para trabajar en favor del pa\u00eds.<\/p>\n<div id=\"attachment_3521711\" class=\"wp-caption alignnone\"><img loading=\"lazy\" decoding=\"async\" class=\"size-full wp-image-3521711\" src=\"https:\/\/www.sinembargo.mx\/wp-content\/uploads\/2019\/01\/conferencia_matutina_amlo_zapata-1.jpg\" sizes=\"auto, (max-width: 700px) 100vw, 700px\" srcset=\"https:\/\/www.sinembargo.mx\/wp-content\/uploads\/2019\/01\/conferencia_matutina_amlo_zapata-1.jpg 700w, https:\/\/www.sinembargo.mx\/wp-content\/uploads\/2019\/01\/conferencia_matutina_amlo_zapata-1-300x200.jpg 300w\" alt=\"\" width=\"700\" height=\"467\" \/><\/p>\n<p class=\"wp-caption-text\">Andr\u00e9s Manuel L\u00f3pez Obrador, Presidente de M\u00e9xico, abraza efusivamente a Jorge Zapata, nieto del h\u00e9roe revolucionario, Emiliano Zapata, durante la conferencia matutina a medios de comunicaci\u00f3n. Foto: Misael Valtierra, Cuartoscuro<\/p>\n<\/div>\n<p>El Presidente Andr\u00e9s Manuel L\u00f3pez Obrador inform\u00f3 ayer que el Gobierno de la Rep\u00fablica decidi\u00f3 que este a\u00f1o se dedique a recordar la gesta hist\u00f3rica que encabez\u00f3 Emiliano Zapata, por lo que toda la papeler\u00eda de su administraci\u00f3n va a llevar su nombre.<\/p>\n<p>Durante la conferencia matutina, Jorge Zapata, nieto del h\u00e9roe de la Revoluci\u00f3n Mexicana, dijo que juntos van a reconstruir al M\u00e9xico al que le han querido quitar la esperanza y le ofreci\u00f3 su apoyo para continuar con la cuarta transformaci\u00f3n del pa\u00eds.<\/p>\n<blockquote>\n<p>\u201cUn M\u00e9xico despert\u00f3 en pie de lucha. La esperanza empieza a brillar con el quinto Sol. [\u2026] Hoy, ante la embestida de los enemigos de M\u00e9xico, hacemos un llamado a cerrar filas en torno a este proyecto de naci\u00f3n que quiere terminar con la pobreza, la impunidad y la corrupci\u00f3n\u201d, se\u00f1al\u00f3.<\/p>\n<p>https:\/\/www.facebook.com\/lopezobrador.org.mx\/videos\/228993854652882\/<\/p>\n<\/blockquote>\n<\/blockquote>\n<\/blockquote>\n","protected":false},"excerpt":{"rendered":"<p>El Gobierno de EPN sirvi\u00f3 para facilitar el saqueo, dice AMLO en presentaci\u00f3n del A\u00f1o de Zapata<br \/>\nPor Redacci\u00f3n QP<\/p>\n","protected":false},"author":2,"featured_media":14063,"comment_status":"open","ping_status":"open","sticky":false,"template":"","format":"standard","meta":{"_monsterinsights_skip_tracking":false,"_monsterinsights_sitenote_active":false,"_monsterinsights_sitenote_note":"","_monsterinsights_sitenote_category":0,"footnotes":""},"categories":[2],"tags":[],"class_list":["post-14064","post","type-post","status-publish","format-standard","has-post-thumbnail","hentry","category-noticias"],"yoast_head":"<!-- This site is optimized with the Yoast SEO plugin v27.3 - https:\/\/yoast.com\/product\/yoast-seo-wordpress\/ -->\n<title>El Gobierno de EPN sirvi\u00f3 para facilitar el saqueo, dice AMLO en presentaci\u00f3n del A\u00f1o de Zapata -<\/title>\n<meta name=\"robots\" content=\"index, follow, max-snippet:-1, max-image-preview:large, max-video-preview:-1\" \/>\n<link rel=\"canonical\" href=\"https:\/\/quehacerpolitico.mx\/?p=14064\" \/>\n<meta property=\"og:locale\" content=\"es_MX\" \/>\n<meta property=\"og:type\" content=\"article\" \/>\n<meta property=\"og:title\" content=\"El Gobierno de EPN sirvi\u00f3 para facilitar el saqueo, dice AMLO en presentaci\u00f3n del A\u00f1o de Zapata -\" \/>\n<meta property=\"og:description\" content=\"El Gobierno de EPN sirvi\u00f3 para facilitar el saqueo, dice AMLO en presentaci\u00f3n del A\u00f1o de Zapata Por Redacci\u00f3n QP\" \/>\n<meta property=\"og:url\" content=\"https:\/\/quehacerpolitico.mx\/?p=14064\" \/>\n<meta property=\"article:published_time\" content=\"2019-01-12T18:15:51+00:00\" \/>\n<meta name=\"author\" content=\"Redacci\u00f3n QP\" \/>\n<meta name=\"twitter:card\" content=\"summary_large_image\" \/>\n<meta name=\"twitter:label1\" content=\"Escrito por\" \/>\n\t<meta name=\"twitter:data1\" content=\"Redacci\u00f3n QP\" \/>\n\t<meta name=\"twitter:label2\" content=\"Tiempo de lectura\" \/>\n\t<meta name=\"twitter:data2\" content=\"7 minutos\" \/>\n<script type=\"application\/ld+json\" class=\"yoast-schema-graph\">{\"@context\":\"https:\\\/\\\/schema.org\",\"@graph\":[{\"@type\":\"Article\",\"@id\":\"https:\\\/\\\/quehacerpolitico.mx\\\/?p=14064#article\",\"isPartOf\":{\"@id\":\"https:\\\/\\\/quehacerpolitico.mx\\\/?p=14064\"},\"author\":{\"name\":\"Redacci\u00f3n QP\",\"@id\":\"https:\\\/\\\/quehacerpolitico.mx\\\/#\\\/schema\\\/person\\\/496d8ad2d1d3f8036101dca7ee39e585\"},\"headline\":\"El Gobierno de EPN sirvi\u00f3 para facilitar el saqueo, dice AMLO en presentaci\u00f3n del A\u00f1o de Zapata\",\"datePublished\":\"2019-01-12T18:15:51+00:00\",\"mainEntityOfPage\":{\"@id\":\"https:\\\/\\\/quehacerpolitico.mx\\\/?p=14064\"},\"wordCount\":1413,\"commentCount\":0,\"image\":{\"@id\":\"https:\\\/\\\/quehacerpolitico.mx\\\/?p=14064#primaryimage\"},\"thumbnailUrl\":\"\",\"articleSection\":[\"Noticias\"],\"inLanguage\":\"es\",\"potentialAction\":[{\"@type\":\"CommentAction\",\"name\":\"Comment\",\"target\":[\"https:\\\/\\\/quehacerpolitico.mx\\\/?p=14064#respond\"]}]},{\"@type\":\"WebPage\",\"@id\":\"https:\\\/\\\/quehacerpolitico.mx\\\/?p=14064\",\"url\":\"https:\\\/\\\/quehacerpolitico.mx\\\/?p=14064\",\"name\":\"El Gobierno de EPN sirvi\u00f3 para facilitar el saqueo, dice AMLO en presentaci\u00f3n del A\u00f1o de Zapata -\",\"isPartOf\":{\"@id\":\"https:\\\/\\\/quehacerpolitico.mx\\\/#website\"},\"primaryImageOfPage\":{\"@id\":\"https:\\\/\\\/quehacerpolitico.mx\\\/?p=14064#primaryimage\"},\"image\":{\"@id\":\"https:\\\/\\\/quehacerpolitico.mx\\\/?p=14064#primaryimage\"},\"thumbnailUrl\":\"\",\"datePublished\":\"2019-01-12T18:15:51+00:00\",\"author\":{\"@id\":\"https:\\\/\\\/quehacerpolitico.mx\\\/#\\\/schema\\\/person\\\/496d8ad2d1d3f8036101dca7ee39e585\"},\"breadcrumb\":{\"@id\":\"https:\\\/\\\/quehacerpolitico.mx\\\/?p=14064#breadcrumb\"},\"inLanguage\":\"es\",\"potentialAction\":[{\"@type\":\"ReadAction\",\"target\":[\"https:\\\/\\\/quehacerpolitico.mx\\\/?p=14064\"]}]},{\"@type\":\"ImageObject\",\"inLanguage\":\"es\",\"@id\":\"https:\\\/\\\/quehacerpolitico.mx\\\/?p=14064#primaryimage\",\"url\":\"\",\"contentUrl\":\"\"},{\"@type\":\"BreadcrumbList\",\"@id\":\"https:\\\/\\\/quehacerpolitico.mx\\\/?p=14064#breadcrumb\",\"itemListElement\":[{\"@type\":\"ListItem\",\"position\":1,\"name\":\"Inicio\",\"item\":\"https:\\\/\\\/quehacerpolitico.mx\\\/\"},{\"@type\":\"ListItem\",\"position\":2,\"name\":\"El Gobierno de EPN sirvi\u00f3 para facilitar el saqueo, dice AMLO en presentaci\u00f3n del A\u00f1o de Zapata\"}]},{\"@type\":\"WebSite\",\"@id\":\"https:\\\/\\\/quehacerpolitico.mx\\\/#website\",\"url\":\"https:\\\/\\\/quehacerpolitico.mx\\\/\",\"name\":\"\",\"description\":\"\",\"potentialAction\":[{\"@type\":\"SearchAction\",\"target\":{\"@type\":\"EntryPoint\",\"urlTemplate\":\"https:\\\/\\\/quehacerpolitico.mx\\\/?s={search_term_string}\"},\"query-input\":{\"@type\":\"PropertyValueSpecification\",\"valueRequired\":true,\"valueName\":\"search_term_string\"}}],\"inLanguage\":\"es\"},{\"@type\":\"Person\",\"@id\":\"https:\\\/\\\/quehacerpolitico.mx\\\/#\\\/schema\\\/person\\\/496d8ad2d1d3f8036101dca7ee39e585\",\"name\":\"Redacci\u00f3n QP\",\"image\":{\"@type\":\"ImageObject\",\"inLanguage\":\"es\",\"@id\":\"https:\\\/\\\/secure.gravatar.com\\\/avatar\\\/c7164ed6fdec453195284ad24a5ae5b6e1eed2b848477fa2a4787ba9adf39a41?s=96&d=mm&r=g\",\"url\":\"https:\\\/\\\/secure.gravatar.com\\\/avatar\\\/c7164ed6fdec453195284ad24a5ae5b6e1eed2b848477fa2a4787ba9adf39a41?s=96&d=mm&r=g\",\"contentUrl\":\"https:\\\/\\\/secure.gravatar.com\\\/avatar\\\/c7164ed6fdec453195284ad24a5ae5b6e1eed2b848477fa2a4787ba9adf39a41?s=96&d=mm&r=g\",\"caption\":\"Redacci\u00f3n QP\"},\"url\":\"https:\\\/\\\/quehacerpolitico.mx\\\/?author=2\"}]}<\/script>\n<!-- \/ Yoast SEO plugin. -->","yoast_head_json":{"title":"El Gobierno de EPN sirvi\u00f3 para facilitar el saqueo, dice AMLO en presentaci\u00f3n del A\u00f1o de Zapata -","robots":{"index":"index","follow":"follow","max-snippet":"max-snippet:-1","max-image-preview":"max-image-preview:large","max-video-preview":"max-video-preview:-1"},"canonical":"https:\/\/quehacerpolitico.mx\/?p=14064","og_locale":"es_MX","og_type":"article","og_title":"El Gobierno de EPN sirvi\u00f3 para facilitar el saqueo, dice AMLO en presentaci\u00f3n del A\u00f1o de Zapata -","og_description":"El Gobierno de EPN sirvi\u00f3 para facilitar el saqueo, dice AMLO en presentaci\u00f3n del A\u00f1o de Zapata Por Redacci\u00f3n QP","og_url":"https:\/\/quehacerpolitico.mx\/?p=14064","article_published_time":"2019-01-12T18:15:51+00:00","author":"Redacci\u00f3n QP","twitter_card":"summary_large_image","twitter_misc":{"Escrito por":"Redacci\u00f3n QP","Tiempo de lectura":"7 minutos"},"schema":{"@context":"https:\/\/schema.org","@graph":[{"@type":"Article","@id":"https:\/\/quehacerpolitico.mx\/?p=14064#article","isPartOf":{"@id":"https:\/\/quehacerpolitico.mx\/?p=14064"},"author":{"name":"Redacci\u00f3n QP","@id":"https:\/\/quehacerpolitico.mx\/#\/schema\/person\/496d8ad2d1d3f8036101dca7ee39e585"},"headline":"El Gobierno de EPN sirvi\u00f3 para facilitar el saqueo, dice AMLO en presentaci\u00f3n del A\u00f1o de Zapata","datePublished":"2019-01-12T18:15:51+00:00","mainEntityOfPage":{"@id":"https:\/\/quehacerpolitico.mx\/?p=14064"},"wordCount":1413,"commentCount":0,"image":{"@id":"https:\/\/quehacerpolitico.mx\/?p=14064#primaryimage"},"thumbnailUrl":"","articleSection":["Noticias"],"inLanguage":"es","potentialAction":[{"@type":"CommentAction","name":"Comment","target":["https:\/\/quehacerpolitico.mx\/?p=14064#respond"]}]},{"@type":"WebPage","@id":"https:\/\/quehacerpolitico.mx\/?p=14064","url":"https:\/\/quehacerpolitico.mx\/?p=14064","name":"El Gobierno de EPN sirvi\u00f3 para facilitar el saqueo, dice AMLO en presentaci\u00f3n del A\u00f1o de Zapata -","isPartOf":{"@id":"https:\/\/quehacerpolitico.mx\/#website"},"primaryImageOfPage":{"@id":"https:\/\/quehacerpolitico.mx\/?p=14064#primaryimage"},"image":{"@id":"https:\/\/quehacerpolitico.mx\/?p=14064#primaryimage"},"thumbnailUrl":"","datePublished":"2019-01-12T18:15:51+00:00","author":{"@id":"https:\/\/quehacerpolitico.mx\/#\/schema\/person\/496d8ad2d1d3f8036101dca7ee39e585"},"breadcrumb":{"@id":"https:\/\/quehacerpolitico.mx\/?p=14064#breadcrumb"},"inLanguage":"es","potentialAction":[{"@type":"ReadAction","target":["https:\/\/quehacerpolitico.mx\/?p=14064"]}]},{"@type":"ImageObject","inLanguage":"es","@id":"https:\/\/quehacerpolitico.mx\/?p=14064#primaryimage","url":"","contentUrl":""},{"@type":"BreadcrumbList","@id":"https:\/\/quehacerpolitico.mx\/?p=14064#breadcrumb","itemListElement":[{"@type":"ListItem","position":1,"name":"Inicio","item":"https:\/\/quehacerpolitico.mx\/"},{"@type":"ListItem","position":2,"name":"El Gobierno de EPN sirvi\u00f3 para facilitar el saqueo, dice AMLO en presentaci\u00f3n del A\u00f1o de Zapata"}]},{"@type":"WebSite","@id":"https:\/\/quehacerpolitico.mx\/#website","url":"https:\/\/quehacerpolitico.mx\/","name":"","description":"","potentialAction":[{"@type":"SearchAction","target":{"@type":"EntryPoint","urlTemplate":"https:\/\/quehacerpolitico.mx\/?s={search_term_string}"},"query-input":{"@type":"PropertyValueSpecification","valueRequired":true,"valueName":"search_term_string"}}],"inLanguage":"es"},{"@type":"Person","@id":"https:\/\/quehacerpolitico.mx\/#\/schema\/person\/496d8ad2d1d3f8036101dca7ee39e585","name":"Redacci\u00f3n QP","image":{"@type":"ImageObject","inLanguage":"es","@id":"https:\/\/secure.gravatar.com\/avatar\/c7164ed6fdec453195284ad24a5ae5b6e1eed2b848477fa2a4787ba9adf39a41?s=96&d=mm&r=g","url":"https:\/\/secure.gravatar.com\/avatar\/c7164ed6fdec453195284ad24a5ae5b6e1eed2b848477fa2a4787ba9adf39a41?s=96&d=mm&r=g","contentUrl":"https:\/\/secure.gravatar.com\/avatar\/c7164ed6fdec453195284ad24a5ae5b6e1eed2b848477fa2a4787ba9adf39a41?s=96&d=mm&r=g","caption":"Redacci\u00f3n QP"},"url":"https:\/\/quehacerpolitico.mx\/?author=2"}]}},"featured_image_urls":{"full":"","thumbnail":"","medium":"","medium_large":"","large":"","1536x1536":"","2048x2048":"","covernews-featured":"","covernews-medium":""},"author_info":{"display_name":"Redacci\u00f3n QP","author_link":"https:\/\/quehacerpolitico.mx\/?author=2"},"category_info":"<a href=\"https:\/\/quehacerpolitico.mx\/?cat=2\" rel=\"category\">Noticias<\/a>","tag_info":"Noticias","comment_count":"0","_links":{"self":[{"href":"https:\/\/quehacerpolitico.mx\/index.php?rest_route=\/wp\/v2\/posts\/14064","targetHints":{"allow":["GET"]}}],"collection":[{"href":"https:\/\/quehacerpolitico.mx\/index.php?rest_route=\/wp\/v2\/posts"}],"about":[{"href":"https:\/\/quehacerpolitico.mx\/index.php?rest_route=\/wp\/v2\/types\/post"}],"author":[{"embeddable":true,"href":"https:\/\/quehacerpolitico.mx\/index.php?rest_route=\/wp\/v2\/users\/2"}],"replies":[{"embeddable":true,"href":"https:\/\/quehacerpolitico.mx\/index.php?rest_route=%2Fwp%2Fv2%2Fcomments&post=14064"}],"version-history":[{"count":0,"href":"https:\/\/quehacerpolitico.mx\/index.php?rest_route=\/wp\/v2\/posts\/14064\/revisions"}],"wp:featuredmedia":[{"embeddable":true,"href":"https:\/\/quehacerpolitico.mx\/index.php?rest_route=\/"}],"wp:attachment":[{"href":"https:\/\/quehacerpolitico.mx\/index.php?rest_route=%2Fwp%2Fv2%2Fmedia&parent=14064"}],"wp:term":[{"taxonomy":"category","embeddable":true,"href":"https:\/\/quehacerpolitico.mx\/index.php?rest_route=%2Fwp%2Fv2%2Fcategories&post=14064"},{"taxonomy":"post_tag","embeddable":true,"href":"https:\/\/quehacerpolitico.mx\/index.php?rest_route=%2Fwp%2Fv2%2Ftags&post=14064"}],"curies":[{"name":"wp","href":"https:\/\/api.w.org\/{rel}","templated":true}]}}