{"id":14046,"date":"2019-01-12T16:08:44","date_gmt":"2019-01-12T16:08:44","guid":{"rendered":"http:\/\/quehacerpolitico.mx\/mildred-de-6-es-arrebatada-de-la-mano-de-su-madre-a-la-salida-de-la-escuela-en-edomex-su-familia-la-busca\/"},"modified":"2019-01-12T16:08:44","modified_gmt":"2019-01-12T16:08:44","slug":"mildred-de-6-es-arrebatada-de-la-mano-de-su-madre-a-la-salida-de-la-escuela-en-edomex-su-familia-la-busca","status":"publish","type":"post","link":"https:\/\/quehacerpolitico.mx\/?p=14046","title":{"rendered":"Mildred, de 6, es arrebatada de la mano de su madre a la salida de la escuela en Edomex; su familia la busca"},"content":{"rendered":"<h1>Mildred, de 6, es arrebatada de la mano de su madre a la salida de la escuela en Edomex; su familia la busca<\/h1>\n<p>Por Redacci\u00f3n QP<\/p>\n<p>Una <strong>ni\u00f1a de seis a\u00f1os<\/strong>fue <strong>arrebatada<\/strong> de manos de su <strong>madre<\/strong> cuando sal\u00eda de la <strong>escuela<\/strong> y subida a una camioneta en la colonia Valle de Arag\u00f3n Tercera Secci\u00f3n, ubicada en el municipio de Ecatepec, la tarde del mi\u00e9rcoles pasado.<\/p>\n<blockquote>\n<p>Familiares denunciaron que la peque\u00f1a <strong>Mildred Andr\u00f3meda Moreno Hern\u00e1ndez<\/strong> sali\u00f3 de la <strong>escuela<\/strong> Plantel Azteca, localizada en Valle del Don, cerca de las 14:00 horas. La menor iba de la mano de su <strong>madre<\/strong> cuando un <strong>sujeto la jal\u00f3<\/strong> y se la llev\u00f3.<\/p>\n<\/blockquote>\n<p>Ante esto, la <strong>madre<\/strong> corri\u00f3 detr\u00e1s de una camioneta azul tipo Jeep, sin embargo, otros dos individuos la amenazaron y se fueron a bordo de la unidad.<\/p>\n<p>Videos de las c\u00e1maras de vigilancia, aleda\u00f1as al lugar de los hechos, captaron el momento en el que los presuntos secuestradores huyen con la <strong>ni\u00f1a<\/strong> a bordo.<\/p>\n<p>Por ello, la familia de <strong>Mildred<\/strong> acudi\u00f3 con las autoridades, pero hasta el momento nada de sabe sobre su paradero.<\/p>\n<p><strong>M\u00c9XICO: DIARIO DESPARECEN AL MENOS 4 MENORES<\/strong><\/p>\n<p>M\u00e9xico\u00a0registra\u00a03.6 homicidios\u00a0y\u00a04 <strong>desapariciones<\/strong>\u00a0al d\u00eda de\u00a0ni\u00f1os\u00a0y\u00a0adolescentes, siendo un pa\u00eds peligroso para los menores ante gobiernos que invisibilizan esta \u201ccrisis humanitaria\u201d, denunciaron el pasado 3 de enero organizaciones civiles.<\/p>\n<blockquote>\n<p>El balance del a\u00f1o 2018 de\u00a0<strong>Redim<\/strong>\u00a0es \u201ctotalmente negativo\u201d, seg\u00fan explic\u00f3 en la Ciudad de M\u00e9xico el presidente de esta organizaci\u00f3n, Juan Mart\u00edn P\u00e9rez, quien tambi\u00e9n asegur\u00f3 que hasta ahora los gobiernos han basado su respuesta en la \u201comisi\u00f3n\u201d.<\/p>\n<p>Con 40 millones de ni\u00f1os y adolescentes en el pa\u00eds, lo que representa el 32 por ciento de la poblaci\u00f3n mexicana, y la presi\u00f3n de las organizaciones civiles, el anterior Presidente, Enrique Pe\u00f1a Nieto firm\u00f3 al principio de su mandato diez compromisos con la ni\u00f1ez.<\/p>\n<p>No obstante, s\u00f3lo cumpli\u00f3 la creaci\u00f3n de una ley de protecci\u00f3n de los derechos de los ni\u00f1os, denunci\u00f3 el organismo.<\/p>\n<p>En 2014 fue promulgada la Ley General de los Derechos de <strong>Ni\u00f1as<\/strong>, Ni\u00f1os y Adolescentes, que establec\u00eda la obligaci\u00f3n de realizar reuniones evaluativas cada seis meses que nunca se llevaron a cabo.<\/p>\n<blockquote>\n<p>Seg\u00fan coment\u00f3 P\u00e9rez, ser ni\u00f1o en M\u00e9xico es sin\u00f3nimo de tener un 30 por ciento m\u00e1s de posibilidades de ser v\u00edctima de <strong>desaparici\u00f3n<\/strong> u homicidio y esto es fruto de la \u201cdebilidad del Estado de Derecho\u201d y de la \u201cfragilidad de normativas e instituciones\u201d, que generan a su vez impunidad para los funcionarios.<\/p>\n<\/blockquote>\n<p>Por su parte, la directora general de la organizaci\u00f3n Melel Xojobal, Jennifer Haza, apunt\u00f3 que la crisis humanitaria y la inseguridad de la ni\u00f1ez y la adolescencia en M\u00e9xico \u201cse sigue mirando como un tema administrativo y no como una cuesti\u00f3n de derechos\u201d.<\/p>\n<p>Al Gobierno del nuevo Presidente mexicano, Andr\u00e9s Manuel L\u00f3pez Obrador, Redim le pidi\u00f3 que el compromiso que ya adquiri\u00f3 con las organizaciones civiles y ciudadanos al firmar nueve puntos para la defensa de la ni\u00f1ez se lleve a cabo. Y adem\u00e1s, se cumpla la ley de 2014.<\/p>\n<p><em>-Con informaci\u00f3n de EFE<\/em><\/p>\n<\/blockquote>\n","protected":false},"excerpt":{"rendered":"<p>Mildred, de 6, es arrebatada de la mano de su madre a la salida de la escuela en Edomex; su familia la busca<br \/>\nPor Redacci\u00f3n QP<\/p>\n","protected":false},"author":2,"featured_media":14045,"comment_status":"open","ping_status":"open","sticky":false,"template":"","format":"standard","meta":{"_monsterinsights_skip_tracking":false,"_monsterinsights_sitenote_active":false,"_monsterinsights_sitenote_note":"","_monsterinsights_sitenote_category":0,"footnotes":""},"categories":[2],"tags":[],"class_list":["post-14046","post","type-post","status-publish","format-standard","has-post-thumbnail","hentry","category-noticias"],"yoast_head":"<!-- This site is optimized with the Yoast SEO plugin v27.3 - https:\/\/yoast.com\/product\/yoast-seo-wordpress\/ -->\n<title>Mildred, de 6, es arrebatada de la mano de su madre a la salida de la escuela en Edomex; su familia la busca -<\/title>\n<meta name=\"robots\" content=\"index, follow, max-snippet:-1, max-image-preview:large, max-video-preview:-1\" \/>\n<link rel=\"canonical\" href=\"https:\/\/quehacerpolitico.mx\/?p=14046\" \/>\n<meta property=\"og:locale\" content=\"es_MX\" \/>\n<meta property=\"og:type\" content=\"article\" \/>\n<meta property=\"og:title\" content=\"Mildred, de 6, es arrebatada de la mano de su madre a la salida de la escuela en Edomex; su familia la busca -\" \/>\n<meta property=\"og:description\" content=\"Mildred, de 6, es arrebatada de la mano de su madre a la salida de la escuela en Edomex; su familia la busca Por Redacci\u00f3n QP\" \/>\n<meta property=\"og:url\" content=\"https:\/\/quehacerpolitico.mx\/?p=14046\" \/>\n<meta property=\"article:published_time\" content=\"2019-01-12T16:08:44+00:00\" \/>\n<meta name=\"author\" content=\"Redacci\u00f3n QP\" \/>\n<meta name=\"twitter:card\" content=\"summary_large_image\" \/>\n<meta name=\"twitter:label1\" content=\"Escrito por\" \/>\n\t<meta name=\"twitter:data1\" content=\"Redacci\u00f3n QP\" \/>\n\t<meta name=\"twitter:label2\" content=\"Tiempo de lectura\" \/>\n\t<meta name=\"twitter:data2\" content=\"3 minutos\" \/>\n<script type=\"application\/ld+json\" class=\"yoast-schema-graph\">{\"@context\":\"https:\\\/\\\/schema.org\",\"@graph\":[{\"@type\":\"Article\",\"@id\":\"https:\\\/\\\/quehacerpolitico.mx\\\/?p=14046#article\",\"isPartOf\":{\"@id\":\"https:\\\/\\\/quehacerpolitico.mx\\\/?p=14046\"},\"author\":{\"name\":\"Redacci\u00f3n QP\",\"@id\":\"https:\\\/\\\/quehacerpolitico.mx\\\/#\\\/schema\\\/person\\\/496d8ad2d1d3f8036101dca7ee39e585\"},\"headline\":\"Mildred, de 6, es arrebatada de la mano de su madre a la salida de la escuela en Edomex; su familia la busca\",\"datePublished\":\"2019-01-12T16:08:44+00:00\",\"mainEntityOfPage\":{\"@id\":\"https:\\\/\\\/quehacerpolitico.mx\\\/?p=14046\"},\"wordCount\":577,\"commentCount\":0,\"image\":{\"@id\":\"https:\\\/\\\/quehacerpolitico.mx\\\/?p=14046#primaryimage\"},\"thumbnailUrl\":\"\",\"articleSection\":[\"Noticias\"],\"inLanguage\":\"es\",\"potentialAction\":[{\"@type\":\"CommentAction\",\"name\":\"Comment\",\"target\":[\"https:\\\/\\\/quehacerpolitico.mx\\\/?p=14046#respond\"]}]},{\"@type\":\"WebPage\",\"@id\":\"https:\\\/\\\/quehacerpolitico.mx\\\/?p=14046\",\"url\":\"https:\\\/\\\/quehacerpolitico.mx\\\/?p=14046\",\"name\":\"Mildred, de 6, es arrebatada de la mano de su madre a la salida de la escuela en Edomex; su familia la busca -\",\"isPartOf\":{\"@id\":\"https:\\\/\\\/quehacerpolitico.mx\\\/#website\"},\"primaryImageOfPage\":{\"@id\":\"https:\\\/\\\/quehacerpolitico.mx\\\/?p=14046#primaryimage\"},\"image\":{\"@id\":\"https:\\\/\\\/quehacerpolitico.mx\\\/?p=14046#primaryimage\"},\"thumbnailUrl\":\"\",\"datePublished\":\"2019-01-12T16:08:44+00:00\",\"author\":{\"@id\":\"https:\\\/\\\/quehacerpolitico.mx\\\/#\\\/schema\\\/person\\\/496d8ad2d1d3f8036101dca7ee39e585\"},\"breadcrumb\":{\"@id\":\"https:\\\/\\\/quehacerpolitico.mx\\\/?p=14046#breadcrumb\"},\"inLanguage\":\"es\",\"potentialAction\":[{\"@type\":\"ReadAction\",\"target\":[\"https:\\\/\\\/quehacerpolitico.mx\\\/?p=14046\"]}]},{\"@type\":\"ImageObject\",\"inLanguage\":\"es\",\"@id\":\"https:\\\/\\\/quehacerpolitico.mx\\\/?p=14046#primaryimage\",\"url\":\"\",\"contentUrl\":\"\"},{\"@type\":\"BreadcrumbList\",\"@id\":\"https:\\\/\\\/quehacerpolitico.mx\\\/?p=14046#breadcrumb\",\"itemListElement\":[{\"@type\":\"ListItem\",\"position\":1,\"name\":\"Inicio\",\"item\":\"https:\\\/\\\/quehacerpolitico.mx\\\/\"},{\"@type\":\"ListItem\",\"position\":2,\"name\":\"Mildred, de 6, es arrebatada de la mano de su madre a la salida de la escuela en Edomex; su familia la busca\"}]},{\"@type\":\"WebSite\",\"@id\":\"https:\\\/\\\/quehacerpolitico.mx\\\/#website\",\"url\":\"https:\\\/\\\/quehacerpolitico.mx\\\/\",\"name\":\"\",\"description\":\"\",\"potentialAction\":[{\"@type\":\"SearchAction\",\"target\":{\"@type\":\"EntryPoint\",\"urlTemplate\":\"https:\\\/\\\/quehacerpolitico.mx\\\/?s={search_term_string}\"},\"query-input\":{\"@type\":\"PropertyValueSpecification\",\"valueRequired\":true,\"valueName\":\"search_term_string\"}}],\"inLanguage\":\"es\"},{\"@type\":\"Person\",\"@id\":\"https:\\\/\\\/quehacerpolitico.mx\\\/#\\\/schema\\\/person\\\/496d8ad2d1d3f8036101dca7ee39e585\",\"name\":\"Redacci\u00f3n QP\",\"image\":{\"@type\":\"ImageObject\",\"inLanguage\":\"es\",\"@id\":\"https:\\\/\\\/secure.gravatar.com\\\/avatar\\\/c7164ed6fdec453195284ad24a5ae5b6e1eed2b848477fa2a4787ba9adf39a41?s=96&d=mm&r=g\",\"url\":\"https:\\\/\\\/secure.gravatar.com\\\/avatar\\\/c7164ed6fdec453195284ad24a5ae5b6e1eed2b848477fa2a4787ba9adf39a41?s=96&d=mm&r=g\",\"contentUrl\":\"https:\\\/\\\/secure.gravatar.com\\\/avatar\\\/c7164ed6fdec453195284ad24a5ae5b6e1eed2b848477fa2a4787ba9adf39a41?s=96&d=mm&r=g\",\"caption\":\"Redacci\u00f3n QP\"},\"url\":\"https:\\\/\\\/quehacerpolitico.mx\\\/?author=2\"}]}<\/script>\n<!-- \/ Yoast SEO plugin. -->","yoast_head_json":{"title":"Mildred, de 6, es arrebatada de la mano de su madre a la salida de la escuela en Edomex; su familia la busca -","robots":{"index":"index","follow":"follow","max-snippet":"max-snippet:-1","max-image-preview":"max-image-preview:large","max-video-preview":"max-video-preview:-1"},"canonical":"https:\/\/quehacerpolitico.mx\/?p=14046","og_locale":"es_MX","og_type":"article","og_title":"Mildred, de 6, es arrebatada de la mano de su madre a la salida de la escuela en Edomex; su familia la busca -","og_description":"Mildred, de 6, es arrebatada de la mano de su madre a la salida de la escuela en Edomex; su familia la busca Por Redacci\u00f3n QP","og_url":"https:\/\/quehacerpolitico.mx\/?p=14046","article_published_time":"2019-01-12T16:08:44+00:00","author":"Redacci\u00f3n QP","twitter_card":"summary_large_image","twitter_misc":{"Escrito por":"Redacci\u00f3n QP","Tiempo de lectura":"3 minutos"},"schema":{"@context":"https:\/\/schema.org","@graph":[{"@type":"Article","@id":"https:\/\/quehacerpolitico.mx\/?p=14046#article","isPartOf":{"@id":"https:\/\/quehacerpolitico.mx\/?p=14046"},"author":{"name":"Redacci\u00f3n QP","@id":"https:\/\/quehacerpolitico.mx\/#\/schema\/person\/496d8ad2d1d3f8036101dca7ee39e585"},"headline":"Mildred, de 6, es arrebatada de la mano de su madre a la salida de la escuela en Edomex; su familia la busca","datePublished":"2019-01-12T16:08:44+00:00","mainEntityOfPage":{"@id":"https:\/\/quehacerpolitico.mx\/?p=14046"},"wordCount":577,"commentCount":0,"image":{"@id":"https:\/\/quehacerpolitico.mx\/?p=14046#primaryimage"},"thumbnailUrl":"","articleSection":["Noticias"],"inLanguage":"es","potentialAction":[{"@type":"CommentAction","name":"Comment","target":["https:\/\/quehacerpolitico.mx\/?p=14046#respond"]}]},{"@type":"WebPage","@id":"https:\/\/quehacerpolitico.mx\/?p=14046","url":"https:\/\/quehacerpolitico.mx\/?p=14046","name":"Mildred, de 6, es arrebatada de la mano de su madre a la salida de la escuela en Edomex; su familia la busca -","isPartOf":{"@id":"https:\/\/quehacerpolitico.mx\/#website"},"primaryImageOfPage":{"@id":"https:\/\/quehacerpolitico.mx\/?p=14046#primaryimage"},"image":{"@id":"https:\/\/quehacerpolitico.mx\/?p=14046#primaryimage"},"thumbnailUrl":"","datePublished":"2019-01-12T16:08:44+00:00","author":{"@id":"https:\/\/quehacerpolitico.mx\/#\/schema\/person\/496d8ad2d1d3f8036101dca7ee39e585"},"breadcrumb":{"@id":"https:\/\/quehacerpolitico.mx\/?p=14046#breadcrumb"},"inLanguage":"es","potentialAction":[{"@type":"ReadAction","target":["https:\/\/quehacerpolitico.mx\/?p=14046"]}]},{"@type":"ImageObject","inLanguage":"es","@id":"https:\/\/quehacerpolitico.mx\/?p=14046#primaryimage","url":"","contentUrl":""},{"@type":"BreadcrumbList","@id":"https:\/\/quehacerpolitico.mx\/?p=14046#breadcrumb","itemListElement":[{"@type":"ListItem","position":1,"name":"Inicio","item":"https:\/\/quehacerpolitico.mx\/"},{"@type":"ListItem","position":2,"name":"Mildred, de 6, es arrebatada de la mano de su madre a la salida de la escuela en Edomex; su familia la busca"}]},{"@type":"WebSite","@id":"https:\/\/quehacerpolitico.mx\/#website","url":"https:\/\/quehacerpolitico.mx\/","name":"","description":"","potentialAction":[{"@type":"SearchAction","target":{"@type":"EntryPoint","urlTemplate":"https:\/\/quehacerpolitico.mx\/?s={search_term_string}"},"query-input":{"@type":"PropertyValueSpecification","valueRequired":true,"valueName":"search_term_string"}}],"inLanguage":"es"},{"@type":"Person","@id":"https:\/\/quehacerpolitico.mx\/#\/schema\/person\/496d8ad2d1d3f8036101dca7ee39e585","name":"Redacci\u00f3n QP","image":{"@type":"ImageObject","inLanguage":"es","@id":"https:\/\/secure.gravatar.com\/avatar\/c7164ed6fdec453195284ad24a5ae5b6e1eed2b848477fa2a4787ba9adf39a41?s=96&d=mm&r=g","url":"https:\/\/secure.gravatar.com\/avatar\/c7164ed6fdec453195284ad24a5ae5b6e1eed2b848477fa2a4787ba9adf39a41?s=96&d=mm&r=g","contentUrl":"https:\/\/secure.gravatar.com\/avatar\/c7164ed6fdec453195284ad24a5ae5b6e1eed2b848477fa2a4787ba9adf39a41?s=96&d=mm&r=g","caption":"Redacci\u00f3n QP"},"url":"https:\/\/quehacerpolitico.mx\/?author=2"}]}},"featured_image_urls":{"full":"","thumbnail":"","medium":"","medium_large":"","large":"","1536x1536":"","2048x2048":"","covernews-featured":"","covernews-medium":""},"author_info":{"display_name":"Redacci\u00f3n QP","author_link":"https:\/\/quehacerpolitico.mx\/?author=2"},"category_info":"<a href=\"https:\/\/quehacerpolitico.mx\/?cat=2\" rel=\"category\">Noticias<\/a>","tag_info":"Noticias","comment_count":"0","_links":{"self":[{"href":"https:\/\/quehacerpolitico.mx\/index.php?rest_route=\/wp\/v2\/posts\/14046","targetHints":{"allow":["GET"]}}],"collection":[{"href":"https:\/\/quehacerpolitico.mx\/index.php?rest_route=\/wp\/v2\/posts"}],"about":[{"href":"https:\/\/quehacerpolitico.mx\/index.php?rest_route=\/wp\/v2\/types\/post"}],"author":[{"embeddable":true,"href":"https:\/\/quehacerpolitico.mx\/index.php?rest_route=\/wp\/v2\/users\/2"}],"replies":[{"embeddable":true,"href":"https:\/\/quehacerpolitico.mx\/index.php?rest_route=%2Fwp%2Fv2%2Fcomments&post=14046"}],"version-history":[{"count":0,"href":"https:\/\/quehacerpolitico.mx\/index.php?rest_route=\/wp\/v2\/posts\/14046\/revisions"}],"wp:featuredmedia":[{"embeddable":true,"href":"https:\/\/quehacerpolitico.mx\/index.php?rest_route=\/"}],"wp:attachment":[{"href":"https:\/\/quehacerpolitico.mx\/index.php?rest_route=%2Fwp%2Fv2%2Fmedia&parent=14046"}],"wp:term":[{"taxonomy":"category","embeddable":true,"href":"https:\/\/quehacerpolitico.mx\/index.php?rest_route=%2Fwp%2Fv2%2Fcategories&post=14046"},{"taxonomy":"post_tag","embeddable":true,"href":"https:\/\/quehacerpolitico.mx\/index.php?rest_route=%2Fwp%2Fv2%2Ftags&post=14046"}],"curies":[{"name":"wp","href":"https:\/\/api.w.org\/{rel}","templated":true}]}}