{"id":14036,"date":"2019-01-12T03:15:32","date_gmt":"2019-01-12T03:15:32","guid":{"rendered":"http:\/\/quehacerpolitico.mx\/crece-desesperacion-y-bloqueos-por-falta-de-combustible-ahora-es-en-coyoacan\/"},"modified":"2019-01-12T03:15:32","modified_gmt":"2019-01-12T03:15:32","slug":"crece-desesperacion-y-bloqueos-por-falta-de-combustible-ahora-es-en-coyoacan","status":"publish","type":"post","link":"https:\/\/quehacerpolitico.mx\/?p=14036","title":{"rendered":"Crece desesperaci\u00f3n y bloqueos por falta de combustible; ahora es en Coyoac\u00e1n"},"content":{"rendered":"<h1 class=\"amp-wp-title\">Crece desesperaci\u00f3n y bloqueos por falta de combustible; ahora es en Coyoac\u00e1n<\/h1>\n<p>Por Redacci\u00f3n QP<\/p>\n<p>Ante la falta de combustible en decenas de gasolineras en varias partes de la<strong> Ciudad de M\u00e9xico y\u00a0 en la Zona Metropolitana<\/strong>, se han registrado este viernes al menos cuatro bloqueos.<\/p>\n<p>El m\u00e1s reciente se present\u00f3 en el cruce de <strong>Eje 10 Sur y la calle Delf\u00edn Madrigal<\/strong>, donde decenas de personas bloquearon la vialidad.<\/p>\n<blockquote class=\"twitter-tweet\" data-width=\"550\" data-dnt=\"true\">\n<p lang=\"es\" dir=\"ltr\">Precauci\u00f3n por bloqueo de inconformes por el desabasto de gasolina en la estaci\u00f3n ubicada en Delf\u00edn Madrigal y eje 10 sur copilco <a href=\"https:\/\/t.co\/9tQvumvDy2\">pic.twitter.com\/9tQvumvDy2<\/a><\/p>\n<p>&mdash; REDA (@ricardovitela) <a href=\"https:\/\/twitter.com\/ricardovitela\/status\/1083913012614975489?ref_src=twsrc%5Etfw\">January 12, 2019<\/a><\/p><\/blockquote>\n<p><script async src=\"https:\/\/platform.twitter.com\/widgets.js\" charset=\"utf-8\"><\/script><\/p>\n<p>Los inconformes exigen una soluci\u00f3n a la escasez de combustible, pues llevan horas esperando ser atendidos en una estaci\u00f3n de servicio ubicada en la colonia <strong>Copilco Universidad<\/strong>.<\/p>\n<p>El Centro de Atenci\u00f3n a Emergencias y Protecci\u00f3n Ciudadana de la Ciudad de M\u00e9xico (<strong>C5<\/strong>) se\u00f1al\u00f3 que el bloqueo ya provoca afectaciones viales.<\/p>\n<p>Por ello recomend\u00f3 a los automovilistas como alternativa la avenida <strong>Miguel \u00c1ngel de Quevedo.<\/strong><\/p>\n<blockquote class=\"twitter-tweet\" data-width=\"550\" data-dnt=\"true\">\n<p lang=\"es\" dir=\"ltr\"><a href=\"https:\/\/twitter.com\/hashtag\/NoPases?src=hash&amp;ref_src=twsrc%5Etfw\">#NoPases<\/a> Sobre Eje 10 Sur en direcci\u00f3n al pte. y Delf\u00edn Madrigal, Col. Copilco Universidad, COY, encontrar\u00e1s afectaci\u00f3n a la vialidad por bloqueo\ud83d\udea7\ud83d\udea7Alternativa vial: Av. Miguel \u00c1ngel de Quevedo. <a href=\"https:\/\/twitter.com\/hashtag\/C5?src=hash&amp;ref_src=twsrc%5Etfw\">#C5<\/a>. <a href=\"https:\/\/t.co\/A6LGuVxohM\">pic.twitter.com\/A6LGuVxohM<\/a><\/p>\n<p>&mdash; C5 CDMX (@C5_CDMX) <a href=\"https:\/\/twitter.com\/C5_CDMX\/status\/1083902199648919552?ref_src=twsrc%5Etfw\">January 12, 2019<\/a><\/p><\/blockquote>\n<p><script async src=\"https:\/\/platform.twitter.com\/widgets.js\" charset=\"utf-8\"><\/script><\/p>\n<h3>D\u00eda de furia<\/h3>\n<p>Este es el <strong>cuarto bloqueo <\/strong>que se presenta en este viernes luego de que se registraron hechos similares en las alcald\u00edas de Iztapalapa y Xochimilco, as\u00ed como en el <strong>municipio de Ecatepec<\/strong>.<\/p>\n<p>A mediod\u00eda un grupo de transportistas bloque\u00f3 la Calzada Ignacio Zaragoza, a la altura de la alcald\u00eda de Iztapalapa, para exigir les surtieran gasolina.<\/p>\n<p>Horas m\u00e1s tarde, un grupo de personas tom\u00f3 los carriles centrales de Anillo Perif\u00e9rico a la altura del Antoguo Canal de Cuemanco, <strong>en la alcald\u00eda de Xochimilco<\/strong>.<\/p>\n<p>Finalmente por la tarde, un grupo de personas bloqueo la carretera M\u00e9xico-Pachuca cuando intentaban conseguir <strong>combustible directamente de dos pipas<\/strong>.<\/p>\n<p>El desabasto ha ocasionado que decenas de estaciones de servicios cerraran sus puertas, mientras que en las que permanecen abiertas se registran enormes filas.<\/p>\n<p>Las autoridades han asegurado que el servicio de <strong>distribuci\u00f3n se normalizar\u00e1\u00a0 en breve<\/strong>.<\/p>\n","protected":false},"excerpt":{"rendered":"<p>Crece desesperaci\u00f3n y bloqueos por falta de combustible; ahora es en Coyoac\u00e1n<br \/>\nPor Redacci\u00f3n QP<\/p>\n","protected":false},"author":2,"featured_media":14035,"comment_status":"open","ping_status":"open","sticky":false,"template":"","format":"standard","meta":{"_monsterinsights_skip_tracking":false,"_monsterinsights_sitenote_active":false,"_monsterinsights_sitenote_note":"","_monsterinsights_sitenote_category":0,"footnotes":""},"categories":[55],"tags":[],"class_list":["post-14036","post","type-post","status-publish","format-standard","has-post-thumbnail","hentry","category-cdmx"],"yoast_head":"<!-- This site is optimized with the Yoast SEO plugin v27.3 - https:\/\/yoast.com\/product\/yoast-seo-wordpress\/ -->\n<title>Crece desesperaci\u00f3n y bloqueos por falta de combustible; ahora es en Coyoac\u00e1n -<\/title>\n<meta name=\"robots\" content=\"index, follow, max-snippet:-1, max-image-preview:large, max-video-preview:-1\" \/>\n<link rel=\"canonical\" href=\"https:\/\/quehacerpolitico.mx\/?p=14036\" \/>\n<meta property=\"og:locale\" content=\"es_MX\" \/>\n<meta property=\"og:type\" content=\"article\" \/>\n<meta property=\"og:title\" content=\"Crece desesperaci\u00f3n y bloqueos por falta de combustible; ahora es en Coyoac\u00e1n -\" \/>\n<meta property=\"og:description\" content=\"Crece desesperaci\u00f3n y bloqueos por falta de combustible; ahora es en Coyoac\u00e1n Por Redacci\u00f3n QP\" \/>\n<meta property=\"og:url\" content=\"https:\/\/quehacerpolitico.mx\/?p=14036\" \/>\n<meta property=\"article:published_time\" content=\"2019-01-12T03:15:32+00:00\" \/>\n<meta name=\"author\" content=\"Redacci\u00f3n QP\" \/>\n<meta name=\"twitter:card\" content=\"summary_large_image\" \/>\n<meta name=\"twitter:label1\" content=\"Escrito por\" \/>\n\t<meta name=\"twitter:data1\" content=\"Redacci\u00f3n QP\" \/>\n\t<meta name=\"twitter:label2\" content=\"Tiempo de lectura\" \/>\n\t<meta name=\"twitter:data2\" content=\"2 minutos\" \/>\n<script type=\"application\/ld+json\" class=\"yoast-schema-graph\">{\"@context\":\"https:\\\/\\\/schema.org\",\"@graph\":[{\"@type\":\"Article\",\"@id\":\"https:\\\/\\\/quehacerpolitico.mx\\\/?p=14036#article\",\"isPartOf\":{\"@id\":\"https:\\\/\\\/quehacerpolitico.mx\\\/?p=14036\"},\"author\":{\"name\":\"Redacci\u00f3n QP\",\"@id\":\"https:\\\/\\\/quehacerpolitico.mx\\\/#\\\/schema\\\/person\\\/496d8ad2d1d3f8036101dca7ee39e585\"},\"headline\":\"Crece desesperaci\u00f3n y bloqueos por falta de combustible; ahora es en Coyoac\u00e1n\",\"datePublished\":\"2019-01-12T03:15:32+00:00\",\"mainEntityOfPage\":{\"@id\":\"https:\\\/\\\/quehacerpolitico.mx\\\/?p=14036\"},\"wordCount\":324,\"commentCount\":0,\"image\":{\"@id\":\"https:\\\/\\\/quehacerpolitico.mx\\\/?p=14036#primaryimage\"},\"thumbnailUrl\":\"\",\"articleSection\":[\"CDMX\"],\"inLanguage\":\"es\",\"potentialAction\":[{\"@type\":\"CommentAction\",\"name\":\"Comment\",\"target\":[\"https:\\\/\\\/quehacerpolitico.mx\\\/?p=14036#respond\"]}]},{\"@type\":\"WebPage\",\"@id\":\"https:\\\/\\\/quehacerpolitico.mx\\\/?p=14036\",\"url\":\"https:\\\/\\\/quehacerpolitico.mx\\\/?p=14036\",\"name\":\"Crece desesperaci\u00f3n y bloqueos por falta de combustible; ahora es en Coyoac\u00e1n -\",\"isPartOf\":{\"@id\":\"https:\\\/\\\/quehacerpolitico.mx\\\/#website\"},\"primaryImageOfPage\":{\"@id\":\"https:\\\/\\\/quehacerpolitico.mx\\\/?p=14036#primaryimage\"},\"image\":{\"@id\":\"https:\\\/\\\/quehacerpolitico.mx\\\/?p=14036#primaryimage\"},\"thumbnailUrl\":\"\",\"datePublished\":\"2019-01-12T03:15:32+00:00\",\"author\":{\"@id\":\"https:\\\/\\\/quehacerpolitico.mx\\\/#\\\/schema\\\/person\\\/496d8ad2d1d3f8036101dca7ee39e585\"},\"breadcrumb\":{\"@id\":\"https:\\\/\\\/quehacerpolitico.mx\\\/?p=14036#breadcrumb\"},\"inLanguage\":\"es\",\"potentialAction\":[{\"@type\":\"ReadAction\",\"target\":[\"https:\\\/\\\/quehacerpolitico.mx\\\/?p=14036\"]}]},{\"@type\":\"ImageObject\",\"inLanguage\":\"es\",\"@id\":\"https:\\\/\\\/quehacerpolitico.mx\\\/?p=14036#primaryimage\",\"url\":\"\",\"contentUrl\":\"\"},{\"@type\":\"BreadcrumbList\",\"@id\":\"https:\\\/\\\/quehacerpolitico.mx\\\/?p=14036#breadcrumb\",\"itemListElement\":[{\"@type\":\"ListItem\",\"position\":1,\"name\":\"Inicio\",\"item\":\"https:\\\/\\\/quehacerpolitico.mx\\\/\"},{\"@type\":\"ListItem\",\"position\":2,\"name\":\"Crece desesperaci\u00f3n y bloqueos por falta de combustible; ahora es en Coyoac\u00e1n\"}]},{\"@type\":\"WebSite\",\"@id\":\"https:\\\/\\\/quehacerpolitico.mx\\\/#website\",\"url\":\"https:\\\/\\\/quehacerpolitico.mx\\\/\",\"name\":\"\",\"description\":\"\",\"potentialAction\":[{\"@type\":\"SearchAction\",\"target\":{\"@type\":\"EntryPoint\",\"urlTemplate\":\"https:\\\/\\\/quehacerpolitico.mx\\\/?s={search_term_string}\"},\"query-input\":{\"@type\":\"PropertyValueSpecification\",\"valueRequired\":true,\"valueName\":\"search_term_string\"}}],\"inLanguage\":\"es\"},{\"@type\":\"Person\",\"@id\":\"https:\\\/\\\/quehacerpolitico.mx\\\/#\\\/schema\\\/person\\\/496d8ad2d1d3f8036101dca7ee39e585\",\"name\":\"Redacci\u00f3n QP\",\"image\":{\"@type\":\"ImageObject\",\"inLanguage\":\"es\",\"@id\":\"https:\\\/\\\/secure.gravatar.com\\\/avatar\\\/c7164ed6fdec453195284ad24a5ae5b6e1eed2b848477fa2a4787ba9adf39a41?s=96&d=mm&r=g\",\"url\":\"https:\\\/\\\/secure.gravatar.com\\\/avatar\\\/c7164ed6fdec453195284ad24a5ae5b6e1eed2b848477fa2a4787ba9adf39a41?s=96&d=mm&r=g\",\"contentUrl\":\"https:\\\/\\\/secure.gravatar.com\\\/avatar\\\/c7164ed6fdec453195284ad24a5ae5b6e1eed2b848477fa2a4787ba9adf39a41?s=96&d=mm&r=g\",\"caption\":\"Redacci\u00f3n QP\"},\"url\":\"https:\\\/\\\/quehacerpolitico.mx\\\/?author=2\"}]}<\/script>\n<!-- \/ Yoast SEO plugin. -->","yoast_head_json":{"title":"Crece desesperaci\u00f3n y bloqueos por falta de combustible; ahora es en Coyoac\u00e1n -","robots":{"index":"index","follow":"follow","max-snippet":"max-snippet:-1","max-image-preview":"max-image-preview:large","max-video-preview":"max-video-preview:-1"},"canonical":"https:\/\/quehacerpolitico.mx\/?p=14036","og_locale":"es_MX","og_type":"article","og_title":"Crece desesperaci\u00f3n y bloqueos por falta de combustible; ahora es en Coyoac\u00e1n -","og_description":"Crece desesperaci\u00f3n y bloqueos por falta de combustible; ahora es en Coyoac\u00e1n Por Redacci\u00f3n QP","og_url":"https:\/\/quehacerpolitico.mx\/?p=14036","article_published_time":"2019-01-12T03:15:32+00:00","author":"Redacci\u00f3n QP","twitter_card":"summary_large_image","twitter_misc":{"Escrito por":"Redacci\u00f3n QP","Tiempo de lectura":"2 minutos"},"schema":{"@context":"https:\/\/schema.org","@graph":[{"@type":"Article","@id":"https:\/\/quehacerpolitico.mx\/?p=14036#article","isPartOf":{"@id":"https:\/\/quehacerpolitico.mx\/?p=14036"},"author":{"name":"Redacci\u00f3n QP","@id":"https:\/\/quehacerpolitico.mx\/#\/schema\/person\/496d8ad2d1d3f8036101dca7ee39e585"},"headline":"Crece desesperaci\u00f3n y bloqueos por falta de combustible; ahora es en Coyoac\u00e1n","datePublished":"2019-01-12T03:15:32+00:00","mainEntityOfPage":{"@id":"https:\/\/quehacerpolitico.mx\/?p=14036"},"wordCount":324,"commentCount":0,"image":{"@id":"https:\/\/quehacerpolitico.mx\/?p=14036#primaryimage"},"thumbnailUrl":"","articleSection":["CDMX"],"inLanguage":"es","potentialAction":[{"@type":"CommentAction","name":"Comment","target":["https:\/\/quehacerpolitico.mx\/?p=14036#respond"]}]},{"@type":"WebPage","@id":"https:\/\/quehacerpolitico.mx\/?p=14036","url":"https:\/\/quehacerpolitico.mx\/?p=14036","name":"Crece desesperaci\u00f3n y bloqueos por falta de combustible; ahora es en Coyoac\u00e1n -","isPartOf":{"@id":"https:\/\/quehacerpolitico.mx\/#website"},"primaryImageOfPage":{"@id":"https:\/\/quehacerpolitico.mx\/?p=14036#primaryimage"},"image":{"@id":"https:\/\/quehacerpolitico.mx\/?p=14036#primaryimage"},"thumbnailUrl":"","datePublished":"2019-01-12T03:15:32+00:00","author":{"@id":"https:\/\/quehacerpolitico.mx\/#\/schema\/person\/496d8ad2d1d3f8036101dca7ee39e585"},"breadcrumb":{"@id":"https:\/\/quehacerpolitico.mx\/?p=14036#breadcrumb"},"inLanguage":"es","potentialAction":[{"@type":"ReadAction","target":["https:\/\/quehacerpolitico.mx\/?p=14036"]}]},{"@type":"ImageObject","inLanguage":"es","@id":"https:\/\/quehacerpolitico.mx\/?p=14036#primaryimage","url":"","contentUrl":""},{"@type":"BreadcrumbList","@id":"https:\/\/quehacerpolitico.mx\/?p=14036#breadcrumb","itemListElement":[{"@type":"ListItem","position":1,"name":"Inicio","item":"https:\/\/quehacerpolitico.mx\/"},{"@type":"ListItem","position":2,"name":"Crece desesperaci\u00f3n y bloqueos por falta de combustible; ahora es en Coyoac\u00e1n"}]},{"@type":"WebSite","@id":"https:\/\/quehacerpolitico.mx\/#website","url":"https:\/\/quehacerpolitico.mx\/","name":"","description":"","potentialAction":[{"@type":"SearchAction","target":{"@type":"EntryPoint","urlTemplate":"https:\/\/quehacerpolitico.mx\/?s={search_term_string}"},"query-input":{"@type":"PropertyValueSpecification","valueRequired":true,"valueName":"search_term_string"}}],"inLanguage":"es"},{"@type":"Person","@id":"https:\/\/quehacerpolitico.mx\/#\/schema\/person\/496d8ad2d1d3f8036101dca7ee39e585","name":"Redacci\u00f3n QP","image":{"@type":"ImageObject","inLanguage":"es","@id":"https:\/\/secure.gravatar.com\/avatar\/c7164ed6fdec453195284ad24a5ae5b6e1eed2b848477fa2a4787ba9adf39a41?s=96&d=mm&r=g","url":"https:\/\/secure.gravatar.com\/avatar\/c7164ed6fdec453195284ad24a5ae5b6e1eed2b848477fa2a4787ba9adf39a41?s=96&d=mm&r=g","contentUrl":"https:\/\/secure.gravatar.com\/avatar\/c7164ed6fdec453195284ad24a5ae5b6e1eed2b848477fa2a4787ba9adf39a41?s=96&d=mm&r=g","caption":"Redacci\u00f3n QP"},"url":"https:\/\/quehacerpolitico.mx\/?author=2"}]}},"featured_image_urls":{"full":"","thumbnail":"","medium":"","medium_large":"","large":"","1536x1536":"","2048x2048":"","covernews-featured":"","covernews-medium":""},"author_info":{"display_name":"Redacci\u00f3n QP","author_link":"https:\/\/quehacerpolitico.mx\/?author=2"},"category_info":"<a href=\"https:\/\/quehacerpolitico.mx\/?cat=55\" rel=\"category\">CDMX<\/a>","tag_info":"CDMX","comment_count":"0","_links":{"self":[{"href":"https:\/\/quehacerpolitico.mx\/index.php?rest_route=\/wp\/v2\/posts\/14036","targetHints":{"allow":["GET"]}}],"collection":[{"href":"https:\/\/quehacerpolitico.mx\/index.php?rest_route=\/wp\/v2\/posts"}],"about":[{"href":"https:\/\/quehacerpolitico.mx\/index.php?rest_route=\/wp\/v2\/types\/post"}],"author":[{"embeddable":true,"href":"https:\/\/quehacerpolitico.mx\/index.php?rest_route=\/wp\/v2\/users\/2"}],"replies":[{"embeddable":true,"href":"https:\/\/quehacerpolitico.mx\/index.php?rest_route=%2Fwp%2Fv2%2Fcomments&post=14036"}],"version-history":[{"count":0,"href":"https:\/\/quehacerpolitico.mx\/index.php?rest_route=\/wp\/v2\/posts\/14036\/revisions"}],"wp:featuredmedia":[{"embeddable":true,"href":"https:\/\/quehacerpolitico.mx\/index.php?rest_route=\/"}],"wp:attachment":[{"href":"https:\/\/quehacerpolitico.mx\/index.php?rest_route=%2Fwp%2Fv2%2Fmedia&parent=14036"}],"wp:term":[{"taxonomy":"category","embeddable":true,"href":"https:\/\/quehacerpolitico.mx\/index.php?rest_route=%2Fwp%2Fv2%2Fcategories&post=14036"},{"taxonomy":"post_tag","embeddable":true,"href":"https:\/\/quehacerpolitico.mx\/index.php?rest_route=%2Fwp%2Fv2%2Ftags&post=14036"}],"curies":[{"name":"wp","href":"https:\/\/api.w.org\/{rel}","templated":true}]}}