{"id":14034,"date":"2019-01-12T02:57:01","date_gmt":"2019-01-12T02:57:01","guid":{"rendered":"http:\/\/quehacerpolitico.mx\/la-canacar-y-pemex-llevaran-a-cabo-un-plan-conjunto-para-agilizar-el-abasto-de-combustible\/"},"modified":"2019-01-12T02:57:01","modified_gmt":"2019-01-12T02:57:01","slug":"la-canacar-y-pemex-llevaran-a-cabo-un-plan-conjunto-para-agilizar-el-abasto-de-combustible","status":"publish","type":"post","link":"https:\/\/quehacerpolitico.mx\/?p=14034","title":{"rendered":"La Canacar y Pemex llevar\u00e1n a cabo un plan conjunto para agilizar el abasto de combustible"},"content":{"rendered":"<h1>La Canacar y Pemex llevar\u00e1n a cabo un plan conjunto para agilizar el abasto de combustible<\/h1>\n<p>Por Redacci\u00f3n QP<\/p>\n<p><strong>Petr\u00f3leos Mexicanos (Pemex)<\/strong> y el\u00a0<strong>Consejo Coordinador Empresarial (CCE)<\/strong> iniciaron reuniones para hallar soluciones <strong>al desabasto<\/strong>en algunas regiones de M\u00e9xico.<\/p>\n<blockquote>\n<p>\u201cReiteramos que apoyamos la decisi\u00f3n de <strong>combatir la ilegalidad<\/strong> y el robo de combustible, <strong>sin embargo es fundamental<\/strong> tomar medidas para que no haya desabasto <strong>que afecte a las personas<\/strong>y la econom\u00eda del pa\u00eds\u201d, escribi\u00f3 Juan Pablo Casta\u00f1\u00f3n, presidente del CCE, en Twitter.<\/p>\n<\/blockquote>\n<p>\u201cDesde el sector privado, hemos iniciado una serie de reuniones con Pemex, para buscar formas en las que podamos colaborar para solucionar el problema de desabasto de gasolinas en el corto plazo, en las regiones m\u00e1s afectadas\u201d, expuso.<\/p>\n<blockquote>\n<p>\u201cExpresamos a Pemex la disposici\u00f3n de los empresarios para ayudar tanto en la distribuci\u00f3n como el almacenamiento, desde las posibilidades del sector privado\u201d, dijo.<\/p>\n<\/blockquote>\n<p>A\u00f1adi\u00f3: \u201cDesde una visi\u00f3n de mediano plazo, platicaremos tambi\u00e9n con la CRE, para acelerar la promoci\u00f3n de inversi\u00f3n en centros log\u00edsticos de almacenamiento y distribuci\u00f3n que permitan m\u00e1s eficiencia y evitar este problema en el futuro\u201d.<\/p>\n<p>Tambi\u00e9n hoy, Pemex anunci\u00f3 que acord\u00f3 con la C\u00e1mara Nacional del Autotransporte de Carga (Canacar) llevar a cabo un plan conjunto para agilizar el abasto de combustible.<\/p>\n<p>El plan se implementar\u00e1 en las pr\u00f3ximas 48 horas y contar\u00e1 con apoyo del Gobierno de M\u00e9xico a trav\u00e9s de 8 mil 300 polic\u00edas y mil 400 veh\u00edculos que garantizar\u00e1n la seguridad.<\/p>\n<blockquote class=\"twitter-tweet\" data-width=\"550\" data-dnt=\"true\">\n<p lang=\"es\" dir=\"ltr\"><a href=\"https:\/\/twitter.com\/hashtag\/Pemex?src=hash&amp;ref_src=twsrc%5Etfw\">#Pemex<\/a> \ud83c\uddf2\ud83c\uddfd y <a href=\"https:\/\/twitter.com\/canacarmexico?ref_src=twsrc%5Etfw\">@canacarmexico<\/a> acordaron hoy llevar a cabo un plan conjunto para agilizar el abasto de combustible \u26fd\ufe0f. <\/p>\n<p>\ud83d\udd18 El plan se implementar\u00e1 en las pr\u00f3ximas 48 horas y contar\u00e1 con apoyo del <a href=\"https:\/\/twitter.com\/GobiernoMX?ref_src=twsrc%5Etfw\">@GobiernoMX<\/a> a trav\u00e9s de 8,300 polic\u00edas y 1,400 veh\u00edculos que garantizar\u00e1n la seguridad.<\/p>\n<p>&mdash; Petr\u00f3leos Mexicanos (@Pemex) <a href=\"https:\/\/twitter.com\/Pemex\/status\/1083911908804231168?ref_src=twsrc%5Etfw\">January 12, 2019<\/a><\/p><\/blockquote>\n<p><script async src=\"https:\/\/platform.twitter.com\/widgets.js\" charset=\"utf-8\"><\/script><\/p>\n<p>Ayer, Pemex\u00a0exhort\u00f3 a las\u00a0comunidades por donde pasan los ductos \u201ca que colaboren, con la empresa que es de todos los mexicanos, con su denuncia y que no sean c\u00f3mplices de estas actividades il\u00edcitas\u201d.<\/p>\n<p>Inform\u00f3 ayer que no dar\u00e1 marcha atr\u00e1s contra el robo de combustible, e indic\u00f3 que se avanza en la normalizaci\u00f3n del abasto de gasolina.<\/p>\n<blockquote>\n<p>\u201cLa Nueva estrategia del Gobierno de M\u00e9xico para acabar con el llamado huachicoleo es efectiva, y no daremos marcha atr\u00e1s contra el robo de combustible, il\u00edcito que da\u00f1a la econom\u00eda nacional y el bolsillo de los mexicanos\u201d, se\u00f1al\u00f3.<\/p>\n<\/blockquote>\n<p>\u201cSeguiremos implementando las medidas necesarias para acabar con este flagelo al reforzar la vigilancia y cuidado de nuestras instalaciones, as\u00ed como en los mil 600 kil\u00f3metros de los seis ductos principales del pa\u00eds. Asimismo, continuaremos ejecutando el plan alternativo de distribuci\u00f3n por pipas hasta que se regularice el suministro\u201d, a\u00f1adi\u00f3.<\/p>\n<blockquote>\n<p>Pemex inform\u00f3 que las refiner\u00edas y Terminales de Almacenamiento y Despacho contin\u00faan surtiendo diariamente los 800 mil barriles de gasolina para asegurar el cumplimiento de la demanda requerida en el pa\u00eds.<\/p>\n<\/blockquote>\n<p>\u201cPetr\u00f3leos Mexicanos y el Gobierno de M\u00e9xico reconocen el apoyo que brindan los ciudadanos ante las nuevas medidas implementadas en la log\u00edstica de abasto de combustible; situaci\u00f3n que se normalizar\u00e1 en corto plazo y que traer\u00e1 beneficios para todos\u201d.<\/p>\n<p>Tambi\u00e9n agradeci\u00f3 a los trabajadores, sobre todo a los transportistas, \u201cque todos los d\u00edas, desde que se implement\u00f3 el Plan Conjunto de Atenci\u00f3n a Instalaciones Estrat\u00e9gicas, han hecho un esfuerzo excepcional y colaboran con agilizar el suministro de combustible\u201d.<\/p>\n","protected":false},"excerpt":{"rendered":"<p>La Canacar y Pemex llevar\u00e1n a cabo un plan conjunto para agilizar el abasto de combustible<br \/>\nPor Redacci\u00f3n QP<\/p>\n","protected":false},"author":2,"featured_media":14033,"comment_status":"open","ping_status":"open","sticky":false,"template":"","format":"standard","meta":{"_monsterinsights_skip_tracking":false,"_monsterinsights_sitenote_active":false,"_monsterinsights_sitenote_note":"","_monsterinsights_sitenote_category":0,"footnotes":""},"categories":[2],"tags":[],"class_list":["post-14034","post","type-post","status-publish","format-standard","has-post-thumbnail","hentry","category-noticias"],"yoast_head":"<!-- This site is optimized with the Yoast SEO plugin v27.3 - https:\/\/yoast.com\/product\/yoast-seo-wordpress\/ -->\n<title>La Canacar y Pemex llevar\u00e1n a cabo un plan conjunto para agilizar el abasto de combustible -<\/title>\n<meta name=\"robots\" content=\"index, follow, max-snippet:-1, max-image-preview:large, max-video-preview:-1\" \/>\n<link rel=\"canonical\" href=\"https:\/\/quehacerpolitico.mx\/?p=14034\" \/>\n<meta property=\"og:locale\" content=\"es_MX\" \/>\n<meta property=\"og:type\" content=\"article\" \/>\n<meta property=\"og:title\" content=\"La Canacar y Pemex llevar\u00e1n a cabo un plan conjunto para agilizar el abasto de combustible -\" \/>\n<meta property=\"og:description\" content=\"La Canacar y Pemex llevar\u00e1n a cabo un plan conjunto para agilizar el abasto de combustible Por Redacci\u00f3n QP\" \/>\n<meta property=\"og:url\" content=\"https:\/\/quehacerpolitico.mx\/?p=14034\" \/>\n<meta property=\"article:published_time\" content=\"2019-01-12T02:57:01+00:00\" \/>\n<meta name=\"author\" content=\"Redacci\u00f3n QP\" \/>\n<meta name=\"twitter:card\" content=\"summary_large_image\" \/>\n<meta name=\"twitter:label1\" content=\"Escrito por\" \/>\n\t<meta name=\"twitter:data1\" content=\"Redacci\u00f3n QP\" \/>\n\t<meta name=\"twitter:label2\" content=\"Tiempo de lectura\" \/>\n\t<meta name=\"twitter:data2\" content=\"3 minutos\" \/>\n<script type=\"application\/ld+json\" class=\"yoast-schema-graph\">{\"@context\":\"https:\\\/\\\/schema.org\",\"@graph\":[{\"@type\":\"Article\",\"@id\":\"https:\\\/\\\/quehacerpolitico.mx\\\/?p=14034#article\",\"isPartOf\":{\"@id\":\"https:\\\/\\\/quehacerpolitico.mx\\\/?p=14034\"},\"author\":{\"name\":\"Redacci\u00f3n QP\",\"@id\":\"https:\\\/\\\/quehacerpolitico.mx\\\/#\\\/schema\\\/person\\\/496d8ad2d1d3f8036101dca7ee39e585\"},\"headline\":\"La Canacar y Pemex llevar\u00e1n a cabo un plan conjunto para agilizar el abasto de combustible\",\"datePublished\":\"2019-01-12T02:57:01+00:00\",\"mainEntityOfPage\":{\"@id\":\"https:\\\/\\\/quehacerpolitico.mx\\\/?p=14034\"},\"wordCount\":564,\"commentCount\":0,\"image\":{\"@id\":\"https:\\\/\\\/quehacerpolitico.mx\\\/?p=14034#primaryimage\"},\"thumbnailUrl\":\"\",\"articleSection\":[\"Noticias\"],\"inLanguage\":\"es\",\"potentialAction\":[{\"@type\":\"CommentAction\",\"name\":\"Comment\",\"target\":[\"https:\\\/\\\/quehacerpolitico.mx\\\/?p=14034#respond\"]}]},{\"@type\":\"WebPage\",\"@id\":\"https:\\\/\\\/quehacerpolitico.mx\\\/?p=14034\",\"url\":\"https:\\\/\\\/quehacerpolitico.mx\\\/?p=14034\",\"name\":\"La Canacar y Pemex llevar\u00e1n a cabo un plan conjunto para agilizar el abasto de combustible -\",\"isPartOf\":{\"@id\":\"https:\\\/\\\/quehacerpolitico.mx\\\/#website\"},\"primaryImageOfPage\":{\"@id\":\"https:\\\/\\\/quehacerpolitico.mx\\\/?p=14034#primaryimage\"},\"image\":{\"@id\":\"https:\\\/\\\/quehacerpolitico.mx\\\/?p=14034#primaryimage\"},\"thumbnailUrl\":\"\",\"datePublished\":\"2019-01-12T02:57:01+00:00\",\"author\":{\"@id\":\"https:\\\/\\\/quehacerpolitico.mx\\\/#\\\/schema\\\/person\\\/496d8ad2d1d3f8036101dca7ee39e585\"},\"breadcrumb\":{\"@id\":\"https:\\\/\\\/quehacerpolitico.mx\\\/?p=14034#breadcrumb\"},\"inLanguage\":\"es\",\"potentialAction\":[{\"@type\":\"ReadAction\",\"target\":[\"https:\\\/\\\/quehacerpolitico.mx\\\/?p=14034\"]}]},{\"@type\":\"ImageObject\",\"inLanguage\":\"es\",\"@id\":\"https:\\\/\\\/quehacerpolitico.mx\\\/?p=14034#primaryimage\",\"url\":\"\",\"contentUrl\":\"\"},{\"@type\":\"BreadcrumbList\",\"@id\":\"https:\\\/\\\/quehacerpolitico.mx\\\/?p=14034#breadcrumb\",\"itemListElement\":[{\"@type\":\"ListItem\",\"position\":1,\"name\":\"Inicio\",\"item\":\"https:\\\/\\\/quehacerpolitico.mx\\\/\"},{\"@type\":\"ListItem\",\"position\":2,\"name\":\"La Canacar y Pemex llevar\u00e1n a cabo un plan conjunto para agilizar el abasto de combustible\"}]},{\"@type\":\"WebSite\",\"@id\":\"https:\\\/\\\/quehacerpolitico.mx\\\/#website\",\"url\":\"https:\\\/\\\/quehacerpolitico.mx\\\/\",\"name\":\"\",\"description\":\"\",\"potentialAction\":[{\"@type\":\"SearchAction\",\"target\":{\"@type\":\"EntryPoint\",\"urlTemplate\":\"https:\\\/\\\/quehacerpolitico.mx\\\/?s={search_term_string}\"},\"query-input\":{\"@type\":\"PropertyValueSpecification\",\"valueRequired\":true,\"valueName\":\"search_term_string\"}}],\"inLanguage\":\"es\"},{\"@type\":\"Person\",\"@id\":\"https:\\\/\\\/quehacerpolitico.mx\\\/#\\\/schema\\\/person\\\/496d8ad2d1d3f8036101dca7ee39e585\",\"name\":\"Redacci\u00f3n QP\",\"image\":{\"@type\":\"ImageObject\",\"inLanguage\":\"es\",\"@id\":\"https:\\\/\\\/secure.gravatar.com\\\/avatar\\\/c7164ed6fdec453195284ad24a5ae5b6e1eed2b848477fa2a4787ba9adf39a41?s=96&d=mm&r=g\",\"url\":\"https:\\\/\\\/secure.gravatar.com\\\/avatar\\\/c7164ed6fdec453195284ad24a5ae5b6e1eed2b848477fa2a4787ba9adf39a41?s=96&d=mm&r=g\",\"contentUrl\":\"https:\\\/\\\/secure.gravatar.com\\\/avatar\\\/c7164ed6fdec453195284ad24a5ae5b6e1eed2b848477fa2a4787ba9adf39a41?s=96&d=mm&r=g\",\"caption\":\"Redacci\u00f3n QP\"},\"url\":\"https:\\\/\\\/quehacerpolitico.mx\\\/?author=2\"}]}<\/script>\n<!-- \/ Yoast SEO plugin. -->","yoast_head_json":{"title":"La Canacar y Pemex llevar\u00e1n a cabo un plan conjunto para agilizar el abasto de combustible -","robots":{"index":"index","follow":"follow","max-snippet":"max-snippet:-1","max-image-preview":"max-image-preview:large","max-video-preview":"max-video-preview:-1"},"canonical":"https:\/\/quehacerpolitico.mx\/?p=14034","og_locale":"es_MX","og_type":"article","og_title":"La Canacar y Pemex llevar\u00e1n a cabo un plan conjunto para agilizar el abasto de combustible -","og_description":"La Canacar y Pemex llevar\u00e1n a cabo un plan conjunto para agilizar el abasto de combustible Por Redacci\u00f3n QP","og_url":"https:\/\/quehacerpolitico.mx\/?p=14034","article_published_time":"2019-01-12T02:57:01+00:00","author":"Redacci\u00f3n QP","twitter_card":"summary_large_image","twitter_misc":{"Escrito por":"Redacci\u00f3n QP","Tiempo de lectura":"3 minutos"},"schema":{"@context":"https:\/\/schema.org","@graph":[{"@type":"Article","@id":"https:\/\/quehacerpolitico.mx\/?p=14034#article","isPartOf":{"@id":"https:\/\/quehacerpolitico.mx\/?p=14034"},"author":{"name":"Redacci\u00f3n QP","@id":"https:\/\/quehacerpolitico.mx\/#\/schema\/person\/496d8ad2d1d3f8036101dca7ee39e585"},"headline":"La Canacar y Pemex llevar\u00e1n a cabo un plan conjunto para agilizar el abasto de combustible","datePublished":"2019-01-12T02:57:01+00:00","mainEntityOfPage":{"@id":"https:\/\/quehacerpolitico.mx\/?p=14034"},"wordCount":564,"commentCount":0,"image":{"@id":"https:\/\/quehacerpolitico.mx\/?p=14034#primaryimage"},"thumbnailUrl":"","articleSection":["Noticias"],"inLanguage":"es","potentialAction":[{"@type":"CommentAction","name":"Comment","target":["https:\/\/quehacerpolitico.mx\/?p=14034#respond"]}]},{"@type":"WebPage","@id":"https:\/\/quehacerpolitico.mx\/?p=14034","url":"https:\/\/quehacerpolitico.mx\/?p=14034","name":"La Canacar y Pemex llevar\u00e1n a cabo un plan conjunto para agilizar el abasto de combustible -","isPartOf":{"@id":"https:\/\/quehacerpolitico.mx\/#website"},"primaryImageOfPage":{"@id":"https:\/\/quehacerpolitico.mx\/?p=14034#primaryimage"},"image":{"@id":"https:\/\/quehacerpolitico.mx\/?p=14034#primaryimage"},"thumbnailUrl":"","datePublished":"2019-01-12T02:57:01+00:00","author":{"@id":"https:\/\/quehacerpolitico.mx\/#\/schema\/person\/496d8ad2d1d3f8036101dca7ee39e585"},"breadcrumb":{"@id":"https:\/\/quehacerpolitico.mx\/?p=14034#breadcrumb"},"inLanguage":"es","potentialAction":[{"@type":"ReadAction","target":["https:\/\/quehacerpolitico.mx\/?p=14034"]}]},{"@type":"ImageObject","inLanguage":"es","@id":"https:\/\/quehacerpolitico.mx\/?p=14034#primaryimage","url":"","contentUrl":""},{"@type":"BreadcrumbList","@id":"https:\/\/quehacerpolitico.mx\/?p=14034#breadcrumb","itemListElement":[{"@type":"ListItem","position":1,"name":"Inicio","item":"https:\/\/quehacerpolitico.mx\/"},{"@type":"ListItem","position":2,"name":"La Canacar y Pemex llevar\u00e1n a cabo un plan conjunto para agilizar el abasto de combustible"}]},{"@type":"WebSite","@id":"https:\/\/quehacerpolitico.mx\/#website","url":"https:\/\/quehacerpolitico.mx\/","name":"","description":"","potentialAction":[{"@type":"SearchAction","target":{"@type":"EntryPoint","urlTemplate":"https:\/\/quehacerpolitico.mx\/?s={search_term_string}"},"query-input":{"@type":"PropertyValueSpecification","valueRequired":true,"valueName":"search_term_string"}}],"inLanguage":"es"},{"@type":"Person","@id":"https:\/\/quehacerpolitico.mx\/#\/schema\/person\/496d8ad2d1d3f8036101dca7ee39e585","name":"Redacci\u00f3n QP","image":{"@type":"ImageObject","inLanguage":"es","@id":"https:\/\/secure.gravatar.com\/avatar\/c7164ed6fdec453195284ad24a5ae5b6e1eed2b848477fa2a4787ba9adf39a41?s=96&d=mm&r=g","url":"https:\/\/secure.gravatar.com\/avatar\/c7164ed6fdec453195284ad24a5ae5b6e1eed2b848477fa2a4787ba9adf39a41?s=96&d=mm&r=g","contentUrl":"https:\/\/secure.gravatar.com\/avatar\/c7164ed6fdec453195284ad24a5ae5b6e1eed2b848477fa2a4787ba9adf39a41?s=96&d=mm&r=g","caption":"Redacci\u00f3n QP"},"url":"https:\/\/quehacerpolitico.mx\/?author=2"}]}},"featured_image_urls":{"full":"","thumbnail":"","medium":"","medium_large":"","large":"","1536x1536":"","2048x2048":"","covernews-featured":"","covernews-medium":""},"author_info":{"display_name":"Redacci\u00f3n QP","author_link":"https:\/\/quehacerpolitico.mx\/?author=2"},"category_info":"<a href=\"https:\/\/quehacerpolitico.mx\/?cat=2\" rel=\"category\">Noticias<\/a>","tag_info":"Noticias","comment_count":"0","_links":{"self":[{"href":"https:\/\/quehacerpolitico.mx\/index.php?rest_route=\/wp\/v2\/posts\/14034","targetHints":{"allow":["GET"]}}],"collection":[{"href":"https:\/\/quehacerpolitico.mx\/index.php?rest_route=\/wp\/v2\/posts"}],"about":[{"href":"https:\/\/quehacerpolitico.mx\/index.php?rest_route=\/wp\/v2\/types\/post"}],"author":[{"embeddable":true,"href":"https:\/\/quehacerpolitico.mx\/index.php?rest_route=\/wp\/v2\/users\/2"}],"replies":[{"embeddable":true,"href":"https:\/\/quehacerpolitico.mx\/index.php?rest_route=%2Fwp%2Fv2%2Fcomments&post=14034"}],"version-history":[{"count":0,"href":"https:\/\/quehacerpolitico.mx\/index.php?rest_route=\/wp\/v2\/posts\/14034\/revisions"}],"wp:featuredmedia":[{"embeddable":true,"href":"https:\/\/quehacerpolitico.mx\/index.php?rest_route=\/"}],"wp:attachment":[{"href":"https:\/\/quehacerpolitico.mx\/index.php?rest_route=%2Fwp%2Fv2%2Fmedia&parent=14034"}],"wp:term":[{"taxonomy":"category","embeddable":true,"href":"https:\/\/quehacerpolitico.mx\/index.php?rest_route=%2Fwp%2Fv2%2Fcategories&post=14034"},{"taxonomy":"post_tag","embeddable":true,"href":"https:\/\/quehacerpolitico.mx\/index.php?rest_route=%2Fwp%2Fv2%2Ftags&post=14034"}],"curies":[{"name":"wp","href":"https:\/\/api.w.org\/{rel}","templated":true}]}}