{"id":14012,"date":"2019-01-11T23:56:14","date_gmt":"2019-01-11T23:56:14","guid":{"rendered":"http:\/\/quehacerpolitico.mx\/manifestantes-cierran-la-calzada-ignacio-zaragoza-en-cdmx-por-desabasto-se-generan-filas-de-autos\/"},"modified":"2019-01-11T23:56:14","modified_gmt":"2019-01-11T23:56:14","slug":"manifestantes-cierran-la-calzada-ignacio-zaragoza-en-cdmx-por-desabasto-se-generan-filas-de-autos","status":"publish","type":"post","link":"https:\/\/quehacerpolitico.mx\/?p=14012","title":{"rendered":"Manifestantes cierran la Calzada Ignacio Zaragoza, en CdMx, por desabasto; se generan filas de autos"},"content":{"rendered":"<h1>Manifestantes cierran la Calzada Ignacio Zaragoza, en CdMx, por desabasto; se generan filas de autos<\/h1>\n<p>Por Redacci\u00f3n QP<\/p>\n<p>Cerca de 100 personas bloquearon <strong>Calzada Ignacio Zaragoza<\/strong>, en la Alcald\u00eda Iztapalapa, para protestar contra <strong>el desabasto de combustible<\/strong>.<\/p>\n<p>Im\u00e1genes difundidas por <strong>medios nacionales<\/strong>muestran carriles laterales y centrales tapados,<strong>as\u00ed como filas de veh\u00edculos<\/strong> que se dirig\u00edan rumbo a la salida de la Ciudad de M\u00e9xico.<\/p>\n<p>Un hombre dijo, en entrevista con el periodista Jorge Becerril, que los manifestantes\u00a0\u201cest\u00e1n hasta al madre porque no les surten\u201d gasolina.<\/p>\n<p>\u201cLa gasolina es vital, como el agua. Si no hay combustible, no sales a trabajar\u201d, a\u00f1adi\u00f3 el manifestante.<\/p>\n<blockquote class=\"twitter-tweet\" data-width=\"550\" data-dnt=\"true\">\n<p lang=\"es\" dir=\"ltr\"><a href=\"https:\/\/twitter.com\/hashtag\/EvitaLaZona?src=hash&amp;ref_src=twsrc%5Etfw\">#EvitaLaZona<\/a> Encontrar\u00e1s afectaci\u00f3n vial por bloqueo\ud83d\udea7\ud83d\udea7sobre carriles laterales y centrales de Calz. Ignacio Zaragoza en direcci\u00f3n al ote. IZP, desde Manuel Calero hasta Av. Telecomunicaciones. Alt. vial: Av. Texcoco. <a href=\"https:\/\/twitter.com\/hashtag\/C5?src=hash&amp;ref_src=twsrc%5Etfw\">#C5<\/a>. <a href=\"https:\/\/t.co\/OglzAywr6Y\">pic.twitter.com\/OglzAywr6Y<\/a><\/p>\n<p>&mdash; C5 CDMX (@C5_CDMX) <a href=\"https:\/\/twitter.com\/C5_CDMX\/status\/1083824767898214400?ref_src=twsrc%5Etfw\">January 11, 2019<\/a><\/p><\/blockquote>\n<p><script async src=\"https:\/\/platform.twitter.com\/widgets.js\" charset=\"utf-8\"><\/script><\/p>\n<p>M\u00e1s tarde, los inconformes permitieron que los veh\u00edculos continuaran su camino.<\/p>\n<p><strong>IXTAPALUCA<\/strong><\/p>\n<p>Pobladores de Ixtapaluca protestaron tambi\u00e9n contra el desabasto de Gasolinas. Cerraron el paso en el Circuito Exterior Mexiquense, en la comunidad de San Francisco.<\/p>\n<p>De acuerdo con informaci\u00f3n de medios nacionales, los habitantes del Estado de M\u00e9xico amenazaron con incendiar veh\u00edculos de las personas que exig\u00edan avanzar.<\/p>\n<p>Fueron cerca de 100 personas las que se colocaron en los dos sentidos del Circuito Exterior Mexiquense.<\/p>\n<p><strong>El Gobierno de la Ciudad de M\u00e9xico<\/strong> inform\u00f3 que a trav\u00e9s del servicio de Locatel, la gente tendr\u00e1 conocimiento de las gasolineras que cuenten con combustible y tambi\u00e9n de aquellas que no brindan servicio.<\/p>\n<p>Durante una conferencia de prensa, la Jefa de Gobierno de la capital, Claudia Sheinbaum, dijo que <strong>los ciudadanos podr\u00e1n marcar al <a href=\"tel:56-58-11-11\">56-58-11-11<\/a> o consultar la p\u00e1gina locatel.cdmx.gob.mx<\/strong> para conocer las estaciones que cuenten con combustible.<\/p>\n<p>Adem\u00e1s, dijo que personalmente acudir\u00e1 a las estaciones de almacenamiento para supervisar el ingreso y salida de pipas.<\/p>\n<blockquote class=\"twitter-tweet\" data-width=\"550\" data-dnt=\"true\">\n<p lang=\"es\" dir=\"ltr\"><a href=\"https:\/\/twitter.com\/hashtag\/LOCATEL?src=hash&amp;ref_src=twsrc%5Etfw\">#LOCATEL<\/a> te informa cu\u00e1les gasolineras est\u00e1n abiertas y dando servicio en la <a href=\"https:\/\/twitter.com\/hashtag\/CiudadDeM%C3%A9xico?src=hash&amp;ref_src=twsrc%5Etfw\">#CiudadDeM\u00e9xico<\/a>. Llama al \u260e 5658 1111 o en nuestro chat en la p\u00e1gina <br \/>\ud83d\udc49<a href=\"https:\/\/t.co\/7roz0GLI9r\">https:\/\/t.co\/7roz0GLI9r<\/a> <a href=\"https:\/\/t.co\/4MpM2zfX4F\">pic.twitter.com\/4MpM2zfX4F<\/a><\/p>\n<p>&mdash; @locatel_mx (@locatel_mx) <a href=\"https:\/\/twitter.com\/locatel_mx\/status\/1083798615439626242?ref_src=twsrc%5Etfw\">January 11, 2019<\/a><\/p><\/blockquote>\n<p><script async src=\"https:\/\/platform.twitter.com\/widgets.js\" charset=\"utf-8\"><\/script><\/p>\n<p>Esta medida, apunt\u00f3, forma parte de las acciones emprendidas para combatir el desabasto de combustible que vive la Ciudad de M\u00e9xico, luego del cierre del ducto <strong>Tuxpan-Azcapotzalco por el huachicoleo<\/strong>. Por la ma\u00f1ana, el Presidente Andr\u00e9s Manuel L\u00f3pez Obrador inform\u00f3 que por segunda vez consecutiva dicho ducto hab\u00eda sido intervenido para el saqueo del crudo.<\/p>\n<p>Sheinbaum a\u00f1adi\u00f3 que est\u00e1n buscando a los empresarios para contar con m\u00e1s pipas y poder acelerar el traslado de combustible.<\/p>\n<p>A la par, apunt\u00f3, <strong>colaborar\u00e1n con Petr\u00f3leos Mexicanos<\/strong> (Pemex) para vigilar cuatro estaciones de transferencia y distribuci\u00f3n localizadas en la capital.<\/p>\n<p>El apoyo consistir\u00e1 en presencia policiaca en las estaciones <strong>Azcapotzalco, A\u00f1il, Barranca del Muerto y San Juan Ixhuatepec<\/strong> para emitir informaci\u00f3n de cu\u00e1ntas pipas arriban al lugar. As\u00ed como un operativo durante el traslado de los autotanques, con apoyo del Centro de Comando, Control, C\u00f3mputo, Comunicaciones y Contacto Ciudadana de la Ciudad de M\u00e9xico (C5).<\/p>\n<p>Por su parte, Pemex destac\u00f3 el pasado jueves en un comunicado que en la Ciudad de M\u00e9xico y \u00e1rea metropolitana se registraron \u201ccompras extraordinarias\u201d, lo que \u201cafecta la normalidad y puede generar problemas de abasto en las estaciones de servicio y saturaci\u00f3n en las vialidades\u201d.<\/p>\n<p>No se han dado datos oficiales sobre cuando se restablecer\u00e1 el tr\u00e1fico de combustible al ritmo previo a esta crisis ni el funcionamiento normal de las estaciones de servicio del pa\u00eds.<\/p>\n<p>Sin embargo, miembros del Gobierno federal se han mostrado dispuestos a que el cierre de ductos contin\u00fae el tiempo que sea necesario hasta que se controle el huachicoleo, que provoca al Estado unas p\u00e9rdidas por 60 mil millones de pesos al a\u00f1o.<\/p>\n<p><em>-Con informaci\u00f3n de EFE.<\/em><\/p>\n","protected":false},"excerpt":{"rendered":"<p>Manifestantes cierran la Calzada Ignacio Zaragoza, en CdMx, por desabasto; se generan filas de autos<br \/>\nPor Redaccion QP<\/p>\n","protected":false},"author":2,"featured_media":14011,"comment_status":"open","ping_status":"open","sticky":false,"template":"","format":"standard","meta":{"_monsterinsights_skip_tracking":false,"_monsterinsights_sitenote_active":false,"_monsterinsights_sitenote_note":"","_monsterinsights_sitenote_category":0,"footnotes":""},"categories":[55],"tags":[],"class_list":["post-14012","post","type-post","status-publish","format-standard","has-post-thumbnail","hentry","category-cdmx"],"yoast_head":"<!-- This site is optimized with the Yoast SEO plugin v27.3 - https:\/\/yoast.com\/product\/yoast-seo-wordpress\/ -->\n<title>Manifestantes cierran la Calzada Ignacio Zaragoza, en CdMx, por desabasto; se generan filas de autos -<\/title>\n<meta name=\"robots\" content=\"index, follow, max-snippet:-1, max-image-preview:large, max-video-preview:-1\" \/>\n<link rel=\"canonical\" href=\"https:\/\/quehacerpolitico.mx\/?p=14012\" \/>\n<meta property=\"og:locale\" content=\"es_MX\" \/>\n<meta property=\"og:type\" content=\"article\" \/>\n<meta property=\"og:title\" content=\"Manifestantes cierran la Calzada Ignacio Zaragoza, en CdMx, por desabasto; se generan filas de autos -\" \/>\n<meta property=\"og:description\" content=\"Manifestantes cierran la Calzada Ignacio Zaragoza, en CdMx, por desabasto; se generan filas de autos Por Redaccion QP\" \/>\n<meta property=\"og:url\" content=\"https:\/\/quehacerpolitico.mx\/?p=14012\" \/>\n<meta property=\"article:published_time\" content=\"2019-01-11T23:56:14+00:00\" \/>\n<meta name=\"author\" content=\"Redacci\u00f3n QP\" \/>\n<meta name=\"twitter:card\" content=\"summary_large_image\" \/>\n<meta name=\"twitter:label1\" content=\"Escrito por\" \/>\n\t<meta name=\"twitter:data1\" content=\"Redacci\u00f3n QP\" \/>\n\t<meta name=\"twitter:label2\" content=\"Tiempo de lectura\" \/>\n\t<meta name=\"twitter:data2\" content=\"3 minutos\" \/>\n<script type=\"application\/ld+json\" class=\"yoast-schema-graph\">{\"@context\":\"https:\\\/\\\/schema.org\",\"@graph\":[{\"@type\":\"Article\",\"@id\":\"https:\\\/\\\/quehacerpolitico.mx\\\/?p=14012#article\",\"isPartOf\":{\"@id\":\"https:\\\/\\\/quehacerpolitico.mx\\\/?p=14012\"},\"author\":{\"name\":\"Redacci\u00f3n QP\",\"@id\":\"https:\\\/\\\/quehacerpolitico.mx\\\/#\\\/schema\\\/person\\\/496d8ad2d1d3f8036101dca7ee39e585\"},\"headline\":\"Manifestantes cierran la Calzada Ignacio Zaragoza, en CdMx, por desabasto; se generan filas de autos\",\"datePublished\":\"2019-01-11T23:56:14+00:00\",\"mainEntityOfPage\":{\"@id\":\"https:\\\/\\\/quehacerpolitico.mx\\\/?p=14012\"},\"wordCount\":616,\"commentCount\":0,\"image\":{\"@id\":\"https:\\\/\\\/quehacerpolitico.mx\\\/?p=14012#primaryimage\"},\"thumbnailUrl\":\"\",\"articleSection\":[\"CDMX\"],\"inLanguage\":\"es\",\"potentialAction\":[{\"@type\":\"CommentAction\",\"name\":\"Comment\",\"target\":[\"https:\\\/\\\/quehacerpolitico.mx\\\/?p=14012#respond\"]}]},{\"@type\":\"WebPage\",\"@id\":\"https:\\\/\\\/quehacerpolitico.mx\\\/?p=14012\",\"url\":\"https:\\\/\\\/quehacerpolitico.mx\\\/?p=14012\",\"name\":\"Manifestantes cierran la Calzada Ignacio Zaragoza, en CdMx, por desabasto; se generan filas de autos -\",\"isPartOf\":{\"@id\":\"https:\\\/\\\/quehacerpolitico.mx\\\/#website\"},\"primaryImageOfPage\":{\"@id\":\"https:\\\/\\\/quehacerpolitico.mx\\\/?p=14012#primaryimage\"},\"image\":{\"@id\":\"https:\\\/\\\/quehacerpolitico.mx\\\/?p=14012#primaryimage\"},\"thumbnailUrl\":\"\",\"datePublished\":\"2019-01-11T23:56:14+00:00\",\"author\":{\"@id\":\"https:\\\/\\\/quehacerpolitico.mx\\\/#\\\/schema\\\/person\\\/496d8ad2d1d3f8036101dca7ee39e585\"},\"breadcrumb\":{\"@id\":\"https:\\\/\\\/quehacerpolitico.mx\\\/?p=14012#breadcrumb\"},\"inLanguage\":\"es\",\"potentialAction\":[{\"@type\":\"ReadAction\",\"target\":[\"https:\\\/\\\/quehacerpolitico.mx\\\/?p=14012\"]}]},{\"@type\":\"ImageObject\",\"inLanguage\":\"es\",\"@id\":\"https:\\\/\\\/quehacerpolitico.mx\\\/?p=14012#primaryimage\",\"url\":\"\",\"contentUrl\":\"\"},{\"@type\":\"BreadcrumbList\",\"@id\":\"https:\\\/\\\/quehacerpolitico.mx\\\/?p=14012#breadcrumb\",\"itemListElement\":[{\"@type\":\"ListItem\",\"position\":1,\"name\":\"Inicio\",\"item\":\"https:\\\/\\\/quehacerpolitico.mx\\\/\"},{\"@type\":\"ListItem\",\"position\":2,\"name\":\"Manifestantes cierran la Calzada Ignacio Zaragoza, en CdMx, por desabasto; se generan filas de autos\"}]},{\"@type\":\"WebSite\",\"@id\":\"https:\\\/\\\/quehacerpolitico.mx\\\/#website\",\"url\":\"https:\\\/\\\/quehacerpolitico.mx\\\/\",\"name\":\"\",\"description\":\"\",\"potentialAction\":[{\"@type\":\"SearchAction\",\"target\":{\"@type\":\"EntryPoint\",\"urlTemplate\":\"https:\\\/\\\/quehacerpolitico.mx\\\/?s={search_term_string}\"},\"query-input\":{\"@type\":\"PropertyValueSpecification\",\"valueRequired\":true,\"valueName\":\"search_term_string\"}}],\"inLanguage\":\"es\"},{\"@type\":\"Person\",\"@id\":\"https:\\\/\\\/quehacerpolitico.mx\\\/#\\\/schema\\\/person\\\/496d8ad2d1d3f8036101dca7ee39e585\",\"name\":\"Redacci\u00f3n QP\",\"image\":{\"@type\":\"ImageObject\",\"inLanguage\":\"es\",\"@id\":\"https:\\\/\\\/secure.gravatar.com\\\/avatar\\\/c7164ed6fdec453195284ad24a5ae5b6e1eed2b848477fa2a4787ba9adf39a41?s=96&d=mm&r=g\",\"url\":\"https:\\\/\\\/secure.gravatar.com\\\/avatar\\\/c7164ed6fdec453195284ad24a5ae5b6e1eed2b848477fa2a4787ba9adf39a41?s=96&d=mm&r=g\",\"contentUrl\":\"https:\\\/\\\/secure.gravatar.com\\\/avatar\\\/c7164ed6fdec453195284ad24a5ae5b6e1eed2b848477fa2a4787ba9adf39a41?s=96&d=mm&r=g\",\"caption\":\"Redacci\u00f3n QP\"},\"url\":\"https:\\\/\\\/quehacerpolitico.mx\\\/?author=2\"}]}<\/script>\n<!-- \/ Yoast SEO plugin. -->","yoast_head_json":{"title":"Manifestantes cierran la Calzada Ignacio Zaragoza, en CdMx, por desabasto; se generan filas de autos -","robots":{"index":"index","follow":"follow","max-snippet":"max-snippet:-1","max-image-preview":"max-image-preview:large","max-video-preview":"max-video-preview:-1"},"canonical":"https:\/\/quehacerpolitico.mx\/?p=14012","og_locale":"es_MX","og_type":"article","og_title":"Manifestantes cierran la Calzada Ignacio Zaragoza, en CdMx, por desabasto; se generan filas de autos -","og_description":"Manifestantes cierran la Calzada Ignacio Zaragoza, en CdMx, por desabasto; se generan filas de autos Por Redaccion QP","og_url":"https:\/\/quehacerpolitico.mx\/?p=14012","article_published_time":"2019-01-11T23:56:14+00:00","author":"Redacci\u00f3n QP","twitter_card":"summary_large_image","twitter_misc":{"Escrito por":"Redacci\u00f3n QP","Tiempo de lectura":"3 minutos"},"schema":{"@context":"https:\/\/schema.org","@graph":[{"@type":"Article","@id":"https:\/\/quehacerpolitico.mx\/?p=14012#article","isPartOf":{"@id":"https:\/\/quehacerpolitico.mx\/?p=14012"},"author":{"name":"Redacci\u00f3n QP","@id":"https:\/\/quehacerpolitico.mx\/#\/schema\/person\/496d8ad2d1d3f8036101dca7ee39e585"},"headline":"Manifestantes cierran la Calzada Ignacio Zaragoza, en CdMx, por desabasto; se generan filas de autos","datePublished":"2019-01-11T23:56:14+00:00","mainEntityOfPage":{"@id":"https:\/\/quehacerpolitico.mx\/?p=14012"},"wordCount":616,"commentCount":0,"image":{"@id":"https:\/\/quehacerpolitico.mx\/?p=14012#primaryimage"},"thumbnailUrl":"","articleSection":["CDMX"],"inLanguage":"es","potentialAction":[{"@type":"CommentAction","name":"Comment","target":["https:\/\/quehacerpolitico.mx\/?p=14012#respond"]}]},{"@type":"WebPage","@id":"https:\/\/quehacerpolitico.mx\/?p=14012","url":"https:\/\/quehacerpolitico.mx\/?p=14012","name":"Manifestantes cierran la Calzada Ignacio Zaragoza, en CdMx, por desabasto; se generan filas de autos -","isPartOf":{"@id":"https:\/\/quehacerpolitico.mx\/#website"},"primaryImageOfPage":{"@id":"https:\/\/quehacerpolitico.mx\/?p=14012#primaryimage"},"image":{"@id":"https:\/\/quehacerpolitico.mx\/?p=14012#primaryimage"},"thumbnailUrl":"","datePublished":"2019-01-11T23:56:14+00:00","author":{"@id":"https:\/\/quehacerpolitico.mx\/#\/schema\/person\/496d8ad2d1d3f8036101dca7ee39e585"},"breadcrumb":{"@id":"https:\/\/quehacerpolitico.mx\/?p=14012#breadcrumb"},"inLanguage":"es","potentialAction":[{"@type":"ReadAction","target":["https:\/\/quehacerpolitico.mx\/?p=14012"]}]},{"@type":"ImageObject","inLanguage":"es","@id":"https:\/\/quehacerpolitico.mx\/?p=14012#primaryimage","url":"","contentUrl":""},{"@type":"BreadcrumbList","@id":"https:\/\/quehacerpolitico.mx\/?p=14012#breadcrumb","itemListElement":[{"@type":"ListItem","position":1,"name":"Inicio","item":"https:\/\/quehacerpolitico.mx\/"},{"@type":"ListItem","position":2,"name":"Manifestantes cierran la Calzada Ignacio Zaragoza, en CdMx, por desabasto; se generan filas de autos"}]},{"@type":"WebSite","@id":"https:\/\/quehacerpolitico.mx\/#website","url":"https:\/\/quehacerpolitico.mx\/","name":"","description":"","potentialAction":[{"@type":"SearchAction","target":{"@type":"EntryPoint","urlTemplate":"https:\/\/quehacerpolitico.mx\/?s={search_term_string}"},"query-input":{"@type":"PropertyValueSpecification","valueRequired":true,"valueName":"search_term_string"}}],"inLanguage":"es"},{"@type":"Person","@id":"https:\/\/quehacerpolitico.mx\/#\/schema\/person\/496d8ad2d1d3f8036101dca7ee39e585","name":"Redacci\u00f3n QP","image":{"@type":"ImageObject","inLanguage":"es","@id":"https:\/\/secure.gravatar.com\/avatar\/c7164ed6fdec453195284ad24a5ae5b6e1eed2b848477fa2a4787ba9adf39a41?s=96&d=mm&r=g","url":"https:\/\/secure.gravatar.com\/avatar\/c7164ed6fdec453195284ad24a5ae5b6e1eed2b848477fa2a4787ba9adf39a41?s=96&d=mm&r=g","contentUrl":"https:\/\/secure.gravatar.com\/avatar\/c7164ed6fdec453195284ad24a5ae5b6e1eed2b848477fa2a4787ba9adf39a41?s=96&d=mm&r=g","caption":"Redacci\u00f3n QP"},"url":"https:\/\/quehacerpolitico.mx\/?author=2"}]}},"featured_image_urls":{"full":"","thumbnail":"","medium":"","medium_large":"","large":"","1536x1536":"","2048x2048":"","covernews-featured":"","covernews-medium":""},"author_info":{"display_name":"Redacci\u00f3n QP","author_link":"https:\/\/quehacerpolitico.mx\/?author=2"},"category_info":"<a href=\"https:\/\/quehacerpolitico.mx\/?cat=55\" rel=\"category\">CDMX<\/a>","tag_info":"CDMX","comment_count":"0","_links":{"self":[{"href":"https:\/\/quehacerpolitico.mx\/index.php?rest_route=\/wp\/v2\/posts\/14012","targetHints":{"allow":["GET"]}}],"collection":[{"href":"https:\/\/quehacerpolitico.mx\/index.php?rest_route=\/wp\/v2\/posts"}],"about":[{"href":"https:\/\/quehacerpolitico.mx\/index.php?rest_route=\/wp\/v2\/types\/post"}],"author":[{"embeddable":true,"href":"https:\/\/quehacerpolitico.mx\/index.php?rest_route=\/wp\/v2\/users\/2"}],"replies":[{"embeddable":true,"href":"https:\/\/quehacerpolitico.mx\/index.php?rest_route=%2Fwp%2Fv2%2Fcomments&post=14012"}],"version-history":[{"count":0,"href":"https:\/\/quehacerpolitico.mx\/index.php?rest_route=\/wp\/v2\/posts\/14012\/revisions"}],"wp:featuredmedia":[{"embeddable":true,"href":"https:\/\/quehacerpolitico.mx\/index.php?rest_route=\/"}],"wp:attachment":[{"href":"https:\/\/quehacerpolitico.mx\/index.php?rest_route=%2Fwp%2Fv2%2Fmedia&parent=14012"}],"wp:term":[{"taxonomy":"category","embeddable":true,"href":"https:\/\/quehacerpolitico.mx\/index.php?rest_route=%2Fwp%2Fv2%2Fcategories&post=14012"},{"taxonomy":"post_tag","embeddable":true,"href":"https:\/\/quehacerpolitico.mx\/index.php?rest_route=%2Fwp%2Fv2%2Ftags&post=14012"}],"curies":[{"name":"wp","href":"https:\/\/api.w.org\/{rel}","templated":true}]}}