{"id":14010,"date":"2019-01-11T23:32:06","date_gmt":"2019-01-11T23:32:06","guid":{"rendered":"http:\/\/quehacerpolitico.mx\/fernando-lujan-el-colombiano-mas-mexicano-estrella-del-cine-de-oro-muere-a-los-79-anos\/"},"modified":"2019-01-11T23:32:06","modified_gmt":"2019-01-11T23:32:06","slug":"fernando-lujan-el-colombiano-mas-mexicano-estrella-del-cine-de-oro-muere-a-los-79-anos","status":"publish","type":"post","link":"https:\/\/quehacerpolitico.mx\/?p=14010","title":{"rendered":"Fernando Luj\u00e1n, el colombiano m\u00e1s mexicano, estrella del cine de oro, muere a los 79 a\u00f1os"},"content":{"rendered":"<h1>Fernando Luj\u00e1n, el colombiano m\u00e1s mexicano, estrella del cine de oro, muere a los 79 a\u00f1os<\/h1>\n<p>Por Redacci\u00f3n QP<\/p>\n<p>El actor de origen colombiano, <strong>Fernando Luj\u00e1n<\/strong>, muri\u00f3 este viernes a los <strong>79 a\u00f1os de edad<\/strong>.<\/p>\n<p>Seg\u00fan lo primeros reportes, el actor muri\u00f3 en su casa ubicada <strong>Puerto Escondido, en el estado de Oaxaca<\/strong>. La noticia fue confirmada por <strong><em>TV Azteca<\/em><\/strong>, empresa en la que trabaj\u00f3 por a\u00f1os.<\/p>\n<p>El actor particip\u00f3 en decenas de producciones entre las que destaca las telenovelas\u00a0<em>Mirada de mujer<\/em> (1997) y <em>Cadenas de amargura<\/em> (1991); actu\u00f3 en pel\u00edculas como <em>Cinco d\u00edas sin Nora<\/em>(2008), donde recibi\u00f3 un <strong>Ariel<\/strong> por su actuaci\u00f3n, y <em>Hasta el viento tiene miedo<\/em>(2007), por mencionar algunas. En a\u00f1o 2014 fue reconocido con una <strong>Diosa de Plata<\/strong> por su coactuaci\u00f3n en <em>Tercera llamada<\/em> (2013).<\/p>\n<p>Tambi\u00e9n incursion\u00f3 para Netflix en la serie <em>Ingobernable<\/em>, al lado de Kate del castillo.<\/p>\n<p>En noviembre pasado el actor recibi\u00f3 el Premio Luis Bu\u00f1uel de Espa\u00f1a, galard\u00f3n que entrega la Embajada de Espa\u00f1a en M\u00e9xico a destacadas figuras cinematogr\u00e1ficas que han tenido una fruct\u00edfera carrera art\u00edstica en ambos lados del Atl\u00e1ntico.<\/p>\n<div id=\"attachment_3521539\" class=\"wp-caption alignnone\"><img loading=\"lazy\" decoding=\"async\" class=\"size-full wp-image-3521539\" src=\"https:\/\/www.sinembargo.mx\/wp-content\/uploads\/2019\/01\/fundacion_kalli-timochiasque-2.jpg\" sizes=\"auto, (max-width: 700px) 100vw, 700px\" srcset=\"https:\/\/www.sinembargo.mx\/wp-content\/uploads\/2019\/01\/fundacion_kalli-timochiasque-2.jpg 700w, https:\/\/www.sinembargo.mx\/wp-content\/uploads\/2019\/01\/fundacion_kalli-timochiasque-2-199x300.jpg 199w\" alt=\"\" width=\"700\" height=\"1054\" \/><\/p>\n<p class=\"wp-caption-text\">El actor, Fernando Luj\u00e1n durante una fiesta a beneficencia de la Casa Fundaci\u00f3n Kalli-Timochias. Foto: Francisco Rodr\u00edguez, Cuartoscuro<\/p>\n<\/div>\n","protected":false},"excerpt":{"rendered":"<p>Fernando Luj\u00e1n, el colombiano m\u00e1s mexicano, estrella del cine de oro, muere a los 79 a\u00f1os<br \/>\nPor Redacci\u00f3n QP<\/p>\n","protected":false},"author":2,"featured_media":14009,"comment_status":"open","ping_status":"open","sticky":false,"template":"","format":"standard","meta":{"_monsterinsights_skip_tracking":false,"_monsterinsights_sitenote_active":false,"_monsterinsights_sitenote_note":"","_monsterinsights_sitenote_category":0,"footnotes":""},"categories":[58],"tags":[],"class_list":["post-14010","post","type-post","status-publish","format-standard","has-post-thumbnail","hentry","category-cultura"],"yoast_head":"<!-- This site is optimized with the Yoast SEO plugin v27.3 - https:\/\/yoast.com\/product\/yoast-seo-wordpress\/ -->\n<title>Fernando Luj\u00e1n, el colombiano m\u00e1s mexicano, estrella del cine de oro, muere a los 79 a\u00f1os -<\/title>\n<meta name=\"robots\" content=\"index, follow, max-snippet:-1, max-image-preview:large, max-video-preview:-1\" \/>\n<link rel=\"canonical\" href=\"https:\/\/quehacerpolitico.mx\/?p=14010\" \/>\n<meta property=\"og:locale\" content=\"es_MX\" \/>\n<meta property=\"og:type\" content=\"article\" \/>\n<meta property=\"og:title\" content=\"Fernando Luj\u00e1n, el colombiano m\u00e1s mexicano, estrella del cine de oro, muere a los 79 a\u00f1os -\" \/>\n<meta property=\"og:description\" content=\"Fernando Luj\u00e1n, el colombiano m\u00e1s mexicano, estrella del cine de oro, muere a los 79 a\u00f1os Por Redacci\u00f3n QP\" \/>\n<meta property=\"og:url\" content=\"https:\/\/quehacerpolitico.mx\/?p=14010\" \/>\n<meta property=\"article:published_time\" content=\"2019-01-11T23:32:06+00:00\" \/>\n<meta name=\"author\" content=\"Redacci\u00f3n QP\" \/>\n<meta name=\"twitter:card\" content=\"summary_large_image\" \/>\n<meta name=\"twitter:label1\" content=\"Escrito por\" \/>\n\t<meta name=\"twitter:data1\" content=\"Redacci\u00f3n QP\" \/>\n\t<meta name=\"twitter:label2\" content=\"Tiempo de lectura\" \/>\n\t<meta name=\"twitter:data2\" content=\"1 minuto\" \/>\n<script type=\"application\/ld+json\" class=\"yoast-schema-graph\">{\"@context\":\"https:\\\/\\\/schema.org\",\"@graph\":[{\"@type\":\"Article\",\"@id\":\"https:\\\/\\\/quehacerpolitico.mx\\\/?p=14010#article\",\"isPartOf\":{\"@id\":\"https:\\\/\\\/quehacerpolitico.mx\\\/?p=14010\"},\"author\":{\"name\":\"Redacci\u00f3n QP\",\"@id\":\"https:\\\/\\\/quehacerpolitico.mx\\\/#\\\/schema\\\/person\\\/496d8ad2d1d3f8036101dca7ee39e585\"},\"headline\":\"Fernando Luj\u00e1n, el colombiano m\u00e1s mexicano, estrella del cine de oro, muere a los 79 a\u00f1os\",\"datePublished\":\"2019-01-11T23:32:06+00:00\",\"mainEntityOfPage\":{\"@id\":\"https:\\\/\\\/quehacerpolitico.mx\\\/?p=14010\"},\"wordCount\":237,\"commentCount\":0,\"image\":{\"@id\":\"https:\\\/\\\/quehacerpolitico.mx\\\/?p=14010#primaryimage\"},\"thumbnailUrl\":\"\",\"articleSection\":[\"Cultura y Entretenimiento\"],\"inLanguage\":\"es\",\"potentialAction\":[{\"@type\":\"CommentAction\",\"name\":\"Comment\",\"target\":[\"https:\\\/\\\/quehacerpolitico.mx\\\/?p=14010#respond\"]}]},{\"@type\":\"WebPage\",\"@id\":\"https:\\\/\\\/quehacerpolitico.mx\\\/?p=14010\",\"url\":\"https:\\\/\\\/quehacerpolitico.mx\\\/?p=14010\",\"name\":\"Fernando Luj\u00e1n, el colombiano m\u00e1s mexicano, estrella del cine de oro, muere a los 79 a\u00f1os -\",\"isPartOf\":{\"@id\":\"https:\\\/\\\/quehacerpolitico.mx\\\/#website\"},\"primaryImageOfPage\":{\"@id\":\"https:\\\/\\\/quehacerpolitico.mx\\\/?p=14010#primaryimage\"},\"image\":{\"@id\":\"https:\\\/\\\/quehacerpolitico.mx\\\/?p=14010#primaryimage\"},\"thumbnailUrl\":\"\",\"datePublished\":\"2019-01-11T23:32:06+00:00\",\"author\":{\"@id\":\"https:\\\/\\\/quehacerpolitico.mx\\\/#\\\/schema\\\/person\\\/496d8ad2d1d3f8036101dca7ee39e585\"},\"breadcrumb\":{\"@id\":\"https:\\\/\\\/quehacerpolitico.mx\\\/?p=14010#breadcrumb\"},\"inLanguage\":\"es\",\"potentialAction\":[{\"@type\":\"ReadAction\",\"target\":[\"https:\\\/\\\/quehacerpolitico.mx\\\/?p=14010\"]}]},{\"@type\":\"ImageObject\",\"inLanguage\":\"es\",\"@id\":\"https:\\\/\\\/quehacerpolitico.mx\\\/?p=14010#primaryimage\",\"url\":\"\",\"contentUrl\":\"\"},{\"@type\":\"BreadcrumbList\",\"@id\":\"https:\\\/\\\/quehacerpolitico.mx\\\/?p=14010#breadcrumb\",\"itemListElement\":[{\"@type\":\"ListItem\",\"position\":1,\"name\":\"Inicio\",\"item\":\"https:\\\/\\\/quehacerpolitico.mx\\\/\"},{\"@type\":\"ListItem\",\"position\":2,\"name\":\"Fernando Luj\u00e1n, el colombiano m\u00e1s mexicano, estrella del cine de oro, muere a los 79 a\u00f1os\"}]},{\"@type\":\"WebSite\",\"@id\":\"https:\\\/\\\/quehacerpolitico.mx\\\/#website\",\"url\":\"https:\\\/\\\/quehacerpolitico.mx\\\/\",\"name\":\"\",\"description\":\"\",\"potentialAction\":[{\"@type\":\"SearchAction\",\"target\":{\"@type\":\"EntryPoint\",\"urlTemplate\":\"https:\\\/\\\/quehacerpolitico.mx\\\/?s={search_term_string}\"},\"query-input\":{\"@type\":\"PropertyValueSpecification\",\"valueRequired\":true,\"valueName\":\"search_term_string\"}}],\"inLanguage\":\"es\"},{\"@type\":\"Person\",\"@id\":\"https:\\\/\\\/quehacerpolitico.mx\\\/#\\\/schema\\\/person\\\/496d8ad2d1d3f8036101dca7ee39e585\",\"name\":\"Redacci\u00f3n QP\",\"image\":{\"@type\":\"ImageObject\",\"inLanguage\":\"es\",\"@id\":\"https:\\\/\\\/secure.gravatar.com\\\/avatar\\\/c7164ed6fdec453195284ad24a5ae5b6e1eed2b848477fa2a4787ba9adf39a41?s=96&d=mm&r=g\",\"url\":\"https:\\\/\\\/secure.gravatar.com\\\/avatar\\\/c7164ed6fdec453195284ad24a5ae5b6e1eed2b848477fa2a4787ba9adf39a41?s=96&d=mm&r=g\",\"contentUrl\":\"https:\\\/\\\/secure.gravatar.com\\\/avatar\\\/c7164ed6fdec453195284ad24a5ae5b6e1eed2b848477fa2a4787ba9adf39a41?s=96&d=mm&r=g\",\"caption\":\"Redacci\u00f3n QP\"},\"url\":\"https:\\\/\\\/quehacerpolitico.mx\\\/?author=2\"}]}<\/script>\n<!-- \/ Yoast SEO plugin. -->","yoast_head_json":{"title":"Fernando Luj\u00e1n, el colombiano m\u00e1s mexicano, estrella del cine de oro, muere a los 79 a\u00f1os -","robots":{"index":"index","follow":"follow","max-snippet":"max-snippet:-1","max-image-preview":"max-image-preview:large","max-video-preview":"max-video-preview:-1"},"canonical":"https:\/\/quehacerpolitico.mx\/?p=14010","og_locale":"es_MX","og_type":"article","og_title":"Fernando Luj\u00e1n, el colombiano m\u00e1s mexicano, estrella del cine de oro, muere a los 79 a\u00f1os -","og_description":"Fernando Luj\u00e1n, el colombiano m\u00e1s mexicano, estrella del cine de oro, muere a los 79 a\u00f1os Por Redacci\u00f3n QP","og_url":"https:\/\/quehacerpolitico.mx\/?p=14010","article_published_time":"2019-01-11T23:32:06+00:00","author":"Redacci\u00f3n QP","twitter_card":"summary_large_image","twitter_misc":{"Escrito por":"Redacci\u00f3n QP","Tiempo de lectura":"1 minuto"},"schema":{"@context":"https:\/\/schema.org","@graph":[{"@type":"Article","@id":"https:\/\/quehacerpolitico.mx\/?p=14010#article","isPartOf":{"@id":"https:\/\/quehacerpolitico.mx\/?p=14010"},"author":{"name":"Redacci\u00f3n QP","@id":"https:\/\/quehacerpolitico.mx\/#\/schema\/person\/496d8ad2d1d3f8036101dca7ee39e585"},"headline":"Fernando Luj\u00e1n, el colombiano m\u00e1s mexicano, estrella del cine de oro, muere a los 79 a\u00f1os","datePublished":"2019-01-11T23:32:06+00:00","mainEntityOfPage":{"@id":"https:\/\/quehacerpolitico.mx\/?p=14010"},"wordCount":237,"commentCount":0,"image":{"@id":"https:\/\/quehacerpolitico.mx\/?p=14010#primaryimage"},"thumbnailUrl":"","articleSection":["Cultura y Entretenimiento"],"inLanguage":"es","potentialAction":[{"@type":"CommentAction","name":"Comment","target":["https:\/\/quehacerpolitico.mx\/?p=14010#respond"]}]},{"@type":"WebPage","@id":"https:\/\/quehacerpolitico.mx\/?p=14010","url":"https:\/\/quehacerpolitico.mx\/?p=14010","name":"Fernando Luj\u00e1n, el colombiano m\u00e1s mexicano, estrella del cine de oro, muere a los 79 a\u00f1os -","isPartOf":{"@id":"https:\/\/quehacerpolitico.mx\/#website"},"primaryImageOfPage":{"@id":"https:\/\/quehacerpolitico.mx\/?p=14010#primaryimage"},"image":{"@id":"https:\/\/quehacerpolitico.mx\/?p=14010#primaryimage"},"thumbnailUrl":"","datePublished":"2019-01-11T23:32:06+00:00","author":{"@id":"https:\/\/quehacerpolitico.mx\/#\/schema\/person\/496d8ad2d1d3f8036101dca7ee39e585"},"breadcrumb":{"@id":"https:\/\/quehacerpolitico.mx\/?p=14010#breadcrumb"},"inLanguage":"es","potentialAction":[{"@type":"ReadAction","target":["https:\/\/quehacerpolitico.mx\/?p=14010"]}]},{"@type":"ImageObject","inLanguage":"es","@id":"https:\/\/quehacerpolitico.mx\/?p=14010#primaryimage","url":"","contentUrl":""},{"@type":"BreadcrumbList","@id":"https:\/\/quehacerpolitico.mx\/?p=14010#breadcrumb","itemListElement":[{"@type":"ListItem","position":1,"name":"Inicio","item":"https:\/\/quehacerpolitico.mx\/"},{"@type":"ListItem","position":2,"name":"Fernando Luj\u00e1n, el colombiano m\u00e1s mexicano, estrella del cine de oro, muere a los 79 a\u00f1os"}]},{"@type":"WebSite","@id":"https:\/\/quehacerpolitico.mx\/#website","url":"https:\/\/quehacerpolitico.mx\/","name":"","description":"","potentialAction":[{"@type":"SearchAction","target":{"@type":"EntryPoint","urlTemplate":"https:\/\/quehacerpolitico.mx\/?s={search_term_string}"},"query-input":{"@type":"PropertyValueSpecification","valueRequired":true,"valueName":"search_term_string"}}],"inLanguage":"es"},{"@type":"Person","@id":"https:\/\/quehacerpolitico.mx\/#\/schema\/person\/496d8ad2d1d3f8036101dca7ee39e585","name":"Redacci\u00f3n QP","image":{"@type":"ImageObject","inLanguage":"es","@id":"https:\/\/secure.gravatar.com\/avatar\/c7164ed6fdec453195284ad24a5ae5b6e1eed2b848477fa2a4787ba9adf39a41?s=96&d=mm&r=g","url":"https:\/\/secure.gravatar.com\/avatar\/c7164ed6fdec453195284ad24a5ae5b6e1eed2b848477fa2a4787ba9adf39a41?s=96&d=mm&r=g","contentUrl":"https:\/\/secure.gravatar.com\/avatar\/c7164ed6fdec453195284ad24a5ae5b6e1eed2b848477fa2a4787ba9adf39a41?s=96&d=mm&r=g","caption":"Redacci\u00f3n QP"},"url":"https:\/\/quehacerpolitico.mx\/?author=2"}]}},"featured_image_urls":{"full":"","thumbnail":"","medium":"","medium_large":"","large":"","1536x1536":"","2048x2048":"","covernews-featured":"","covernews-medium":""},"author_info":{"display_name":"Redacci\u00f3n QP","author_link":"https:\/\/quehacerpolitico.mx\/?author=2"},"category_info":"<a href=\"https:\/\/quehacerpolitico.mx\/?cat=58\" rel=\"category\">Cultura y Entretenimiento<\/a>","tag_info":"Cultura y Entretenimiento","comment_count":"0","_links":{"self":[{"href":"https:\/\/quehacerpolitico.mx\/index.php?rest_route=\/wp\/v2\/posts\/14010","targetHints":{"allow":["GET"]}}],"collection":[{"href":"https:\/\/quehacerpolitico.mx\/index.php?rest_route=\/wp\/v2\/posts"}],"about":[{"href":"https:\/\/quehacerpolitico.mx\/index.php?rest_route=\/wp\/v2\/types\/post"}],"author":[{"embeddable":true,"href":"https:\/\/quehacerpolitico.mx\/index.php?rest_route=\/wp\/v2\/users\/2"}],"replies":[{"embeddable":true,"href":"https:\/\/quehacerpolitico.mx\/index.php?rest_route=%2Fwp%2Fv2%2Fcomments&post=14010"}],"version-history":[{"count":0,"href":"https:\/\/quehacerpolitico.mx\/index.php?rest_route=\/wp\/v2\/posts\/14010\/revisions"}],"wp:featuredmedia":[{"embeddable":true,"href":"https:\/\/quehacerpolitico.mx\/index.php?rest_route=\/"}],"wp:attachment":[{"href":"https:\/\/quehacerpolitico.mx\/index.php?rest_route=%2Fwp%2Fv2%2Fmedia&parent=14010"}],"wp:term":[{"taxonomy":"category","embeddable":true,"href":"https:\/\/quehacerpolitico.mx\/index.php?rest_route=%2Fwp%2Fv2%2Fcategories&post=14010"},{"taxonomy":"post_tag","embeddable":true,"href":"https:\/\/quehacerpolitico.mx\/index.php?rest_route=%2Fwp%2Fv2%2Ftags&post=14010"}],"curies":[{"name":"wp","href":"https:\/\/api.w.org\/{rel}","templated":true}]}}