{"id":14008,"date":"2019-01-11T21:16:04","date_gmt":"2019-01-11T21:16:04","guid":{"rendered":"http:\/\/quehacerpolitico.mx\/amlo-replantea-su-propuesta-original-pide-a-diputados-mando-civil-para-la-guardia-nacional\/"},"modified":"2019-01-11T21:16:04","modified_gmt":"2019-01-11T21:16:04","slug":"amlo-replantea-su-propuesta-original-pide-a-diputados-mando-civil-para-la-guardia-nacional","status":"publish","type":"post","link":"https:\/\/quehacerpolitico.mx\/?p=14008","title":{"rendered":"AMLO replantea su propuesta original: pide a diputados mando civil para la Guardia Nacional"},"content":{"rendered":"<h1>AMLO replantea su propuesta original: pide a diputados mando civil para la Guardia Nacional<\/h1>\n<p>Por Redacci\u00f3n QP<\/p>\n<p>El Presidente<strong> Andr\u00e9s Manuel L\u00f3pez Obrador<\/strong> pidi\u00f3 a la C\u00e1mara de Diputados que el <strong>mando<\/strong> de la <strong>Guardia Nacional<\/strong> se encuentre en el \u00e1mbito <strong>civil<\/strong> bajo la Secretar\u00eda de Seguridad y Protecci\u00f3n Ciudadana, inform\u00f3 Alfonso Durazo, titular de dicha dependencia.<\/p>\n<blockquote>\n<p>\u201cInforma Alfonso Durazo que el Presidente <strong>Andr\u00e9s Manuel L\u00f3pez Obrador<\/strong> solicita respetuosamente a la C\u00e1mara de Diputados que el <strong>mando<\/strong> de la Guardia Nacional sea <strong>civil<\/strong>\u201c, corrobor\u00f3 Mario Delgado Carrillo, quien es coordinador del partido Movimiento de Regeneraci\u00f3n Nacional (Morena) en la C\u00e1mara Baja.<\/p>\n<\/blockquote>\n<p>Durante la audiencia sobre la <strong>Guardia Nacional<\/strong> que se celebr\u00f3 hoy en el legislativo, y en la que estuvieron presentes los <strong>mandos<\/strong> del Ej\u00e9rcito y la Marina, Durazo coment\u00f3 que el Presidente pidi\u00f3 hacer los cambios necesarios para que el m\u00e1ximo responsable sea un <strong>civil<\/strong> y no un militar.<\/p>\n<p>\u201c(<strong>L\u00f3pez Obrador<\/strong>) transmite por mi conducto la necesidad de replantear los t\u00e9rminos del dise\u00f1o original propuesto para la <strong>Guardia Nacional<\/strong>, mediante las modificaciones constitucionales que esta C\u00e1mara de Diputados estime pertinentes\u201d, sostuvo.<\/p>\n<blockquote class=\"twitter-tweet\" data-width=\"550\" data-dnt=\"true\">\n<p lang=\"es\" dir=\"ltr\"><a href=\"https:\/\/twitter.com\/AlfonsoDurazo?ref_src=twsrc%5Etfw\">@AlfonsoDurazo<\/a> titular de la <a href=\"https:\/\/twitter.com\/SSPCMexico?ref_src=twsrc%5Etfw\">@SSPCMexico<\/a> explica que la propuesta brindar\u00eda un marco de referencia constitucional para transitar a un cuerpo de seguridad p\u00fablica ubicado en el \u00e1mbito civil, pero con niveles homologados a los que se aplican en el \u00e1mbito de las fuerzas armadas <a href=\"https:\/\/t.co\/135XQGKwmW\">pic.twitter.com\/135XQGKwmW<\/a><\/p>\n<p>&mdash; Noticias Congreso (@NoticiaCongreso) <a href=\"https:\/\/twitter.com\/NoticiaCongreso\/status\/1083777751864225794?ref_src=twsrc%5Etfw\">January 11, 2019<\/a><\/p><\/blockquote>\n<p><script async src=\"https:\/\/platform.twitter.com\/widgets.js\" charset=\"utf-8\"><\/script><\/p>\n<p>Originalmente, el plan del nuevo Gobierno era que la <strong>Guardia Nacional<\/strong> se formara por agentes del Ej\u00e9rcito, de la Marina y de la Federal, que quedara adscrita a la Secretar\u00eda de Defensa Nacional (Sedena) y estuviera bajo control tanto militar como <strong>civil<\/strong>.<\/p>\n<p>Pero de acuerdo con Durazo, el Presidente pidi\u00f3 ahora que este ente se ubique en el \u00e1mbito civil y que dependa de la Secretar\u00eda de Seguridad y Protecci\u00f3n Ciudadana.<\/p>\n<p><strong>L\u00f3pez Obrador<\/strong> asegur\u00f3 que se necesitaba un cuerpo como la<strong> Guardia Nacional<\/strong> \u201cpara garantizar la seguridad p\u00fablica\u201d, pues resalt\u00f3 que hasta ahora los operativos especiales del Ej\u00e9rcito y la Marina se orientaban a enfrentar al crimen organizado \u201cy no proteg\u00edan al ciudadano\u201d.<\/p>\n<blockquote class=\"twitter-tweet\" data-width=\"550\" data-dnt=\"true\">\n<p lang=\"es\" dir=\"ltr\">3) Optimizar los recursos con los que cuenta el Estado mexicano (Sedena-Semar-SSPC)<\/p>\n<p>&#8212;<a href=\"https:\/\/twitter.com\/AlfonsoDurazo?ref_src=twsrc%5Etfw\">@AlfonsoDurazo<\/a> <\/p>\n<p>En vivo: <a href=\"https:\/\/t.co\/vZWlti4nwm\">https:\/\/t.co\/vZWlti4nwm<\/a> <a href=\"https:\/\/twitter.com\/hashtag\/AudienciasGuardiaNacional?src=hash&amp;ref_src=twsrc%5Etfw\">#AudienciasGuardiaNacional<\/a><\/p>\n<p>&mdash; Secretar\u00eda de Seguridad y Protecci\u00f3n Ciudadana (@SSPCMexico) <a href=\"https:\/\/twitter.com\/SSPCMexico\/status\/1083776505514209281?ref_src=twsrc%5Etfw\">January 11, 2019<\/a><\/p><\/blockquote>\n<p><script async src=\"https:\/\/platform.twitter.com\/widgets.js\" charset=\"utf-8\"><\/script><\/p>\n<p>Destac\u00f3 que el proyecto de la polic\u00eda federal no se consolid\u00f3, que fracas\u00f3 y es por ello que se tom\u00f3 la decisi\u00f3n de crear la Guardia Nacional uniendo a la polic\u00eda federal, naval y militar.<\/p>\n<p>Y se\u00f1al\u00f3 que conf\u00eda en el Ej\u00e9rcito \u201ccomo conf\u00edo en todos los seres humanos(\u2026) creo en la gente y hay soldados que son el pueblo\u201d.<\/p>\n<blockquote>\n<p>Tambi\u00e9n reiter\u00f3 el compromiso de que en su gobierno no habr\u00e1 represi\u00f3n porque \u201cel presidente de M\u00e9xico, que es el comandante supremo de las fuerzas armadas, nunca va a dar la orden de reprimir al pueblo\u201d.<\/p>\n<\/blockquote>\n<p>La creaci\u00f3n de una Guardia Nacional forma parte del Plan Nacional de Paz y Seguridad 2018-2024 de <strong>L\u00f3pez Obrador<\/strong> con el objetivo de preservar la seguridad y combatir la delincuencia en el pa\u00eds.<\/p>\n<p>La <strong>propuesta<\/strong> se\u00f1ala que la Guardia Nacional podr\u00eda estar integrada por 60 mil agentes, 30 mil de la Polic\u00eda Militar, 10 mil de la Naval y 20 mil de la Federal.<\/p>\n<blockquote class=\"twitter-tweet\" data-width=\"550\" data-dnt=\"true\">\n<p lang=\"es\" dir=\"ltr\">Informa <a href=\"https:\/\/twitter.com\/AlfonsoDurazo?ref_src=twsrc%5Etfw\">@AlfonsoDurazo<\/a> que el Presidente <a href=\"https:\/\/twitter.com\/lopezobrador_?ref_src=twsrc%5Etfw\">@lopezobrador_<\/a> solicita respetuosamente a la <a href=\"https:\/\/twitter.com\/Mx_Diputados?ref_src=twsrc%5Etfw\">@Mx_Diputados<\/a> que el mando de la <a href=\"https:\/\/twitter.com\/hashtag\/GuardiaNacional?src=hash&amp;ref_src=twsrc%5Etfw\">#GuardiaNacional<\/a> sea civil. <a href=\"https:\/\/t.co\/wQCdbdxGU5\">pic.twitter.com\/wQCdbdxGU5<\/a><\/p>\n<p>&mdash; Mario Delgado (@mario_delgado) <a href=\"https:\/\/twitter.com\/mario_delgado\/status\/1083776459687235584?ref_src=twsrc%5Etfw\">January 11, 2019<\/a><\/p><\/blockquote>\n<p><script async src=\"https:\/\/platform.twitter.com\/widgets.js\" charset=\"utf-8\"><\/script><\/p>\n<p>Ayer, Tatiana Clouthier Carrillo, vicecoordinadora del partido, advirti\u00f3 que si la Guardia Nacional se aprobaba en los t\u00e9rminos enviados por el Jefe del Ejecutivo federal, militares podr\u00edan determinar qui\u00e9n dirigir\u00e1 el Gobierno federal en el 2024.<\/p>\n<blockquote>\n<p>\u201cLo pongo por varias vertientes, el tener 5 a\u00f1os el mando militar estar\u00eda hablando de decir que el mando militar va a terminar determinando qui\u00e9n nos gobernar\u00e1 en los pr\u00f3ximos 6 a\u00f1os en este pa\u00eds. Me niego a poner esto como una antesala\u201d, dijo Clouthier Carrillo, quien adem\u00e1s fue la jefa de campa\u00f1a de L\u00f3pez Obrador en la pasada campa\u00f1a presidencial.<\/p>\n<\/blockquote>\n<p>\u201cQuitemos la simulaci\u00f3n y no porque tengamos que tener la coadyuvancia del Ej\u00e9rcito tengamos que hacer una reforma constitucional de la que despu\u00e9s nos podamos arrepentir\u201c, a\u00f1adi\u00f3 la legisladora.<\/p>\n<blockquote class=\"twitter-tweet\" data-width=\"550\" data-dnt=\"true\">\n<p lang=\"es\" dir=\"ltr\"><a href=\"https:\/\/twitter.com\/hashtag\/%C3%9AltimaHora?src=hash&amp;ref_src=twsrc%5Etfw\">#\u00daltimaHora<\/a> <a href=\"https:\/\/twitter.com\/hashtag\/AudienciasGuardiaNacional?src=hash&amp;ref_src=twsrc%5Etfw\">#AudienciasGuardiaNacional<\/a> Informa <a href=\"https:\/\/twitter.com\/AlfonsoDurazo?ref_src=twsrc%5Etfw\">@AlfonsoDurazo<\/a>, Secretario de Seguridad y Protecci\u00f3n Ciudadana que el Presidente <a href=\"https:\/\/twitter.com\/lopezobrador_?ref_src=twsrc%5Etfw\">@lopezobrador_<\/a> le pide al Congreso ubicar a la <a href=\"https:\/\/twitter.com\/hashtag\/GuardiaNacional?src=hash&amp;ref_src=twsrc%5Etfw\">#GuardiaNacional<\/a> en el \u00e1mbito civil bajo el mando de esa dependencia. <a href=\"https:\/\/t.co\/zch0B4rHbo\">https:\/\/t.co\/zch0B4rHbo<\/a><\/p>\n<p>&mdash; H. C\u00e1mara de Diputados (@Mx_Diputados) <a href=\"https:\/\/twitter.com\/Mx_Diputados\/status\/1083781192661585925?ref_src=twsrc%5Etfw\">January 11, 2019<\/a><\/p><\/blockquote>\n<p><script async src=\"https:\/\/platform.twitter.com\/widgets.js\" charset=\"utf-8\"><\/script><\/p>\n<p><strong>CNDH PIDE GUARDIA CIVIL<\/strong><\/p>\n<p>Tambi\u00e9n ayer, el Ombudsman nacional Luis Ra\u00fal Gonz\u00e1lez P\u00e9rez descalific\u00f3 la creaci\u00f3n de una Guardia Nacional y propuso la creaci\u00f3n de una corporaci\u00f3n intermedia, civil y especializada.<\/p>\n<p>Durante el tercer d\u00eda de audiencia publicas realizada en la C\u00e1mara de Diputados para analizar la propuesta de la creaci\u00f3n de la Guardia Nacional, Gonz\u00e1lez P\u00e9rez indic\u00f3 que se necesita una corporaci\u00f3n que con disciplina y adiestramiento especializado, coadyuve en transici\u00f3n entre intervenci\u00f3n militar directa y el que polic\u00edas civiles recuperen sus funciones.<\/p>\n<blockquote>\n<p>\u201cNo podemos depositar la garant\u00eda directa de los derechos, dentro de nuestro sistema constitucional, en \u00f3rganos o estructuras militares\u201d, dijo.<\/p>\n<\/blockquote>\n<p>El Ombudsman nacional pidi\u00f3 escuchar a las v\u00edctimas y que el Gobierno solicite a la Corte Interamericana de Derechos Humanos (CIDH) una opini\u00f3n consultiva sobre la compatibilidad de la Guardia Nacional con el r\u00e9gimen de derechos humanos interamericano.<\/p>\n<blockquote>\n<p>\u201cLa propuesta de la Guardia Nacional no establece c\u00f3mo ni cu\u00e1ndo vamos a desarrollar a polic\u00edas civiles sin tinte militar, ni cu\u00e1l ser\u00e1 el destino y papel de las polic\u00edas que actualmente se encuentran operando\u201d.<\/p>\n<\/blockquote>\n<p><strong>TAMBI\u00c9N GOBERNADORES PIDIERON MANDO CIVIL<\/strong><\/p>\n<p>El 8 de enero pasado, tambi\u00e9n un grupo de gobernadores de oposici\u00f3n respaldaron la creaci\u00f3n de la Guardia Nacional en M\u00e9xico, pero pidieron que no se militarice el pa\u00eds y que dicho organismo tenga un mando civil.<\/p>\n<p>El Plan Nacional de Paz y Seguridad 2018-2024 del Presidente de M\u00e9xico, Andr\u00e9s Manuel L\u00f3pez Obrador, propuso como eje central una Guardia Nacional formada por las polic\u00edas militar, naval y federal con el objetivo de preservar la seguridad y combatir la delincuencia que ha ido en aumento en los \u00faltimos a\u00f1os.<\/p>\n<blockquote>\n<p>\u201cLa Guardia Nacional no debe ser una instituci\u00f3n clonada de las Fuerzas Armadas ni conducir a una militarizaci\u00f3n del pa\u00eds\u201d, dijo el Gobernador de Campeche y presidente de la Conferencia Nacional de Gobernadores (Conago), Alejandro Moreno C\u00e1rdenas, al iniciar las audiencias p\u00fablicas en la C\u00e1mara de Diputados.<\/p>\n<\/blockquote>\n<p>\u201cSi bien se propone un origen eminentemente castrense, debe acentuarse en todo momento su labor y sus tareas, que deber\u00e1n correr a cargo de la autoridad civil, as\u00ed como recalcar que estar\u00e1n sujetas al fuero civil\u201d, a\u00f1adi\u00f3 Moreno C\u00e1rdenas.<\/p>\n","protected":false},"excerpt":{"rendered":"<p>AMLO replantea su propuesta original: pide a diputados mando civil para la Guardia Nacional<br \/>\nPor Redacci\u00f3n QP<\/p>\n","protected":false},"author":2,"featured_media":14007,"comment_status":"open","ping_status":"open","sticky":false,"template":"","format":"standard","meta":{"_monsterinsights_skip_tracking":false,"_monsterinsights_sitenote_active":false,"_monsterinsights_sitenote_note":"","_monsterinsights_sitenote_category":0,"footnotes":""},"categories":[2],"tags":[],"class_list":["post-14008","post","type-post","status-publish","format-standard","has-post-thumbnail","hentry","category-noticias"],"yoast_head":"<!-- This site is optimized with the Yoast SEO plugin v27.3 - https:\/\/yoast.com\/product\/yoast-seo-wordpress\/ -->\n<title>AMLO replantea su propuesta original: pide a diputados mando civil para la Guardia Nacional -<\/title>\n<meta name=\"robots\" content=\"index, follow, max-snippet:-1, max-image-preview:large, max-video-preview:-1\" \/>\n<link rel=\"canonical\" href=\"https:\/\/quehacerpolitico.mx\/?p=14008\" \/>\n<meta property=\"og:locale\" content=\"es_MX\" \/>\n<meta property=\"og:type\" content=\"article\" \/>\n<meta property=\"og:title\" content=\"AMLO replantea su propuesta original: pide a diputados mando civil para la Guardia Nacional -\" \/>\n<meta property=\"og:description\" content=\"AMLO replantea su propuesta original: pide a diputados mando civil para la Guardia Nacional Por Redacci\u00f3n QP\" \/>\n<meta property=\"og:url\" content=\"https:\/\/quehacerpolitico.mx\/?p=14008\" \/>\n<meta property=\"article:published_time\" content=\"2019-01-11T21:16:04+00:00\" \/>\n<meta name=\"author\" content=\"Redacci\u00f3n QP\" \/>\n<meta name=\"twitter:card\" content=\"summary_large_image\" \/>\n<meta name=\"twitter:label1\" content=\"Escrito por\" \/>\n\t<meta name=\"twitter:data1\" content=\"Redacci\u00f3n QP\" \/>\n\t<meta name=\"twitter:label2\" content=\"Tiempo de lectura\" \/>\n\t<meta name=\"twitter:data2\" content=\"5 minutos\" \/>\n<script type=\"application\/ld+json\" class=\"yoast-schema-graph\">{\"@context\":\"https:\\\/\\\/schema.org\",\"@graph\":[{\"@type\":\"Article\",\"@id\":\"https:\\\/\\\/quehacerpolitico.mx\\\/?p=14008#article\",\"isPartOf\":{\"@id\":\"https:\\\/\\\/quehacerpolitico.mx\\\/?p=14008\"},\"author\":{\"name\":\"Redacci\u00f3n QP\",\"@id\":\"https:\\\/\\\/quehacerpolitico.mx\\\/#\\\/schema\\\/person\\\/496d8ad2d1d3f8036101dca7ee39e585\"},\"headline\":\"AMLO replantea su propuesta original: pide a diputados mando civil para la Guardia Nacional\",\"datePublished\":\"2019-01-11T21:16:04+00:00\",\"mainEntityOfPage\":{\"@id\":\"https:\\\/\\\/quehacerpolitico.mx\\\/?p=14008\"},\"wordCount\":1073,\"commentCount\":0,\"image\":{\"@id\":\"https:\\\/\\\/quehacerpolitico.mx\\\/?p=14008#primaryimage\"},\"thumbnailUrl\":\"\",\"articleSection\":[\"Noticias\"],\"inLanguage\":\"es\",\"potentialAction\":[{\"@type\":\"CommentAction\",\"name\":\"Comment\",\"target\":[\"https:\\\/\\\/quehacerpolitico.mx\\\/?p=14008#respond\"]}]},{\"@type\":\"WebPage\",\"@id\":\"https:\\\/\\\/quehacerpolitico.mx\\\/?p=14008\",\"url\":\"https:\\\/\\\/quehacerpolitico.mx\\\/?p=14008\",\"name\":\"AMLO replantea su propuesta original: pide a diputados mando civil para la Guardia Nacional -\",\"isPartOf\":{\"@id\":\"https:\\\/\\\/quehacerpolitico.mx\\\/#website\"},\"primaryImageOfPage\":{\"@id\":\"https:\\\/\\\/quehacerpolitico.mx\\\/?p=14008#primaryimage\"},\"image\":{\"@id\":\"https:\\\/\\\/quehacerpolitico.mx\\\/?p=14008#primaryimage\"},\"thumbnailUrl\":\"\",\"datePublished\":\"2019-01-11T21:16:04+00:00\",\"author\":{\"@id\":\"https:\\\/\\\/quehacerpolitico.mx\\\/#\\\/schema\\\/person\\\/496d8ad2d1d3f8036101dca7ee39e585\"},\"breadcrumb\":{\"@id\":\"https:\\\/\\\/quehacerpolitico.mx\\\/?p=14008#breadcrumb\"},\"inLanguage\":\"es\",\"potentialAction\":[{\"@type\":\"ReadAction\",\"target\":[\"https:\\\/\\\/quehacerpolitico.mx\\\/?p=14008\"]}]},{\"@type\":\"ImageObject\",\"inLanguage\":\"es\",\"@id\":\"https:\\\/\\\/quehacerpolitico.mx\\\/?p=14008#primaryimage\",\"url\":\"\",\"contentUrl\":\"\"},{\"@type\":\"BreadcrumbList\",\"@id\":\"https:\\\/\\\/quehacerpolitico.mx\\\/?p=14008#breadcrumb\",\"itemListElement\":[{\"@type\":\"ListItem\",\"position\":1,\"name\":\"Inicio\",\"item\":\"https:\\\/\\\/quehacerpolitico.mx\\\/\"},{\"@type\":\"ListItem\",\"position\":2,\"name\":\"AMLO replantea su propuesta original: pide a diputados mando civil para la Guardia Nacional\"}]},{\"@type\":\"WebSite\",\"@id\":\"https:\\\/\\\/quehacerpolitico.mx\\\/#website\",\"url\":\"https:\\\/\\\/quehacerpolitico.mx\\\/\",\"name\":\"\",\"description\":\"\",\"potentialAction\":[{\"@type\":\"SearchAction\",\"target\":{\"@type\":\"EntryPoint\",\"urlTemplate\":\"https:\\\/\\\/quehacerpolitico.mx\\\/?s={search_term_string}\"},\"query-input\":{\"@type\":\"PropertyValueSpecification\",\"valueRequired\":true,\"valueName\":\"search_term_string\"}}],\"inLanguage\":\"es\"},{\"@type\":\"Person\",\"@id\":\"https:\\\/\\\/quehacerpolitico.mx\\\/#\\\/schema\\\/person\\\/496d8ad2d1d3f8036101dca7ee39e585\",\"name\":\"Redacci\u00f3n QP\",\"image\":{\"@type\":\"ImageObject\",\"inLanguage\":\"es\",\"@id\":\"https:\\\/\\\/secure.gravatar.com\\\/avatar\\\/c7164ed6fdec453195284ad24a5ae5b6e1eed2b848477fa2a4787ba9adf39a41?s=96&d=mm&r=g\",\"url\":\"https:\\\/\\\/secure.gravatar.com\\\/avatar\\\/c7164ed6fdec453195284ad24a5ae5b6e1eed2b848477fa2a4787ba9adf39a41?s=96&d=mm&r=g\",\"contentUrl\":\"https:\\\/\\\/secure.gravatar.com\\\/avatar\\\/c7164ed6fdec453195284ad24a5ae5b6e1eed2b848477fa2a4787ba9adf39a41?s=96&d=mm&r=g\",\"caption\":\"Redacci\u00f3n QP\"},\"url\":\"https:\\\/\\\/quehacerpolitico.mx\\\/?author=2\"}]}<\/script>\n<!-- \/ Yoast SEO plugin. -->","yoast_head_json":{"title":"AMLO replantea su propuesta original: pide a diputados mando civil para la Guardia Nacional -","robots":{"index":"index","follow":"follow","max-snippet":"max-snippet:-1","max-image-preview":"max-image-preview:large","max-video-preview":"max-video-preview:-1"},"canonical":"https:\/\/quehacerpolitico.mx\/?p=14008","og_locale":"es_MX","og_type":"article","og_title":"AMLO replantea su propuesta original: pide a diputados mando civil para la Guardia Nacional -","og_description":"AMLO replantea su propuesta original: pide a diputados mando civil para la Guardia Nacional Por Redacci\u00f3n QP","og_url":"https:\/\/quehacerpolitico.mx\/?p=14008","article_published_time":"2019-01-11T21:16:04+00:00","author":"Redacci\u00f3n QP","twitter_card":"summary_large_image","twitter_misc":{"Escrito por":"Redacci\u00f3n QP","Tiempo de lectura":"5 minutos"},"schema":{"@context":"https:\/\/schema.org","@graph":[{"@type":"Article","@id":"https:\/\/quehacerpolitico.mx\/?p=14008#article","isPartOf":{"@id":"https:\/\/quehacerpolitico.mx\/?p=14008"},"author":{"name":"Redacci\u00f3n QP","@id":"https:\/\/quehacerpolitico.mx\/#\/schema\/person\/496d8ad2d1d3f8036101dca7ee39e585"},"headline":"AMLO replantea su propuesta original: pide a diputados mando civil para la Guardia Nacional","datePublished":"2019-01-11T21:16:04+00:00","mainEntityOfPage":{"@id":"https:\/\/quehacerpolitico.mx\/?p=14008"},"wordCount":1073,"commentCount":0,"image":{"@id":"https:\/\/quehacerpolitico.mx\/?p=14008#primaryimage"},"thumbnailUrl":"","articleSection":["Noticias"],"inLanguage":"es","potentialAction":[{"@type":"CommentAction","name":"Comment","target":["https:\/\/quehacerpolitico.mx\/?p=14008#respond"]}]},{"@type":"WebPage","@id":"https:\/\/quehacerpolitico.mx\/?p=14008","url":"https:\/\/quehacerpolitico.mx\/?p=14008","name":"AMLO replantea su propuesta original: pide a diputados mando civil para la Guardia Nacional -","isPartOf":{"@id":"https:\/\/quehacerpolitico.mx\/#website"},"primaryImageOfPage":{"@id":"https:\/\/quehacerpolitico.mx\/?p=14008#primaryimage"},"image":{"@id":"https:\/\/quehacerpolitico.mx\/?p=14008#primaryimage"},"thumbnailUrl":"","datePublished":"2019-01-11T21:16:04+00:00","author":{"@id":"https:\/\/quehacerpolitico.mx\/#\/schema\/person\/496d8ad2d1d3f8036101dca7ee39e585"},"breadcrumb":{"@id":"https:\/\/quehacerpolitico.mx\/?p=14008#breadcrumb"},"inLanguage":"es","potentialAction":[{"@type":"ReadAction","target":["https:\/\/quehacerpolitico.mx\/?p=14008"]}]},{"@type":"ImageObject","inLanguage":"es","@id":"https:\/\/quehacerpolitico.mx\/?p=14008#primaryimage","url":"","contentUrl":""},{"@type":"BreadcrumbList","@id":"https:\/\/quehacerpolitico.mx\/?p=14008#breadcrumb","itemListElement":[{"@type":"ListItem","position":1,"name":"Inicio","item":"https:\/\/quehacerpolitico.mx\/"},{"@type":"ListItem","position":2,"name":"AMLO replantea su propuesta original: pide a diputados mando civil para la Guardia Nacional"}]},{"@type":"WebSite","@id":"https:\/\/quehacerpolitico.mx\/#website","url":"https:\/\/quehacerpolitico.mx\/","name":"","description":"","potentialAction":[{"@type":"SearchAction","target":{"@type":"EntryPoint","urlTemplate":"https:\/\/quehacerpolitico.mx\/?s={search_term_string}"},"query-input":{"@type":"PropertyValueSpecification","valueRequired":true,"valueName":"search_term_string"}}],"inLanguage":"es"},{"@type":"Person","@id":"https:\/\/quehacerpolitico.mx\/#\/schema\/person\/496d8ad2d1d3f8036101dca7ee39e585","name":"Redacci\u00f3n QP","image":{"@type":"ImageObject","inLanguage":"es","@id":"https:\/\/secure.gravatar.com\/avatar\/c7164ed6fdec453195284ad24a5ae5b6e1eed2b848477fa2a4787ba9adf39a41?s=96&d=mm&r=g","url":"https:\/\/secure.gravatar.com\/avatar\/c7164ed6fdec453195284ad24a5ae5b6e1eed2b848477fa2a4787ba9adf39a41?s=96&d=mm&r=g","contentUrl":"https:\/\/secure.gravatar.com\/avatar\/c7164ed6fdec453195284ad24a5ae5b6e1eed2b848477fa2a4787ba9adf39a41?s=96&d=mm&r=g","caption":"Redacci\u00f3n QP"},"url":"https:\/\/quehacerpolitico.mx\/?author=2"}]}},"featured_image_urls":{"full":"","thumbnail":"","medium":"","medium_large":"","large":"","1536x1536":"","2048x2048":"","covernews-featured":"","covernews-medium":""},"author_info":{"display_name":"Redacci\u00f3n QP","author_link":"https:\/\/quehacerpolitico.mx\/?author=2"},"category_info":"<a href=\"https:\/\/quehacerpolitico.mx\/?cat=2\" rel=\"category\">Noticias<\/a>","tag_info":"Noticias","comment_count":"0","_links":{"self":[{"href":"https:\/\/quehacerpolitico.mx\/index.php?rest_route=\/wp\/v2\/posts\/14008","targetHints":{"allow":["GET"]}}],"collection":[{"href":"https:\/\/quehacerpolitico.mx\/index.php?rest_route=\/wp\/v2\/posts"}],"about":[{"href":"https:\/\/quehacerpolitico.mx\/index.php?rest_route=\/wp\/v2\/types\/post"}],"author":[{"embeddable":true,"href":"https:\/\/quehacerpolitico.mx\/index.php?rest_route=\/wp\/v2\/users\/2"}],"replies":[{"embeddable":true,"href":"https:\/\/quehacerpolitico.mx\/index.php?rest_route=%2Fwp%2Fv2%2Fcomments&post=14008"}],"version-history":[{"count":0,"href":"https:\/\/quehacerpolitico.mx\/index.php?rest_route=\/wp\/v2\/posts\/14008\/revisions"}],"wp:featuredmedia":[{"embeddable":true,"href":"https:\/\/quehacerpolitico.mx\/index.php?rest_route=\/"}],"wp:attachment":[{"href":"https:\/\/quehacerpolitico.mx\/index.php?rest_route=%2Fwp%2Fv2%2Fmedia&parent=14008"}],"wp:term":[{"taxonomy":"category","embeddable":true,"href":"https:\/\/quehacerpolitico.mx\/index.php?rest_route=%2Fwp%2Fv2%2Fcategories&post=14008"},{"taxonomy":"post_tag","embeddable":true,"href":"https:\/\/quehacerpolitico.mx\/index.php?rest_route=%2Fwp%2Fv2%2Ftags&post=14008"}],"curies":[{"name":"wp","href":"https:\/\/api.w.org\/{rel}","templated":true}]}}