{"id":13999,"date":"2019-01-11T18:06:46","date_gmt":"2019-01-11T18:06:46","guid":{"rendered":"http:\/\/quehacerpolitico.mx\/alcaldia-de-tlapa-maquilla-hasta-banquetas-por-la-visita-de-amlo-ahora-si-hay-soldados-y-policias\/"},"modified":"2019-01-11T18:06:46","modified_gmt":"2019-01-11T18:06:46","slug":"alcaldia-de-tlapa-maquilla-hasta-banquetas-por-la-visita-de-amlo-ahora-si-hay-soldados-y-policias","status":"publish","type":"post","link":"https:\/\/quehacerpolitico.mx\/?p=13999","title":{"rendered":"Alcald\u00eda de Tlapa maquilla hasta banquetas por la visita de AMLO; ahora s\u00ed hay soldados y polic\u00edas"},"content":{"rendered":"<h1>Alcald\u00eda de Tlapa maquilla hasta banquetas por la visita de AMLO; ahora s\u00ed hay soldados y polic\u00edas<\/h1>\n<p>Por Redacci\u00f3n QP<\/p>\n<p>En la preparaci\u00f3n de la <strong>visita<\/strong> del <strong>Presidente<\/strong> de la Rep\u00fablica, <strong>Andr\u00e9s Manuel L\u00f3pez Obrador<\/strong>, a esta ciudad para la presentaci\u00f3n del Plan de Apoyo para Personas con Discapacidad, se observ\u00f3 la presencia de <strong>corporaciones policiacas<\/strong> y <strong>militares<\/strong>, la pinta de los edificios y la barda de la Unidad Deportiva donde ser\u00e1 la actividad, el rastreo de <strong>calles<\/strong> aleda\u00f1as y la colocaci\u00f3n de <strong>chapopote<\/strong> para las rampas que se usar\u00e1n en la entrada principal.<\/p>\n<blockquote>\n<p>El movimiento log\u00edstico en la Unidad Deportiva inici\u00f3 temprano, con la llegada de estructuras met\u00e1licas para instalar la carpa en la cancha de futbol, donde fue retirada una parte de la malla cicl\u00f3nica que la rodea.<\/p>\n<p>Trabajadores del Ayuntamiento de Morena se encargaron de la <strong>limpieza<\/strong>. Pintaron los ba\u00f1os, el domo, la entrada y la fachada con colores blanco y guinda, que son los de ese partido; as\u00ed como la barda perimetral externa. Se tir\u00f3 chapopote donde las <strong>banquetas<\/strong> est\u00e1n en mal estado y se tendi\u00f3 una capa para mejorar la rampa de acceso vehicular y que servir\u00e1 para uso de las personas con discapacidad.<\/p>\n<div id=\"attachment_3521328\" class=\"wp-caption alignnone\"><img loading=\"lazy\" decoding=\"async\" class=\"size-full wp-image-3521328\" src=\"https:\/\/www.sinembargo.mx\/wp-content\/uploads\/2019\/01\/tlapa-guerrero.jpg\" sizes=\"auto, (max-width: 700px) 100vw, 700px\" srcset=\"https:\/\/www.sinembargo.mx\/wp-content\/uploads\/2019\/01\/tlapa-guerrero.jpg 700w, https:\/\/www.sinembargo.mx\/wp-content\/uploads\/2019\/01\/tlapa-guerrero-300x200.jpg 300w\" alt=\"\" width=\"700\" height=\"467\" \/><\/p>\n<p class=\"wp-caption-text\">Mural con contenido social en una pared en este municipio de la Monta\u00f1a Guerrerense, en Tlapa. Foto: Margarito P\u00e9rez Retana, Cuartoscuro.<\/p>\n<\/div>\n<p>Al mediod\u00eda, helic\u00f3pteros descendieron en las instalaciones del 93 Batall\u00f3n de Infanter\u00eda con las siglas de <strong>Polic\u00eda Estatal<\/strong>.<\/p>\n<p>Lleg\u00f3 el encargado de giras del Gobierno del estado y personal de la administraci\u00f3n de H\u00e9ctor Astudillo, quien platicaba con representantes del nivel federal. De un lado a otro circulaban <strong>soldados<\/strong>, <strong>marinos<\/strong>, <strong>polic\u00edas<\/strong>estatales, miembros de Protecci\u00f3n Civil y Tr\u00e1nsito.<\/p>\n<blockquote>\n<p>En las afueras, se arreglaban las <strong>calles<\/strong>, se les mojaba con agua de pipas. Adentro se regaban las plantas y se podaron los \u00e1rboles. Los arreglos en la zona provocaron comentarios en redes sociales, donde se dec\u00eda que ojal\u00e1 viniera m\u00e1s seguido el Presidente a la ciudad para que en \u00e9sta se hagan mejoras.<\/p>\n<\/blockquote>\n<div id=\"attachment_3521326\" class=\"wp-caption alignnone\"><img loading=\"lazy\" decoding=\"async\" class=\"size-full wp-image-3521326\" src=\"https:\/\/www.sinembargo.mx\/wp-content\/uploads\/2019\/01\/tlapa-amlo-1.jpg\" sizes=\"auto, (max-width: 700px) 100vw, 700px\" srcset=\"https:\/\/www.sinembargo.mx\/wp-content\/uploads\/2019\/01\/tlapa-amlo-1.jpg 700w, https:\/\/www.sinembargo.mx\/wp-content\/uploads\/2019\/01\/tlapa-amlo-1-300x222.jpg 300w\" alt=\"\" width=\"700\" height=\"517\" \/><\/p>\n<p class=\"wp-caption-text\">En junio de 2018, L\u00f3pez Obrador se reuni\u00f3 con miles de simpatizantes en la plaza principal de Tlapa donde dio a conocer su propuesta de Gobierno. En la imagen polic\u00edas comunitarios resguardan la salida del candidato. Foto: Sa\u00fal L\u00f3pez, Cuartoscuro.<\/p>\n<\/div>\n<p>Al lugar tambi\u00e9n arrib\u00f3 el delegado del Gobierno federal, Pablo Am\u00edlcar Sandoval Ballesteros; as\u00ed como los diputados Enrique Saucedo y Arist\u00f3teles Tito Arroyo, los presidentes municipales de Metlat\u00f3noc y Atlamajalcingo del Monte, todos morenistas. Se presentaron para conocer lo que se hac\u00eda previo a la <strong>visita<\/strong> del mandatario.<\/p>\n<p>Se pregunt\u00f3 qui\u00e9n podr\u00eda dar informaci\u00f3n al respecto y Sandoval Ballesteros acord\u00f3 con el delegado regional del Gobierno federal, Julio L\u00e1zaro Baz\u00e1n, que fuera \u00e9ste. Despu\u00e9s de hablar si ya estaba definido el programa, se retir\u00f3 del sitio con los diputados y alcaldes.<\/p>\n<p>L\u00e1zaro Baz\u00e1n dijo que estaban definiendo los detalles para la instalaci\u00f3n del templete, ya que se espera recibir a cerca de 10 mil personas porque ya ten\u00edan el corte de unas siete mil. Asimismo, indic\u00f3 que la entrada ser\u00e1 abierta al pueblo como siempre lo manifest\u00f3 <strong>L\u00f3pez Obrador<\/strong>.<\/p>\n<blockquote>\n<p>Sin embargo, precis\u00f3 que ahora el espacio especial ser\u00e1 para las personas con discapacidad, debido a que se les otorgar\u00e1 la Pensi\u00f3n del Bienestar, de mil 200 pesos mensuales, la cual marcar\u00e1 el inicio de ese programa en el pa\u00eds y servir\u00e1 para ayudar a las familias a sufragar gastos. Esta ocasi\u00f3n se har\u00e1 la entrega de 662, y en la regi\u00f3n que maneja se tienen contabilizadas cuatro mil 122 personas con discapacidad en 22 municipios.<\/p>\n<\/blockquote>\n<div id=\"attachment_3521342\" class=\"wp-caption alignnone\"><img loading=\"lazy\" decoding=\"async\" class=\"size-full wp-image-3521342\" src=\"https:\/\/www.sinembargo.mx\/wp-content\/uploads\/2019\/01\/amlo-en-tlapa.jpg\" sizes=\"auto, (max-width: 700px) 100vw, 700px\" srcset=\"https:\/\/www.sinembargo.mx\/wp-content\/uploads\/2019\/01\/amlo-en-tlapa.jpg 700w, https:\/\/www.sinembargo.mx\/wp-content\/uploads\/2019\/01\/amlo-en-tlapa-300x206.jpg 300w\" alt=\"\" width=\"700\" height=\"481\" \/><\/p>\n<p class=\"wp-caption-text\">Andr\u00e9s Manuel L\u00f3pez Obrador como candidato de Morena a la presidencia durante un mitin en Tlapa, Guerrero. Foto: Sa\u00fal L\u00f3pez, Cuartoscuro.<\/p>\n<\/div>\n<p>Cuando se le cuestion\u00f3 el por qu\u00e9 tanta seguridad si el Presidente siempre ha dicho que no la necesita, respondi\u00f3 que esas eran las indicaciones y que cerca del templete la seguridad la dan los Servidores de la Naci\u00f3n, es decir, el equipo cercano a <strong>L\u00f3pez Obrador<\/strong>.<\/p>\n<p>A su vez, coment\u00f3 que los ediles y diputados estar\u00e1n en el mismo espacio que los beneficiarios, y que el programa con los diversos participantes estaba pr\u00e1cticamente definido. Pero aclar\u00f3 que la invitaci\u00f3n fue para todos sin distingos de partidos.<\/p>\n<div id=\"attachment_3521340\" class=\"wp-caption alignnone\"><img loading=\"lazy\" decoding=\"async\" class=\"size-full wp-image-3521340\" src=\"https:\/\/www.sinembargo.mx\/wp-content\/uploads\/2019\/01\/tlapa-amlo.jpg\" sizes=\"auto, (max-width: 700px) 100vw, 700px\" srcset=\"https:\/\/www.sinembargo.mx\/wp-content\/uploads\/2019\/01\/tlapa-amlo.jpg 700w, https:\/\/www.sinembargo.mx\/wp-content\/uploads\/2019\/01\/tlapa-amlo-300x200.jpg 300w\" alt=\"\" width=\"700\" height=\"467\" \/><\/p>\n<p class=\"wp-caption-text\">Andr\u00e9s Manuel L\u00f3pez Obrador se reuni\u00f3 con miles de simpatizantes en la plaza principal de Tlapa en junio. Foto: Sa\u00fal L\u00f3pez, Cuartoscuro.<\/p>\n<\/div>\n<p>Mencion\u00f3 que el Presidente ser\u00e1 acompa\u00f1ado por el Gobernador de <strong>Guerrero<\/strong>, H\u00e9ctor Astudillo Flores. Por la tarde empezaron a llegar los titulares estatales de la\u00a0Secretar\u00eda de Agricultura, Ganader\u00eda, Pesca y Desarrollo Rural (Sagadegro), y de la Secretar\u00eda de Desarrollo Social (Sedesol).<\/p>\n<blockquote>\n<p>L\u00e1zaro Baz\u00e1n agreg\u00f3 que la prensa estar\u00e1 ubicada en dos espacios, y que estaban viendo la colocaci\u00f3n de letrinas m\u00f3viles, sillas e hidrantes, ya que la actividad est\u00e1 programada a las 15:00 horas de este viernes, pero est\u00e1n invitando a la gente a partir de las 14:30.<\/p>\n<p>Sobre la presencia de alcaldes, diputados locales y del delegado estatal, dijo que llegaban a ofrecer su apoyo en la log\u00edstica, ya que las personas que estar\u00e1n cuentan con alguna discapacidad.<\/p>\n<p>Los arreglos de la <strong>visita<\/strong> de <strong>L\u00f3pez Obrador<\/strong> a esta ciudad, ahora como Presidente, contrastan con las anteriores en las que no hab\u00eda recursos para casi nada. S\u00f3lo se instalaba un templete por la ma\u00f1ana, un sonido y esperar la hora. Eran en espacios medianos y la seguridad era organizada por sus simpatizantes. Los cercos eran humanos, quienes abr\u00edan su paso hacia el templete en que dar\u00eda su discurso.<\/p>\n<blockquote>\n<p>Hoy se hace en un lugar amplio y con acceso vigilado por la <strong>fuerza militar<\/strong>. El templete es grande, de for\u00e1neos al igual que el sonido, se cuida el dise\u00f1o y la forma en que se colocar\u00e1 que, hasta, genera retrasos.<\/p>\n<\/blockquote>\n<p>Podan \u00e1rboles mejorando su est\u00e9tica para ampliar la visibilidad, quitan o ponen seg\u00fan quede o no con la idea de arreglo que traen. Le dan el color a guinda a los espacios p\u00fablicos, ya que al igual que el federal, en lo municipal son tambi\u00e9n morenistas.<\/p>\n<p>Un veh\u00edculo de tr\u00e1nsito recorre las <strong>calles<\/strong> para hacer un llamado a los ciudadanos con la finalidad de que no se estacionen en vialidades aleda\u00f1as, que fueron emparejadas con m\u00e1quinas para una mejor imagen.<\/p>\n<p>Con Informaci\u00f3n de El Sur<\/p>\n<\/blockquote>\n<\/blockquote>\n","protected":false},"excerpt":{"rendered":"<p>Alcald\u00eda de Tlapa maquilla hasta banquetas por la visita de AMLO; ahora s\u00ed hay soldados y polic\u00edas<br \/>\nPor Redacci\u00f3n QP<\/p>\n","protected":false},"author":2,"featured_media":13998,"comment_status":"open","ping_status":"open","sticky":false,"template":"","format":"standard","meta":{"_monsterinsights_skip_tracking":false,"_monsterinsights_sitenote_active":false,"_monsterinsights_sitenote_note":"","_monsterinsights_sitenote_category":0,"footnotes":""},"categories":[2],"tags":[],"class_list":["post-13999","post","type-post","status-publish","format-standard","has-post-thumbnail","hentry","category-noticias"],"yoast_head":"<!-- This site is optimized with the Yoast SEO plugin v27.3 - https:\/\/yoast.com\/product\/yoast-seo-wordpress\/ -->\n<title>Alcald\u00eda de Tlapa maquilla hasta banquetas por la visita de AMLO; ahora s\u00ed hay soldados y polic\u00edas -<\/title>\n<meta name=\"robots\" content=\"index, follow, max-snippet:-1, max-image-preview:large, max-video-preview:-1\" \/>\n<link rel=\"canonical\" href=\"https:\/\/quehacerpolitico.mx\/?p=13999\" \/>\n<meta property=\"og:locale\" content=\"es_MX\" \/>\n<meta property=\"og:type\" content=\"article\" \/>\n<meta property=\"og:title\" content=\"Alcald\u00eda de Tlapa maquilla hasta banquetas por la visita de AMLO; ahora s\u00ed hay soldados y polic\u00edas -\" \/>\n<meta property=\"og:description\" content=\"Alcald\u00eda de Tlapa maquilla hasta banquetas por la visita de AMLO; ahora s\u00ed hay soldados y polic\u00edas Por Redacci\u00f3n QP\" \/>\n<meta property=\"og:url\" content=\"https:\/\/quehacerpolitico.mx\/?p=13999\" \/>\n<meta property=\"article:published_time\" content=\"2019-01-11T18:06:46+00:00\" \/>\n<meta name=\"author\" content=\"Redacci\u00f3n QP\" \/>\n<meta name=\"twitter:card\" content=\"summary_large_image\" \/>\n<meta name=\"twitter:label1\" content=\"Escrito por\" \/>\n\t<meta name=\"twitter:data1\" content=\"Redacci\u00f3n QP\" \/>\n\t<meta name=\"twitter:label2\" content=\"Tiempo de lectura\" \/>\n\t<meta name=\"twitter:data2\" content=\"6 minutos\" \/>\n<script type=\"application\/ld+json\" class=\"yoast-schema-graph\">{\"@context\":\"https:\\\/\\\/schema.org\",\"@graph\":[{\"@type\":\"Article\",\"@id\":\"https:\\\/\\\/quehacerpolitico.mx\\\/?p=13999#article\",\"isPartOf\":{\"@id\":\"https:\\\/\\\/quehacerpolitico.mx\\\/?p=13999\"},\"author\":{\"name\":\"Redacci\u00f3n QP\",\"@id\":\"https:\\\/\\\/quehacerpolitico.mx\\\/#\\\/schema\\\/person\\\/496d8ad2d1d3f8036101dca7ee39e585\"},\"headline\":\"Alcald\u00eda de Tlapa maquilla hasta banquetas por la visita de AMLO; ahora s\u00ed hay soldados y polic\u00edas\",\"datePublished\":\"2019-01-11T18:06:46+00:00\",\"mainEntityOfPage\":{\"@id\":\"https:\\\/\\\/quehacerpolitico.mx\\\/?p=13999\"},\"wordCount\":1137,\"commentCount\":0,\"image\":{\"@id\":\"https:\\\/\\\/quehacerpolitico.mx\\\/?p=13999#primaryimage\"},\"thumbnailUrl\":\"\",\"articleSection\":[\"Noticias\"],\"inLanguage\":\"es\",\"potentialAction\":[{\"@type\":\"CommentAction\",\"name\":\"Comment\",\"target\":[\"https:\\\/\\\/quehacerpolitico.mx\\\/?p=13999#respond\"]}]},{\"@type\":\"WebPage\",\"@id\":\"https:\\\/\\\/quehacerpolitico.mx\\\/?p=13999\",\"url\":\"https:\\\/\\\/quehacerpolitico.mx\\\/?p=13999\",\"name\":\"Alcald\u00eda de Tlapa maquilla hasta banquetas por la visita de AMLO; ahora s\u00ed hay soldados y polic\u00edas -\",\"isPartOf\":{\"@id\":\"https:\\\/\\\/quehacerpolitico.mx\\\/#website\"},\"primaryImageOfPage\":{\"@id\":\"https:\\\/\\\/quehacerpolitico.mx\\\/?p=13999#primaryimage\"},\"image\":{\"@id\":\"https:\\\/\\\/quehacerpolitico.mx\\\/?p=13999#primaryimage\"},\"thumbnailUrl\":\"\",\"datePublished\":\"2019-01-11T18:06:46+00:00\",\"author\":{\"@id\":\"https:\\\/\\\/quehacerpolitico.mx\\\/#\\\/schema\\\/person\\\/496d8ad2d1d3f8036101dca7ee39e585\"},\"breadcrumb\":{\"@id\":\"https:\\\/\\\/quehacerpolitico.mx\\\/?p=13999#breadcrumb\"},\"inLanguage\":\"es\",\"potentialAction\":[{\"@type\":\"ReadAction\",\"target\":[\"https:\\\/\\\/quehacerpolitico.mx\\\/?p=13999\"]}]},{\"@type\":\"ImageObject\",\"inLanguage\":\"es\",\"@id\":\"https:\\\/\\\/quehacerpolitico.mx\\\/?p=13999#primaryimage\",\"url\":\"\",\"contentUrl\":\"\"},{\"@type\":\"BreadcrumbList\",\"@id\":\"https:\\\/\\\/quehacerpolitico.mx\\\/?p=13999#breadcrumb\",\"itemListElement\":[{\"@type\":\"ListItem\",\"position\":1,\"name\":\"Inicio\",\"item\":\"https:\\\/\\\/quehacerpolitico.mx\\\/\"},{\"@type\":\"ListItem\",\"position\":2,\"name\":\"Alcald\u00eda de Tlapa maquilla hasta banquetas por la visita de AMLO; ahora s\u00ed hay soldados y polic\u00edas\"}]},{\"@type\":\"WebSite\",\"@id\":\"https:\\\/\\\/quehacerpolitico.mx\\\/#website\",\"url\":\"https:\\\/\\\/quehacerpolitico.mx\\\/\",\"name\":\"\",\"description\":\"\",\"potentialAction\":[{\"@type\":\"SearchAction\",\"target\":{\"@type\":\"EntryPoint\",\"urlTemplate\":\"https:\\\/\\\/quehacerpolitico.mx\\\/?s={search_term_string}\"},\"query-input\":{\"@type\":\"PropertyValueSpecification\",\"valueRequired\":true,\"valueName\":\"search_term_string\"}}],\"inLanguage\":\"es\"},{\"@type\":\"Person\",\"@id\":\"https:\\\/\\\/quehacerpolitico.mx\\\/#\\\/schema\\\/person\\\/496d8ad2d1d3f8036101dca7ee39e585\",\"name\":\"Redacci\u00f3n QP\",\"image\":{\"@type\":\"ImageObject\",\"inLanguage\":\"es\",\"@id\":\"https:\\\/\\\/secure.gravatar.com\\\/avatar\\\/c7164ed6fdec453195284ad24a5ae5b6e1eed2b848477fa2a4787ba9adf39a41?s=96&d=mm&r=g\",\"url\":\"https:\\\/\\\/secure.gravatar.com\\\/avatar\\\/c7164ed6fdec453195284ad24a5ae5b6e1eed2b848477fa2a4787ba9adf39a41?s=96&d=mm&r=g\",\"contentUrl\":\"https:\\\/\\\/secure.gravatar.com\\\/avatar\\\/c7164ed6fdec453195284ad24a5ae5b6e1eed2b848477fa2a4787ba9adf39a41?s=96&d=mm&r=g\",\"caption\":\"Redacci\u00f3n QP\"},\"url\":\"https:\\\/\\\/quehacerpolitico.mx\\\/?author=2\"}]}<\/script>\n<!-- \/ Yoast SEO plugin. -->","yoast_head_json":{"title":"Alcald\u00eda de Tlapa maquilla hasta banquetas por la visita de AMLO; ahora s\u00ed hay soldados y polic\u00edas -","robots":{"index":"index","follow":"follow","max-snippet":"max-snippet:-1","max-image-preview":"max-image-preview:large","max-video-preview":"max-video-preview:-1"},"canonical":"https:\/\/quehacerpolitico.mx\/?p=13999","og_locale":"es_MX","og_type":"article","og_title":"Alcald\u00eda de Tlapa maquilla hasta banquetas por la visita de AMLO; ahora s\u00ed hay soldados y polic\u00edas -","og_description":"Alcald\u00eda de Tlapa maquilla hasta banquetas por la visita de AMLO; ahora s\u00ed hay soldados y polic\u00edas Por Redacci\u00f3n QP","og_url":"https:\/\/quehacerpolitico.mx\/?p=13999","article_published_time":"2019-01-11T18:06:46+00:00","author":"Redacci\u00f3n QP","twitter_card":"summary_large_image","twitter_misc":{"Escrito por":"Redacci\u00f3n QP","Tiempo de lectura":"6 minutos"},"schema":{"@context":"https:\/\/schema.org","@graph":[{"@type":"Article","@id":"https:\/\/quehacerpolitico.mx\/?p=13999#article","isPartOf":{"@id":"https:\/\/quehacerpolitico.mx\/?p=13999"},"author":{"name":"Redacci\u00f3n QP","@id":"https:\/\/quehacerpolitico.mx\/#\/schema\/person\/496d8ad2d1d3f8036101dca7ee39e585"},"headline":"Alcald\u00eda de Tlapa maquilla hasta banquetas por la visita de AMLO; ahora s\u00ed hay soldados y polic\u00edas","datePublished":"2019-01-11T18:06:46+00:00","mainEntityOfPage":{"@id":"https:\/\/quehacerpolitico.mx\/?p=13999"},"wordCount":1137,"commentCount":0,"image":{"@id":"https:\/\/quehacerpolitico.mx\/?p=13999#primaryimage"},"thumbnailUrl":"","articleSection":["Noticias"],"inLanguage":"es","potentialAction":[{"@type":"CommentAction","name":"Comment","target":["https:\/\/quehacerpolitico.mx\/?p=13999#respond"]}]},{"@type":"WebPage","@id":"https:\/\/quehacerpolitico.mx\/?p=13999","url":"https:\/\/quehacerpolitico.mx\/?p=13999","name":"Alcald\u00eda de Tlapa maquilla hasta banquetas por la visita de AMLO; ahora s\u00ed hay soldados y polic\u00edas -","isPartOf":{"@id":"https:\/\/quehacerpolitico.mx\/#website"},"primaryImageOfPage":{"@id":"https:\/\/quehacerpolitico.mx\/?p=13999#primaryimage"},"image":{"@id":"https:\/\/quehacerpolitico.mx\/?p=13999#primaryimage"},"thumbnailUrl":"","datePublished":"2019-01-11T18:06:46+00:00","author":{"@id":"https:\/\/quehacerpolitico.mx\/#\/schema\/person\/496d8ad2d1d3f8036101dca7ee39e585"},"breadcrumb":{"@id":"https:\/\/quehacerpolitico.mx\/?p=13999#breadcrumb"},"inLanguage":"es","potentialAction":[{"@type":"ReadAction","target":["https:\/\/quehacerpolitico.mx\/?p=13999"]}]},{"@type":"ImageObject","inLanguage":"es","@id":"https:\/\/quehacerpolitico.mx\/?p=13999#primaryimage","url":"","contentUrl":""},{"@type":"BreadcrumbList","@id":"https:\/\/quehacerpolitico.mx\/?p=13999#breadcrumb","itemListElement":[{"@type":"ListItem","position":1,"name":"Inicio","item":"https:\/\/quehacerpolitico.mx\/"},{"@type":"ListItem","position":2,"name":"Alcald\u00eda de Tlapa maquilla hasta banquetas por la visita de AMLO; ahora s\u00ed hay soldados y polic\u00edas"}]},{"@type":"WebSite","@id":"https:\/\/quehacerpolitico.mx\/#website","url":"https:\/\/quehacerpolitico.mx\/","name":"","description":"","potentialAction":[{"@type":"SearchAction","target":{"@type":"EntryPoint","urlTemplate":"https:\/\/quehacerpolitico.mx\/?s={search_term_string}"},"query-input":{"@type":"PropertyValueSpecification","valueRequired":true,"valueName":"search_term_string"}}],"inLanguage":"es"},{"@type":"Person","@id":"https:\/\/quehacerpolitico.mx\/#\/schema\/person\/496d8ad2d1d3f8036101dca7ee39e585","name":"Redacci\u00f3n QP","image":{"@type":"ImageObject","inLanguage":"es","@id":"https:\/\/secure.gravatar.com\/avatar\/c7164ed6fdec453195284ad24a5ae5b6e1eed2b848477fa2a4787ba9adf39a41?s=96&d=mm&r=g","url":"https:\/\/secure.gravatar.com\/avatar\/c7164ed6fdec453195284ad24a5ae5b6e1eed2b848477fa2a4787ba9adf39a41?s=96&d=mm&r=g","contentUrl":"https:\/\/secure.gravatar.com\/avatar\/c7164ed6fdec453195284ad24a5ae5b6e1eed2b848477fa2a4787ba9adf39a41?s=96&d=mm&r=g","caption":"Redacci\u00f3n QP"},"url":"https:\/\/quehacerpolitico.mx\/?author=2"}]}},"featured_image_urls":{"full":"","thumbnail":"","medium":"","medium_large":"","large":"","1536x1536":"","2048x2048":"","covernews-featured":"","covernews-medium":""},"author_info":{"display_name":"Redacci\u00f3n QP","author_link":"https:\/\/quehacerpolitico.mx\/?author=2"},"category_info":"<a href=\"https:\/\/quehacerpolitico.mx\/?cat=2\" rel=\"category\">Noticias<\/a>","tag_info":"Noticias","comment_count":"0","_links":{"self":[{"href":"https:\/\/quehacerpolitico.mx\/index.php?rest_route=\/wp\/v2\/posts\/13999","targetHints":{"allow":["GET"]}}],"collection":[{"href":"https:\/\/quehacerpolitico.mx\/index.php?rest_route=\/wp\/v2\/posts"}],"about":[{"href":"https:\/\/quehacerpolitico.mx\/index.php?rest_route=\/wp\/v2\/types\/post"}],"author":[{"embeddable":true,"href":"https:\/\/quehacerpolitico.mx\/index.php?rest_route=\/wp\/v2\/users\/2"}],"replies":[{"embeddable":true,"href":"https:\/\/quehacerpolitico.mx\/index.php?rest_route=%2Fwp%2Fv2%2Fcomments&post=13999"}],"version-history":[{"count":0,"href":"https:\/\/quehacerpolitico.mx\/index.php?rest_route=\/wp\/v2\/posts\/13999\/revisions"}],"wp:featuredmedia":[{"embeddable":true,"href":"https:\/\/quehacerpolitico.mx\/index.php?rest_route=\/"}],"wp:attachment":[{"href":"https:\/\/quehacerpolitico.mx\/index.php?rest_route=%2Fwp%2Fv2%2Fmedia&parent=13999"}],"wp:term":[{"taxonomy":"category","embeddable":true,"href":"https:\/\/quehacerpolitico.mx\/index.php?rest_route=%2Fwp%2Fv2%2Fcategories&post=13999"},{"taxonomy":"post_tag","embeddable":true,"href":"https:\/\/quehacerpolitico.mx\/index.php?rest_route=%2Fwp%2Fv2%2Ftags&post=13999"}],"curies":[{"name":"wp","href":"https:\/\/api.w.org\/{rel}","templated":true}]}}