{"id":13989,"date":"2019-01-11T16:27:54","date_gmt":"2019-01-11T16:27:54","guid":{"rendered":"http:\/\/quehacerpolitico.mx\/reforma-romero-deschamps-se-amparo-justo-cuando-empezaron-operativos-contra-el-huachicol\/"},"modified":"2019-01-11T16:27:54","modified_gmt":"2019-01-11T16:27:54","slug":"reforma-romero-deschamps-se-amparo-justo-cuando-empezaron-operativos-contra-el-huachicol","status":"publish","type":"post","link":"https:\/\/quehacerpolitico.mx\/?p=13989","title":{"rendered":"Reforma: Romero Deschamps se ampar\u00f3 justo cuando empezaron operativos contra el huachicol"},"content":{"rendered":"<h1><em>Reforma<\/em>: Romero Deschamps se ampar\u00f3 justo cuando empezaron operativos contra el huachicol<\/h1>\n<p>Por Redacci\u00f3n QP<\/p>\n<p>El\u00a0l\u00edder del <strong>Sindicato de Trabajadores Petroleros de la Rep\u00fablica Mexicana<\/strong>,\u00a0<strong>Carlos Romero Deschamps<\/strong>, solicit\u00f3 un <strong>amparo<\/strong> para que se suspenda cualquier<strong> orden de aprehensi\u00f3n<\/strong> en su contra, esto porque, asegur\u00f3, presuntos\u00a0agentes comenzaron a buscarlo el pasado fin de semana, de acuerdo con informaci\u00f3n publicada en\u00a0<em>Reforma.<\/em><\/p>\n<p>En el amparo solicitado el\u00a0martes pasado el ex Senador priista pidi\u00f3 protecci\u00f3n contra cualquier orden de comparecencia y tener acceso a las investigaciones en su contra, esto a d\u00edas de que el Presidente Andr\u00e9s Manuel L\u00f3pez Obrador anunciara un combate contra el huachicoleo.<\/p>\n<p><strong>Romero Deschamps\u00a0<\/strong>solicit\u00f3 la demanda\u00a011\/2019 contra todos los jueces federales de la Ciudad de M\u00e9xico, la Polic\u00eda Federal, la Agencia de Investigaci\u00f3n Criminal y su Polic\u00eda Federal Ministerial, de la Fiscal\u00eda General de la Rep\u00fablica, se\u00f1al\u00f3 el diario nacional.<\/p>\n<p>El l\u00edder nacional del sindicato petrolero expuso que los sujetos que acudieron a buscarlo vest\u00edan uniformes de polic\u00eda y lo buscaron en las oficinas de sus abogados porque, dijeron, ten\u00edan \u201cun asunto\u201d qu\u00e9 atender con \u00e9l.<\/p>\n<p>Ante la insistencia, el personal del despacho cuestion\u00f3 a dichos individuos de la raz\u00f3n por la cual buscaban al l\u00edder petrolero y \u00e9stos simplemente respondieron que ten\u00edan \u201cun asunto\u201d qu\u00e9 atender con \u00e9l.<\/p>\n<p><strong>Carlos Romero<\/strong> pidi\u00f3 al juez que, a la hora de suspender cualquier acto de autoridad en su contra, le fije el pago de una garant\u00eda asequible.<\/p>\n<p>Esto \u00faltimo lo solicit\u00f3 que al realizar cualquier acto de autoridad en su contra se le page una garant\u00eda asequible\u00a0porque, asegur\u00f3, su situaci\u00f3n econ\u00f3mica no le permite gastar cantidades \u201cimportantes\u201d de dinero, inform\u00f3\u00a0<em>Reforma.\u00a0<\/em>El amparo no ha sido concedido por el juez, quien el pidi\u00f3 al lider gremial aclarar si los supuestos agentes que lo buscaron pertenec\u00edan a una corporaci\u00f3n federal.<\/p>\n<p>Ayer, integrantes del Sindicato de Trabajadores Petroleros de la Rep\u00fablica Mexicana\u00a0se manifestaron frente a las instalaciones de la organizaci\u00f3n de filiaci\u00f3n priista en la Ciudad de M\u00e9xico para exigir la salida de\u00a0<strong>Romero Deschamps<\/strong>.<\/p>\n<p>El ex legislador ha sido acusado durante a\u00f1os de haber saqueado las finanzas de Petr\u00f3leos Mexicanos (Pemex) y de ser la cabeza de una hidra de corrupci\u00f3n. En 2000, cuando lleg\u00f3 a la Presidencia Vicente Fox Quesada, fue encontrado culpable de desviar mil millones de pesos a la campa\u00f1a de Francisco Labastida Ochoa, del Partido Revolucionario Institucional (PRI), pero no sucedi\u00f3 nada. Sus hijos han sido se\u00f1alados de llevar una vida de ostentaci\u00f3n y lujos en el extranjero, con gastos que s\u00f3lo los multimillonarios pueden mantener.<\/p>\n<p>Alrededor de 100 trabajadores, encabezados por el l\u00edder disidente\u00a0<strong>Omar Toledo Aburto<\/strong>, clausuraron de manera simb\u00f3lica la sede de esa organizaci\u00f3n\u00a0y acusaron de corrupci\u00f3n a\u00a0Romero Deschamps. Los integrantes de seguridad del sindicato cerraron las puertas del recinto. En tanto, miembros de la Comisi\u00f3n del Interior advirtieron que la manifestaci\u00f3n no obstaculizar\u00eda las labores del personal administrativo.<\/p>\n<p>Esta semana\u00a0<strong>Romero Deschamps\u00a0<\/strong>aplaudi\u00f3, con un desplegado publicado en medios nacionales, los \u201cesfuerzos\u201d realizados por el Presidente\u00a0<strong>L\u00f3pez Obrador<\/strong>\u00a0en contra de la corrupci\u00f3n.<\/p>\n<p>El l\u00edder priista ha sido se\u00f1alado como la\u00a0<strong>cabeza de la corrupci\u00f3n en M\u00e9xico<\/strong>; su hija fue exhibida viajando por el mundo en vuelos privados y en compa\u00f1\u00eda de sus mascotas, mientras que a su hijo se le se\u00f1ala por una vida ostentosa en Miami, Florida.<\/p>\n<p>En el desplegado publicado en algunos de los principales diarios de circulaci\u00f3n nacional, el S<strong>indicato Petrolero<\/strong>\u00a0expres\u00f3 su solidaridad con el mandatario y asegur\u00f3 que se suma a los esfuerzos para terminar con la corrupci\u00f3n y garantizar el suministro y distribuci\u00f3n de combustibles.<\/p>\n","protected":false},"excerpt":{"rendered":"<p>Reforma: Romero Deschamps se ampar\u00f3 justo cuando empezaron operativos contra el huachicol<br \/>\nPor Redacci\u00f3n QP<\/p>\n","protected":false},"author":2,"featured_media":13988,"comment_status":"open","ping_status":"open","sticky":false,"template":"","format":"standard","meta":{"_monsterinsights_skip_tracking":false,"_monsterinsights_sitenote_active":false,"_monsterinsights_sitenote_note":"","_monsterinsights_sitenote_category":0,"footnotes":""},"categories":[2],"tags":[],"class_list":["post-13989","post","type-post","status-publish","format-standard","has-post-thumbnail","hentry","category-noticias"],"yoast_head":"<!-- This site is optimized with the Yoast SEO plugin v27.3 - https:\/\/yoast.com\/product\/yoast-seo-wordpress\/ -->\n<title>Reforma: Romero Deschamps se ampar\u00f3 justo cuando empezaron operativos contra el huachicol -<\/title>\n<meta name=\"robots\" content=\"index, follow, max-snippet:-1, max-image-preview:large, max-video-preview:-1\" \/>\n<link rel=\"canonical\" href=\"https:\/\/quehacerpolitico.mx\/?p=13989\" \/>\n<meta property=\"og:locale\" content=\"es_MX\" \/>\n<meta property=\"og:type\" content=\"article\" \/>\n<meta property=\"og:title\" content=\"Reforma: Romero Deschamps se ampar\u00f3 justo cuando empezaron operativos contra el huachicol -\" \/>\n<meta property=\"og:description\" content=\"Reforma: Romero Deschamps se ampar\u00f3 justo cuando empezaron operativos contra el huachicol Por Redacci\u00f3n QP\" \/>\n<meta property=\"og:url\" content=\"https:\/\/quehacerpolitico.mx\/?p=13989\" \/>\n<meta property=\"article:published_time\" content=\"2019-01-11T16:27:54+00:00\" \/>\n<meta name=\"author\" content=\"Redacci\u00f3n QP\" \/>\n<meta name=\"twitter:card\" content=\"summary_large_image\" \/>\n<meta name=\"twitter:label1\" content=\"Escrito por\" \/>\n\t<meta name=\"twitter:data1\" content=\"Redacci\u00f3n QP\" \/>\n\t<meta name=\"twitter:label2\" content=\"Tiempo de lectura\" \/>\n\t<meta name=\"twitter:data2\" content=\"3 minutos\" \/>\n<script type=\"application\/ld+json\" class=\"yoast-schema-graph\">{\"@context\":\"https:\\\/\\\/schema.org\",\"@graph\":[{\"@type\":\"Article\",\"@id\":\"https:\\\/\\\/quehacerpolitico.mx\\\/?p=13989#article\",\"isPartOf\":{\"@id\":\"https:\\\/\\\/quehacerpolitico.mx\\\/?p=13989\"},\"author\":{\"name\":\"Redacci\u00f3n QP\",\"@id\":\"https:\\\/\\\/quehacerpolitico.mx\\\/#\\\/schema\\\/person\\\/496d8ad2d1d3f8036101dca7ee39e585\"},\"headline\":\"Reforma: Romero Deschamps se ampar\u00f3 justo cuando empezaron operativos contra el huachicol\",\"datePublished\":\"2019-01-11T16:27:54+00:00\",\"mainEntityOfPage\":{\"@id\":\"https:\\\/\\\/quehacerpolitico.mx\\\/?p=13989\"},\"wordCount\":665,\"commentCount\":0,\"image\":{\"@id\":\"https:\\\/\\\/quehacerpolitico.mx\\\/?p=13989#primaryimage\"},\"thumbnailUrl\":\"\",\"articleSection\":[\"Noticias\"],\"inLanguage\":\"es\",\"potentialAction\":[{\"@type\":\"CommentAction\",\"name\":\"Comment\",\"target\":[\"https:\\\/\\\/quehacerpolitico.mx\\\/?p=13989#respond\"]}]},{\"@type\":\"WebPage\",\"@id\":\"https:\\\/\\\/quehacerpolitico.mx\\\/?p=13989\",\"url\":\"https:\\\/\\\/quehacerpolitico.mx\\\/?p=13989\",\"name\":\"Reforma: Romero Deschamps se ampar\u00f3 justo cuando empezaron operativos contra el huachicol -\",\"isPartOf\":{\"@id\":\"https:\\\/\\\/quehacerpolitico.mx\\\/#website\"},\"primaryImageOfPage\":{\"@id\":\"https:\\\/\\\/quehacerpolitico.mx\\\/?p=13989#primaryimage\"},\"image\":{\"@id\":\"https:\\\/\\\/quehacerpolitico.mx\\\/?p=13989#primaryimage\"},\"thumbnailUrl\":\"\",\"datePublished\":\"2019-01-11T16:27:54+00:00\",\"author\":{\"@id\":\"https:\\\/\\\/quehacerpolitico.mx\\\/#\\\/schema\\\/person\\\/496d8ad2d1d3f8036101dca7ee39e585\"},\"breadcrumb\":{\"@id\":\"https:\\\/\\\/quehacerpolitico.mx\\\/?p=13989#breadcrumb\"},\"inLanguage\":\"es\",\"potentialAction\":[{\"@type\":\"ReadAction\",\"target\":[\"https:\\\/\\\/quehacerpolitico.mx\\\/?p=13989\"]}]},{\"@type\":\"ImageObject\",\"inLanguage\":\"es\",\"@id\":\"https:\\\/\\\/quehacerpolitico.mx\\\/?p=13989#primaryimage\",\"url\":\"\",\"contentUrl\":\"\"},{\"@type\":\"BreadcrumbList\",\"@id\":\"https:\\\/\\\/quehacerpolitico.mx\\\/?p=13989#breadcrumb\",\"itemListElement\":[{\"@type\":\"ListItem\",\"position\":1,\"name\":\"Inicio\",\"item\":\"https:\\\/\\\/quehacerpolitico.mx\\\/\"},{\"@type\":\"ListItem\",\"position\":2,\"name\":\"Reforma: Romero Deschamps se ampar\u00f3 justo cuando empezaron operativos contra el huachicol\"}]},{\"@type\":\"WebSite\",\"@id\":\"https:\\\/\\\/quehacerpolitico.mx\\\/#website\",\"url\":\"https:\\\/\\\/quehacerpolitico.mx\\\/\",\"name\":\"\",\"description\":\"\",\"potentialAction\":[{\"@type\":\"SearchAction\",\"target\":{\"@type\":\"EntryPoint\",\"urlTemplate\":\"https:\\\/\\\/quehacerpolitico.mx\\\/?s={search_term_string}\"},\"query-input\":{\"@type\":\"PropertyValueSpecification\",\"valueRequired\":true,\"valueName\":\"search_term_string\"}}],\"inLanguage\":\"es\"},{\"@type\":\"Person\",\"@id\":\"https:\\\/\\\/quehacerpolitico.mx\\\/#\\\/schema\\\/person\\\/496d8ad2d1d3f8036101dca7ee39e585\",\"name\":\"Redacci\u00f3n QP\",\"image\":{\"@type\":\"ImageObject\",\"inLanguage\":\"es\",\"@id\":\"https:\\\/\\\/secure.gravatar.com\\\/avatar\\\/c7164ed6fdec453195284ad24a5ae5b6e1eed2b848477fa2a4787ba9adf39a41?s=96&d=mm&r=g\",\"url\":\"https:\\\/\\\/secure.gravatar.com\\\/avatar\\\/c7164ed6fdec453195284ad24a5ae5b6e1eed2b848477fa2a4787ba9adf39a41?s=96&d=mm&r=g\",\"contentUrl\":\"https:\\\/\\\/secure.gravatar.com\\\/avatar\\\/c7164ed6fdec453195284ad24a5ae5b6e1eed2b848477fa2a4787ba9adf39a41?s=96&d=mm&r=g\",\"caption\":\"Redacci\u00f3n QP\"},\"url\":\"https:\\\/\\\/quehacerpolitico.mx\\\/?author=2\"}]}<\/script>\n<!-- \/ Yoast SEO plugin. -->","yoast_head_json":{"title":"Reforma: Romero Deschamps se ampar\u00f3 justo cuando empezaron operativos contra el huachicol -","robots":{"index":"index","follow":"follow","max-snippet":"max-snippet:-1","max-image-preview":"max-image-preview:large","max-video-preview":"max-video-preview:-1"},"canonical":"https:\/\/quehacerpolitico.mx\/?p=13989","og_locale":"es_MX","og_type":"article","og_title":"Reforma: Romero Deschamps se ampar\u00f3 justo cuando empezaron operativos contra el huachicol -","og_description":"Reforma: Romero Deschamps se ampar\u00f3 justo cuando empezaron operativos contra el huachicol Por Redacci\u00f3n QP","og_url":"https:\/\/quehacerpolitico.mx\/?p=13989","article_published_time":"2019-01-11T16:27:54+00:00","author":"Redacci\u00f3n QP","twitter_card":"summary_large_image","twitter_misc":{"Escrito por":"Redacci\u00f3n QP","Tiempo de lectura":"3 minutos"},"schema":{"@context":"https:\/\/schema.org","@graph":[{"@type":"Article","@id":"https:\/\/quehacerpolitico.mx\/?p=13989#article","isPartOf":{"@id":"https:\/\/quehacerpolitico.mx\/?p=13989"},"author":{"name":"Redacci\u00f3n QP","@id":"https:\/\/quehacerpolitico.mx\/#\/schema\/person\/496d8ad2d1d3f8036101dca7ee39e585"},"headline":"Reforma: Romero Deschamps se ampar\u00f3 justo cuando empezaron operativos contra el huachicol","datePublished":"2019-01-11T16:27:54+00:00","mainEntityOfPage":{"@id":"https:\/\/quehacerpolitico.mx\/?p=13989"},"wordCount":665,"commentCount":0,"image":{"@id":"https:\/\/quehacerpolitico.mx\/?p=13989#primaryimage"},"thumbnailUrl":"","articleSection":["Noticias"],"inLanguage":"es","potentialAction":[{"@type":"CommentAction","name":"Comment","target":["https:\/\/quehacerpolitico.mx\/?p=13989#respond"]}]},{"@type":"WebPage","@id":"https:\/\/quehacerpolitico.mx\/?p=13989","url":"https:\/\/quehacerpolitico.mx\/?p=13989","name":"Reforma: Romero Deschamps se ampar\u00f3 justo cuando empezaron operativos contra el huachicol -","isPartOf":{"@id":"https:\/\/quehacerpolitico.mx\/#website"},"primaryImageOfPage":{"@id":"https:\/\/quehacerpolitico.mx\/?p=13989#primaryimage"},"image":{"@id":"https:\/\/quehacerpolitico.mx\/?p=13989#primaryimage"},"thumbnailUrl":"","datePublished":"2019-01-11T16:27:54+00:00","author":{"@id":"https:\/\/quehacerpolitico.mx\/#\/schema\/person\/496d8ad2d1d3f8036101dca7ee39e585"},"breadcrumb":{"@id":"https:\/\/quehacerpolitico.mx\/?p=13989#breadcrumb"},"inLanguage":"es","potentialAction":[{"@type":"ReadAction","target":["https:\/\/quehacerpolitico.mx\/?p=13989"]}]},{"@type":"ImageObject","inLanguage":"es","@id":"https:\/\/quehacerpolitico.mx\/?p=13989#primaryimage","url":"","contentUrl":""},{"@type":"BreadcrumbList","@id":"https:\/\/quehacerpolitico.mx\/?p=13989#breadcrumb","itemListElement":[{"@type":"ListItem","position":1,"name":"Inicio","item":"https:\/\/quehacerpolitico.mx\/"},{"@type":"ListItem","position":2,"name":"Reforma: Romero Deschamps se ampar\u00f3 justo cuando empezaron operativos contra el huachicol"}]},{"@type":"WebSite","@id":"https:\/\/quehacerpolitico.mx\/#website","url":"https:\/\/quehacerpolitico.mx\/","name":"","description":"","potentialAction":[{"@type":"SearchAction","target":{"@type":"EntryPoint","urlTemplate":"https:\/\/quehacerpolitico.mx\/?s={search_term_string}"},"query-input":{"@type":"PropertyValueSpecification","valueRequired":true,"valueName":"search_term_string"}}],"inLanguage":"es"},{"@type":"Person","@id":"https:\/\/quehacerpolitico.mx\/#\/schema\/person\/496d8ad2d1d3f8036101dca7ee39e585","name":"Redacci\u00f3n QP","image":{"@type":"ImageObject","inLanguage":"es","@id":"https:\/\/secure.gravatar.com\/avatar\/c7164ed6fdec453195284ad24a5ae5b6e1eed2b848477fa2a4787ba9adf39a41?s=96&d=mm&r=g","url":"https:\/\/secure.gravatar.com\/avatar\/c7164ed6fdec453195284ad24a5ae5b6e1eed2b848477fa2a4787ba9adf39a41?s=96&d=mm&r=g","contentUrl":"https:\/\/secure.gravatar.com\/avatar\/c7164ed6fdec453195284ad24a5ae5b6e1eed2b848477fa2a4787ba9adf39a41?s=96&d=mm&r=g","caption":"Redacci\u00f3n QP"},"url":"https:\/\/quehacerpolitico.mx\/?author=2"}]}},"featured_image_urls":{"full":"","thumbnail":"","medium":"","medium_large":"","large":"","1536x1536":"","2048x2048":"","covernews-featured":"","covernews-medium":""},"author_info":{"display_name":"Redacci\u00f3n QP","author_link":"https:\/\/quehacerpolitico.mx\/?author=2"},"category_info":"<a href=\"https:\/\/quehacerpolitico.mx\/?cat=2\" rel=\"category\">Noticias<\/a>","tag_info":"Noticias","comment_count":"0","_links":{"self":[{"href":"https:\/\/quehacerpolitico.mx\/index.php?rest_route=\/wp\/v2\/posts\/13989","targetHints":{"allow":["GET"]}}],"collection":[{"href":"https:\/\/quehacerpolitico.mx\/index.php?rest_route=\/wp\/v2\/posts"}],"about":[{"href":"https:\/\/quehacerpolitico.mx\/index.php?rest_route=\/wp\/v2\/types\/post"}],"author":[{"embeddable":true,"href":"https:\/\/quehacerpolitico.mx\/index.php?rest_route=\/wp\/v2\/users\/2"}],"replies":[{"embeddable":true,"href":"https:\/\/quehacerpolitico.mx\/index.php?rest_route=%2Fwp%2Fv2%2Fcomments&post=13989"}],"version-history":[{"count":0,"href":"https:\/\/quehacerpolitico.mx\/index.php?rest_route=\/wp\/v2\/posts\/13989\/revisions"}],"wp:featuredmedia":[{"embeddable":true,"href":"https:\/\/quehacerpolitico.mx\/index.php?rest_route=\/"}],"wp:attachment":[{"href":"https:\/\/quehacerpolitico.mx\/index.php?rest_route=%2Fwp%2Fv2%2Fmedia&parent=13989"}],"wp:term":[{"taxonomy":"category","embeddable":true,"href":"https:\/\/quehacerpolitico.mx\/index.php?rest_route=%2Fwp%2Fv2%2Fcategories&post=13989"},{"taxonomy":"post_tag","embeddable":true,"href":"https:\/\/quehacerpolitico.mx\/index.php?rest_route=%2Fwp%2Fv2%2Ftags&post=13989"}],"curies":[{"name":"wp","href":"https:\/\/api.w.org\/{rel}","templated":true}]}}