{"id":13987,"date":"2019-01-11T16:20:40","date_gmt":"2019-01-11T16:20:40","guid":{"rendered":"http:\/\/quehacerpolitico.mx\/prd-en-la-cdmx-al-borde-de-la-extincion-hay-nueva-desbandada\/"},"modified":"2019-01-11T16:20:40","modified_gmt":"2019-01-11T16:20:40","slug":"prd-en-la-cdmx-al-borde-de-la-extincion-hay-nueva-desbandada","status":"publish","type":"post","link":"https:\/\/quehacerpolitico.mx\/?p=13987","title":{"rendered":"PRD en la CDMX al borde de la extinci\u00f3n; hay nueva desbandada"},"content":{"rendered":"<h1 class=\"amp-wp-title\">PRD en la CDMX al borde de la extinci\u00f3n; hay nueva desbandada<\/h1>\n<p>Por Redacci\u00f3n QP<\/p>\n<p>La fracci\u00f3n Vanguardia Progresista (VP) del Partido de la Revoluci\u00f3n Democr\u00e1tica (PRD) oficializar\u00e1 su renuncia a dicho instituto pol\u00edtico el d\u00eda de ma\u00f1ana.<\/p>\n<p>Con esta decisi\u00f3n el partido est\u00e1 al borde de la extinci\u00f3n en la Ciudad de M\u00e9xico, pues \u00fanicamente quedar\u00e1 la fracci\u00f3n comandada por Julio C\u00e9sar Moreno, alcalde en Venustiano Carranza y coordinador de Alternativa Democr\u00e1tica Nacional (ADN) en la capital.<\/p>\n<p>De acuerdo con Eduardo Venadero, uno de los l\u00edderes de la expresi\u00f3n (VP), al menos 200 mil militantes de 16 entidades en el pa\u00eds renunciaron al partido, pues consideran que los grupos de ADN y Nueva Izquierda (NI) tienen secuestrado al PRD.<\/p>\n<p>El a\u00f1o pasado el PRD celebr\u00f3 su Congreso Nacional y eligi\u00f3 una Direcci\u00f3n Nacional Extraordinaria que es comandada por ADN y NI, pero no hay ning\u00fan representante de Vanguardia Progresista.<\/p>\n<blockquote>\n<p>\u201cS\u00ed nos invitaron a ser parte de la direcci\u00f3n nacional, pero hay un estatuto derechizado, tan poco democr\u00e1tico que no encontramos cabida en un espacio de esa naturaleza.<\/p>\n<p>\u201cLa decisi\u00f3n de NI y ADN es derechizar al partido y convertirse en un arma de un francotirador contra el Gobierno de Andr\u00e9s Manuel L\u00f3pez Obrador sin mayor recato, sin an\u00e1lisis, es un brazo operativo de la derecha\u201d, dijo<\/p>\n<\/blockquote>\n<h3><strong>-Un nuevo partido-<\/strong><\/h3>\n<p>A decir de Venadero, se evaluar\u00e1 la conformaci\u00f3n de un nuevo partido a nivel local que haga contrapeso al PRD y para ello buscar\u00e1n a las organizaciones sociales con las que han tenido contacto en los \u00faltimos 20 a\u00f1os.<\/p>\n<p>Aunque la Ciudad de M\u00e9xico fue la \u201cjoya de la corona\u201d del PRD en los \u00faltimos 20 a\u00f1os, el partido ahora languidece, pues \u00fanicamente gobierna dos alcald\u00edas de la Capital.<\/p>\n<p>La primera es Venustiano Carranza y la seguna es Coyoac\u00e1n, esta \u00faltima dirigida por el alcalde Manuel Negrete, quien coquetea con otros institutos pol\u00edticos como Morena y el PAN.<\/p>\n<p>Ninguna otra de las tribus del PRD est\u00e1 presente en la ciudad, pues el a\u00f1o pasado Julio C\u00e9sar Moreno abandon\u00f3 la fracci\u00f3n de NI comandada por \u201clos chuchos\u201d para convertirse en el l\u00edder de ADN en la capital.<\/p>\n<p>Cabe resaltar que H\u00e9ctor Serrano, fundador de la corriente VP renunci\u00f3 al PRD el a\u00f1o pasado, despu\u00e9s de la derrota electoral a manos de Morena.<\/p>\n<p>El anuncio de la salida masiva de perredistas ser\u00e1 el d\u00eda de ma\u00f1ana en las instalaciones del partido que se ubican en la calle Monterrey n\u00famero 50, colonia Roma.<\/p>\n","protected":false},"excerpt":{"rendered":"<p>PRD en la CDMX al borde de la extinci\u00f3n; hay nueva desbandada<br \/>\nPor Redacci\u00f3n QP<\/p>\n","protected":false},"author":2,"featured_media":13986,"comment_status":"open","ping_status":"open","sticky":false,"template":"","format":"standard","meta":{"_monsterinsights_skip_tracking":false,"_monsterinsights_sitenote_active":false,"_monsterinsights_sitenote_note":"","_monsterinsights_sitenote_category":0,"footnotes":""},"categories":[55],"tags":[],"class_list":["post-13987","post","type-post","status-publish","format-standard","has-post-thumbnail","hentry","category-cdmx"],"yoast_head":"<!-- This site is optimized with the Yoast SEO plugin v27.3 - https:\/\/yoast.com\/product\/yoast-seo-wordpress\/ -->\n<title>PRD en la CDMX al borde de la extinci\u00f3n; hay nueva desbandada -<\/title>\n<meta name=\"robots\" content=\"index, follow, max-snippet:-1, max-image-preview:large, max-video-preview:-1\" \/>\n<link rel=\"canonical\" href=\"https:\/\/quehacerpolitico.mx\/?p=13987\" \/>\n<meta property=\"og:locale\" content=\"es_MX\" \/>\n<meta property=\"og:type\" content=\"article\" \/>\n<meta property=\"og:title\" content=\"PRD en la CDMX al borde de la extinci\u00f3n; hay nueva desbandada -\" \/>\n<meta property=\"og:description\" content=\"PRD en la CDMX al borde de la extinci\u00f3n; hay nueva desbandada Por Redacci\u00f3n QP\" \/>\n<meta property=\"og:url\" content=\"https:\/\/quehacerpolitico.mx\/?p=13987\" \/>\n<meta property=\"article:published_time\" content=\"2019-01-11T16:20:40+00:00\" \/>\n<meta name=\"author\" content=\"Redacci\u00f3n QP\" \/>\n<meta name=\"twitter:card\" content=\"summary_large_image\" \/>\n<meta name=\"twitter:label1\" content=\"Escrito por\" \/>\n\t<meta name=\"twitter:data1\" content=\"Redacci\u00f3n QP\" \/>\n\t<meta name=\"twitter:label2\" content=\"Tiempo de lectura\" \/>\n\t<meta name=\"twitter:data2\" content=\"2 minutos\" \/>\n<script type=\"application\/ld+json\" class=\"yoast-schema-graph\">{\"@context\":\"https:\\\/\\\/schema.org\",\"@graph\":[{\"@type\":\"Article\",\"@id\":\"https:\\\/\\\/quehacerpolitico.mx\\\/?p=13987#article\",\"isPartOf\":{\"@id\":\"https:\\\/\\\/quehacerpolitico.mx\\\/?p=13987\"},\"author\":{\"name\":\"Redacci\u00f3n QP\",\"@id\":\"https:\\\/\\\/quehacerpolitico.mx\\\/#\\\/schema\\\/person\\\/496d8ad2d1d3f8036101dca7ee39e585\"},\"headline\":\"PRD en la CDMX al borde de la extinci\u00f3n; hay nueva desbandada\",\"datePublished\":\"2019-01-11T16:20:40+00:00\",\"mainEntityOfPage\":{\"@id\":\"https:\\\/\\\/quehacerpolitico.mx\\\/?p=13987\"},\"wordCount\":462,\"commentCount\":0,\"image\":{\"@id\":\"https:\\\/\\\/quehacerpolitico.mx\\\/?p=13987#primaryimage\"},\"thumbnailUrl\":\"\",\"articleSection\":[\"CDMX\"],\"inLanguage\":\"es\",\"potentialAction\":[{\"@type\":\"CommentAction\",\"name\":\"Comment\",\"target\":[\"https:\\\/\\\/quehacerpolitico.mx\\\/?p=13987#respond\"]}]},{\"@type\":\"WebPage\",\"@id\":\"https:\\\/\\\/quehacerpolitico.mx\\\/?p=13987\",\"url\":\"https:\\\/\\\/quehacerpolitico.mx\\\/?p=13987\",\"name\":\"PRD en la CDMX al borde de la extinci\u00f3n; hay nueva desbandada -\",\"isPartOf\":{\"@id\":\"https:\\\/\\\/quehacerpolitico.mx\\\/#website\"},\"primaryImageOfPage\":{\"@id\":\"https:\\\/\\\/quehacerpolitico.mx\\\/?p=13987#primaryimage\"},\"image\":{\"@id\":\"https:\\\/\\\/quehacerpolitico.mx\\\/?p=13987#primaryimage\"},\"thumbnailUrl\":\"\",\"datePublished\":\"2019-01-11T16:20:40+00:00\",\"author\":{\"@id\":\"https:\\\/\\\/quehacerpolitico.mx\\\/#\\\/schema\\\/person\\\/496d8ad2d1d3f8036101dca7ee39e585\"},\"breadcrumb\":{\"@id\":\"https:\\\/\\\/quehacerpolitico.mx\\\/?p=13987#breadcrumb\"},\"inLanguage\":\"es\",\"potentialAction\":[{\"@type\":\"ReadAction\",\"target\":[\"https:\\\/\\\/quehacerpolitico.mx\\\/?p=13987\"]}]},{\"@type\":\"ImageObject\",\"inLanguage\":\"es\",\"@id\":\"https:\\\/\\\/quehacerpolitico.mx\\\/?p=13987#primaryimage\",\"url\":\"\",\"contentUrl\":\"\"},{\"@type\":\"BreadcrumbList\",\"@id\":\"https:\\\/\\\/quehacerpolitico.mx\\\/?p=13987#breadcrumb\",\"itemListElement\":[{\"@type\":\"ListItem\",\"position\":1,\"name\":\"Inicio\",\"item\":\"https:\\\/\\\/quehacerpolitico.mx\\\/\"},{\"@type\":\"ListItem\",\"position\":2,\"name\":\"PRD en la CDMX al borde de la extinci\u00f3n; hay nueva desbandada\"}]},{\"@type\":\"WebSite\",\"@id\":\"https:\\\/\\\/quehacerpolitico.mx\\\/#website\",\"url\":\"https:\\\/\\\/quehacerpolitico.mx\\\/\",\"name\":\"\",\"description\":\"\",\"potentialAction\":[{\"@type\":\"SearchAction\",\"target\":{\"@type\":\"EntryPoint\",\"urlTemplate\":\"https:\\\/\\\/quehacerpolitico.mx\\\/?s={search_term_string}\"},\"query-input\":{\"@type\":\"PropertyValueSpecification\",\"valueRequired\":true,\"valueName\":\"search_term_string\"}}],\"inLanguage\":\"es\"},{\"@type\":\"Person\",\"@id\":\"https:\\\/\\\/quehacerpolitico.mx\\\/#\\\/schema\\\/person\\\/496d8ad2d1d3f8036101dca7ee39e585\",\"name\":\"Redacci\u00f3n QP\",\"image\":{\"@type\":\"ImageObject\",\"inLanguage\":\"es\",\"@id\":\"https:\\\/\\\/secure.gravatar.com\\\/avatar\\\/c7164ed6fdec453195284ad24a5ae5b6e1eed2b848477fa2a4787ba9adf39a41?s=96&d=mm&r=g\",\"url\":\"https:\\\/\\\/secure.gravatar.com\\\/avatar\\\/c7164ed6fdec453195284ad24a5ae5b6e1eed2b848477fa2a4787ba9adf39a41?s=96&d=mm&r=g\",\"contentUrl\":\"https:\\\/\\\/secure.gravatar.com\\\/avatar\\\/c7164ed6fdec453195284ad24a5ae5b6e1eed2b848477fa2a4787ba9adf39a41?s=96&d=mm&r=g\",\"caption\":\"Redacci\u00f3n QP\"},\"url\":\"https:\\\/\\\/quehacerpolitico.mx\\\/?author=2\"}]}<\/script>\n<!-- \/ Yoast SEO plugin. -->","yoast_head_json":{"title":"PRD en la CDMX al borde de la extinci\u00f3n; hay nueva desbandada -","robots":{"index":"index","follow":"follow","max-snippet":"max-snippet:-1","max-image-preview":"max-image-preview:large","max-video-preview":"max-video-preview:-1"},"canonical":"https:\/\/quehacerpolitico.mx\/?p=13987","og_locale":"es_MX","og_type":"article","og_title":"PRD en la CDMX al borde de la extinci\u00f3n; hay nueva desbandada -","og_description":"PRD en la CDMX al borde de la extinci\u00f3n; hay nueva desbandada Por Redacci\u00f3n QP","og_url":"https:\/\/quehacerpolitico.mx\/?p=13987","article_published_time":"2019-01-11T16:20:40+00:00","author":"Redacci\u00f3n QP","twitter_card":"summary_large_image","twitter_misc":{"Escrito por":"Redacci\u00f3n QP","Tiempo de lectura":"2 minutos"},"schema":{"@context":"https:\/\/schema.org","@graph":[{"@type":"Article","@id":"https:\/\/quehacerpolitico.mx\/?p=13987#article","isPartOf":{"@id":"https:\/\/quehacerpolitico.mx\/?p=13987"},"author":{"name":"Redacci\u00f3n QP","@id":"https:\/\/quehacerpolitico.mx\/#\/schema\/person\/496d8ad2d1d3f8036101dca7ee39e585"},"headline":"PRD en la CDMX al borde de la extinci\u00f3n; hay nueva desbandada","datePublished":"2019-01-11T16:20:40+00:00","mainEntityOfPage":{"@id":"https:\/\/quehacerpolitico.mx\/?p=13987"},"wordCount":462,"commentCount":0,"image":{"@id":"https:\/\/quehacerpolitico.mx\/?p=13987#primaryimage"},"thumbnailUrl":"","articleSection":["CDMX"],"inLanguage":"es","potentialAction":[{"@type":"CommentAction","name":"Comment","target":["https:\/\/quehacerpolitico.mx\/?p=13987#respond"]}]},{"@type":"WebPage","@id":"https:\/\/quehacerpolitico.mx\/?p=13987","url":"https:\/\/quehacerpolitico.mx\/?p=13987","name":"PRD en la CDMX al borde de la extinci\u00f3n; hay nueva desbandada -","isPartOf":{"@id":"https:\/\/quehacerpolitico.mx\/#website"},"primaryImageOfPage":{"@id":"https:\/\/quehacerpolitico.mx\/?p=13987#primaryimage"},"image":{"@id":"https:\/\/quehacerpolitico.mx\/?p=13987#primaryimage"},"thumbnailUrl":"","datePublished":"2019-01-11T16:20:40+00:00","author":{"@id":"https:\/\/quehacerpolitico.mx\/#\/schema\/person\/496d8ad2d1d3f8036101dca7ee39e585"},"breadcrumb":{"@id":"https:\/\/quehacerpolitico.mx\/?p=13987#breadcrumb"},"inLanguage":"es","potentialAction":[{"@type":"ReadAction","target":["https:\/\/quehacerpolitico.mx\/?p=13987"]}]},{"@type":"ImageObject","inLanguage":"es","@id":"https:\/\/quehacerpolitico.mx\/?p=13987#primaryimage","url":"","contentUrl":""},{"@type":"BreadcrumbList","@id":"https:\/\/quehacerpolitico.mx\/?p=13987#breadcrumb","itemListElement":[{"@type":"ListItem","position":1,"name":"Inicio","item":"https:\/\/quehacerpolitico.mx\/"},{"@type":"ListItem","position":2,"name":"PRD en la CDMX al borde de la extinci\u00f3n; hay nueva desbandada"}]},{"@type":"WebSite","@id":"https:\/\/quehacerpolitico.mx\/#website","url":"https:\/\/quehacerpolitico.mx\/","name":"","description":"","potentialAction":[{"@type":"SearchAction","target":{"@type":"EntryPoint","urlTemplate":"https:\/\/quehacerpolitico.mx\/?s={search_term_string}"},"query-input":{"@type":"PropertyValueSpecification","valueRequired":true,"valueName":"search_term_string"}}],"inLanguage":"es"},{"@type":"Person","@id":"https:\/\/quehacerpolitico.mx\/#\/schema\/person\/496d8ad2d1d3f8036101dca7ee39e585","name":"Redacci\u00f3n QP","image":{"@type":"ImageObject","inLanguage":"es","@id":"https:\/\/secure.gravatar.com\/avatar\/c7164ed6fdec453195284ad24a5ae5b6e1eed2b848477fa2a4787ba9adf39a41?s=96&d=mm&r=g","url":"https:\/\/secure.gravatar.com\/avatar\/c7164ed6fdec453195284ad24a5ae5b6e1eed2b848477fa2a4787ba9adf39a41?s=96&d=mm&r=g","contentUrl":"https:\/\/secure.gravatar.com\/avatar\/c7164ed6fdec453195284ad24a5ae5b6e1eed2b848477fa2a4787ba9adf39a41?s=96&d=mm&r=g","caption":"Redacci\u00f3n QP"},"url":"https:\/\/quehacerpolitico.mx\/?author=2"}]}},"featured_image_urls":{"full":"","thumbnail":"","medium":"","medium_large":"","large":"","1536x1536":"","2048x2048":"","covernews-featured":"","covernews-medium":""},"author_info":{"display_name":"Redacci\u00f3n QP","author_link":"https:\/\/quehacerpolitico.mx\/?author=2"},"category_info":"<a href=\"https:\/\/quehacerpolitico.mx\/?cat=55\" rel=\"category\">CDMX<\/a>","tag_info":"CDMX","comment_count":"0","_links":{"self":[{"href":"https:\/\/quehacerpolitico.mx\/index.php?rest_route=\/wp\/v2\/posts\/13987","targetHints":{"allow":["GET"]}}],"collection":[{"href":"https:\/\/quehacerpolitico.mx\/index.php?rest_route=\/wp\/v2\/posts"}],"about":[{"href":"https:\/\/quehacerpolitico.mx\/index.php?rest_route=\/wp\/v2\/types\/post"}],"author":[{"embeddable":true,"href":"https:\/\/quehacerpolitico.mx\/index.php?rest_route=\/wp\/v2\/users\/2"}],"replies":[{"embeddable":true,"href":"https:\/\/quehacerpolitico.mx\/index.php?rest_route=%2Fwp%2Fv2%2Fcomments&post=13987"}],"version-history":[{"count":0,"href":"https:\/\/quehacerpolitico.mx\/index.php?rest_route=\/wp\/v2\/posts\/13987\/revisions"}],"wp:featuredmedia":[{"embeddable":true,"href":"https:\/\/quehacerpolitico.mx\/index.php?rest_route=\/"}],"wp:attachment":[{"href":"https:\/\/quehacerpolitico.mx\/index.php?rest_route=%2Fwp%2Fv2%2Fmedia&parent=13987"}],"wp:term":[{"taxonomy":"category","embeddable":true,"href":"https:\/\/quehacerpolitico.mx\/index.php?rest_route=%2Fwp%2Fv2%2Fcategories&post=13987"},{"taxonomy":"post_tag","embeddable":true,"href":"https:\/\/quehacerpolitico.mx\/index.php?rest_route=%2Fwp%2Fv2%2Ftags&post=13987"}],"curies":[{"name":"wp","href":"https:\/\/api.w.org\/{rel}","templated":true}]}}