{"id":13979,"date":"2019-01-11T16:01:41","date_gmt":"2019-01-11T16:01:41","guid":{"rendered":"http:\/\/quehacerpolitico.mx\/la-academia-sueca-recupera-dos-miembros-tras-el-escandalo-sexual\/"},"modified":"2019-01-11T16:01:41","modified_gmt":"2019-01-11T16:01:41","slug":"la-academia-sueca-recupera-dos-miembros-tras-el-escandalo-sexual","status":"publish","type":"post","link":"https:\/\/quehacerpolitico.mx\/?p=13979","title":{"rendered":"La Academia Sueca recupera dos miembros tras el esc\u00e1ndalo sexual"},"content":{"rendered":"<h1 class=\"news-title\">La Academia Sueca recupera dos miembros tras el esc\u00e1ndalo sexual<\/h1>\n<p>Por Redacci\u00f3n QP<\/p>\n<header class=\"news-header\">\n<div class=\"news-subtitle\">\n<p>Peter Englund y Kjell Espmark, que la hab\u00edan abandonado de forma temporal, volver\u00e1n a la instituci\u00f3n que otorga el Nobel de Literatura<\/p>\n<\/div>\n<\/header>\n<div class=\"news-content\">\n<div class=\"news-body row\">\n<p>Peter Englund y Kjell Espmark, que hab\u00edan abandonado de forma temporal la Academia Sueca\u00a0en abril por el esc\u00e1ndalo sexual y de filtraciones que la afecta, anunciaron hoy su vuelta a la instituci\u00f3n que otorga el Nobel de Literatura.<\/p>\n<p><strong>En los \u00faltimos nueve meses cinco acad\u00e9micos han renunciado de forma definitiva a su puesto,<\/strong> mientras que otros cuatro se hab\u00edan apartado de su actividad diaria.<\/p>\n<div id=\"div-pos-2\">Tres de ellos participaron no obstante en oto\u00f1o en las votaciones para facilitar el qu\u00f3rum y permitir la elecci\u00f3n de otros tres nuevos miembros.<\/div>\n<p><strong>&#8220;Hemos llegado a un punto en el que continuar con la tarea de reforma solo es posible dentro de la Academia. Por eso hemos decidido volver a participar en el trabajo interno&#8221;, se\u00f1alaron en un comunicado Espmark y Englund,<\/strong> este \u00faltimo secretario de la instituci\u00f3n entre 2009 y 2015.<\/p>\n<p>Ambos resaltaron la reforma estatutaria y la introducci\u00f3n de reglas m\u00e1s estrictas sobre imparcialidad como muestras de la voluntad de la instituci\u00f3n de superar una crisis hist\u00f3rica, plasmada en <strong>la decisi\u00f3n de aplazar por primera vez en siete d\u00e9cadas la entrega del Nobel de Literatura.<\/strong><\/p>\n<p><strong>Con su regreso, la Academia cuenta ahora con 14 miembros activos, a falta de aclarar la situaci\u00f3n de la ex secretaria Sara Danius, que dimiti\u00f3 en abril, y Katarina Frostenson, esposa del artista franc\u00e9s Jean-Claude Arnault, el protagonista principal del esc\u00e1ndalo.<\/strong><\/p>\n<p>Tras rechazar Frostenson la renuncia voluntaria, la Academia difundi\u00f3 en diciembre un informe de una firma de abogados que conclu\u00eda que la escritora hab\u00eda violado los estatutos al filtrar a Arnault en varias ocasiones los ganadores del Nobel y diversos nombramientos, por lo que su exclusi\u00f3n estaba justificada.<\/p>\n<p>Frostenson rechaz\u00f3 esta semana, a trav\u00e9s de su abogado, las acusaciones, pero se mostr\u00f3 dispuesta a renunciar para facilitar la renovaci\u00f3n de la instituci\u00f3n, aunque a cambio de una compensaci\u00f3n econ\u00f3mica cuya cuant\u00eda no se ha hecho p\u00fablica.<\/p>\n<p><strong>El origen del caso son las denuncias por abuso sexual hechas en noviembre de 2017 en &#8220;Dagens Nyheter&#8221;, el principal diario sueco, por 18 mujeres contra una &#8220;personalidad cultural&#8221; muy pr\u00f3xima a la Academia, luego identificada como Jean-Claude Arnault.<\/strong><\/p>\n<p>El reportaje period\u00edstico apuntaba a que <strong>Arnaulthab\u00eda cometido abusos en su club literario y en propiedades de la Academia.<\/strong><\/p>\n<p>La instituci\u00f3n cort\u00f3 la relaci\u00f3n y encarg\u00f3 una auditor\u00eda, que concluy\u00f3 que el apoyo econ\u00f3mico recibido de la academia por su club literario incumple las reglas de imparcialidad al ser su esposa copropietaria y miembro de la instituci\u00f3n.<\/p>\n<p>El tribunal de Apelaci\u00f3n de Estocolmo <strong>conden\u00f3 el mes pasado a Arnault a dos a\u00f1os y medio de c\u00e1rcel por dos casos de violaci\u00f3n contra una mujer cometidos en octubre de 2011.<\/strong><\/p>\n<\/div>\n<\/div>\n","protected":false},"excerpt":{"rendered":"<p>La Academia Sueca recupera dos miembros tras el esc\u00e1ndalo sexual<br \/>\nPor Redacci\u00f3n QP<\/p>\n","protected":false},"author":2,"featured_media":13978,"comment_status":"open","ping_status":"open","sticky":false,"template":"","format":"standard","meta":{"_monsterinsights_skip_tracking":false,"_monsterinsights_sitenote_active":false,"_monsterinsights_sitenote_note":"","_monsterinsights_sitenote_category":0,"footnotes":""},"categories":[58],"tags":[],"class_list":["post-13979","post","type-post","status-publish","format-standard","has-post-thumbnail","hentry","category-cultura"],"yoast_head":"<!-- This site is optimized with the Yoast SEO plugin v27.3 - https:\/\/yoast.com\/product\/yoast-seo-wordpress\/ -->\n<title>La Academia Sueca recupera dos miembros tras el esc\u00e1ndalo sexual -<\/title>\n<meta name=\"robots\" content=\"index, follow, max-snippet:-1, max-image-preview:large, max-video-preview:-1\" \/>\n<link rel=\"canonical\" href=\"https:\/\/quehacerpolitico.mx\/?p=13979\" \/>\n<meta property=\"og:locale\" content=\"es_MX\" \/>\n<meta property=\"og:type\" content=\"article\" \/>\n<meta property=\"og:title\" content=\"La Academia Sueca recupera dos miembros tras el esc\u00e1ndalo sexual -\" \/>\n<meta property=\"og:description\" content=\"La Academia Sueca recupera dos miembros tras el esc\u00e1ndalo sexual Por Redacci\u00f3n QP\" \/>\n<meta property=\"og:url\" content=\"https:\/\/quehacerpolitico.mx\/?p=13979\" \/>\n<meta property=\"article:published_time\" content=\"2019-01-11T16:01:41+00:00\" \/>\n<meta name=\"author\" content=\"Redacci\u00f3n QP\" \/>\n<meta name=\"twitter:card\" content=\"summary_large_image\" \/>\n<meta name=\"twitter:label1\" content=\"Escrito por\" \/>\n\t<meta name=\"twitter:data1\" content=\"Redacci\u00f3n QP\" \/>\n\t<meta name=\"twitter:label2\" content=\"Tiempo de lectura\" \/>\n\t<meta name=\"twitter:data2\" content=\"3 minutos\" \/>\n<script type=\"application\/ld+json\" class=\"yoast-schema-graph\">{\"@context\":\"https:\\\/\\\/schema.org\",\"@graph\":[{\"@type\":\"Article\",\"@id\":\"https:\\\/\\\/quehacerpolitico.mx\\\/?p=13979#article\",\"isPartOf\":{\"@id\":\"https:\\\/\\\/quehacerpolitico.mx\\\/?p=13979\"},\"author\":{\"name\":\"Redacci\u00f3n QP\",\"@id\":\"https:\\\/\\\/quehacerpolitico.mx\\\/#\\\/schema\\\/person\\\/496d8ad2d1d3f8036101dca7ee39e585\"},\"headline\":\"La Academia Sueca recupera dos miembros tras el esc\u00e1ndalo sexual\",\"datePublished\":\"2019-01-11T16:01:41+00:00\",\"mainEntityOfPage\":{\"@id\":\"https:\\\/\\\/quehacerpolitico.mx\\\/?p=13979\"},\"wordCount\":524,\"commentCount\":0,\"image\":{\"@id\":\"https:\\\/\\\/quehacerpolitico.mx\\\/?p=13979#primaryimage\"},\"thumbnailUrl\":\"\",\"articleSection\":[\"Cultura y Entretenimiento\"],\"inLanguage\":\"es\",\"potentialAction\":[{\"@type\":\"CommentAction\",\"name\":\"Comment\",\"target\":[\"https:\\\/\\\/quehacerpolitico.mx\\\/?p=13979#respond\"]}]},{\"@type\":\"WebPage\",\"@id\":\"https:\\\/\\\/quehacerpolitico.mx\\\/?p=13979\",\"url\":\"https:\\\/\\\/quehacerpolitico.mx\\\/?p=13979\",\"name\":\"La Academia Sueca recupera dos miembros tras el esc\u00e1ndalo sexual -\",\"isPartOf\":{\"@id\":\"https:\\\/\\\/quehacerpolitico.mx\\\/#website\"},\"primaryImageOfPage\":{\"@id\":\"https:\\\/\\\/quehacerpolitico.mx\\\/?p=13979#primaryimage\"},\"image\":{\"@id\":\"https:\\\/\\\/quehacerpolitico.mx\\\/?p=13979#primaryimage\"},\"thumbnailUrl\":\"\",\"datePublished\":\"2019-01-11T16:01:41+00:00\",\"author\":{\"@id\":\"https:\\\/\\\/quehacerpolitico.mx\\\/#\\\/schema\\\/person\\\/496d8ad2d1d3f8036101dca7ee39e585\"},\"breadcrumb\":{\"@id\":\"https:\\\/\\\/quehacerpolitico.mx\\\/?p=13979#breadcrumb\"},\"inLanguage\":\"es\",\"potentialAction\":[{\"@type\":\"ReadAction\",\"target\":[\"https:\\\/\\\/quehacerpolitico.mx\\\/?p=13979\"]}]},{\"@type\":\"ImageObject\",\"inLanguage\":\"es\",\"@id\":\"https:\\\/\\\/quehacerpolitico.mx\\\/?p=13979#primaryimage\",\"url\":\"\",\"contentUrl\":\"\"},{\"@type\":\"BreadcrumbList\",\"@id\":\"https:\\\/\\\/quehacerpolitico.mx\\\/?p=13979#breadcrumb\",\"itemListElement\":[{\"@type\":\"ListItem\",\"position\":1,\"name\":\"Inicio\",\"item\":\"https:\\\/\\\/quehacerpolitico.mx\\\/\"},{\"@type\":\"ListItem\",\"position\":2,\"name\":\"La Academia Sueca recupera dos miembros tras el esc\u00e1ndalo sexual\"}]},{\"@type\":\"WebSite\",\"@id\":\"https:\\\/\\\/quehacerpolitico.mx\\\/#website\",\"url\":\"https:\\\/\\\/quehacerpolitico.mx\\\/\",\"name\":\"\",\"description\":\"\",\"potentialAction\":[{\"@type\":\"SearchAction\",\"target\":{\"@type\":\"EntryPoint\",\"urlTemplate\":\"https:\\\/\\\/quehacerpolitico.mx\\\/?s={search_term_string}\"},\"query-input\":{\"@type\":\"PropertyValueSpecification\",\"valueRequired\":true,\"valueName\":\"search_term_string\"}}],\"inLanguage\":\"es\"},{\"@type\":\"Person\",\"@id\":\"https:\\\/\\\/quehacerpolitico.mx\\\/#\\\/schema\\\/person\\\/496d8ad2d1d3f8036101dca7ee39e585\",\"name\":\"Redacci\u00f3n QP\",\"image\":{\"@type\":\"ImageObject\",\"inLanguage\":\"es\",\"@id\":\"https:\\\/\\\/secure.gravatar.com\\\/avatar\\\/c7164ed6fdec453195284ad24a5ae5b6e1eed2b848477fa2a4787ba9adf39a41?s=96&d=mm&r=g\",\"url\":\"https:\\\/\\\/secure.gravatar.com\\\/avatar\\\/c7164ed6fdec453195284ad24a5ae5b6e1eed2b848477fa2a4787ba9adf39a41?s=96&d=mm&r=g\",\"contentUrl\":\"https:\\\/\\\/secure.gravatar.com\\\/avatar\\\/c7164ed6fdec453195284ad24a5ae5b6e1eed2b848477fa2a4787ba9adf39a41?s=96&d=mm&r=g\",\"caption\":\"Redacci\u00f3n QP\"},\"url\":\"https:\\\/\\\/quehacerpolitico.mx\\\/?author=2\"}]}<\/script>\n<!-- \/ Yoast SEO plugin. -->","yoast_head_json":{"title":"La Academia Sueca recupera dos miembros tras el esc\u00e1ndalo sexual -","robots":{"index":"index","follow":"follow","max-snippet":"max-snippet:-1","max-image-preview":"max-image-preview:large","max-video-preview":"max-video-preview:-1"},"canonical":"https:\/\/quehacerpolitico.mx\/?p=13979","og_locale":"es_MX","og_type":"article","og_title":"La Academia Sueca recupera dos miembros tras el esc\u00e1ndalo sexual -","og_description":"La Academia Sueca recupera dos miembros tras el esc\u00e1ndalo sexual Por Redacci\u00f3n QP","og_url":"https:\/\/quehacerpolitico.mx\/?p=13979","article_published_time":"2019-01-11T16:01:41+00:00","author":"Redacci\u00f3n QP","twitter_card":"summary_large_image","twitter_misc":{"Escrito por":"Redacci\u00f3n QP","Tiempo de lectura":"3 minutos"},"schema":{"@context":"https:\/\/schema.org","@graph":[{"@type":"Article","@id":"https:\/\/quehacerpolitico.mx\/?p=13979#article","isPartOf":{"@id":"https:\/\/quehacerpolitico.mx\/?p=13979"},"author":{"name":"Redacci\u00f3n QP","@id":"https:\/\/quehacerpolitico.mx\/#\/schema\/person\/496d8ad2d1d3f8036101dca7ee39e585"},"headline":"La Academia Sueca recupera dos miembros tras el esc\u00e1ndalo sexual","datePublished":"2019-01-11T16:01:41+00:00","mainEntityOfPage":{"@id":"https:\/\/quehacerpolitico.mx\/?p=13979"},"wordCount":524,"commentCount":0,"image":{"@id":"https:\/\/quehacerpolitico.mx\/?p=13979#primaryimage"},"thumbnailUrl":"","articleSection":["Cultura y Entretenimiento"],"inLanguage":"es","potentialAction":[{"@type":"CommentAction","name":"Comment","target":["https:\/\/quehacerpolitico.mx\/?p=13979#respond"]}]},{"@type":"WebPage","@id":"https:\/\/quehacerpolitico.mx\/?p=13979","url":"https:\/\/quehacerpolitico.mx\/?p=13979","name":"La Academia Sueca recupera dos miembros tras el esc\u00e1ndalo sexual -","isPartOf":{"@id":"https:\/\/quehacerpolitico.mx\/#website"},"primaryImageOfPage":{"@id":"https:\/\/quehacerpolitico.mx\/?p=13979#primaryimage"},"image":{"@id":"https:\/\/quehacerpolitico.mx\/?p=13979#primaryimage"},"thumbnailUrl":"","datePublished":"2019-01-11T16:01:41+00:00","author":{"@id":"https:\/\/quehacerpolitico.mx\/#\/schema\/person\/496d8ad2d1d3f8036101dca7ee39e585"},"breadcrumb":{"@id":"https:\/\/quehacerpolitico.mx\/?p=13979#breadcrumb"},"inLanguage":"es","potentialAction":[{"@type":"ReadAction","target":["https:\/\/quehacerpolitico.mx\/?p=13979"]}]},{"@type":"ImageObject","inLanguage":"es","@id":"https:\/\/quehacerpolitico.mx\/?p=13979#primaryimage","url":"","contentUrl":""},{"@type":"BreadcrumbList","@id":"https:\/\/quehacerpolitico.mx\/?p=13979#breadcrumb","itemListElement":[{"@type":"ListItem","position":1,"name":"Inicio","item":"https:\/\/quehacerpolitico.mx\/"},{"@type":"ListItem","position":2,"name":"La Academia Sueca recupera dos miembros tras el esc\u00e1ndalo sexual"}]},{"@type":"WebSite","@id":"https:\/\/quehacerpolitico.mx\/#website","url":"https:\/\/quehacerpolitico.mx\/","name":"","description":"","potentialAction":[{"@type":"SearchAction","target":{"@type":"EntryPoint","urlTemplate":"https:\/\/quehacerpolitico.mx\/?s={search_term_string}"},"query-input":{"@type":"PropertyValueSpecification","valueRequired":true,"valueName":"search_term_string"}}],"inLanguage":"es"},{"@type":"Person","@id":"https:\/\/quehacerpolitico.mx\/#\/schema\/person\/496d8ad2d1d3f8036101dca7ee39e585","name":"Redacci\u00f3n QP","image":{"@type":"ImageObject","inLanguage":"es","@id":"https:\/\/secure.gravatar.com\/avatar\/c7164ed6fdec453195284ad24a5ae5b6e1eed2b848477fa2a4787ba9adf39a41?s=96&d=mm&r=g","url":"https:\/\/secure.gravatar.com\/avatar\/c7164ed6fdec453195284ad24a5ae5b6e1eed2b848477fa2a4787ba9adf39a41?s=96&d=mm&r=g","contentUrl":"https:\/\/secure.gravatar.com\/avatar\/c7164ed6fdec453195284ad24a5ae5b6e1eed2b848477fa2a4787ba9adf39a41?s=96&d=mm&r=g","caption":"Redacci\u00f3n QP"},"url":"https:\/\/quehacerpolitico.mx\/?author=2"}]}},"featured_image_urls":{"full":"","thumbnail":"","medium":"","medium_large":"","large":"","1536x1536":"","2048x2048":"","covernews-featured":"","covernews-medium":""},"author_info":{"display_name":"Redacci\u00f3n QP","author_link":"https:\/\/quehacerpolitico.mx\/?author=2"},"category_info":"<a href=\"https:\/\/quehacerpolitico.mx\/?cat=58\" rel=\"category\">Cultura y Entretenimiento<\/a>","tag_info":"Cultura y Entretenimiento","comment_count":"0","_links":{"self":[{"href":"https:\/\/quehacerpolitico.mx\/index.php?rest_route=\/wp\/v2\/posts\/13979","targetHints":{"allow":["GET"]}}],"collection":[{"href":"https:\/\/quehacerpolitico.mx\/index.php?rest_route=\/wp\/v2\/posts"}],"about":[{"href":"https:\/\/quehacerpolitico.mx\/index.php?rest_route=\/wp\/v2\/types\/post"}],"author":[{"embeddable":true,"href":"https:\/\/quehacerpolitico.mx\/index.php?rest_route=\/wp\/v2\/users\/2"}],"replies":[{"embeddable":true,"href":"https:\/\/quehacerpolitico.mx\/index.php?rest_route=%2Fwp%2Fv2%2Fcomments&post=13979"}],"version-history":[{"count":0,"href":"https:\/\/quehacerpolitico.mx\/index.php?rest_route=\/wp\/v2\/posts\/13979\/revisions"}],"wp:featuredmedia":[{"embeddable":true,"href":"https:\/\/quehacerpolitico.mx\/index.php?rest_route=\/"}],"wp:attachment":[{"href":"https:\/\/quehacerpolitico.mx\/index.php?rest_route=%2Fwp%2Fv2%2Fmedia&parent=13979"}],"wp:term":[{"taxonomy":"category","embeddable":true,"href":"https:\/\/quehacerpolitico.mx\/index.php?rest_route=%2Fwp%2Fv2%2Fcategories&post=13979"},{"taxonomy":"post_tag","embeddable":true,"href":"https:\/\/quehacerpolitico.mx\/index.php?rest_route=%2Fwp%2Fv2%2Ftags&post=13979"}],"curies":[{"name":"wp","href":"https:\/\/api.w.org\/{rel}","templated":true}]}}